{"id":69680,"date":"2015-09-29T00:55:12","date_gmt":"2015-09-29T03:55:12","guid":{"rendered":"http:\/\/www.notibras.com\/site\/?p=69680"},"modified":"2015-09-29T15:41:10","modified_gmt":"2015-09-29T18:41:10","slug":"centrais-sindicais-advertem-dilma-para-riscos-de-fusao-do-trabalho-e-previdencia","status":"publish","type":"post","link":"https:\/\/www.notibras.com\/site\/centrais-sindicais-advertem-dilma-para-riscos-de-fusao-do-trabalho-e-previdencia\/","title":{"rendered":"Centrais sindicais advertem Dilma para riscos de fus\u00e3o do Trabalho e Previd\u00eancia"},"content":{"rendered":"<p>As centrais sindicais consideram um &#8220;retrocesso pol\u00edtico&#8221; o plano do governo Dilma Rousseff de fundir o Minist\u00e9rio do Trabalho com o Minist\u00e9rio da Previd\u00eancia. Em nota conjunta assinada pelas seis maiores centrais do Pa\u00eds, a que a reportagem teve acesso, os sindicalistas afirmam que a ideia vai gerar &#8220;enormes preju\u00edzos aos trabalhadores e \u00e0 sociedade em geral&#8221;. A nota ser\u00e1 divulgada nesta ter\u00e7a-feira, 29, pelos l\u00edderes sindicais.<\/p>\n<p>&#8220;A ideia da fus\u00e3o destes minist\u00e9rios j\u00e1 foi levantada antes, resultando, por for\u00e7a da realidade, no modelo atual, com dois minist\u00e9rios distintos. Os minist\u00e9rios do Trabalho e da Previd\u00eancia Social s\u00e3o respons\u00e1veis por zelar de direitos inalien\u00e1veis dos trabalhadores, e o processo de fus\u00e3o pode resultar em enormes danos a suas j\u00e1 combalidas estruturas administrativas&#8221;, dizem os sindicalistas.<\/p>\n<p>Os planos do governo s\u00e3o de unificar as duas Pastas, que seriam comandadas por um \u00fanico ministro, provavelmente o atual chefe da Previd\u00eancia, Carlos Gabas (PT). Com isso, o PDT, que comanda o Minist\u00e9rio do Trabalho desde 2007, perderia espa\u00e7o justamente na Pasta ligada \u00e0 base trabalhista. O atual ministro, Manoel Dias (PDT), sairia do governo.<\/p>\n<p>Na nota, as centrais sindicais criticam duramente os planos de Dilma, previsto para sa\u00edrem do papel na quarta-feira, 30. &#8220;As centrais sindicais brasileiras manifestam sua posi\u00e7\u00e3o contr\u00e1ria \u00e0 fus\u00e3o do Minist\u00e9rio do Trabalho (MTE) com o Minist\u00e9rio da Previd\u00eancia Social, bem como requerem a moderniza\u00e7\u00e3o e o fortalecimento do MTE, com o objetivo de resgatar o seu papel como minist\u00e9rio estrat\u00e9gico na implementa\u00e7\u00e3o de pol\u00edticas permanentes de Estado e na intermedia\u00e7\u00e3o dos conflitos naturais nas rela\u00e7\u00f5es capital x trabalho&#8221;, dizem as lideran\u00e7as.<\/p>\n<p>Assinam as notas as centrais: Central \u00danica dos Trabalhadores (CUT), ligada ao PT; For\u00e7a Sindical, ligada ao Solidariedade e ao PDT (o partido do atual ministro do Trabalho, Manoel Dias); Uni\u00e3o Geral dos Trabalhadores (UGT), Central dos Trabalhadores e Trabalhadoras do Brasil (CTB), Nova Central e Central dos Sindicatos Brasileiros (CSB), que \u00e9 ligada ao PMDB.<\/p>\n","protected":false},"excerpt":{"rendered":"<p>As centrais sindicais consideram um &#8220;retrocesso pol\u00edtico&#8221; o plano do governo Dilma Rousseff de fundir o Minist\u00e9rio do Trabalho com o Minist\u00e9rio da Previd\u00eancia. Em nota conjunta assinada pelas seis maiores centrais do Pa\u00eds, a que a reportagem teve acesso, os sindicalistas afirmam que a ideia vai gerar &#8220;enormes preju\u00edzos aos trabalhadores e \u00e0 sociedade [&hellip;]<\/p>\n","protected":false},"author":2,"featured_media":69681,"comment_status":"open","ping_status":"closed","sticky":false,"template":"","format":"standard","meta":{"_acf_changed":false,"footnotes":""},"categories":[16],"tags":[],"class_list":["post-69680","post","type-post","status-publish","format-standard","has-post-thumbnail","hentry","category-brasil"],"acf":[],"yoast_head":"<!-- This site is optimized with the Yoast SEO plugin v27.2 - https:\/\/yoast.com\/product\/yoast-seo-wordpress\/ -->\n<title>Centrais sindicais advertem Dilma para riscos de fus\u00e3o do Trabalho e Previd\u00eancia - Notibras<\/title>\n<meta name=\"robots\" content=\"index, follow, max-snippet:-1, max-image-preview:large, max-video-preview:-1\" \/>\n<link rel=\"canonical\" href=\"https:\/\/www.notibras.com\/site\/centrais-sindicais-advertem-dilma-para-riscos-de-fusao-do-trabalho-e-previdencia\/\" \/>\n<meta property=\"og:locale\" content=\"pt_BR\" \/>\n<meta property=\"og:type\" content=\"article\" \/>\n<meta property=\"og:title\" content=\"Centrais sindicais advertem Dilma para riscos de fus\u00e3o do Trabalho e Previd\u00eancia - Notibras\" \/>\n<meta property=\"og:description\" content=\"As centrais sindicais consideram um &#8220;retrocesso pol\u00edtico&#8221; o plano do governo Dilma Rousseff de fundir o Minist\u00e9rio do Trabalho com o Minist\u00e9rio da Previd\u00eancia. Em nota conjunta assinada pelas seis maiores centrais do Pa\u00eds, a que a reportagem teve acesso, os sindicalistas afirmam que a ideia vai gerar &#8220;enormes preju\u00edzos aos trabalhadores e \u00e0 sociedade [&hellip;]\" \/>\n<meta property=\"og:url\" content=\"https:\/\/www.notibras.com\/site\/centrais-sindicais-advertem-dilma-para-riscos-de-fusao-do-trabalho-e-previdencia\/\" \/>\n<meta property=\"og:site_name\" content=\"Notibras\" \/>\n<meta property=\"article:publisher\" content=\"https:\/\/www.facebook.com\/notibras\/\" \/>\n<meta property=\"article:published_time\" content=\"2015-09-29T03:55:12+00:00\" \/>\n<meta property=\"article:modified_time\" content=\"2015-09-29T18:41:10+00:00\" \/>\n<meta property=\"og:image\" content=\"https:\/\/www.notibras.com\/site\/wp-content\/uploads\/2015\/09\/manifesta\u00e7\u00e3o.jpg\" \/>\n\t<meta property=\"og:image:width\" content=\"600\" \/>\n\t<meta property=\"og:image:height\" content=\"450\" \/>\n\t<meta property=\"og:image:type\" content=\"image\/jpeg\" \/>\n<meta name=\"author\" content=\"Reda\u00e7\u00e3o\" \/>\n<meta name=\"twitter:card\" content=\"summary_large_image\" \/>\n<meta name=\"twitter:creator\" content=\"@Notibras\" \/>\n<meta name=\"twitter:site\" content=\"@Notibras\" \/>\n<meta name=\"twitter:label1\" content=\"Escrito por\" \/>\n\t<meta name=\"twitter:data1\" content=\"Reda\u00e7\u00e3o\" \/>\n\t<meta name=\"twitter:label2\" content=\"Est. tempo de leitura\" \/>\n\t<meta name=\"twitter:data2\" content=\"2 minutos\" \/>\n<script type=\"application\/ld+json\" class=\"yoast-schema-graph\">{\"@context\":\"https:\/\/schema.org\",\"@graph\":[{\"@type\":\"Article\",\"@id\":\"https:\/\/www.notibras.com\/site\/centrais-sindicais-advertem-dilma-para-riscos-de-fusao-do-trabalho-e-previdencia\/#article\",\"isPartOf\":{\"@id\":\"https:\/\/www.notibras.com\/site\/centrais-sindicais-advertem-dilma-para-riscos-de-fusao-do-trabalho-e-previdencia\/\"},\"author\":{\"name\":\"Reda\u00e7\u00e3o\",\"@id\":\"https:\/\/www.notibras.com\/site\/#\/schema\/person\/36ab0979449956132d3e5b517ea76ac8\"},\"headline\":\"Centrais sindicais advertem Dilma para riscos de fus\u00e3o do Trabalho e Previd\u00eancia\",\"datePublished\":\"2015-09-29T03:55:12+00:00\",\"dateModified\":\"2015-09-29T18:41:10+00:00\",\"mainEntityOfPage\":{\"@id\":\"https:\/\/www.notibras.com\/site\/centrais-sindicais-advertem-dilma-para-riscos-de-fusao-do-trabalho-e-previdencia\/\"},\"wordCount\":365,\"commentCount\":0,\"publisher\":{\"@id\":\"https:\/\/www.notibras.com\/site\/#organization\"},\"image\":{\"@id\":\"https:\/\/www.notibras.com\/site\/centrais-sindicais-advertem-dilma-para-riscos-de-fusao-do-trabalho-e-previdencia\/#primaryimage\"},\"thumbnailUrl\":\"https:\/\/www.notibras.com\/site\/wp-content\/uploads\/2015\/09\/manifesta\u00e7\u00e3o.jpg\",\"articleSection\":[\"Brasil\"],\"inLanguage\":\"pt-BR\",\"potentialAction\":[{\"@type\":\"CommentAction\",\"name\":\"Comment\",\"target\":[\"https:\/\/www.notibras.com\/site\/centrais-sindicais-advertem-dilma-para-riscos-de-fusao-do-trabalho-e-previdencia\/#respond\"]}]},{\"@type\":\"WebPage\",\"@id\":\"https:\/\/www.notibras.com\/site\/centrais-sindicais-advertem-dilma-para-riscos-de-fusao-do-trabalho-e-previdencia\/\",\"url\":\"https:\/\/www.notibras.com\/site\/centrais-sindicais-advertem-dilma-para-riscos-de-fusao-do-trabalho-e-previdencia\/\",\"name\":\"Centrais sindicais advertem Dilma para riscos de fus\u00e3o do Trabalho e Previd\u00eancia - Notibras\",\"isPartOf\":{\"@id\":\"https:\/\/www.notibras.com\/site\/#website\"},\"primaryImageOfPage\":{\"@id\":\"https:\/\/www.notibras.com\/site\/centrais-sindicais-advertem-dilma-para-riscos-de-fusao-do-trabalho-e-previdencia\/#primaryimage\"},\"image\":{\"@id\":\"https:\/\/www.notibras.com\/site\/centrais-sindicais-advertem-dilma-para-riscos-de-fusao-do-trabalho-e-previdencia\/#primaryimage\"},\"thumbnailUrl\":\"https:\/\/www.notibras.com\/site\/wp-content\/uploads\/2015\/09\/manifesta\u00e7\u00e3o.jpg\",\"datePublished\":\"2015-09-29T03:55:12+00:00\",\"dateModified\":\"2015-09-29T18:41:10+00:00\",\"breadcrumb\":{\"@id\":\"https:\/\/www.notibras.com\/site\/centrais-sindicais-advertem-dilma-para-riscos-de-fusao-do-trabalho-e-previdencia\/#breadcrumb\"},\"inLanguage\":\"pt-BR\",\"potentialAction\":[{\"@type\":\"ReadAction\",\"target\":[\"https:\/\/www.notibras.com\/site\/centrais-sindicais-advertem-dilma-para-riscos-de-fusao-do-trabalho-e-previdencia\/\"]}]},{\"@type\":\"ImageObject\",\"inLanguage\":\"pt-BR\",\"@id\":\"https:\/\/www.notibras.com\/site\/centrais-sindicais-advertem-dilma-para-riscos-de-fusao-do-trabalho-e-previdencia\/#primaryimage\",\"url\":\"https:\/\/www.notibras.com\/site\/wp-content\/uploads\/2015\/09\/manifesta\u00e7\u00e3o.jpg\",\"contentUrl\":\"https:\/\/www.notibras.com\/site\/wp-content\/uploads\/2015\/09\/manifesta\u00e7\u00e3o.jpg\",\"width\":600,\"height\":450},{\"@type\":\"BreadcrumbList\",\"@id\":\"https:\/\/www.notibras.com\/site\/centrais-sindicais-advertem-dilma-para-riscos-de-fusao-do-trabalho-e-previdencia\/#breadcrumb\",\"itemListElement\":[{\"@type\":\"ListItem\",\"position\":1,\"name\":\"In\u00edcio\",\"item\":\"https:\/\/www.notibras.com\/site\/\"},{\"@type\":\"ListItem\",\"position\":2,\"name\":\"Centrais sindicais advertem Dilma para riscos de fus\u00e3o do Trabalho e Previd\u00eancia\"}]},{\"@type\":\"WebSite\",\"@id\":\"https:\/\/www.notibras.com\/site\/#website\",\"url\":\"https:\/\/www.notibras.com\/site\/\",\"name\":\"Notibras\",\"description\":\"Not\u00edcias de Bras\u00edlia, do Brasil e do Mundo\",\"publisher\":{\"@id\":\"https:\/\/www.notibras.com\/site\/#organization\"},\"potentialAction\":[{\"@type\":\"SearchAction\",\"target\":{\"@type\":\"EntryPoint\",\"urlTemplate\":\"https:\/\/www.notibras.com\/site\/?s={search_term_string}\"},\"query-input\":{\"@type\":\"PropertyValueSpecification\",\"valueRequired\":true,\"valueName\":\"search_term_string\"}}],\"inLanguage\":\"pt-BR\"},{\"@type\":\"Organization\",\"@id\":\"https:\/\/www.notibras.com\/site\/#organization\",\"name\":\"Grupo Notibras de Comunica\u00e7\u00e3o\",\"url\":\"https:\/\/www.notibras.com\/site\/\",\"logo\":{\"@type\":\"ImageObject\",\"inLanguage\":\"pt-BR\",\"@id\":\"https:\/\/www.notibras.com\/site\/#\/schema\/logo\/image\/\",\"url\":\"https:\/\/www.notibras.com\/site\/wp-content\/uploads\/2023\/01\/notibras23.png\",\"contentUrl\":\"https:\/\/www.notibras.com\/site\/wp-content\/uploads\/2023\/01\/notibras23.png\",\"width\":350,\"height\":87,\"caption\":\"Grupo Notibras de Comunica\u00e7\u00e3o\"},\"image\":{\"@id\":\"https:\/\/www.notibras.com\/site\/#\/schema\/logo\/image\/\"},\"sameAs\":[\"https:\/\/www.facebook.com\/notibras\/\",\"https:\/\/x.com\/Notibras\",\"https:\/\/www.instagram.com\/notibras\/\"]},{\"@type\":\"Person\",\"@id\":\"https:\/\/www.notibras.com\/site\/#\/schema\/person\/36ab0979449956132d3e5b517ea76ac8\",\"name\":\"Reda\u00e7\u00e3o\",\"image\":{\"@type\":\"ImageObject\",\"inLanguage\":\"pt-BR\",\"@id\":\"https:\/\/secure.gravatar.com\/avatar\/e0a867bdedb85fd243eadf09663511f96fc81e0720a4a42581f334ad4303aa6b?s=96&d=mm&r=g\",\"url\":\"https:\/\/secure.gravatar.com\/avatar\/e0a867bdedb85fd243eadf09663511f96fc81e0720a4a42581f334ad4303aa6b?s=96&d=mm&r=g\",\"contentUrl\":\"https:\/\/secure.gravatar.com\/avatar\/e0a867bdedb85fd243eadf09663511f96fc81e0720a4a42581f334ad4303aa6b?s=96&d=mm&r=g\",\"caption\":\"Reda\u00e7\u00e3o\"}}]}<\/script>\n<!-- \/ Yoast SEO plugin. -->","yoast_head_json":{"title":"Centrais sindicais advertem Dilma para riscos de fus\u00e3o do Trabalho e Previd\u00eancia - Notibras","robots":{"index":"index","follow":"follow","max-snippet":"max-snippet:-1","max-image-preview":"max-image-preview:large","max-video-preview":"max-video-preview:-1"},"canonical":"https:\/\/www.notibras.com\/site\/centrais-sindicais-advertem-dilma-para-riscos-de-fusao-do-trabalho-e-previdencia\/","og_locale":"pt_BR","og_type":"article","og_title":"Centrais sindicais advertem Dilma para riscos de fus\u00e3o do Trabalho e Previd\u00eancia - Notibras","og_description":"As centrais sindicais consideram um &#8220;retrocesso pol\u00edtico&#8221; o plano do governo Dilma Rousseff de fundir o Minist\u00e9rio do Trabalho com o Minist\u00e9rio da Previd\u00eancia. Em nota conjunta assinada pelas seis maiores centrais do Pa\u00eds, a que a reportagem teve acesso, os sindicalistas afirmam que a ideia vai gerar &#8220;enormes preju\u00edzos aos trabalhadores e \u00e0 sociedade [&hellip;]","og_url":"https:\/\/www.notibras.com\/site\/centrais-sindicais-advertem-dilma-para-riscos-de-fusao-do-trabalho-e-previdencia\/","og_site_name":"Notibras","article_publisher":"https:\/\/www.facebook.com\/notibras\/","article_published_time":"2015-09-29T03:55:12+00:00","article_modified_time":"2015-09-29T18:41:10+00:00","og_image":[{"width":600,"height":450,"url":"https:\/\/www.notibras.com\/site\/wp-content\/uploads\/2015\/09\/manifesta\u00e7\u00e3o.jpg","type":"image\/jpeg"}],"author":"Reda\u00e7\u00e3o","twitter_card":"summary_large_image","twitter_creator":"@Notibras","twitter_site":"@Notibras","twitter_misc":{"Escrito por":"Reda\u00e7\u00e3o","Est. tempo de leitura":"2 minutos"},"schema":{"@context":"https:\/\/schema.org","@graph":[{"@type":"Article","@id":"https:\/\/www.notibras.com\/site\/centrais-sindicais-advertem-dilma-para-riscos-de-fusao-do-trabalho-e-previdencia\/#article","isPartOf":{"@id":"https:\/\/www.notibras.com\/site\/centrais-sindicais-advertem-dilma-para-riscos-de-fusao-do-trabalho-e-previdencia\/"},"author":{"name":"Reda\u00e7\u00e3o","@id":"https:\/\/www.notibras.com\/site\/#\/schema\/person\/36ab0979449956132d3e5b517ea76ac8"},"headline":"Centrais sindicais advertem Dilma para riscos de fus\u00e3o do Trabalho e Previd\u00eancia","datePublished":"2015-09-29T03:55:12+00:00","dateModified":"2015-09-29T18:41:10+00:00","mainEntityOfPage":{"@id":"https:\/\/www.notibras.com\/site\/centrais-sindicais-advertem-dilma-para-riscos-de-fusao-do-trabalho-e-previdencia\/"},"wordCount":365,"commentCount":0,"publisher":{"@id":"https:\/\/www.notibras.com\/site\/#organization"},"image":{"@id":"https:\/\/www.notibras.com\/site\/centrais-sindicais-advertem-dilma-para-riscos-de-fusao-do-trabalho-e-previdencia\/#primaryimage"},"thumbnailUrl":"https:\/\/www.notibras.com\/site\/wp-content\/uploads\/2015\/09\/manifesta\u00e7\u00e3o.jpg","articleSection":["Brasil"],"inLanguage":"pt-BR","potentialAction":[{"@type":"CommentAction","name":"Comment","target":["https:\/\/www.notibras.com\/site\/centrais-sindicais-advertem-dilma-para-riscos-de-fusao-do-trabalho-e-previdencia\/#respond"]}]},{"@type":"WebPage","@id":"https:\/\/www.notibras.com\/site\/centrais-sindicais-advertem-dilma-para-riscos-de-fusao-do-trabalho-e-previdencia\/","url":"https:\/\/www.notibras.com\/site\/centrais-sindicais-advertem-dilma-para-riscos-de-fusao-do-trabalho-e-previdencia\/","name":"Centrais sindicais advertem Dilma para riscos de fus\u00e3o do Trabalho e Previd\u00eancia - Notibras","isPartOf":{"@id":"https:\/\/www.notibras.com\/site\/#website"},"primaryImageOfPage":{"@id":"https:\/\/www.notibras.com\/site\/centrais-sindicais-advertem-dilma-para-riscos-de-fusao-do-trabalho-e-previdencia\/#primaryimage"},"image":{"@id":"https:\/\/www.notibras.com\/site\/centrais-sindicais-advertem-dilma-para-riscos-de-fusao-do-trabalho-e-previdencia\/#primaryimage"},"thumbnailUrl":"https:\/\/www.notibras.com\/site\/wp-content\/uploads\/2015\/09\/manifesta\u00e7\u00e3o.jpg","datePublished":"2015-09-29T03:55:12+00:00","dateModified":"2015-09-29T18:41:10+00:00","breadcrumb":{"@id":"https:\/\/www.notibras.com\/site\/centrais-sindicais-advertem-dilma-para-riscos-de-fusao-do-trabalho-e-previdencia\/#breadcrumb"},"inLanguage":"pt-BR","potentialAction":[{"@type":"ReadAction","target":["https:\/\/www.notibras.com\/site\/centrais-sindicais-advertem-dilma-para-riscos-de-fusao-do-trabalho-e-previdencia\/"]}]},{"@type":"ImageObject","inLanguage":"pt-BR","@id":"https:\/\/www.notibras.com\/site\/centrais-sindicais-advertem-dilma-para-riscos-de-fusao-do-trabalho-e-previdencia\/#primaryimage","url":"https:\/\/www.notibras.com\/site\/wp-content\/uploads\/2015\/09\/manifesta\u00e7\u00e3o.jpg","contentUrl":"https:\/\/www.notibras.com\/site\/wp-content\/uploads\/2015\/09\/manifesta\u00e7\u00e3o.jpg","width":600,"height":450},{"@type":"BreadcrumbList","@id":"https:\/\/www.notibras.com\/site\/centrais-sindicais-advertem-dilma-para-riscos-de-fusao-do-trabalho-e-previdencia\/#breadcrumb","itemListElement":[{"@type":"ListItem","position":1,"name":"In\u00edcio","item":"https:\/\/www.notibras.com\/site\/"},{"@type":"ListItem","position":2,"name":"Centrais sindicais advertem Dilma para riscos de fus\u00e3o do Trabalho e Previd\u00eancia"}]},{"@type":"WebSite","@id":"https:\/\/www.notibras.com\/site\/#website","url":"https:\/\/www.notibras.com\/site\/","name":"Notibras","description":"Not\u00edcias de Bras\u00edlia, do Brasil e do Mundo","publisher":{"@id":"https:\/\/www.notibras.com\/site\/#organization"},"potentialAction":[{"@type":"SearchAction","target":{"@type":"EntryPoint","urlTemplate":"https:\/\/www.notibras.com\/site\/?s={search_term_string}"},"query-input":{"@type":"PropertyValueSpecification","valueRequired":true,"valueName":"search_term_string"}}],"inLanguage":"pt-BR"},{"@type":"Organization","@id":"https:\/\/www.notibras.com\/site\/#organization","name":"Grupo Notibras de Comunica\u00e7\u00e3o","url":"https:\/\/www.notibras.com\/site\/","logo":{"@type":"ImageObject","inLanguage":"pt-BR","@id":"https:\/\/www.notibras.com\/site\/#\/schema\/logo\/image\/","url":"https:\/\/www.notibras.com\/site\/wp-content\/uploads\/2023\/01\/notibras23.png","contentUrl":"https:\/\/www.notibras.com\/site\/wp-content\/uploads\/2023\/01\/notibras23.png","width":350,"height":87,"caption":"Grupo Notibras de Comunica\u00e7\u00e3o"},"image":{"@id":"https:\/\/www.notibras.com\/site\/#\/schema\/logo\/image\/"},"sameAs":["https:\/\/www.facebook.com\/notibras\/","https:\/\/x.com\/Notibras","https:\/\/www.instagram.com\/notibras\/"]},{"@type":"Person","@id":"https:\/\/www.notibras.com\/site\/#\/schema\/person\/36ab0979449956132d3e5b517ea76ac8","name":"Reda\u00e7\u00e3o","image":{"@type":"ImageObject","inLanguage":"pt-BR","@id":"https:\/\/secure.gravatar.com\/avatar\/e0a867bdedb85fd243eadf09663511f96fc81e0720a4a42581f334ad4303aa6b?s=96&d=mm&r=g","url":"https:\/\/secure.gravatar.com\/avatar\/e0a867bdedb85fd243eadf09663511f96fc81e0720a4a42581f334ad4303aa6b?s=96&d=mm&r=g","contentUrl":"https:\/\/secure.gravatar.com\/avatar\/e0a867bdedb85fd243eadf09663511f96fc81e0720a4a42581f334ad4303aa6b?s=96&d=mm&r=g","caption":"Reda\u00e7\u00e3o"}}]}},"amp_enabled":true,"_links":{"self":[{"href":"https:\/\/www.notibras.com\/site\/wp-json\/wp\/v2\/posts\/69680","targetHints":{"allow":["GET"]}}],"collection":[{"href":"https:\/\/www.notibras.com\/site\/wp-json\/wp\/v2\/posts"}],"about":[{"href":"https:\/\/www.notibras.com\/site\/wp-json\/wp\/v2\/types\/post"}],"author":[{"embeddable":true,"href":"https:\/\/www.notibras.com\/site\/wp-json\/wp\/v2\/users\/2"}],"replies":[{"embeddable":true,"href":"https:\/\/www.notibras.com\/site\/wp-json\/wp\/v2\/comments?post=69680"}],"version-history":[{"count":1,"href":"https:\/\/www.notibras.com\/site\/wp-json\/wp\/v2\/posts\/69680\/revisions"}],"predecessor-version":[{"id":69682,"href":"https:\/\/www.notibras.com\/site\/wp-json\/wp\/v2\/posts\/69680\/revisions\/69682"}],"wp:featuredmedia":[{"embeddable":true,"href":"https:\/\/www.notibras.com\/site\/wp-json\/wp\/v2\/media\/69681"}],"wp:attachment":[{"href":"https:\/\/www.notibras.com\/site\/wp-json\/wp\/v2\/media?parent=69680"}],"wp:term":[{"taxonomy":"category","embeddable":true,"href":"https:\/\/www.notibras.com\/site\/wp-json\/wp\/v2\/categories?post=69680"},{"taxonomy":"post_tag","embeddable":true,"href":"https:\/\/www.notibras.com\/site\/wp-json\/wp\/v2\/tags?post=69680"}],"curies":[{"name":"wp","href":"https:\/\/api.w.org\/{rel}","templated":true}]}}