{"id":69768,"date":"2015-09-29T19:49:27","date_gmt":"2015-09-29T22:49:27","guid":{"rendered":"http:\/\/www.notibras.com\/site\/?p=69768"},"modified":"2015-09-30T06:53:02","modified_gmt":"2015-09-30T09:53:02","slug":"consorcio-responsavel-por-obra-de-complexo-petroquimico-demite-800-empregados","status":"publish","type":"post","link":"https:\/\/www.notibras.com\/site\/consorcio-responsavel-por-obra-de-complexo-petroquimico-demite-800-empregados\/","title":{"rendered":"Cons\u00f3rcio respons\u00e1vel por complexo petroqu\u00edmico no Rio demite 800 empregados"},"content":{"rendered":"<p>O cons\u00f3rcio respons\u00e1vel pela constru\u00e7\u00e3o das unidades de Processamento de G\u00e1s Natural (UPGNs) no Complexo Petroqu\u00edmico da Petrobras (Comperj) informou que dispensou cerca de 800 trabalhadores. Formado pelas empresas Construtora Queiroz Galv\u00e3o, Iesa \u00d3leo &amp; G\u00e1s e Tecna Brasil, o grupo informa em nota que foi for\u00e7ado a demitir os trabalhadores \u201cdiante dos insustent\u00e1veis impactos sobre o contrato, decorrentes da crise econ\u00f4mica atual e de seus efeitos no c\u00e2mbio e no mercado financeiro\u201d.<\/p>\n<p>O cons\u00f3rcio informou ainda que as negocia\u00e7\u00f5es com a Petrobras continuam para a r\u00e1pida retomada das atividades e que os desligamentos dos trabalhadores est\u00e3o sendo feitos \u201crespeitando-se integralmente \u00e0 legisla\u00e7\u00e3o trabalhista\u201d.<\/p>\n<p>A Petrobras disse, tamb\u00e9m em nota, que a dire\u00e7\u00e3o do Cons\u00f3rcio QGIT comunicou a inten\u00e7\u00e3o de encaminhar uma proposta de repactua\u00e7\u00e3o do contrato e a paralisa\u00e7\u00e3o das obras a partir do in\u00edcio de outubro, alegando como causa dificuldades financeiras. &#8220;A Petrobras informou ao cons\u00f3rcio que n\u00e3o seria aceita a repactua\u00e7\u00e3o do contrato, uma vez que a Petrobras est\u00e1 em dia com todas as obriga\u00e7\u00f5es contratuais, e que n\u00e3o concorda com a paralisa\u00e7\u00e3o das obras\u201d, informou.<\/p>\n<p>Segundo a companhia, est\u00e3o sendo tomadas todas as medidas necess\u00e1rias para que o Cons\u00f3rcio QGIT n\u00e3o paralise as obras, evitando desta forma quaisquer atrasos do projeto. \u201cEntretanto, caso o Cons\u00f3rcio QGIT prossiga com as desmobiliza\u00e7\u00f5es e consequente paralisa\u00e7\u00e3o das obras, a Petrobras aplicar\u00e1 as san\u00e7\u00f5es previstas em contrato, incluindo a rescis\u00e3o contratual. Neste caso, ser\u00e1 realizada uma nova contrata\u00e7\u00e3o dos servi\u00e7os remanescentes, buscando-se evitar qualquer impacto no cronograma de entrega da unidade.\u201d<\/p>\n<p>O presidente do Sindicato dos Metal\u00fargicos de Niter\u00f3i e Itabora\u00ed, Edson Rocha, cobrou da Petrobras a\u00e7\u00f5es que evitem o desemprego em massa dos trabalhadores. \u201cA Petrobras tem que rever os conceitos dela. Todas as demiss\u00f5es que est\u00e3o acontecendo \u00e9 por corte de contrato com a Petrobras. Primeiro disseram que n\u00e3o iam parar com o programa de g\u00e1s do Comperj. A\u00ed, de repente, vemos 800 demiss\u00f5es. A dire\u00e7\u00e3o da Petrobras tem que come\u00e7ar a pensar em desenvolver o Brasil e n\u00e3o a desempregar desse jeito\u201d, declarou o sindicalista, que estar\u00e1 em Bras\u00edlia nesta quarta-feira (30), em uma reuni\u00e3o no Minist\u00e9rio de Minas e Energia, para tentar encontrar formas de reverter o quadro de desemprego no setor e evitar novas demiss\u00f5es.<\/p>\n<p><strong>Vladimir Platonow &#8211; ABr<\/strong><\/p>\n","protected":false},"excerpt":{"rendered":"<p>O cons\u00f3rcio respons\u00e1vel pela constru\u00e7\u00e3o das unidades de Processamento de G\u00e1s Natural (UPGNs) no Complexo Petroqu\u00edmico da Petrobras (Comperj) informou que dispensou cerca de 800 trabalhadores. Formado pelas empresas Construtora Queiroz Galv\u00e3o, Iesa \u00d3leo &amp; G\u00e1s e Tecna Brasil, o grupo informa em nota que foi for\u00e7ado a demitir os trabalhadores \u201cdiante dos insustent\u00e1veis impactos [&hellip;]<\/p>\n","protected":false},"author":2,"featured_media":69769,"comment_status":"open","ping_status":"closed","sticky":false,"template":"","format":"standard","meta":{"_acf_changed":false,"footnotes":""},"categories":[16],"tags":[],"class_list":["post-69768","post","type-post","status-publish","format-standard","has-post-thumbnail","hentry","category-brasil"],"acf":[],"yoast_head":"<!-- This site is optimized with the Yoast SEO plugin v27.2 - https:\/\/yoast.com\/product\/yoast-seo-wordpress\/ -->\n<title>Cons\u00f3rcio respons\u00e1vel por complexo petroqu\u00edmico no Rio demite 800 empregados - Notibras<\/title>\n<meta name=\"robots\" content=\"index, follow, max-snippet:-1, max-image-preview:large, max-video-preview:-1\" \/>\n<link rel=\"canonical\" href=\"https:\/\/www.notibras.com\/site\/consorcio-responsavel-por-obra-de-complexo-petroquimico-demite-800-empregados\/\" \/>\n<meta property=\"og:locale\" content=\"pt_BR\" \/>\n<meta property=\"og:type\" content=\"article\" \/>\n<meta property=\"og:title\" content=\"Cons\u00f3rcio respons\u00e1vel por complexo petroqu\u00edmico no Rio demite 800 empregados - Notibras\" \/>\n<meta property=\"og:description\" content=\"O cons\u00f3rcio respons\u00e1vel pela constru\u00e7\u00e3o das unidades de Processamento de G\u00e1s Natural (UPGNs) no Complexo Petroqu\u00edmico da Petrobras (Comperj) informou que dispensou cerca de 800 trabalhadores. Formado pelas empresas Construtora Queiroz Galv\u00e3o, Iesa \u00d3leo &amp; G\u00e1s e Tecna Brasil, o grupo informa em nota que foi for\u00e7ado a demitir os trabalhadores \u201cdiante dos insustent\u00e1veis impactos [&hellip;]\" \/>\n<meta property=\"og:url\" content=\"https:\/\/www.notibras.com\/site\/consorcio-responsavel-por-obra-de-complexo-petroquimico-demite-800-empregados\/\" \/>\n<meta property=\"og:site_name\" content=\"Notibras\" \/>\n<meta property=\"article:publisher\" content=\"https:\/\/www.facebook.com\/notibras\/\" \/>\n<meta property=\"article:published_time\" content=\"2015-09-29T22:49:27+00:00\" \/>\n<meta property=\"article:modified_time\" content=\"2015-09-30T09:53:02+00:00\" \/>\n<meta property=\"og:image\" content=\"https:\/\/www.notibras.com\/site\/wp-content\/uploads\/2015\/09\/12115931.jpeg\" \/>\n\t<meta property=\"og:image:width\" content=\"550\" \/>\n\t<meta property=\"og:image:height\" content=\"350\" \/>\n\t<meta property=\"og:image:type\" content=\"image\/jpeg\" \/>\n<meta name=\"author\" content=\"Reda\u00e7\u00e3o\" \/>\n<meta name=\"twitter:card\" content=\"summary_large_image\" \/>\n<meta name=\"twitter:creator\" content=\"@Notibras\" \/>\n<meta name=\"twitter:site\" content=\"@Notibras\" \/>\n<meta name=\"twitter:label1\" content=\"Escrito por\" \/>\n\t<meta name=\"twitter:data1\" content=\"Reda\u00e7\u00e3o\" \/>\n\t<meta name=\"twitter:label2\" content=\"Est. tempo de leitura\" \/>\n\t<meta name=\"twitter:data2\" content=\"2 minutos\" \/>\n<script type=\"application\/ld+json\" class=\"yoast-schema-graph\">{\"@context\":\"https:\/\/schema.org\",\"@graph\":[{\"@type\":\"Article\",\"@id\":\"https:\/\/www.notibras.com\/site\/consorcio-responsavel-por-obra-de-complexo-petroquimico-demite-800-empregados\/#article\",\"isPartOf\":{\"@id\":\"https:\/\/www.notibras.com\/site\/consorcio-responsavel-por-obra-de-complexo-petroquimico-demite-800-empregados\/\"},\"author\":{\"name\":\"Reda\u00e7\u00e3o\",\"@id\":\"https:\/\/www.notibras.com\/site\/#\/schema\/person\/36ab0979449956132d3e5b517ea76ac8\"},\"headline\":\"Cons\u00f3rcio respons\u00e1vel por complexo petroqu\u00edmico no Rio demite 800 empregados\",\"datePublished\":\"2015-09-29T22:49:27+00:00\",\"dateModified\":\"2015-09-30T09:53:02+00:00\",\"mainEntityOfPage\":{\"@id\":\"https:\/\/www.notibras.com\/site\/consorcio-responsavel-por-obra-de-complexo-petroquimico-demite-800-empregados\/\"},\"wordCount\":436,\"commentCount\":0,\"publisher\":{\"@id\":\"https:\/\/www.notibras.com\/site\/#organization\"},\"image\":{\"@id\":\"https:\/\/www.notibras.com\/site\/consorcio-responsavel-por-obra-de-complexo-petroquimico-demite-800-empregados\/#primaryimage\"},\"thumbnailUrl\":\"https:\/\/www.notibras.com\/site\/wp-content\/uploads\/2015\/09\/12115931.jpeg\",\"articleSection\":[\"Brasil\"],\"inLanguage\":\"pt-BR\",\"potentialAction\":[{\"@type\":\"CommentAction\",\"name\":\"Comment\",\"target\":[\"https:\/\/www.notibras.com\/site\/consorcio-responsavel-por-obra-de-complexo-petroquimico-demite-800-empregados\/#respond\"]}]},{\"@type\":\"WebPage\",\"@id\":\"https:\/\/www.notibras.com\/site\/consorcio-responsavel-por-obra-de-complexo-petroquimico-demite-800-empregados\/\",\"url\":\"https:\/\/www.notibras.com\/site\/consorcio-responsavel-por-obra-de-complexo-petroquimico-demite-800-empregados\/\",\"name\":\"Cons\u00f3rcio respons\u00e1vel por complexo petroqu\u00edmico no Rio demite 800 empregados - Notibras\",\"isPartOf\":{\"@id\":\"https:\/\/www.notibras.com\/site\/#website\"},\"primaryImageOfPage\":{\"@id\":\"https:\/\/www.notibras.com\/site\/consorcio-responsavel-por-obra-de-complexo-petroquimico-demite-800-empregados\/#primaryimage\"},\"image\":{\"@id\":\"https:\/\/www.notibras.com\/site\/consorcio-responsavel-por-obra-de-complexo-petroquimico-demite-800-empregados\/#primaryimage\"},\"thumbnailUrl\":\"https:\/\/www.notibras.com\/site\/wp-content\/uploads\/2015\/09\/12115931.jpeg\",\"datePublished\":\"2015-09-29T22:49:27+00:00\",\"dateModified\":\"2015-09-30T09:53:02+00:00\",\"breadcrumb\":{\"@id\":\"https:\/\/www.notibras.com\/site\/consorcio-responsavel-por-obra-de-complexo-petroquimico-demite-800-empregados\/#breadcrumb\"},\"inLanguage\":\"pt-BR\",\"potentialAction\":[{\"@type\":\"ReadAction\",\"target\":[\"https:\/\/www.notibras.com\/site\/consorcio-responsavel-por-obra-de-complexo-petroquimico-demite-800-empregados\/\"]}]},{\"@type\":\"ImageObject\",\"inLanguage\":\"pt-BR\",\"@id\":\"https:\/\/www.notibras.com\/site\/consorcio-responsavel-por-obra-de-complexo-petroquimico-demite-800-empregados\/#primaryimage\",\"url\":\"https:\/\/www.notibras.com\/site\/wp-content\/uploads\/2015\/09\/12115931.jpeg\",\"contentUrl\":\"https:\/\/www.notibras.com\/site\/wp-content\/uploads\/2015\/09\/12115931.jpeg\",\"width\":550,\"height\":350},{\"@type\":\"BreadcrumbList\",\"@id\":\"https:\/\/www.notibras.com\/site\/consorcio-responsavel-por-obra-de-complexo-petroquimico-demite-800-empregados\/#breadcrumb\",\"itemListElement\":[{\"@type\":\"ListItem\",\"position\":1,\"name\":\"In\u00edcio\",\"item\":\"https:\/\/www.notibras.com\/site\/\"},{\"@type\":\"ListItem\",\"position\":2,\"name\":\"Cons\u00f3rcio respons\u00e1vel por complexo petroqu\u00edmico no Rio demite 800 empregados\"}]},{\"@type\":\"WebSite\",\"@id\":\"https:\/\/www.notibras.com\/site\/#website\",\"url\":\"https:\/\/www.notibras.com\/site\/\",\"name\":\"Notibras\",\"description\":\"Not\u00edcias de Bras\u00edlia, do Brasil e do Mundo\",\"publisher\":{\"@id\":\"https:\/\/www.notibras.com\/site\/#organization\"},\"potentialAction\":[{\"@type\":\"SearchAction\",\"target\":{\"@type\":\"EntryPoint\",\"urlTemplate\":\"https:\/\/www.notibras.com\/site\/?s={search_term_string}\"},\"query-input\":{\"@type\":\"PropertyValueSpecification\",\"valueRequired\":true,\"valueName\":\"search_term_string\"}}],\"inLanguage\":\"pt-BR\"},{\"@type\":\"Organization\",\"@id\":\"https:\/\/www.notibras.com\/site\/#organization\",\"name\":\"Grupo Notibras de Comunica\u00e7\u00e3o\",\"url\":\"https:\/\/www.notibras.com\/site\/\",\"logo\":{\"@type\":\"ImageObject\",\"inLanguage\":\"pt-BR\",\"@id\":\"https:\/\/www.notibras.com\/site\/#\/schema\/logo\/image\/\",\"url\":\"https:\/\/www.notibras.com\/site\/wp-content\/uploads\/2023\/01\/notibras23.png\",\"contentUrl\":\"https:\/\/www.notibras.com\/site\/wp-content\/uploads\/2023\/01\/notibras23.png\",\"width\":350,\"height\":87,\"caption\":\"Grupo Notibras de Comunica\u00e7\u00e3o\"},\"image\":{\"@id\":\"https:\/\/www.notibras.com\/site\/#\/schema\/logo\/image\/\"},\"sameAs\":[\"https:\/\/www.facebook.com\/notibras\/\",\"https:\/\/x.com\/Notibras\",\"https:\/\/www.instagram.com\/notibras\/\"]},{\"@type\":\"Person\",\"@id\":\"https:\/\/www.notibras.com\/site\/#\/schema\/person\/36ab0979449956132d3e5b517ea76ac8\",\"name\":\"Reda\u00e7\u00e3o\",\"image\":{\"@type\":\"ImageObject\",\"inLanguage\":\"pt-BR\",\"@id\":\"https:\/\/secure.gravatar.com\/avatar\/e0a867bdedb85fd243eadf09663511f96fc81e0720a4a42581f334ad4303aa6b?s=96&d=mm&r=g\",\"url\":\"https:\/\/secure.gravatar.com\/avatar\/e0a867bdedb85fd243eadf09663511f96fc81e0720a4a42581f334ad4303aa6b?s=96&d=mm&r=g\",\"contentUrl\":\"https:\/\/secure.gravatar.com\/avatar\/e0a867bdedb85fd243eadf09663511f96fc81e0720a4a42581f334ad4303aa6b?s=96&d=mm&r=g\",\"caption\":\"Reda\u00e7\u00e3o\"}}]}<\/script>\n<!-- \/ Yoast SEO plugin. -->","yoast_head_json":{"title":"Cons\u00f3rcio respons\u00e1vel por complexo petroqu\u00edmico no Rio demite 800 empregados - Notibras","robots":{"index":"index","follow":"follow","max-snippet":"max-snippet:-1","max-image-preview":"max-image-preview:large","max-video-preview":"max-video-preview:-1"},"canonical":"https:\/\/www.notibras.com\/site\/consorcio-responsavel-por-obra-de-complexo-petroquimico-demite-800-empregados\/","og_locale":"pt_BR","og_type":"article","og_title":"Cons\u00f3rcio respons\u00e1vel por complexo petroqu\u00edmico no Rio demite 800 empregados - Notibras","og_description":"O cons\u00f3rcio respons\u00e1vel pela constru\u00e7\u00e3o das unidades de Processamento de G\u00e1s Natural (UPGNs) no Complexo Petroqu\u00edmico da Petrobras (Comperj) informou que dispensou cerca de 800 trabalhadores. Formado pelas empresas Construtora Queiroz Galv\u00e3o, Iesa \u00d3leo &amp; G\u00e1s e Tecna Brasil, o grupo informa em nota que foi for\u00e7ado a demitir os trabalhadores \u201cdiante dos insustent\u00e1veis impactos [&hellip;]","og_url":"https:\/\/www.notibras.com\/site\/consorcio-responsavel-por-obra-de-complexo-petroquimico-demite-800-empregados\/","og_site_name":"Notibras","article_publisher":"https:\/\/www.facebook.com\/notibras\/","article_published_time":"2015-09-29T22:49:27+00:00","article_modified_time":"2015-09-30T09:53:02+00:00","og_image":[{"width":550,"height":350,"url":"https:\/\/www.notibras.com\/site\/wp-content\/uploads\/2015\/09\/12115931.jpeg","type":"image\/jpeg"}],"author":"Reda\u00e7\u00e3o","twitter_card":"summary_large_image","twitter_creator":"@Notibras","twitter_site":"@Notibras","twitter_misc":{"Escrito por":"Reda\u00e7\u00e3o","Est. tempo de leitura":"2 minutos"},"schema":{"@context":"https:\/\/schema.org","@graph":[{"@type":"Article","@id":"https:\/\/www.notibras.com\/site\/consorcio-responsavel-por-obra-de-complexo-petroquimico-demite-800-empregados\/#article","isPartOf":{"@id":"https:\/\/www.notibras.com\/site\/consorcio-responsavel-por-obra-de-complexo-petroquimico-demite-800-empregados\/"},"author":{"name":"Reda\u00e7\u00e3o","@id":"https:\/\/www.notibras.com\/site\/#\/schema\/person\/36ab0979449956132d3e5b517ea76ac8"},"headline":"Cons\u00f3rcio respons\u00e1vel por complexo petroqu\u00edmico no Rio demite 800 empregados","datePublished":"2015-09-29T22:49:27+00:00","dateModified":"2015-09-30T09:53:02+00:00","mainEntityOfPage":{"@id":"https:\/\/www.notibras.com\/site\/consorcio-responsavel-por-obra-de-complexo-petroquimico-demite-800-empregados\/"},"wordCount":436,"commentCount":0,"publisher":{"@id":"https:\/\/www.notibras.com\/site\/#organization"},"image":{"@id":"https:\/\/www.notibras.com\/site\/consorcio-responsavel-por-obra-de-complexo-petroquimico-demite-800-empregados\/#primaryimage"},"thumbnailUrl":"https:\/\/www.notibras.com\/site\/wp-content\/uploads\/2015\/09\/12115931.jpeg","articleSection":["Brasil"],"inLanguage":"pt-BR","potentialAction":[{"@type":"CommentAction","name":"Comment","target":["https:\/\/www.notibras.com\/site\/consorcio-responsavel-por-obra-de-complexo-petroquimico-demite-800-empregados\/#respond"]}]},{"@type":"WebPage","@id":"https:\/\/www.notibras.com\/site\/consorcio-responsavel-por-obra-de-complexo-petroquimico-demite-800-empregados\/","url":"https:\/\/www.notibras.com\/site\/consorcio-responsavel-por-obra-de-complexo-petroquimico-demite-800-empregados\/","name":"Cons\u00f3rcio respons\u00e1vel por complexo petroqu\u00edmico no Rio demite 800 empregados - Notibras","isPartOf":{"@id":"https:\/\/www.notibras.com\/site\/#website"},"primaryImageOfPage":{"@id":"https:\/\/www.notibras.com\/site\/consorcio-responsavel-por-obra-de-complexo-petroquimico-demite-800-empregados\/#primaryimage"},"image":{"@id":"https:\/\/www.notibras.com\/site\/consorcio-responsavel-por-obra-de-complexo-petroquimico-demite-800-empregados\/#primaryimage"},"thumbnailUrl":"https:\/\/www.notibras.com\/site\/wp-content\/uploads\/2015\/09\/12115931.jpeg","datePublished":"2015-09-29T22:49:27+00:00","dateModified":"2015-09-30T09:53:02+00:00","breadcrumb":{"@id":"https:\/\/www.notibras.com\/site\/consorcio-responsavel-por-obra-de-complexo-petroquimico-demite-800-empregados\/#breadcrumb"},"inLanguage":"pt-BR","potentialAction":[{"@type":"ReadAction","target":["https:\/\/www.notibras.com\/site\/consorcio-responsavel-por-obra-de-complexo-petroquimico-demite-800-empregados\/"]}]},{"@type":"ImageObject","inLanguage":"pt-BR","@id":"https:\/\/www.notibras.com\/site\/consorcio-responsavel-por-obra-de-complexo-petroquimico-demite-800-empregados\/#primaryimage","url":"https:\/\/www.notibras.com\/site\/wp-content\/uploads\/2015\/09\/12115931.jpeg","contentUrl":"https:\/\/www.notibras.com\/site\/wp-content\/uploads\/2015\/09\/12115931.jpeg","width":550,"height":350},{"@type":"BreadcrumbList","@id":"https:\/\/www.notibras.com\/site\/consorcio-responsavel-por-obra-de-complexo-petroquimico-demite-800-empregados\/#breadcrumb","itemListElement":[{"@type":"ListItem","position":1,"name":"In\u00edcio","item":"https:\/\/www.notibras.com\/site\/"},{"@type":"ListItem","position":2,"name":"Cons\u00f3rcio respons\u00e1vel por complexo petroqu\u00edmico no Rio demite 800 empregados"}]},{"@type":"WebSite","@id":"https:\/\/www.notibras.com\/site\/#website","url":"https:\/\/www.notibras.com\/site\/","name":"Notibras","description":"Not\u00edcias de Bras\u00edlia, do Brasil e do Mundo","publisher":{"@id":"https:\/\/www.notibras.com\/site\/#organization"},"potentialAction":[{"@type":"SearchAction","target":{"@type":"EntryPoint","urlTemplate":"https:\/\/www.notibras.com\/site\/?s={search_term_string}"},"query-input":{"@type":"PropertyValueSpecification","valueRequired":true,"valueName":"search_term_string"}}],"inLanguage":"pt-BR"},{"@type":"Organization","@id":"https:\/\/www.notibras.com\/site\/#organization","name":"Grupo Notibras de Comunica\u00e7\u00e3o","url":"https:\/\/www.notibras.com\/site\/","logo":{"@type":"ImageObject","inLanguage":"pt-BR","@id":"https:\/\/www.notibras.com\/site\/#\/schema\/logo\/image\/","url":"https:\/\/www.notibras.com\/site\/wp-content\/uploads\/2023\/01\/notibras23.png","contentUrl":"https:\/\/www.notibras.com\/site\/wp-content\/uploads\/2023\/01\/notibras23.png","width":350,"height":87,"caption":"Grupo Notibras de Comunica\u00e7\u00e3o"},"image":{"@id":"https:\/\/www.notibras.com\/site\/#\/schema\/logo\/image\/"},"sameAs":["https:\/\/www.facebook.com\/notibras\/","https:\/\/x.com\/Notibras","https:\/\/www.instagram.com\/notibras\/"]},{"@type":"Person","@id":"https:\/\/www.notibras.com\/site\/#\/schema\/person\/36ab0979449956132d3e5b517ea76ac8","name":"Reda\u00e7\u00e3o","image":{"@type":"ImageObject","inLanguage":"pt-BR","@id":"https:\/\/secure.gravatar.com\/avatar\/e0a867bdedb85fd243eadf09663511f96fc81e0720a4a42581f334ad4303aa6b?s=96&d=mm&r=g","url":"https:\/\/secure.gravatar.com\/avatar\/e0a867bdedb85fd243eadf09663511f96fc81e0720a4a42581f334ad4303aa6b?s=96&d=mm&r=g","contentUrl":"https:\/\/secure.gravatar.com\/avatar\/e0a867bdedb85fd243eadf09663511f96fc81e0720a4a42581f334ad4303aa6b?s=96&d=mm&r=g","caption":"Reda\u00e7\u00e3o"}}]}},"amp_enabled":true,"_links":{"self":[{"href":"https:\/\/www.notibras.com\/site\/wp-json\/wp\/v2\/posts\/69768","targetHints":{"allow":["GET"]}}],"collection":[{"href":"https:\/\/www.notibras.com\/site\/wp-json\/wp\/v2\/posts"}],"about":[{"href":"https:\/\/www.notibras.com\/site\/wp-json\/wp\/v2\/types\/post"}],"author":[{"embeddable":true,"href":"https:\/\/www.notibras.com\/site\/wp-json\/wp\/v2\/users\/2"}],"replies":[{"embeddable":true,"href":"https:\/\/www.notibras.com\/site\/wp-json\/wp\/v2\/comments?post=69768"}],"version-history":[{"count":3,"href":"https:\/\/www.notibras.com\/site\/wp-json\/wp\/v2\/posts\/69768\/revisions"}],"predecessor-version":[{"id":69772,"href":"https:\/\/www.notibras.com\/site\/wp-json\/wp\/v2\/posts\/69768\/revisions\/69772"}],"wp:featuredmedia":[{"embeddable":true,"href":"https:\/\/www.notibras.com\/site\/wp-json\/wp\/v2\/media\/69769"}],"wp:attachment":[{"href":"https:\/\/www.notibras.com\/site\/wp-json\/wp\/v2\/media?parent=69768"}],"wp:term":[{"taxonomy":"category","embeddable":true,"href":"https:\/\/www.notibras.com\/site\/wp-json\/wp\/v2\/categories?post=69768"},{"taxonomy":"post_tag","embeddable":true,"href":"https:\/\/www.notibras.com\/site\/wp-json\/wp\/v2\/tags?post=69768"}],"curies":[{"name":"wp","href":"https:\/\/api.w.org\/{rel}","templated":true}]}}