{"id":69773,"date":"2015-09-29T19:02:19","date_gmt":"2015-09-29T22:02:19","guid":{"rendered":"http:\/\/www.notibras.com\/site\/?p=69773"},"modified":"2015-09-30T11:30:26","modified_gmt":"2015-09-30T14:30:26","slug":"assassinatos-de-jovens-negros-expoem-racismo-e-clima-de-violencia-no-brasil","status":"publish","type":"post","link":"https:\/\/www.notibras.com\/site\/assassinatos-de-jovens-negros-expoem-racismo-e-clima-de-violencia-no-brasil\/","title":{"rendered":"Assassinatos de jovens negros exp\u00f5em racismo e clima de viol\u00eancia no Brasil"},"content":{"rendered":"<p>O assassinato de jovens negros na periferia das cidades exp\u00f5e o racismo e a viol\u00eancia da sociedade brasileira, afirmou o diretor executivo da Anistia Internacional, \u00c1tila Roque. A organiza\u00e7\u00e3o destaca que, segundo dados do Mapa da Viol\u00eancia 2012, dos 56 mil assassinatos registrados no pa\u00eds, 30 mil s\u00e3o de jovens entre 15 e 29 anos. Destes, 77% s\u00e3o negros.<\/p>\n<p>Segundo Roque, a viol\u00eancia sempre teve papel-chave na busca da ordem pelo Estado e est\u00e1 profundamente arraigada na forma como a sociedade distribui o poder. Ele disse que, apesar de o Brasil n\u00e3o se ver como um pa\u00eds racista, a cor influencia no tratamento que se d\u00e1 ao cidad\u00e3o. \u201cO Estado, que det\u00e9m o monop\u00f3lio da for\u00e7a, acaba sendo violador de direitos e abusa da for\u00e7a letal\u201d, disse o diretor em debate feito na Matilha Cultural, na capital paulista.<\/p>\n<p>Para \u00c1tila Roque, n\u00e3o h\u00e1 solu\u00e7\u00e3o m\u00e1gica para a seguran\u00e7a p\u00fablica no pa\u00eds. \u00c9 preciso primeiro quebrar o ciclo de impunidade e romper com a l\u00f3gica da guerra, na qual a busca \u00e9 por eliminar o inimigo.<\/p>\n<p>A fundadora do Movimento M\u00e3es de Maio, D\u00e9bora Maria, lamentou a criminaliza\u00e7\u00e3o dos jovens e criticou a tentativa de se legitimar mortes com o argumento de que a v\u00edtima tinha passagem pela pol\u00edcia. Ela, que teve o filho assassinado em maio de 2006, disse que basta ser pobre e morar na periferia para morrer.<\/p>\n<p>A defensora p\u00fablica Daniela Skromov Albuquerque afirmou que as mortes causadas por policiais militares costumam ter um roteiro padronizado, em que o suspeito atira e o policial reage em leg\u00edtima defesa. Ela ressaltou que uma fun\u00e7\u00e3o da Pol\u00edcia Militar \u00e9 preservar a vida.<\/p>\n<p>Daniela lembrou que muitos casos registrados como morte decorrente de interven\u00e7\u00e3o policial, conhecidos como auto de resist\u00eancia, trazem m\u00faltiplos disparos de arma de fogo em regi\u00f5es vitais, muitas vezes nas costas, e sem registro de policiais feridos ou viaturas atingidas, o que eliminaria uma vers\u00e3o de confronto ou troca de tiros. Ela disse ainda que a falta de depoimentos de testemunhas e cenas de crimes alteradas prejudicam as investiga\u00e7\u00f5es e dificultam as puni\u00e7\u00f5es.<\/p>\n<p><strong>Camila Boehm \u2013 ABr<\/strong><\/p>\n","protected":false},"excerpt":{"rendered":"<p>O assassinato de jovens negros na periferia das cidades exp\u00f5e o racismo e a viol\u00eancia da sociedade brasileira, afirmou o diretor executivo da Anistia Internacional, \u00c1tila Roque. A organiza\u00e7\u00e3o destaca que, segundo dados do Mapa da Viol\u00eancia 2012, dos 56 mil assassinatos registrados no pa\u00eds, 30 mil s\u00e3o de jovens entre 15 e 29 anos. [&hellip;]<\/p>\n","protected":false},"author":2,"featured_media":69774,"comment_status":"open","ping_status":"closed","sticky":false,"template":"","format":"standard","meta":{"_acf_changed":false,"footnotes":""},"categories":[16],"tags":[],"class_list":["post-69773","post","type-post","status-publish","format-standard","has-post-thumbnail","hentry","category-brasil"],"acf":[],"yoast_head":"<!-- This site is optimized with the Yoast SEO plugin v27.2 - https:\/\/yoast.com\/product\/yoast-seo-wordpress\/ -->\n<title>Assassinatos de jovens negros exp\u00f5em racismo e clima de viol\u00eancia no Brasil - Notibras<\/title>\n<meta name=\"robots\" content=\"index, follow, max-snippet:-1, max-image-preview:large, max-video-preview:-1\" \/>\n<link rel=\"canonical\" href=\"https:\/\/www.notibras.com\/site\/assassinatos-de-jovens-negros-expoem-racismo-e-clima-de-violencia-no-brasil\/\" \/>\n<meta property=\"og:locale\" content=\"pt_BR\" \/>\n<meta property=\"og:type\" content=\"article\" \/>\n<meta property=\"og:title\" content=\"Assassinatos de jovens negros exp\u00f5em racismo e clima de viol\u00eancia no Brasil - Notibras\" \/>\n<meta property=\"og:description\" content=\"O assassinato de jovens negros na periferia das cidades exp\u00f5e o racismo e a viol\u00eancia da sociedade brasileira, afirmou o diretor executivo da Anistia Internacional, \u00c1tila Roque. A organiza\u00e7\u00e3o destaca que, segundo dados do Mapa da Viol\u00eancia 2012, dos 56 mil assassinatos registrados no pa\u00eds, 30 mil s\u00e3o de jovens entre 15 e 29 anos. [&hellip;]\" \/>\n<meta property=\"og:url\" content=\"https:\/\/www.notibras.com\/site\/assassinatos-de-jovens-negros-expoem-racismo-e-clima-de-violencia-no-brasil\/\" \/>\n<meta property=\"og:site_name\" content=\"Notibras\" \/>\n<meta property=\"article:publisher\" content=\"https:\/\/www.facebook.com\/notibras\/\" \/>\n<meta property=\"article:published_time\" content=\"2015-09-29T22:02:19+00:00\" \/>\n<meta property=\"article:modified_time\" content=\"2015-09-30T14:30:26+00:00\" \/>\n<meta property=\"og:image\" content=\"https:\/\/www.notibras.com\/site\/wp-content\/uploads\/2015\/09\/desaparecido.jpg\" \/>\n\t<meta property=\"og:image:width\" content=\"714\" \/>\n\t<meta property=\"og:image:height\" content=\"475\" \/>\n\t<meta property=\"og:image:type\" content=\"image\/jpeg\" \/>\n<meta name=\"author\" content=\"Reda\u00e7\u00e3o\" \/>\n<meta name=\"twitter:card\" content=\"summary_large_image\" \/>\n<meta name=\"twitter:creator\" content=\"@Notibras\" \/>\n<meta name=\"twitter:site\" content=\"@Notibras\" \/>\n<meta name=\"twitter:label1\" content=\"Escrito por\" \/>\n\t<meta name=\"twitter:data1\" content=\"Reda\u00e7\u00e3o\" \/>\n\t<meta name=\"twitter:label2\" content=\"Est. tempo de leitura\" \/>\n\t<meta name=\"twitter:data2\" content=\"2 minutos\" \/>\n<script type=\"application\/ld+json\" class=\"yoast-schema-graph\">{\"@context\":\"https:\/\/schema.org\",\"@graph\":[{\"@type\":\"Article\",\"@id\":\"https:\/\/www.notibras.com\/site\/assassinatos-de-jovens-negros-expoem-racismo-e-clima-de-violencia-no-brasil\/#article\",\"isPartOf\":{\"@id\":\"https:\/\/www.notibras.com\/site\/assassinatos-de-jovens-negros-expoem-racismo-e-clima-de-violencia-no-brasil\/\"},\"author\":{\"name\":\"Reda\u00e7\u00e3o\",\"@id\":\"https:\/\/www.notibras.com\/site\/#\/schema\/person\/36ab0979449956132d3e5b517ea76ac8\"},\"headline\":\"Assassinatos de jovens negros exp\u00f5em racismo e clima de viol\u00eancia no Brasil\",\"datePublished\":\"2015-09-29T22:02:19+00:00\",\"dateModified\":\"2015-09-30T14:30:26+00:00\",\"mainEntityOfPage\":{\"@id\":\"https:\/\/www.notibras.com\/site\/assassinatos-de-jovens-negros-expoem-racismo-e-clima-de-violencia-no-brasil\/\"},\"wordCount\":390,\"commentCount\":0,\"publisher\":{\"@id\":\"https:\/\/www.notibras.com\/site\/#organization\"},\"image\":{\"@id\":\"https:\/\/www.notibras.com\/site\/assassinatos-de-jovens-negros-expoem-racismo-e-clima-de-violencia-no-brasil\/#primaryimage\"},\"thumbnailUrl\":\"https:\/\/www.notibras.com\/site\/wp-content\/uploads\/2015\/09\/desaparecido.jpg\",\"articleSection\":[\"Brasil\"],\"inLanguage\":\"pt-BR\",\"potentialAction\":[{\"@type\":\"CommentAction\",\"name\":\"Comment\",\"target\":[\"https:\/\/www.notibras.com\/site\/assassinatos-de-jovens-negros-expoem-racismo-e-clima-de-violencia-no-brasil\/#respond\"]}]},{\"@type\":\"WebPage\",\"@id\":\"https:\/\/www.notibras.com\/site\/assassinatos-de-jovens-negros-expoem-racismo-e-clima-de-violencia-no-brasil\/\",\"url\":\"https:\/\/www.notibras.com\/site\/assassinatos-de-jovens-negros-expoem-racismo-e-clima-de-violencia-no-brasil\/\",\"name\":\"Assassinatos de jovens negros exp\u00f5em racismo e clima de viol\u00eancia no Brasil - Notibras\",\"isPartOf\":{\"@id\":\"https:\/\/www.notibras.com\/site\/#website\"},\"primaryImageOfPage\":{\"@id\":\"https:\/\/www.notibras.com\/site\/assassinatos-de-jovens-negros-expoem-racismo-e-clima-de-violencia-no-brasil\/#primaryimage\"},\"image\":{\"@id\":\"https:\/\/www.notibras.com\/site\/assassinatos-de-jovens-negros-expoem-racismo-e-clima-de-violencia-no-brasil\/#primaryimage\"},\"thumbnailUrl\":\"https:\/\/www.notibras.com\/site\/wp-content\/uploads\/2015\/09\/desaparecido.jpg\",\"datePublished\":\"2015-09-29T22:02:19+00:00\",\"dateModified\":\"2015-09-30T14:30:26+00:00\",\"breadcrumb\":{\"@id\":\"https:\/\/www.notibras.com\/site\/assassinatos-de-jovens-negros-expoem-racismo-e-clima-de-violencia-no-brasil\/#breadcrumb\"},\"inLanguage\":\"pt-BR\",\"potentialAction\":[{\"@type\":\"ReadAction\",\"target\":[\"https:\/\/www.notibras.com\/site\/assassinatos-de-jovens-negros-expoem-racismo-e-clima-de-violencia-no-brasil\/\"]}]},{\"@type\":\"ImageObject\",\"inLanguage\":\"pt-BR\",\"@id\":\"https:\/\/www.notibras.com\/site\/assassinatos-de-jovens-negros-expoem-racismo-e-clima-de-violencia-no-brasil\/#primaryimage\",\"url\":\"https:\/\/www.notibras.com\/site\/wp-content\/uploads\/2015\/09\/desaparecido.jpg\",\"contentUrl\":\"https:\/\/www.notibras.com\/site\/wp-content\/uploads\/2015\/09\/desaparecido.jpg\",\"width\":714,\"height\":475},{\"@type\":\"BreadcrumbList\",\"@id\":\"https:\/\/www.notibras.com\/site\/assassinatos-de-jovens-negros-expoem-racismo-e-clima-de-violencia-no-brasil\/#breadcrumb\",\"itemListElement\":[{\"@type\":\"ListItem\",\"position\":1,\"name\":\"In\u00edcio\",\"item\":\"https:\/\/www.notibras.com\/site\/\"},{\"@type\":\"ListItem\",\"position\":2,\"name\":\"Assassinatos de jovens negros exp\u00f5em racismo e clima de viol\u00eancia no Brasil\"}]},{\"@type\":\"WebSite\",\"@id\":\"https:\/\/www.notibras.com\/site\/#website\",\"url\":\"https:\/\/www.notibras.com\/site\/\",\"name\":\"Notibras\",\"description\":\"Not\u00edcias de Bras\u00edlia, do Brasil e do Mundo\",\"publisher\":{\"@id\":\"https:\/\/www.notibras.com\/site\/#organization\"},\"potentialAction\":[{\"@type\":\"SearchAction\",\"target\":{\"@type\":\"EntryPoint\",\"urlTemplate\":\"https:\/\/www.notibras.com\/site\/?s={search_term_string}\"},\"query-input\":{\"@type\":\"PropertyValueSpecification\",\"valueRequired\":true,\"valueName\":\"search_term_string\"}}],\"inLanguage\":\"pt-BR\"},{\"@type\":\"Organization\",\"@id\":\"https:\/\/www.notibras.com\/site\/#organization\",\"name\":\"Grupo Notibras de Comunica\u00e7\u00e3o\",\"url\":\"https:\/\/www.notibras.com\/site\/\",\"logo\":{\"@type\":\"ImageObject\",\"inLanguage\":\"pt-BR\",\"@id\":\"https:\/\/www.notibras.com\/site\/#\/schema\/logo\/image\/\",\"url\":\"https:\/\/www.notibras.com\/site\/wp-content\/uploads\/2023\/01\/notibras23.png\",\"contentUrl\":\"https:\/\/www.notibras.com\/site\/wp-content\/uploads\/2023\/01\/notibras23.png\",\"width\":350,\"height\":87,\"caption\":\"Grupo Notibras de Comunica\u00e7\u00e3o\"},\"image\":{\"@id\":\"https:\/\/www.notibras.com\/site\/#\/schema\/logo\/image\/\"},\"sameAs\":[\"https:\/\/www.facebook.com\/notibras\/\",\"https:\/\/x.com\/Notibras\",\"https:\/\/www.instagram.com\/notibras\/\"]},{\"@type\":\"Person\",\"@id\":\"https:\/\/www.notibras.com\/site\/#\/schema\/person\/36ab0979449956132d3e5b517ea76ac8\",\"name\":\"Reda\u00e7\u00e3o\",\"image\":{\"@type\":\"ImageObject\",\"inLanguage\":\"pt-BR\",\"@id\":\"https:\/\/secure.gravatar.com\/avatar\/e0a867bdedb85fd243eadf09663511f96fc81e0720a4a42581f334ad4303aa6b?s=96&d=mm&r=g\",\"url\":\"https:\/\/secure.gravatar.com\/avatar\/e0a867bdedb85fd243eadf09663511f96fc81e0720a4a42581f334ad4303aa6b?s=96&d=mm&r=g\",\"contentUrl\":\"https:\/\/secure.gravatar.com\/avatar\/e0a867bdedb85fd243eadf09663511f96fc81e0720a4a42581f334ad4303aa6b?s=96&d=mm&r=g\",\"caption\":\"Reda\u00e7\u00e3o\"}}]}<\/script>\n<!-- \/ Yoast SEO plugin. -->","yoast_head_json":{"title":"Assassinatos de jovens negros exp\u00f5em racismo e clima de viol\u00eancia no Brasil - Notibras","robots":{"index":"index","follow":"follow","max-snippet":"max-snippet:-1","max-image-preview":"max-image-preview:large","max-video-preview":"max-video-preview:-1"},"canonical":"https:\/\/www.notibras.com\/site\/assassinatos-de-jovens-negros-expoem-racismo-e-clima-de-violencia-no-brasil\/","og_locale":"pt_BR","og_type":"article","og_title":"Assassinatos de jovens negros exp\u00f5em racismo e clima de viol\u00eancia no Brasil - Notibras","og_description":"O assassinato de jovens negros na periferia das cidades exp\u00f5e o racismo e a viol\u00eancia da sociedade brasileira, afirmou o diretor executivo da Anistia Internacional, \u00c1tila Roque. A organiza\u00e7\u00e3o destaca que, segundo dados do Mapa da Viol\u00eancia 2012, dos 56 mil assassinatos registrados no pa\u00eds, 30 mil s\u00e3o de jovens entre 15 e 29 anos. [&hellip;]","og_url":"https:\/\/www.notibras.com\/site\/assassinatos-de-jovens-negros-expoem-racismo-e-clima-de-violencia-no-brasil\/","og_site_name":"Notibras","article_publisher":"https:\/\/www.facebook.com\/notibras\/","article_published_time":"2015-09-29T22:02:19+00:00","article_modified_time":"2015-09-30T14:30:26+00:00","og_image":[{"width":714,"height":475,"url":"https:\/\/www.notibras.com\/site\/wp-content\/uploads\/2015\/09\/desaparecido.jpg","type":"image\/jpeg"}],"author":"Reda\u00e7\u00e3o","twitter_card":"summary_large_image","twitter_creator":"@Notibras","twitter_site":"@Notibras","twitter_misc":{"Escrito por":"Reda\u00e7\u00e3o","Est. tempo de leitura":"2 minutos"},"schema":{"@context":"https:\/\/schema.org","@graph":[{"@type":"Article","@id":"https:\/\/www.notibras.com\/site\/assassinatos-de-jovens-negros-expoem-racismo-e-clima-de-violencia-no-brasil\/#article","isPartOf":{"@id":"https:\/\/www.notibras.com\/site\/assassinatos-de-jovens-negros-expoem-racismo-e-clima-de-violencia-no-brasil\/"},"author":{"name":"Reda\u00e7\u00e3o","@id":"https:\/\/www.notibras.com\/site\/#\/schema\/person\/36ab0979449956132d3e5b517ea76ac8"},"headline":"Assassinatos de jovens negros exp\u00f5em racismo e clima de viol\u00eancia no Brasil","datePublished":"2015-09-29T22:02:19+00:00","dateModified":"2015-09-30T14:30:26+00:00","mainEntityOfPage":{"@id":"https:\/\/www.notibras.com\/site\/assassinatos-de-jovens-negros-expoem-racismo-e-clima-de-violencia-no-brasil\/"},"wordCount":390,"commentCount":0,"publisher":{"@id":"https:\/\/www.notibras.com\/site\/#organization"},"image":{"@id":"https:\/\/www.notibras.com\/site\/assassinatos-de-jovens-negros-expoem-racismo-e-clima-de-violencia-no-brasil\/#primaryimage"},"thumbnailUrl":"https:\/\/www.notibras.com\/site\/wp-content\/uploads\/2015\/09\/desaparecido.jpg","articleSection":["Brasil"],"inLanguage":"pt-BR","potentialAction":[{"@type":"CommentAction","name":"Comment","target":["https:\/\/www.notibras.com\/site\/assassinatos-de-jovens-negros-expoem-racismo-e-clima-de-violencia-no-brasil\/#respond"]}]},{"@type":"WebPage","@id":"https:\/\/www.notibras.com\/site\/assassinatos-de-jovens-negros-expoem-racismo-e-clima-de-violencia-no-brasil\/","url":"https:\/\/www.notibras.com\/site\/assassinatos-de-jovens-negros-expoem-racismo-e-clima-de-violencia-no-brasil\/","name":"Assassinatos de jovens negros exp\u00f5em racismo e clima de viol\u00eancia no Brasil - Notibras","isPartOf":{"@id":"https:\/\/www.notibras.com\/site\/#website"},"primaryImageOfPage":{"@id":"https:\/\/www.notibras.com\/site\/assassinatos-de-jovens-negros-expoem-racismo-e-clima-de-violencia-no-brasil\/#primaryimage"},"image":{"@id":"https:\/\/www.notibras.com\/site\/assassinatos-de-jovens-negros-expoem-racismo-e-clima-de-violencia-no-brasil\/#primaryimage"},"thumbnailUrl":"https:\/\/www.notibras.com\/site\/wp-content\/uploads\/2015\/09\/desaparecido.jpg","datePublished":"2015-09-29T22:02:19+00:00","dateModified":"2015-09-30T14:30:26+00:00","breadcrumb":{"@id":"https:\/\/www.notibras.com\/site\/assassinatos-de-jovens-negros-expoem-racismo-e-clima-de-violencia-no-brasil\/#breadcrumb"},"inLanguage":"pt-BR","potentialAction":[{"@type":"ReadAction","target":["https:\/\/www.notibras.com\/site\/assassinatos-de-jovens-negros-expoem-racismo-e-clima-de-violencia-no-brasil\/"]}]},{"@type":"ImageObject","inLanguage":"pt-BR","@id":"https:\/\/www.notibras.com\/site\/assassinatos-de-jovens-negros-expoem-racismo-e-clima-de-violencia-no-brasil\/#primaryimage","url":"https:\/\/www.notibras.com\/site\/wp-content\/uploads\/2015\/09\/desaparecido.jpg","contentUrl":"https:\/\/www.notibras.com\/site\/wp-content\/uploads\/2015\/09\/desaparecido.jpg","width":714,"height":475},{"@type":"BreadcrumbList","@id":"https:\/\/www.notibras.com\/site\/assassinatos-de-jovens-negros-expoem-racismo-e-clima-de-violencia-no-brasil\/#breadcrumb","itemListElement":[{"@type":"ListItem","position":1,"name":"In\u00edcio","item":"https:\/\/www.notibras.com\/site\/"},{"@type":"ListItem","position":2,"name":"Assassinatos de jovens negros exp\u00f5em racismo e clima de viol\u00eancia no Brasil"}]},{"@type":"WebSite","@id":"https:\/\/www.notibras.com\/site\/#website","url":"https:\/\/www.notibras.com\/site\/","name":"Notibras","description":"Not\u00edcias de Bras\u00edlia, do Brasil e do Mundo","publisher":{"@id":"https:\/\/www.notibras.com\/site\/#organization"},"potentialAction":[{"@type":"SearchAction","target":{"@type":"EntryPoint","urlTemplate":"https:\/\/www.notibras.com\/site\/?s={search_term_string}"},"query-input":{"@type":"PropertyValueSpecification","valueRequired":true,"valueName":"search_term_string"}}],"inLanguage":"pt-BR"},{"@type":"Organization","@id":"https:\/\/www.notibras.com\/site\/#organization","name":"Grupo Notibras de Comunica\u00e7\u00e3o","url":"https:\/\/www.notibras.com\/site\/","logo":{"@type":"ImageObject","inLanguage":"pt-BR","@id":"https:\/\/www.notibras.com\/site\/#\/schema\/logo\/image\/","url":"https:\/\/www.notibras.com\/site\/wp-content\/uploads\/2023\/01\/notibras23.png","contentUrl":"https:\/\/www.notibras.com\/site\/wp-content\/uploads\/2023\/01\/notibras23.png","width":350,"height":87,"caption":"Grupo Notibras de Comunica\u00e7\u00e3o"},"image":{"@id":"https:\/\/www.notibras.com\/site\/#\/schema\/logo\/image\/"},"sameAs":["https:\/\/www.facebook.com\/notibras\/","https:\/\/x.com\/Notibras","https:\/\/www.instagram.com\/notibras\/"]},{"@type":"Person","@id":"https:\/\/www.notibras.com\/site\/#\/schema\/person\/36ab0979449956132d3e5b517ea76ac8","name":"Reda\u00e7\u00e3o","image":{"@type":"ImageObject","inLanguage":"pt-BR","@id":"https:\/\/secure.gravatar.com\/avatar\/e0a867bdedb85fd243eadf09663511f96fc81e0720a4a42581f334ad4303aa6b?s=96&d=mm&r=g","url":"https:\/\/secure.gravatar.com\/avatar\/e0a867bdedb85fd243eadf09663511f96fc81e0720a4a42581f334ad4303aa6b?s=96&d=mm&r=g","contentUrl":"https:\/\/secure.gravatar.com\/avatar\/e0a867bdedb85fd243eadf09663511f96fc81e0720a4a42581f334ad4303aa6b?s=96&d=mm&r=g","caption":"Reda\u00e7\u00e3o"}}]}},"amp_enabled":true,"_links":{"self":[{"href":"https:\/\/www.notibras.com\/site\/wp-json\/wp\/v2\/posts\/69773","targetHints":{"allow":["GET"]}}],"collection":[{"href":"https:\/\/www.notibras.com\/site\/wp-json\/wp\/v2\/posts"}],"about":[{"href":"https:\/\/www.notibras.com\/site\/wp-json\/wp\/v2\/types\/post"}],"author":[{"embeddable":true,"href":"https:\/\/www.notibras.com\/site\/wp-json\/wp\/v2\/users\/2"}],"replies":[{"embeddable":true,"href":"https:\/\/www.notibras.com\/site\/wp-json\/wp\/v2\/comments?post=69773"}],"version-history":[{"count":1,"href":"https:\/\/www.notibras.com\/site\/wp-json\/wp\/v2\/posts\/69773\/revisions"}],"predecessor-version":[{"id":69775,"href":"https:\/\/www.notibras.com\/site\/wp-json\/wp\/v2\/posts\/69773\/revisions\/69775"}],"wp:featuredmedia":[{"embeddable":true,"href":"https:\/\/www.notibras.com\/site\/wp-json\/wp\/v2\/media\/69774"}],"wp:attachment":[{"href":"https:\/\/www.notibras.com\/site\/wp-json\/wp\/v2\/media?parent=69773"}],"wp:term":[{"taxonomy":"category","embeddable":true,"href":"https:\/\/www.notibras.com\/site\/wp-json\/wp\/v2\/categories?post=69773"},{"taxonomy":"post_tag","embeddable":true,"href":"https:\/\/www.notibras.com\/site\/wp-json\/wp\/v2\/tags?post=69773"}],"curies":[{"name":"wp","href":"https:\/\/api.w.org\/{rel}","templated":true}]}}