{"id":6984,"date":"2014-04-17T14:05:52","date_gmt":"2014-04-17T17:05:52","guid":{"rendered":"http:\/\/www.notibras.com\/site\/?p=6984"},"modified":"2014-04-18T08:59:39","modified_gmt":"2014-04-18T11:59:39","slug":"bahia-registra-30-mortes-em-48h-um-recorde-com-greve-da-policia-militar","status":"publish","type":"post","link":"https:\/\/www.notibras.com\/site\/bahia-registra-30-mortes-em-48h-um-recorde-com-greve-da-policia-militar\/","title":{"rendered":"Bahia registra 30 mortes em 48h, greve da Pol\u00edcia Militar acaba mas o Ex\u00e9rcito fica l\u00e1"},"content":{"rendered":"<p>A regi\u00e3o metropolitana de Salvador (BA) registrou o assassinato de pelo menos 30\u00a0pessoas\u00a0desde que a greve da pol\u00edcia e dos bombeiros militares foi decretada, por volta das 19h da \u00faltima\u00a0ter\u00e7a-feira.Nesta quinta-feira, um acordo entre a categoria e o governo baiano colocou fim \u00e0 paralisa\u00e7\u00e3o.<\/p>\n<p>Os dados, que englobam os homic\u00eddios desde que a\u00a0paralisa\u00e7\u00e3o foi deflagrada\u00a0at\u00e9 a 1h da madrugada desta quinta-feira,\u00a0constam nos boletins di\u00e1rios da Secretaria de Seguran\u00e7a P\u00fablica (SSP) da Bahia.<\/p>\n<p>Somente na quarta-feira, a SSP informa que houve 28 assassinatos. Outros dois casos ocorreram no final da\u00a0noite de ter\u00e7a-feira e na madrugada desta quinta.\u00a0A Delegacia de Homic\u00eddio e Prote\u00e7\u00e3o a Pessoa (DHPP) n\u00e3o repassou os registros de homic\u00eddios.\u00a0Na segunda-feira, quando a PM trabalhava normalmente, seis pessoas foram assassinadas na mesma \u00e1rea. Em\u00a0meio \u00e0 greve, o comando da corpora\u00e7\u00e3o anunciou que foram presas, na quarta-feira, pelo menos 50 pessoas em toda a regi\u00e3o metropolitana de Salvador. Ao todo, 85 viaturas patrulham a \u00e1rea onde 202 policiais militares est\u00e3o atuando.<\/p>\n<p>Entre as 50 deten\u00e7\u00f5es, houve casos de flagrante de roubo a m\u00e3o armada, arrombamentos, saques e arrast\u00e3o, nos bairros Liberdade, Iapi e Orla. No bairro de Cosme de Farias, os policiais prenderam quatro homens em um ve\u00edculo roubado. Outros tr\u00eas foram detidos em um caminh\u00e3o frigor\u00edfico, tamb\u00e9m roubado, mas na cidade de Sim\u00f5es Filho.<\/p>\n<p>Cinco\u00a0mil homens das For\u00e7as Armadas foram\u00a0designados para refor\u00e7ar a seguran\u00e7a p\u00fablica na Bahia e come\u00e7aram a chegar\u00a0a Salvador\u00a0por volta do meio dia de\u00a0quarta-feira. A medida foi tomada pela presidente Dilma Rousseff, atendendo a uma solicita\u00e7\u00e3o do governador Jaques Wagner.<\/p>\n<p>A presidente assinou o decreto de Garantia da Lei e Ordem, autorizando o emprego das For\u00e7as Armadas na Bahia. Com isso, os militares est\u00e3o autorizados a realizar patrulhas, vistorias e pris\u00f5es em flagrante. O comandante da 6\u00aa Regi\u00e3o Militar, general Racine Bezerra Lima, assumiu o comando das opera\u00e7\u00f5es e a Pol\u00edcia do Ex\u00e9rcito (PE) j\u00e1 est\u00e1 patrulhando as ruas da capital.<\/p>\n<p><strong>Pontos da negocia\u00e7\u00e3o<\/strong><br \/>\nNa quarta-feira, os grevistas encaminharam uma contraproposta \u00e0 apresentada na ter\u00e7a-feira pelo governo. Fruto de nove meses de negocia\u00e7\u00f5es entre as associa\u00e7\u00f5es dos policiais militares, a Secretaria de Seguran\u00e7a P\u00fablica e o governo do Estado, a proposta de ontem teve o acr\u00e9scimo de quatro pontos que n\u00e3o constavam da pauta anterior.<\/p>\n<p>Um deles foi o aumento da gratifica\u00e7\u00e3o por Condi\u00e7\u00f5es Especiais de Trabalho (CET), que \u00e9 de 17% em cima do soldo do policial e subiria para 25% para os policiais com expediente administrativo, 45% para os que v\u00e3o para rua e 60% para os que trabalham como motoristas. \u201cMas os oficiais j\u00e1 ganham 125% em cima do sal\u00e1rio deles. Portanto, essa proposta foi votada na noite de ontem (ter\u00e7a-feira), mas n\u00e3o aceita\u201d, informou a assessoria do vereador Marco Prisco (PSDB).<\/p>\n<p>Os outros pontos foram uma nova discuss\u00e3o sobre o C\u00f3digo de \u00c9tica da Pol\u00edcia Militar, a revis\u00e3o dos processos administrativos referentes \u00e0 greve das pol\u00edcias de 2012 e a regulamenta\u00e7\u00e3o do artigo 92 do Estatuto da Pol\u00edcia, que versa sobre os aux\u00edlios moradia, funeral, alimenta\u00e7\u00e3o e outros ganhos da agremia\u00e7\u00e3o.<\/p>\n<p>A greve da Pol\u00edcia Militar da Bahia foi considerada ilegal pelo Tribunal de Justi\u00e7a na manh\u00e3 de\u00a0quarta-feira. Com o decreto de ilegalidade, cujo pedido feito pelo Minist\u00e9rio P\u00fablico do Estado da Bahia (MP-BA) e acolhido pela Justi\u00e7a, todo o efetivo da PM deve voltar imediatamente \u00e0s atividades para a garantia da seguran\u00e7a p\u00fablica. Caso n\u00e3o acate a decis\u00e3o, as associa\u00e7\u00f5es da pol\u00edcia ter\u00e3o de pagar R$ 50 mil di\u00e1rios.<\/p>\n<p>Ainda de acordo com a decis\u00e3o judicial, concedida liminarmente pelo desembargador plantonista Roberto Maynard Frank, o governador Jaques Wagner deve fazer, de imediato, um plano de contingenciamento da seguran\u00e7a p\u00fablica em todo o Estado, para preservar os interesses p\u00fablicos de seguran\u00e7a social e jur\u00eddica.<\/p>\n","protected":false},"excerpt":{"rendered":"<p>A regi\u00e3o metropolitana de Salvador (BA) registrou o assassinato de pelo menos 30\u00a0pessoas\u00a0desde que a greve da pol\u00edcia e dos bombeiros militares foi decretada, por volta das 19h da \u00faltima\u00a0ter\u00e7a-feira.Nesta quinta-feira, um acordo entre a categoria e o governo baiano colocou fim \u00e0 paralisa\u00e7\u00e3o. Os dados, que englobam os homic\u00eddios desde que a\u00a0paralisa\u00e7\u00e3o foi deflagrada\u00a0at\u00e9 [&hellip;]<\/p>\n","protected":false},"author":2,"featured_media":6985,"comment_status":"open","ping_status":"closed","sticky":false,"template":"","format":"standard","meta":{"_acf_changed":false,"footnotes":""},"categories":[16],"tags":[],"class_list":["post-6984","post","type-post","status-publish","format-standard","has-post-thumbnail","hentry","category-brasil"],"acf":[],"yoast_head":"<!-- This site is optimized with the Yoast SEO plugin v27.2 - https:\/\/yoast.com\/product\/yoast-seo-wordpress\/ -->\n<title>Bahia registra 30 mortes em 48h, greve da Pol\u00edcia Militar acaba mas o Ex\u00e9rcito fica l\u00e1 - Notibras<\/title>\n<meta name=\"robots\" content=\"index, follow, max-snippet:-1, max-image-preview:large, max-video-preview:-1\" \/>\n<link rel=\"canonical\" href=\"https:\/\/www.notibras.com\/site\/bahia-registra-30-mortes-em-48h-um-recorde-com-greve-da-policia-militar\/\" \/>\n<meta property=\"og:locale\" content=\"pt_BR\" \/>\n<meta property=\"og:type\" content=\"article\" \/>\n<meta property=\"og:title\" content=\"Bahia registra 30 mortes em 48h, greve da Pol\u00edcia Militar acaba mas o Ex\u00e9rcito fica l\u00e1 - Notibras\" \/>\n<meta property=\"og:description\" content=\"A regi\u00e3o metropolitana de Salvador (BA) registrou o assassinato de pelo menos 30\u00a0pessoas\u00a0desde que a greve da pol\u00edcia e dos bombeiros militares foi decretada, por volta das 19h da \u00faltima\u00a0ter\u00e7a-feira.Nesta quinta-feira, um acordo entre a categoria e o governo baiano colocou fim \u00e0 paralisa\u00e7\u00e3o. Os dados, que englobam os homic\u00eddios desde que a\u00a0paralisa\u00e7\u00e3o foi deflagrada\u00a0at\u00e9 [&hellip;]\" \/>\n<meta property=\"og:url\" content=\"https:\/\/www.notibras.com\/site\/bahia-registra-30-mortes-em-48h-um-recorde-com-greve-da-policia-militar\/\" \/>\n<meta property=\"og:site_name\" content=\"Notibras\" \/>\n<meta property=\"article:publisher\" content=\"https:\/\/www.facebook.com\/notibras\/\" \/>\n<meta property=\"article:published_time\" content=\"2014-04-17T17:05:52+00:00\" \/>\n<meta property=\"article:modified_time\" content=\"2014-04-18T11:59:39+00:00\" \/>\n<meta property=\"og:image\" content=\"https:\/\/www.notibras.com\/site\/wp-content\/uploads\/2014\/04\/03bagrevepmbombeirosbahiamarcoaureliomartinsagatardefut.jpg\" \/>\n\t<meta property=\"og:image:width\" content=\"460\" \/>\n\t<meta property=\"og:image:height\" content=\"340\" \/>\n\t<meta property=\"og:image:type\" content=\"image\/jpeg\" \/>\n<meta name=\"author\" content=\"Reda\u00e7\u00e3o\" \/>\n<meta name=\"twitter:card\" content=\"summary_large_image\" \/>\n<meta name=\"twitter:creator\" content=\"@Notibras\" \/>\n<meta name=\"twitter:site\" content=\"@Notibras\" \/>\n<meta name=\"twitter:label1\" content=\"Escrito por\" \/>\n\t<meta name=\"twitter:data1\" content=\"Reda\u00e7\u00e3o\" \/>\n\t<meta name=\"twitter:label2\" content=\"Est. tempo de leitura\" \/>\n\t<meta name=\"twitter:data2\" content=\"3 minutos\" \/>\n<script type=\"application\/ld+json\" class=\"yoast-schema-graph\">{\"@context\":\"https:\/\/schema.org\",\"@graph\":[{\"@type\":\"Article\",\"@id\":\"https:\/\/www.notibras.com\/site\/bahia-registra-30-mortes-em-48h-um-recorde-com-greve-da-policia-militar\/#article\",\"isPartOf\":{\"@id\":\"https:\/\/www.notibras.com\/site\/bahia-registra-30-mortes-em-48h-um-recorde-com-greve-da-policia-militar\/\"},\"author\":{\"name\":\"Reda\u00e7\u00e3o\",\"@id\":\"https:\/\/www.notibras.com\/site\/#\/schema\/person\/36ab0979449956132d3e5b517ea76ac8\"},\"headline\":\"Bahia registra 30 mortes em 48h, greve da Pol\u00edcia Militar acaba mas o Ex\u00e9rcito fica l\u00e1\",\"datePublished\":\"2014-04-17T17:05:52+00:00\",\"dateModified\":\"2014-04-18T11:59:39+00:00\",\"mainEntityOfPage\":{\"@id\":\"https:\/\/www.notibras.com\/site\/bahia-registra-30-mortes-em-48h-um-recorde-com-greve-da-policia-militar\/\"},\"wordCount\":707,\"commentCount\":0,\"publisher\":{\"@id\":\"https:\/\/www.notibras.com\/site\/#organization\"},\"image\":{\"@id\":\"https:\/\/www.notibras.com\/site\/bahia-registra-30-mortes-em-48h-um-recorde-com-greve-da-policia-militar\/#primaryimage\"},\"thumbnailUrl\":\"https:\/\/www.notibras.com\/site\/wp-content\/uploads\/2014\/04\/03bagrevepmbombeirosbahiamarcoaureliomartinsagatardefut.jpg\",\"articleSection\":[\"Brasil\"],\"inLanguage\":\"pt-BR\",\"potentialAction\":[{\"@type\":\"CommentAction\",\"name\":\"Comment\",\"target\":[\"https:\/\/www.notibras.com\/site\/bahia-registra-30-mortes-em-48h-um-recorde-com-greve-da-policia-militar\/#respond\"]}]},{\"@type\":\"WebPage\",\"@id\":\"https:\/\/www.notibras.com\/site\/bahia-registra-30-mortes-em-48h-um-recorde-com-greve-da-policia-militar\/\",\"url\":\"https:\/\/www.notibras.com\/site\/bahia-registra-30-mortes-em-48h-um-recorde-com-greve-da-policia-militar\/\",\"name\":\"Bahia registra 30 mortes em 48h, greve da Pol\u00edcia Militar acaba mas o Ex\u00e9rcito fica l\u00e1 - Notibras\",\"isPartOf\":{\"@id\":\"https:\/\/www.notibras.com\/site\/#website\"},\"primaryImageOfPage\":{\"@id\":\"https:\/\/www.notibras.com\/site\/bahia-registra-30-mortes-em-48h-um-recorde-com-greve-da-policia-militar\/#primaryimage\"},\"image\":{\"@id\":\"https:\/\/www.notibras.com\/site\/bahia-registra-30-mortes-em-48h-um-recorde-com-greve-da-policia-militar\/#primaryimage\"},\"thumbnailUrl\":\"https:\/\/www.notibras.com\/site\/wp-content\/uploads\/2014\/04\/03bagrevepmbombeirosbahiamarcoaureliomartinsagatardefut.jpg\",\"datePublished\":\"2014-04-17T17:05:52+00:00\",\"dateModified\":\"2014-04-18T11:59:39+00:00\",\"breadcrumb\":{\"@id\":\"https:\/\/www.notibras.com\/site\/bahia-registra-30-mortes-em-48h-um-recorde-com-greve-da-policia-militar\/#breadcrumb\"},\"inLanguage\":\"pt-BR\",\"potentialAction\":[{\"@type\":\"ReadAction\",\"target\":[\"https:\/\/www.notibras.com\/site\/bahia-registra-30-mortes-em-48h-um-recorde-com-greve-da-policia-militar\/\"]}]},{\"@type\":\"ImageObject\",\"inLanguage\":\"pt-BR\",\"@id\":\"https:\/\/www.notibras.com\/site\/bahia-registra-30-mortes-em-48h-um-recorde-com-greve-da-policia-militar\/#primaryimage\",\"url\":\"https:\/\/www.notibras.com\/site\/wp-content\/uploads\/2014\/04\/03bagrevepmbombeirosbahiamarcoaureliomartinsagatardefut.jpg\",\"contentUrl\":\"https:\/\/www.notibras.com\/site\/wp-content\/uploads\/2014\/04\/03bagrevepmbombeirosbahiamarcoaureliomartinsagatardefut.jpg\",\"width\":460,\"height\":340},{\"@type\":\"BreadcrumbList\",\"@id\":\"https:\/\/www.notibras.com\/site\/bahia-registra-30-mortes-em-48h-um-recorde-com-greve-da-policia-militar\/#breadcrumb\",\"itemListElement\":[{\"@type\":\"ListItem\",\"position\":1,\"name\":\"In\u00edcio\",\"item\":\"https:\/\/www.notibras.com\/site\/\"},{\"@type\":\"ListItem\",\"position\":2,\"name\":\"Bahia registra 30 mortes em 48h, greve da Pol\u00edcia Militar acaba mas o Ex\u00e9rcito fica l\u00e1\"}]},{\"@type\":\"WebSite\",\"@id\":\"https:\/\/www.notibras.com\/site\/#website\",\"url\":\"https:\/\/www.notibras.com\/site\/\",\"name\":\"Notibras\",\"description\":\"Not\u00edcias de Bras\u00edlia, do Brasil e do Mundo\",\"publisher\":{\"@id\":\"https:\/\/www.notibras.com\/site\/#organization\"},\"potentialAction\":[{\"@type\":\"SearchAction\",\"target\":{\"@type\":\"EntryPoint\",\"urlTemplate\":\"https:\/\/www.notibras.com\/site\/?s={search_term_string}\"},\"query-input\":{\"@type\":\"PropertyValueSpecification\",\"valueRequired\":true,\"valueName\":\"search_term_string\"}}],\"inLanguage\":\"pt-BR\"},{\"@type\":\"Organization\",\"@id\":\"https:\/\/www.notibras.com\/site\/#organization\",\"name\":\"Grupo Notibras de Comunica\u00e7\u00e3o\",\"url\":\"https:\/\/www.notibras.com\/site\/\",\"logo\":{\"@type\":\"ImageObject\",\"inLanguage\":\"pt-BR\",\"@id\":\"https:\/\/www.notibras.com\/site\/#\/schema\/logo\/image\/\",\"url\":\"https:\/\/www.notibras.com\/site\/wp-content\/uploads\/2023\/01\/notibras23.png\",\"contentUrl\":\"https:\/\/www.notibras.com\/site\/wp-content\/uploads\/2023\/01\/notibras23.png\",\"width\":350,\"height\":87,\"caption\":\"Grupo Notibras de Comunica\u00e7\u00e3o\"},\"image\":{\"@id\":\"https:\/\/www.notibras.com\/site\/#\/schema\/logo\/image\/\"},\"sameAs\":[\"https:\/\/www.facebook.com\/notibras\/\",\"https:\/\/x.com\/Notibras\",\"https:\/\/www.instagram.com\/notibras\/\"]},{\"@type\":\"Person\",\"@id\":\"https:\/\/www.notibras.com\/site\/#\/schema\/person\/36ab0979449956132d3e5b517ea76ac8\",\"name\":\"Reda\u00e7\u00e3o\",\"image\":{\"@type\":\"ImageObject\",\"inLanguage\":\"pt-BR\",\"@id\":\"https:\/\/secure.gravatar.com\/avatar\/e0a867bdedb85fd243eadf09663511f96fc81e0720a4a42581f334ad4303aa6b?s=96&d=mm&r=g\",\"url\":\"https:\/\/secure.gravatar.com\/avatar\/e0a867bdedb85fd243eadf09663511f96fc81e0720a4a42581f334ad4303aa6b?s=96&d=mm&r=g\",\"contentUrl\":\"https:\/\/secure.gravatar.com\/avatar\/e0a867bdedb85fd243eadf09663511f96fc81e0720a4a42581f334ad4303aa6b?s=96&d=mm&r=g\",\"caption\":\"Reda\u00e7\u00e3o\"}}]}<\/script>\n<!-- \/ Yoast SEO plugin. -->","yoast_head_json":{"title":"Bahia registra 30 mortes em 48h, greve da Pol\u00edcia Militar acaba mas o Ex\u00e9rcito fica l\u00e1 - Notibras","robots":{"index":"index","follow":"follow","max-snippet":"max-snippet:-1","max-image-preview":"max-image-preview:large","max-video-preview":"max-video-preview:-1"},"canonical":"https:\/\/www.notibras.com\/site\/bahia-registra-30-mortes-em-48h-um-recorde-com-greve-da-policia-militar\/","og_locale":"pt_BR","og_type":"article","og_title":"Bahia registra 30 mortes em 48h, greve da Pol\u00edcia Militar acaba mas o Ex\u00e9rcito fica l\u00e1 - Notibras","og_description":"A regi\u00e3o metropolitana de Salvador (BA) registrou o assassinato de pelo menos 30\u00a0pessoas\u00a0desde que a greve da pol\u00edcia e dos bombeiros militares foi decretada, por volta das 19h da \u00faltima\u00a0ter\u00e7a-feira.Nesta quinta-feira, um acordo entre a categoria e o governo baiano colocou fim \u00e0 paralisa\u00e7\u00e3o. Os dados, que englobam os homic\u00eddios desde que a\u00a0paralisa\u00e7\u00e3o foi deflagrada\u00a0at\u00e9 [&hellip;]","og_url":"https:\/\/www.notibras.com\/site\/bahia-registra-30-mortes-em-48h-um-recorde-com-greve-da-policia-militar\/","og_site_name":"Notibras","article_publisher":"https:\/\/www.facebook.com\/notibras\/","article_published_time":"2014-04-17T17:05:52+00:00","article_modified_time":"2014-04-18T11:59:39+00:00","og_image":[{"width":460,"height":340,"url":"https:\/\/www.notibras.com\/site\/wp-content\/uploads\/2014\/04\/03bagrevepmbombeirosbahiamarcoaureliomartinsagatardefut.jpg","type":"image\/jpeg"}],"author":"Reda\u00e7\u00e3o","twitter_card":"summary_large_image","twitter_creator":"@Notibras","twitter_site":"@Notibras","twitter_misc":{"Escrito por":"Reda\u00e7\u00e3o","Est. tempo de leitura":"3 minutos"},"schema":{"@context":"https:\/\/schema.org","@graph":[{"@type":"Article","@id":"https:\/\/www.notibras.com\/site\/bahia-registra-30-mortes-em-48h-um-recorde-com-greve-da-policia-militar\/#article","isPartOf":{"@id":"https:\/\/www.notibras.com\/site\/bahia-registra-30-mortes-em-48h-um-recorde-com-greve-da-policia-militar\/"},"author":{"name":"Reda\u00e7\u00e3o","@id":"https:\/\/www.notibras.com\/site\/#\/schema\/person\/36ab0979449956132d3e5b517ea76ac8"},"headline":"Bahia registra 30 mortes em 48h, greve da Pol\u00edcia Militar acaba mas o Ex\u00e9rcito fica l\u00e1","datePublished":"2014-04-17T17:05:52+00:00","dateModified":"2014-04-18T11:59:39+00:00","mainEntityOfPage":{"@id":"https:\/\/www.notibras.com\/site\/bahia-registra-30-mortes-em-48h-um-recorde-com-greve-da-policia-militar\/"},"wordCount":707,"commentCount":0,"publisher":{"@id":"https:\/\/www.notibras.com\/site\/#organization"},"image":{"@id":"https:\/\/www.notibras.com\/site\/bahia-registra-30-mortes-em-48h-um-recorde-com-greve-da-policia-militar\/#primaryimage"},"thumbnailUrl":"https:\/\/www.notibras.com\/site\/wp-content\/uploads\/2014\/04\/03bagrevepmbombeirosbahiamarcoaureliomartinsagatardefut.jpg","articleSection":["Brasil"],"inLanguage":"pt-BR","potentialAction":[{"@type":"CommentAction","name":"Comment","target":["https:\/\/www.notibras.com\/site\/bahia-registra-30-mortes-em-48h-um-recorde-com-greve-da-policia-militar\/#respond"]}]},{"@type":"WebPage","@id":"https:\/\/www.notibras.com\/site\/bahia-registra-30-mortes-em-48h-um-recorde-com-greve-da-policia-militar\/","url":"https:\/\/www.notibras.com\/site\/bahia-registra-30-mortes-em-48h-um-recorde-com-greve-da-policia-militar\/","name":"Bahia registra 30 mortes em 48h, greve da Pol\u00edcia Militar acaba mas o Ex\u00e9rcito fica l\u00e1 - Notibras","isPartOf":{"@id":"https:\/\/www.notibras.com\/site\/#website"},"primaryImageOfPage":{"@id":"https:\/\/www.notibras.com\/site\/bahia-registra-30-mortes-em-48h-um-recorde-com-greve-da-policia-militar\/#primaryimage"},"image":{"@id":"https:\/\/www.notibras.com\/site\/bahia-registra-30-mortes-em-48h-um-recorde-com-greve-da-policia-militar\/#primaryimage"},"thumbnailUrl":"https:\/\/www.notibras.com\/site\/wp-content\/uploads\/2014\/04\/03bagrevepmbombeirosbahiamarcoaureliomartinsagatardefut.jpg","datePublished":"2014-04-17T17:05:52+00:00","dateModified":"2014-04-18T11:59:39+00:00","breadcrumb":{"@id":"https:\/\/www.notibras.com\/site\/bahia-registra-30-mortes-em-48h-um-recorde-com-greve-da-policia-militar\/#breadcrumb"},"inLanguage":"pt-BR","potentialAction":[{"@type":"ReadAction","target":["https:\/\/www.notibras.com\/site\/bahia-registra-30-mortes-em-48h-um-recorde-com-greve-da-policia-militar\/"]}]},{"@type":"ImageObject","inLanguage":"pt-BR","@id":"https:\/\/www.notibras.com\/site\/bahia-registra-30-mortes-em-48h-um-recorde-com-greve-da-policia-militar\/#primaryimage","url":"https:\/\/www.notibras.com\/site\/wp-content\/uploads\/2014\/04\/03bagrevepmbombeirosbahiamarcoaureliomartinsagatardefut.jpg","contentUrl":"https:\/\/www.notibras.com\/site\/wp-content\/uploads\/2014\/04\/03bagrevepmbombeirosbahiamarcoaureliomartinsagatardefut.jpg","width":460,"height":340},{"@type":"BreadcrumbList","@id":"https:\/\/www.notibras.com\/site\/bahia-registra-30-mortes-em-48h-um-recorde-com-greve-da-policia-militar\/#breadcrumb","itemListElement":[{"@type":"ListItem","position":1,"name":"In\u00edcio","item":"https:\/\/www.notibras.com\/site\/"},{"@type":"ListItem","position":2,"name":"Bahia registra 30 mortes em 48h, greve da Pol\u00edcia Militar acaba mas o Ex\u00e9rcito fica l\u00e1"}]},{"@type":"WebSite","@id":"https:\/\/www.notibras.com\/site\/#website","url":"https:\/\/www.notibras.com\/site\/","name":"Notibras","description":"Not\u00edcias de Bras\u00edlia, do Brasil e do Mundo","publisher":{"@id":"https:\/\/www.notibras.com\/site\/#organization"},"potentialAction":[{"@type":"SearchAction","target":{"@type":"EntryPoint","urlTemplate":"https:\/\/www.notibras.com\/site\/?s={search_term_string}"},"query-input":{"@type":"PropertyValueSpecification","valueRequired":true,"valueName":"search_term_string"}}],"inLanguage":"pt-BR"},{"@type":"Organization","@id":"https:\/\/www.notibras.com\/site\/#organization","name":"Grupo Notibras de Comunica\u00e7\u00e3o","url":"https:\/\/www.notibras.com\/site\/","logo":{"@type":"ImageObject","inLanguage":"pt-BR","@id":"https:\/\/www.notibras.com\/site\/#\/schema\/logo\/image\/","url":"https:\/\/www.notibras.com\/site\/wp-content\/uploads\/2023\/01\/notibras23.png","contentUrl":"https:\/\/www.notibras.com\/site\/wp-content\/uploads\/2023\/01\/notibras23.png","width":350,"height":87,"caption":"Grupo Notibras de Comunica\u00e7\u00e3o"},"image":{"@id":"https:\/\/www.notibras.com\/site\/#\/schema\/logo\/image\/"},"sameAs":["https:\/\/www.facebook.com\/notibras\/","https:\/\/x.com\/Notibras","https:\/\/www.instagram.com\/notibras\/"]},{"@type":"Person","@id":"https:\/\/www.notibras.com\/site\/#\/schema\/person\/36ab0979449956132d3e5b517ea76ac8","name":"Reda\u00e7\u00e3o","image":{"@type":"ImageObject","inLanguage":"pt-BR","@id":"https:\/\/secure.gravatar.com\/avatar\/e0a867bdedb85fd243eadf09663511f96fc81e0720a4a42581f334ad4303aa6b?s=96&d=mm&r=g","url":"https:\/\/secure.gravatar.com\/avatar\/e0a867bdedb85fd243eadf09663511f96fc81e0720a4a42581f334ad4303aa6b?s=96&d=mm&r=g","contentUrl":"https:\/\/secure.gravatar.com\/avatar\/e0a867bdedb85fd243eadf09663511f96fc81e0720a4a42581f334ad4303aa6b?s=96&d=mm&r=g","caption":"Reda\u00e7\u00e3o"}}]}},"amp_enabled":true,"_links":{"self":[{"href":"https:\/\/www.notibras.com\/site\/wp-json\/wp\/v2\/posts\/6984","targetHints":{"allow":["GET"]}}],"collection":[{"href":"https:\/\/www.notibras.com\/site\/wp-json\/wp\/v2\/posts"}],"about":[{"href":"https:\/\/www.notibras.com\/site\/wp-json\/wp\/v2\/types\/post"}],"author":[{"embeddable":true,"href":"https:\/\/www.notibras.com\/site\/wp-json\/wp\/v2\/users\/2"}],"replies":[{"embeddable":true,"href":"https:\/\/www.notibras.com\/site\/wp-json\/wp\/v2\/comments?post=6984"}],"version-history":[{"count":0,"href":"https:\/\/www.notibras.com\/site\/wp-json\/wp\/v2\/posts\/6984\/revisions"}],"wp:featuredmedia":[{"embeddable":true,"href":"https:\/\/www.notibras.com\/site\/wp-json\/wp\/v2\/media\/6985"}],"wp:attachment":[{"href":"https:\/\/www.notibras.com\/site\/wp-json\/wp\/v2\/media?parent=6984"}],"wp:term":[{"taxonomy":"category","embeddable":true,"href":"https:\/\/www.notibras.com\/site\/wp-json\/wp\/v2\/categories?post=6984"},{"taxonomy":"post_tag","embeddable":true,"href":"https:\/\/www.notibras.com\/site\/wp-json\/wp\/v2\/tags?post=6984"}],"curies":[{"name":"wp","href":"https:\/\/api.w.org\/{rel}","templated":true}]}}