{"id":69891,"date":"2015-09-30T20:10:26","date_gmt":"2015-09-30T23:10:26","guid":{"rendered":"http:\/\/www.notibras.com\/site\/?p=69891"},"modified":"2015-10-01T00:27:14","modified_gmt":"2015-10-01T03:27:14","slug":"toma-la-da-ca-de-dilma-derruba-22-4-de-janine-na-educacao","status":"publish","type":"post","link":"https:\/\/www.notibras.com\/site\/toma-la-da-ca-de-dilma-derruba-22-4-de-janine-na-educacao\/","title":{"rendered":"Toma l\u00e1 d\u00e1 c\u00e1 de Dilma derruba 2+2 = 4 de Renato Janine na Educa\u00e7\u00e3o"},"content":{"rendered":"<p>Antes de completar seis meses no cargo, o ministro Renato Janine Ribeiro, da Educa\u00e7\u00e3o, foi demitido na tarde desta quarta-feira pela presidente Dilma Rousseff, como parte da reforma ministerial. Ele foi chamado ao Pal\u00e1cio do Planalto hoje para ser comunicado da sa\u00edda, que j\u00e1 vinha se desenhando h\u00e1 alguns dias.<\/p>\n<p>Em 10 meses, ser\u00e1 a terceira vez que a pasta de Educa\u00e7\u00e3o ter\u00e1 um novo nome. Antes de Janine, quem comandava o minist\u00e9rio era Cid Gomes, ex-governador do Cear\u00e1. O ministro Aloizio Mercadante deixar\u00e1 a Casa Civil para assumir o posto.<\/p>\n<p>Tamb\u00e9m esteve no Planalto o secret\u00e1rio-executivo do Minist\u00e9rio da Educa\u00e7\u00e3o, Luiz Claudio Costa, na tarde desta quarta. Ele se reuniu com Mercadante para tratar, entre outros temas, da transi\u00e7\u00e3o no minist\u00e9rio.<\/p>\n<p>Com o objetivo de reduzir o tamanho do governo, Dilma tamb\u00e9m definiu que a nova Secretaria de Governo, a ser comandada pelo petista Ricardo Berzoini, vai englobar a Secretaria das Micro e Pequenas Empresas, o Gabinete de Seguran\u00e7a Institucional e a Secretaria Geral, todos atualmente com status de minist\u00e9rio.<\/p>\n","protected":false},"excerpt":{"rendered":"<p>Antes de completar seis meses no cargo, o ministro Renato Janine Ribeiro, da Educa\u00e7\u00e3o, foi demitido na tarde desta quarta-feira pela presidente Dilma Rousseff, como parte da reforma ministerial. Ele foi chamado ao Pal\u00e1cio do Planalto hoje para ser comunicado da sa\u00edda, que j\u00e1 vinha se desenhando h\u00e1 alguns dias. Em 10 meses, ser\u00e1 a [&hellip;]<\/p>\n","protected":false},"author":2,"featured_media":69892,"comment_status":"open","ping_status":"closed","sticky":false,"template":"","format":"standard","meta":{"_acf_changed":false,"footnotes":""},"categories":[16],"tags":[],"class_list":["post-69891","post","type-post","status-publish","format-standard","has-post-thumbnail","hentry","category-brasil"],"acf":[],"yoast_head":"<!-- This site is optimized with the Yoast SEO plugin v27.2 - https:\/\/yoast.com\/product\/yoast-seo-wordpress\/ -->\n<title>Toma l\u00e1 d\u00e1 c\u00e1 de Dilma derruba 2+2 = 4 de Renato Janine na Educa\u00e7\u00e3o - Notibras<\/title>\n<meta name=\"robots\" content=\"index, follow, max-snippet:-1, max-image-preview:large, max-video-preview:-1\" \/>\n<link rel=\"canonical\" href=\"https:\/\/www.notibras.com\/site\/toma-la-da-ca-de-dilma-derruba-22-4-de-janine-na-educacao\/\" \/>\n<meta property=\"og:locale\" content=\"pt_BR\" \/>\n<meta property=\"og:type\" content=\"article\" \/>\n<meta property=\"og:title\" content=\"Toma l\u00e1 d\u00e1 c\u00e1 de Dilma derruba 2+2 = 4 de Renato Janine na Educa\u00e7\u00e3o - Notibras\" \/>\n<meta property=\"og:description\" content=\"Antes de completar seis meses no cargo, o ministro Renato Janine Ribeiro, da Educa\u00e7\u00e3o, foi demitido na tarde desta quarta-feira pela presidente Dilma Rousseff, como parte da reforma ministerial. Ele foi chamado ao Pal\u00e1cio do Planalto hoje para ser comunicado da sa\u00edda, que j\u00e1 vinha se desenhando h\u00e1 alguns dias. Em 10 meses, ser\u00e1 a [&hellip;]\" \/>\n<meta property=\"og:url\" content=\"https:\/\/www.notibras.com\/site\/toma-la-da-ca-de-dilma-derruba-22-4-de-janine-na-educacao\/\" \/>\n<meta property=\"og:site_name\" content=\"Notibras\" \/>\n<meta property=\"article:publisher\" content=\"https:\/\/www.facebook.com\/notibras\/\" \/>\n<meta property=\"article:published_time\" content=\"2015-09-30T23:10:26+00:00\" \/>\n<meta property=\"article:modified_time\" content=\"2015-10-01T03:27:14+00:00\" \/>\n<meta property=\"og:image\" content=\"https:\/\/www.notibras.com\/site\/wp-content\/uploads\/2015\/09\/DILMA1.jpg\" \/>\n\t<meta property=\"og:image:width\" content=\"699\" \/>\n\t<meta property=\"og:image:height\" content=\"420\" \/>\n\t<meta property=\"og:image:type\" content=\"image\/jpeg\" \/>\n<meta name=\"author\" content=\"Reda\u00e7\u00e3o\" \/>\n<meta name=\"twitter:card\" content=\"summary_large_image\" \/>\n<meta name=\"twitter:creator\" content=\"@Notibras\" \/>\n<meta name=\"twitter:site\" content=\"@Notibras\" \/>\n<meta name=\"twitter:label1\" content=\"Escrito por\" \/>\n\t<meta name=\"twitter:data1\" content=\"Reda\u00e7\u00e3o\" \/>\n\t<meta name=\"twitter:label2\" content=\"Est. tempo de leitura\" \/>\n\t<meta name=\"twitter:data2\" content=\"1 minuto\" \/>\n<script type=\"application\/ld+json\" class=\"yoast-schema-graph\">{\"@context\":\"https:\/\/schema.org\",\"@graph\":[{\"@type\":\"Article\",\"@id\":\"https:\/\/www.notibras.com\/site\/toma-la-da-ca-de-dilma-derruba-22-4-de-janine-na-educacao\/#article\",\"isPartOf\":{\"@id\":\"https:\/\/www.notibras.com\/site\/toma-la-da-ca-de-dilma-derruba-22-4-de-janine-na-educacao\/\"},\"author\":{\"name\":\"Reda\u00e7\u00e3o\",\"@id\":\"https:\/\/www.notibras.com\/site\/#\/schema\/person\/36ab0979449956132d3e5b517ea76ac8\"},\"headline\":\"Toma l\u00e1 d\u00e1 c\u00e1 de Dilma derruba 2+2 = 4 de Renato Janine na Educa\u00e7\u00e3o\",\"datePublished\":\"2015-09-30T23:10:26+00:00\",\"dateModified\":\"2015-10-01T03:27:14+00:00\",\"mainEntityOfPage\":{\"@id\":\"https:\/\/www.notibras.com\/site\/toma-la-da-ca-de-dilma-derruba-22-4-de-janine-na-educacao\/\"},\"wordCount\":197,\"commentCount\":0,\"publisher\":{\"@id\":\"https:\/\/www.notibras.com\/site\/#organization\"},\"image\":{\"@id\":\"https:\/\/www.notibras.com\/site\/toma-la-da-ca-de-dilma-derruba-22-4-de-janine-na-educacao\/#primaryimage\"},\"thumbnailUrl\":\"https:\/\/www.notibras.com\/site\/wp-content\/uploads\/2015\/09\/DILMA1.jpg\",\"articleSection\":[\"Brasil\"],\"inLanguage\":\"pt-BR\",\"potentialAction\":[{\"@type\":\"CommentAction\",\"name\":\"Comment\",\"target\":[\"https:\/\/www.notibras.com\/site\/toma-la-da-ca-de-dilma-derruba-22-4-de-janine-na-educacao\/#respond\"]}]},{\"@type\":\"WebPage\",\"@id\":\"https:\/\/www.notibras.com\/site\/toma-la-da-ca-de-dilma-derruba-22-4-de-janine-na-educacao\/\",\"url\":\"https:\/\/www.notibras.com\/site\/toma-la-da-ca-de-dilma-derruba-22-4-de-janine-na-educacao\/\",\"name\":\"Toma l\u00e1 d\u00e1 c\u00e1 de Dilma derruba 2+2 = 4 de Renato Janine na Educa\u00e7\u00e3o - Notibras\",\"isPartOf\":{\"@id\":\"https:\/\/www.notibras.com\/site\/#website\"},\"primaryImageOfPage\":{\"@id\":\"https:\/\/www.notibras.com\/site\/toma-la-da-ca-de-dilma-derruba-22-4-de-janine-na-educacao\/#primaryimage\"},\"image\":{\"@id\":\"https:\/\/www.notibras.com\/site\/toma-la-da-ca-de-dilma-derruba-22-4-de-janine-na-educacao\/#primaryimage\"},\"thumbnailUrl\":\"https:\/\/www.notibras.com\/site\/wp-content\/uploads\/2015\/09\/DILMA1.jpg\",\"datePublished\":\"2015-09-30T23:10:26+00:00\",\"dateModified\":\"2015-10-01T03:27:14+00:00\",\"breadcrumb\":{\"@id\":\"https:\/\/www.notibras.com\/site\/toma-la-da-ca-de-dilma-derruba-22-4-de-janine-na-educacao\/#breadcrumb\"},\"inLanguage\":\"pt-BR\",\"potentialAction\":[{\"@type\":\"ReadAction\",\"target\":[\"https:\/\/www.notibras.com\/site\/toma-la-da-ca-de-dilma-derruba-22-4-de-janine-na-educacao\/\"]}]},{\"@type\":\"ImageObject\",\"inLanguage\":\"pt-BR\",\"@id\":\"https:\/\/www.notibras.com\/site\/toma-la-da-ca-de-dilma-derruba-22-4-de-janine-na-educacao\/#primaryimage\",\"url\":\"https:\/\/www.notibras.com\/site\/wp-content\/uploads\/2015\/09\/DILMA1.jpg\",\"contentUrl\":\"https:\/\/www.notibras.com\/site\/wp-content\/uploads\/2015\/09\/DILMA1.jpg\",\"width\":699,\"height\":420},{\"@type\":\"BreadcrumbList\",\"@id\":\"https:\/\/www.notibras.com\/site\/toma-la-da-ca-de-dilma-derruba-22-4-de-janine-na-educacao\/#breadcrumb\",\"itemListElement\":[{\"@type\":\"ListItem\",\"position\":1,\"name\":\"In\u00edcio\",\"item\":\"https:\/\/www.notibras.com\/site\/\"},{\"@type\":\"ListItem\",\"position\":2,\"name\":\"Toma l\u00e1 d\u00e1 c\u00e1 de Dilma derruba 2+2 = 4 de Renato Janine na Educa\u00e7\u00e3o\"}]},{\"@type\":\"WebSite\",\"@id\":\"https:\/\/www.notibras.com\/site\/#website\",\"url\":\"https:\/\/www.notibras.com\/site\/\",\"name\":\"Notibras\",\"description\":\"Not\u00edcias de Bras\u00edlia, do Brasil e do Mundo\",\"publisher\":{\"@id\":\"https:\/\/www.notibras.com\/site\/#organization\"},\"potentialAction\":[{\"@type\":\"SearchAction\",\"target\":{\"@type\":\"EntryPoint\",\"urlTemplate\":\"https:\/\/www.notibras.com\/site\/?s={search_term_string}\"},\"query-input\":{\"@type\":\"PropertyValueSpecification\",\"valueRequired\":true,\"valueName\":\"search_term_string\"}}],\"inLanguage\":\"pt-BR\"},{\"@type\":\"Organization\",\"@id\":\"https:\/\/www.notibras.com\/site\/#organization\",\"name\":\"Grupo Notibras de Comunica\u00e7\u00e3o\",\"url\":\"https:\/\/www.notibras.com\/site\/\",\"logo\":{\"@type\":\"ImageObject\",\"inLanguage\":\"pt-BR\",\"@id\":\"https:\/\/www.notibras.com\/site\/#\/schema\/logo\/image\/\",\"url\":\"https:\/\/www.notibras.com\/site\/wp-content\/uploads\/2023\/01\/notibras23.png\",\"contentUrl\":\"https:\/\/www.notibras.com\/site\/wp-content\/uploads\/2023\/01\/notibras23.png\",\"width\":350,\"height\":87,\"caption\":\"Grupo Notibras de Comunica\u00e7\u00e3o\"},\"image\":{\"@id\":\"https:\/\/www.notibras.com\/site\/#\/schema\/logo\/image\/\"},\"sameAs\":[\"https:\/\/www.facebook.com\/notibras\/\",\"https:\/\/x.com\/Notibras\",\"https:\/\/www.instagram.com\/notibras\/\"]},{\"@type\":\"Person\",\"@id\":\"https:\/\/www.notibras.com\/site\/#\/schema\/person\/36ab0979449956132d3e5b517ea76ac8\",\"name\":\"Reda\u00e7\u00e3o\",\"image\":{\"@type\":\"ImageObject\",\"inLanguage\":\"pt-BR\",\"@id\":\"https:\/\/secure.gravatar.com\/avatar\/e0a867bdedb85fd243eadf09663511f96fc81e0720a4a42581f334ad4303aa6b?s=96&d=mm&r=g\",\"url\":\"https:\/\/secure.gravatar.com\/avatar\/e0a867bdedb85fd243eadf09663511f96fc81e0720a4a42581f334ad4303aa6b?s=96&d=mm&r=g\",\"contentUrl\":\"https:\/\/secure.gravatar.com\/avatar\/e0a867bdedb85fd243eadf09663511f96fc81e0720a4a42581f334ad4303aa6b?s=96&d=mm&r=g\",\"caption\":\"Reda\u00e7\u00e3o\"}}]}<\/script>\n<!-- \/ Yoast SEO plugin. -->","yoast_head_json":{"title":"Toma l\u00e1 d\u00e1 c\u00e1 de Dilma derruba 2+2 = 4 de Renato Janine na Educa\u00e7\u00e3o - Notibras","robots":{"index":"index","follow":"follow","max-snippet":"max-snippet:-1","max-image-preview":"max-image-preview:large","max-video-preview":"max-video-preview:-1"},"canonical":"https:\/\/www.notibras.com\/site\/toma-la-da-ca-de-dilma-derruba-22-4-de-janine-na-educacao\/","og_locale":"pt_BR","og_type":"article","og_title":"Toma l\u00e1 d\u00e1 c\u00e1 de Dilma derruba 2+2 = 4 de Renato Janine na Educa\u00e7\u00e3o - Notibras","og_description":"Antes de completar seis meses no cargo, o ministro Renato Janine Ribeiro, da Educa\u00e7\u00e3o, foi demitido na tarde desta quarta-feira pela presidente Dilma Rousseff, como parte da reforma ministerial. Ele foi chamado ao Pal\u00e1cio do Planalto hoje para ser comunicado da sa\u00edda, que j\u00e1 vinha se desenhando h\u00e1 alguns dias. Em 10 meses, ser\u00e1 a [&hellip;]","og_url":"https:\/\/www.notibras.com\/site\/toma-la-da-ca-de-dilma-derruba-22-4-de-janine-na-educacao\/","og_site_name":"Notibras","article_publisher":"https:\/\/www.facebook.com\/notibras\/","article_published_time":"2015-09-30T23:10:26+00:00","article_modified_time":"2015-10-01T03:27:14+00:00","og_image":[{"width":699,"height":420,"url":"https:\/\/www.notibras.com\/site\/wp-content\/uploads\/2015\/09\/DILMA1.jpg","type":"image\/jpeg"}],"author":"Reda\u00e7\u00e3o","twitter_card":"summary_large_image","twitter_creator":"@Notibras","twitter_site":"@Notibras","twitter_misc":{"Escrito por":"Reda\u00e7\u00e3o","Est. tempo de leitura":"1 minuto"},"schema":{"@context":"https:\/\/schema.org","@graph":[{"@type":"Article","@id":"https:\/\/www.notibras.com\/site\/toma-la-da-ca-de-dilma-derruba-22-4-de-janine-na-educacao\/#article","isPartOf":{"@id":"https:\/\/www.notibras.com\/site\/toma-la-da-ca-de-dilma-derruba-22-4-de-janine-na-educacao\/"},"author":{"name":"Reda\u00e7\u00e3o","@id":"https:\/\/www.notibras.com\/site\/#\/schema\/person\/36ab0979449956132d3e5b517ea76ac8"},"headline":"Toma l\u00e1 d\u00e1 c\u00e1 de Dilma derruba 2+2 = 4 de Renato Janine na Educa\u00e7\u00e3o","datePublished":"2015-09-30T23:10:26+00:00","dateModified":"2015-10-01T03:27:14+00:00","mainEntityOfPage":{"@id":"https:\/\/www.notibras.com\/site\/toma-la-da-ca-de-dilma-derruba-22-4-de-janine-na-educacao\/"},"wordCount":197,"commentCount":0,"publisher":{"@id":"https:\/\/www.notibras.com\/site\/#organization"},"image":{"@id":"https:\/\/www.notibras.com\/site\/toma-la-da-ca-de-dilma-derruba-22-4-de-janine-na-educacao\/#primaryimage"},"thumbnailUrl":"https:\/\/www.notibras.com\/site\/wp-content\/uploads\/2015\/09\/DILMA1.jpg","articleSection":["Brasil"],"inLanguage":"pt-BR","potentialAction":[{"@type":"CommentAction","name":"Comment","target":["https:\/\/www.notibras.com\/site\/toma-la-da-ca-de-dilma-derruba-22-4-de-janine-na-educacao\/#respond"]}]},{"@type":"WebPage","@id":"https:\/\/www.notibras.com\/site\/toma-la-da-ca-de-dilma-derruba-22-4-de-janine-na-educacao\/","url":"https:\/\/www.notibras.com\/site\/toma-la-da-ca-de-dilma-derruba-22-4-de-janine-na-educacao\/","name":"Toma l\u00e1 d\u00e1 c\u00e1 de Dilma derruba 2+2 = 4 de Renato Janine na Educa\u00e7\u00e3o - Notibras","isPartOf":{"@id":"https:\/\/www.notibras.com\/site\/#website"},"primaryImageOfPage":{"@id":"https:\/\/www.notibras.com\/site\/toma-la-da-ca-de-dilma-derruba-22-4-de-janine-na-educacao\/#primaryimage"},"image":{"@id":"https:\/\/www.notibras.com\/site\/toma-la-da-ca-de-dilma-derruba-22-4-de-janine-na-educacao\/#primaryimage"},"thumbnailUrl":"https:\/\/www.notibras.com\/site\/wp-content\/uploads\/2015\/09\/DILMA1.jpg","datePublished":"2015-09-30T23:10:26+00:00","dateModified":"2015-10-01T03:27:14+00:00","breadcrumb":{"@id":"https:\/\/www.notibras.com\/site\/toma-la-da-ca-de-dilma-derruba-22-4-de-janine-na-educacao\/#breadcrumb"},"inLanguage":"pt-BR","potentialAction":[{"@type":"ReadAction","target":["https:\/\/www.notibras.com\/site\/toma-la-da-ca-de-dilma-derruba-22-4-de-janine-na-educacao\/"]}]},{"@type":"ImageObject","inLanguage":"pt-BR","@id":"https:\/\/www.notibras.com\/site\/toma-la-da-ca-de-dilma-derruba-22-4-de-janine-na-educacao\/#primaryimage","url":"https:\/\/www.notibras.com\/site\/wp-content\/uploads\/2015\/09\/DILMA1.jpg","contentUrl":"https:\/\/www.notibras.com\/site\/wp-content\/uploads\/2015\/09\/DILMA1.jpg","width":699,"height":420},{"@type":"BreadcrumbList","@id":"https:\/\/www.notibras.com\/site\/toma-la-da-ca-de-dilma-derruba-22-4-de-janine-na-educacao\/#breadcrumb","itemListElement":[{"@type":"ListItem","position":1,"name":"In\u00edcio","item":"https:\/\/www.notibras.com\/site\/"},{"@type":"ListItem","position":2,"name":"Toma l\u00e1 d\u00e1 c\u00e1 de Dilma derruba 2+2 = 4 de Renato Janine na Educa\u00e7\u00e3o"}]},{"@type":"WebSite","@id":"https:\/\/www.notibras.com\/site\/#website","url":"https:\/\/www.notibras.com\/site\/","name":"Notibras","description":"Not\u00edcias de Bras\u00edlia, do Brasil e do Mundo","publisher":{"@id":"https:\/\/www.notibras.com\/site\/#organization"},"potentialAction":[{"@type":"SearchAction","target":{"@type":"EntryPoint","urlTemplate":"https:\/\/www.notibras.com\/site\/?s={search_term_string}"},"query-input":{"@type":"PropertyValueSpecification","valueRequired":true,"valueName":"search_term_string"}}],"inLanguage":"pt-BR"},{"@type":"Organization","@id":"https:\/\/www.notibras.com\/site\/#organization","name":"Grupo Notibras de Comunica\u00e7\u00e3o","url":"https:\/\/www.notibras.com\/site\/","logo":{"@type":"ImageObject","inLanguage":"pt-BR","@id":"https:\/\/www.notibras.com\/site\/#\/schema\/logo\/image\/","url":"https:\/\/www.notibras.com\/site\/wp-content\/uploads\/2023\/01\/notibras23.png","contentUrl":"https:\/\/www.notibras.com\/site\/wp-content\/uploads\/2023\/01\/notibras23.png","width":350,"height":87,"caption":"Grupo Notibras de Comunica\u00e7\u00e3o"},"image":{"@id":"https:\/\/www.notibras.com\/site\/#\/schema\/logo\/image\/"},"sameAs":["https:\/\/www.facebook.com\/notibras\/","https:\/\/x.com\/Notibras","https:\/\/www.instagram.com\/notibras\/"]},{"@type":"Person","@id":"https:\/\/www.notibras.com\/site\/#\/schema\/person\/36ab0979449956132d3e5b517ea76ac8","name":"Reda\u00e7\u00e3o","image":{"@type":"ImageObject","inLanguage":"pt-BR","@id":"https:\/\/secure.gravatar.com\/avatar\/e0a867bdedb85fd243eadf09663511f96fc81e0720a4a42581f334ad4303aa6b?s=96&d=mm&r=g","url":"https:\/\/secure.gravatar.com\/avatar\/e0a867bdedb85fd243eadf09663511f96fc81e0720a4a42581f334ad4303aa6b?s=96&d=mm&r=g","contentUrl":"https:\/\/secure.gravatar.com\/avatar\/e0a867bdedb85fd243eadf09663511f96fc81e0720a4a42581f334ad4303aa6b?s=96&d=mm&r=g","caption":"Reda\u00e7\u00e3o"}}]}},"amp_enabled":true,"_links":{"self":[{"href":"https:\/\/www.notibras.com\/site\/wp-json\/wp\/v2\/posts\/69891","targetHints":{"allow":["GET"]}}],"collection":[{"href":"https:\/\/www.notibras.com\/site\/wp-json\/wp\/v2\/posts"}],"about":[{"href":"https:\/\/www.notibras.com\/site\/wp-json\/wp\/v2\/types\/post"}],"author":[{"embeddable":true,"href":"https:\/\/www.notibras.com\/site\/wp-json\/wp\/v2\/users\/2"}],"replies":[{"embeddable":true,"href":"https:\/\/www.notibras.com\/site\/wp-json\/wp\/v2\/comments?post=69891"}],"version-history":[{"count":3,"href":"https:\/\/www.notibras.com\/site\/wp-json\/wp\/v2\/posts\/69891\/revisions"}],"predecessor-version":[{"id":69915,"href":"https:\/\/www.notibras.com\/site\/wp-json\/wp\/v2\/posts\/69891\/revisions\/69915"}],"wp:featuredmedia":[{"embeddable":true,"href":"https:\/\/www.notibras.com\/site\/wp-json\/wp\/v2\/media\/69892"}],"wp:attachment":[{"href":"https:\/\/www.notibras.com\/site\/wp-json\/wp\/v2\/media?parent=69891"}],"wp:term":[{"taxonomy":"category","embeddable":true,"href":"https:\/\/www.notibras.com\/site\/wp-json\/wp\/v2\/categories?post=69891"},{"taxonomy":"post_tag","embeddable":true,"href":"https:\/\/www.notibras.com\/site\/wp-json\/wp\/v2\/tags?post=69891"}],"curies":[{"name":"wp","href":"https:\/\/api.w.org\/{rel}","templated":true}]}}