{"id":69937,"date":"2015-10-01T09:23:14","date_gmt":"2015-10-01T12:23:14","guid":{"rendered":"http:\/\/www.notibras.com\/site\/?p=69937"},"modified":"2015-10-01T09:24:40","modified_gmt":"2015-10-01T12:24:40","slug":"relatorio-da-pf-sugere-que-dinheiro-roubado-da-petrobras-foi-para-a-campanha-de-dilma","status":"publish","type":"post","link":"https:\/\/www.notibras.com\/site\/relatorio-da-pf-sugere-que-dinheiro-roubado-da-petrobras-foi-para-a-campanha-de-dilma\/","title":{"rendered":"Relat\u00f3rio da PF sugere que dinheiro do Petrol\u00e3o foi usado na campanha de Dilma"},"content":{"rendered":"<p>Mensagens enviadas por celular pelo dono da UTC Engenharia, Ricardo Pessoa, e um executivo do grupo, no final de julho de 2014, sugerem que as doa\u00e7\u00f5es da empreiteira para a campanha de reelei\u00e7\u00e3o da presidente Dilma Rousseff estavam relacionadas ao recebimento de valores dos contratos que ele det\u00e9m na Petrobras, revela an\u00e1lise feita pela Pol\u00edcia Federal com base em material anexado aos autos da Opera\u00e7\u00e3o Lava Jato.<\/p>\n<p>Em um dos trechos do material analisado pela PF, um subordinado de Pessoa na UTC sugere que repasses da empreiteira \u00e0 campanha eleitoral do PT foram &#8220;resgatados&#8221; de dinheiro desviados da Petrobras.<\/p>\n<p>Neste m\u00eas, o Supremo Tribunal Federal determinou a abertura de um inqu\u00e9rito para investigar o ministro Edinho Silva (chefe da Secretaria de Comunica\u00e7\u00e3o Social), que foi o tesoureiro da campanha da presidente no ano passado.<\/p>\n<p>A troca de mensagens indica que o chefe de gabinete de Edinho Silva, Manoel Ara\u00fajo Sobrinho, foi a ponte de cobran\u00e7a desses valores, pagos em duas parcelas. \u00c0s 10h33 do dia 29 de julho de 2014, quando j\u00e1 estava valendo o calend\u00e1rio oficial da campanha eleitoral, Walmir Pinheiro, um dos executivos da UTC, escreve para o Pessoa: &#8220;RP, vc acha que eu devo ligar para o contato que o bovino religioso passou???.&#8221;<\/p>\n<p>A Pol\u00edcia Federal n\u00e3o identificou quem seria &#8220;bovino religioso&#8221;. Por\u00e9m, duas horas depois, Ricardo Pessoa responde que esteve com um interlocutor, cujo nome foi ocultado por tarja no documento da PF, e passa as orienta\u00e7\u00f5es de quem procurar e o valor &#8220;acertado&#8221;:<\/p>\n<p>&#8220;A pessoa que voc\u00ea tem que ligar \u00e9 Manoel Ara\u00fajo tel: 16 (&#8230;). Acertado 2.5 dia 5\/8 (at\u00e9) e 2.5 at\u00e9 30\/8. Ligue para ele que est\u00e1 esperando. O problema \u00e9 bem maior. Me d\u00ea resposta.&#8221;<\/p>\n<p><strong>Coincidentes<\/strong> &#8211;\u00a0No Tribunal Superior Eleitoral (TSE) h\u00e1 o registro de duas doa\u00e7\u00f5es de R$ 2,5 milh\u00f5es para a campanha de Dilma em datas coincidentes com as comunica\u00e7\u00f5es de Ricardo Pessoa e o subordinado dele na UTC. Uma doa\u00e7\u00e3o ocorreu no dia 5 de agosto, como indicado por Pessoa, e outra do dia 27 de agosto, tr\u00eas dias antes do combinado.<\/p>\n<p>Do total de doa\u00e7\u00f5es que a UTC fez nas elei\u00e7\u00f5es de 2014 &#8211; R$ 52,2 milh\u00f5es, a campanha da petista recebeu R$ 7,5 milh\u00f5es. Houve um terceiro repasse de R$ 2,5 milh\u00f5es no dia 22 de outubro. O nome de Manoel Ara\u00fajo caiu no radar da Lava Jato quando foram encontrados os registros de doa\u00e7\u00e3o da UTC.<\/p>\n<p>Em um deles, o nome do chefe de gabinete aparece como contato do comit\u00ea da campanha de Dilma e o nome do ministro Edinho Silva, como respons\u00e1vel pela emiss\u00e3o do recibo. Em um dos registros, anotado \u00e0 caneta, consta: &#8220;2.500 &#8211; 05\/08 \/ 2.500 &#8211; 30\/08?&#8221;. Um dos n\u00fameros de telefone de contato de Ara\u00fajo \u00e9 o mesmo da mensagem mandada por Pessoa ao seu executivo, com c\u00f3digo de \u00e1rea 16. O outro \u00e9 o telefone do comit\u00ea da campanha presidencial, em Bras\u00edlia.<\/p>\n<p>A an\u00e1lise dos equipamentos apreendidos com os executivos da UTC mostra ainda que no dia 24 de julho de 2014, Pessoa recebeu um e-mail de um interlocutor agendando encontro no comit\u00ea da campanha presidencial em Bras\u00edlia, \u00e0s 11h do dia 29 &#8211; quando se d\u00e1 a troca de mensagens.<\/p>\n<p>O nome do interlocutor da agenda marcada est\u00e1 encoberto com tarja pela PF, bem como o nome da presidente Dilma Rousseff, porque eles n\u00e3o podem ser investigados pela Justi\u00e7a na primeira inst\u00e2ncia.<\/p>\n<p><strong>Petrobras<\/strong> &#8211;\u00a0\u00c0s 15h23, duas horas e meia ap\u00f3s ser orientado por Pessoa a procurar Manoel Ara\u00fajo, o executivo da UTC escreve para o chefe. &#8220;J\u00e1 estive com ele. Abrs&#8221;. Os dois ent\u00e3o seguem a troca de mensagens sobre os valores a serem pagos. &#8220;Ele pensa que \u00e9 5, mas \u00e9 4. Ele me pediu 1. Ent\u00e3o s\u00f3 dei 1. Contorne ai pois ainda tem rescaldo&#8221;, orienta Ricardo Pessoa.<\/p>\n<p>O executivo da UTC sugere ent\u00e3o o abatimento de valores doados e tamb\u00e9m relaciona os pagamentos \u00e0 entrada de dinheiro da &#8220;PB&#8221;, que, para a PF, \u00e9 a sigla usada por eles para citar Petrobras.<\/p>\n<p>Walmir Pinheiro foi preso com Pessoa em 14 de novembro de 2014, alvo da 7\u00aa fase da Lava Jato, batizada de Ju\u00edzo Final. &#8220;RP, posso resgatar o que fizemos de doa\u00e7\u00f5es esta semana?? T\u00e1 pesado e n\u00e3o entrou um valor da PB que estava previsto para hj, +\/- 5mm&#8221;, pergunta o executivo. O dono da UTC concorda: &#8220;Ok pode. Voc\u00ea n\u00e3o resgatou nada ainda certo?&#8221;.<\/p>\n<p>Segundo a an\u00e1lise dos investigadores, os resgates poderiam ser a compensa\u00e7\u00e3o de valores pagos em propina. &#8220;Esta semana j\u00e1 foi 6,35 de contribui\u00e7\u00e3o e n\u00e3o resgatamos nada&#8221;.<\/p>\n<p>Pessoa fez acordo de dela\u00e7\u00e3o premiada com a Procuradoria-Geral da Rep\u00fablica. Ele confessou ter repassado valores de propina para o PT e citou 18 pol\u00edticos. As informa\u00e7\u00f5es s\u00e3o do jornal &#8220;O Estado de S. Paulo&#8221;.<\/p>\n","protected":false},"excerpt":{"rendered":"<p>Mensagens enviadas por celular pelo dono da UTC Engenharia, Ricardo Pessoa, e um executivo do grupo, no final de julho de 2014, sugerem que as doa\u00e7\u00f5es da empreiteira para a campanha de reelei\u00e7\u00e3o da presidente Dilma Rousseff estavam relacionadas ao recebimento de valores dos contratos que ele det\u00e9m na Petrobras, revela an\u00e1lise feita pela Pol\u00edcia [&hellip;]<\/p>\n","protected":false},"author":2,"featured_media":69938,"comment_status":"open","ping_status":"closed","sticky":false,"template":"","format":"standard","meta":{"_acf_changed":false,"footnotes":""},"categories":[16],"tags":[],"class_list":["post-69937","post","type-post","status-publish","format-standard","has-post-thumbnail","hentry","category-brasil"],"acf":[],"yoast_head":"<!-- This site is optimized with the Yoast SEO plugin v27.2 - https:\/\/yoast.com\/product\/yoast-seo-wordpress\/ -->\n<title>Relat\u00f3rio da PF sugere que dinheiro do Petrol\u00e3o foi usado na campanha de Dilma - Notibras<\/title>\n<meta name=\"robots\" content=\"index, follow, max-snippet:-1, max-image-preview:large, max-video-preview:-1\" \/>\n<link rel=\"canonical\" href=\"https:\/\/www.notibras.com\/site\/relatorio-da-pf-sugere-que-dinheiro-roubado-da-petrobras-foi-para-a-campanha-de-dilma\/\" \/>\n<meta property=\"og:locale\" content=\"pt_BR\" \/>\n<meta property=\"og:type\" content=\"article\" \/>\n<meta property=\"og:title\" content=\"Relat\u00f3rio da PF sugere que dinheiro do Petrol\u00e3o foi usado na campanha de Dilma - Notibras\" \/>\n<meta property=\"og:description\" content=\"Mensagens enviadas por celular pelo dono da UTC Engenharia, Ricardo Pessoa, e um executivo do grupo, no final de julho de 2014, sugerem que as doa\u00e7\u00f5es da empreiteira para a campanha de reelei\u00e7\u00e3o da presidente Dilma Rousseff estavam relacionadas ao recebimento de valores dos contratos que ele det\u00e9m na Petrobras, revela an\u00e1lise feita pela Pol\u00edcia [&hellip;]\" \/>\n<meta property=\"og:url\" content=\"https:\/\/www.notibras.com\/site\/relatorio-da-pf-sugere-que-dinheiro-roubado-da-petrobras-foi-para-a-campanha-de-dilma\/\" \/>\n<meta property=\"og:site_name\" content=\"Notibras\" \/>\n<meta property=\"article:publisher\" content=\"https:\/\/www.facebook.com\/notibras\/\" \/>\n<meta property=\"article:published_time\" content=\"2015-10-01T12:23:14+00:00\" \/>\n<meta property=\"article:modified_time\" content=\"2015-10-01T12:24:40+00:00\" \/>\n<meta property=\"og:image\" content=\"https:\/\/www.notibras.com\/site\/wp-content\/uploads\/2015\/10\/A-origem-1.jpg\" \/>\n\t<meta property=\"og:image:width\" content=\"1280\" \/>\n\t<meta property=\"og:image:height\" content=\"960\" \/>\n\t<meta property=\"og:image:type\" content=\"image\/jpeg\" \/>\n<meta name=\"author\" content=\"Reda\u00e7\u00e3o\" \/>\n<meta name=\"twitter:card\" content=\"summary_large_image\" \/>\n<meta name=\"twitter:creator\" content=\"@Notibras\" \/>\n<meta name=\"twitter:site\" content=\"@Notibras\" \/>\n<meta name=\"twitter:label1\" content=\"Escrito por\" \/>\n\t<meta name=\"twitter:data1\" content=\"Reda\u00e7\u00e3o\" \/>\n\t<meta name=\"twitter:label2\" content=\"Est. tempo de leitura\" \/>\n\t<meta name=\"twitter:data2\" content=\"4 minutos\" \/>\n<script type=\"application\/ld+json\" class=\"yoast-schema-graph\">{\"@context\":\"https:\/\/schema.org\",\"@graph\":[{\"@type\":\"Article\",\"@id\":\"https:\/\/www.notibras.com\/site\/relatorio-da-pf-sugere-que-dinheiro-roubado-da-petrobras-foi-para-a-campanha-de-dilma\/#article\",\"isPartOf\":{\"@id\":\"https:\/\/www.notibras.com\/site\/relatorio-da-pf-sugere-que-dinheiro-roubado-da-petrobras-foi-para-a-campanha-de-dilma\/\"},\"author\":{\"name\":\"Reda\u00e7\u00e3o\",\"@id\":\"https:\/\/www.notibras.com\/site\/#\/schema\/person\/36ab0979449956132d3e5b517ea76ac8\"},\"headline\":\"Relat\u00f3rio da PF sugere que dinheiro do Petrol\u00e3o foi usado na campanha de Dilma\",\"datePublished\":\"2015-10-01T12:23:14+00:00\",\"dateModified\":\"2015-10-01T12:24:40+00:00\",\"mainEntityOfPage\":{\"@id\":\"https:\/\/www.notibras.com\/site\/relatorio-da-pf-sugere-que-dinheiro-roubado-da-petrobras-foi-para-a-campanha-de-dilma\/\"},\"wordCount\":827,\"commentCount\":0,\"publisher\":{\"@id\":\"https:\/\/www.notibras.com\/site\/#organization\"},\"image\":{\"@id\":\"https:\/\/www.notibras.com\/site\/relatorio-da-pf-sugere-que-dinheiro-roubado-da-petrobras-foi-para-a-campanha-de-dilma\/#primaryimage\"},\"thumbnailUrl\":\"https:\/\/www.notibras.com\/site\/wp-content\/uploads\/2015\/10\/A-origem-1.jpg\",\"articleSection\":[\"Brasil\"],\"inLanguage\":\"pt-BR\",\"potentialAction\":[{\"@type\":\"CommentAction\",\"name\":\"Comment\",\"target\":[\"https:\/\/www.notibras.com\/site\/relatorio-da-pf-sugere-que-dinheiro-roubado-da-petrobras-foi-para-a-campanha-de-dilma\/#respond\"]}]},{\"@type\":\"WebPage\",\"@id\":\"https:\/\/www.notibras.com\/site\/relatorio-da-pf-sugere-que-dinheiro-roubado-da-petrobras-foi-para-a-campanha-de-dilma\/\",\"url\":\"https:\/\/www.notibras.com\/site\/relatorio-da-pf-sugere-que-dinheiro-roubado-da-petrobras-foi-para-a-campanha-de-dilma\/\",\"name\":\"Relat\u00f3rio da PF sugere que dinheiro do Petrol\u00e3o foi usado na campanha de Dilma - Notibras\",\"isPartOf\":{\"@id\":\"https:\/\/www.notibras.com\/site\/#website\"},\"primaryImageOfPage\":{\"@id\":\"https:\/\/www.notibras.com\/site\/relatorio-da-pf-sugere-que-dinheiro-roubado-da-petrobras-foi-para-a-campanha-de-dilma\/#primaryimage\"},\"image\":{\"@id\":\"https:\/\/www.notibras.com\/site\/relatorio-da-pf-sugere-que-dinheiro-roubado-da-petrobras-foi-para-a-campanha-de-dilma\/#primaryimage\"},\"thumbnailUrl\":\"https:\/\/www.notibras.com\/site\/wp-content\/uploads\/2015\/10\/A-origem-1.jpg\",\"datePublished\":\"2015-10-01T12:23:14+00:00\",\"dateModified\":\"2015-10-01T12:24:40+00:00\",\"breadcrumb\":{\"@id\":\"https:\/\/www.notibras.com\/site\/relatorio-da-pf-sugere-que-dinheiro-roubado-da-petrobras-foi-para-a-campanha-de-dilma\/#breadcrumb\"},\"inLanguage\":\"pt-BR\",\"potentialAction\":[{\"@type\":\"ReadAction\",\"target\":[\"https:\/\/www.notibras.com\/site\/relatorio-da-pf-sugere-que-dinheiro-roubado-da-petrobras-foi-para-a-campanha-de-dilma\/\"]}]},{\"@type\":\"ImageObject\",\"inLanguage\":\"pt-BR\",\"@id\":\"https:\/\/www.notibras.com\/site\/relatorio-da-pf-sugere-que-dinheiro-roubado-da-petrobras-foi-para-a-campanha-de-dilma\/#primaryimage\",\"url\":\"https:\/\/www.notibras.com\/site\/wp-content\/uploads\/2015\/10\/A-origem-1.jpg\",\"contentUrl\":\"https:\/\/www.notibras.com\/site\/wp-content\/uploads\/2015\/10\/A-origem-1.jpg\",\"width\":1280,\"height\":960},{\"@type\":\"BreadcrumbList\",\"@id\":\"https:\/\/www.notibras.com\/site\/relatorio-da-pf-sugere-que-dinheiro-roubado-da-petrobras-foi-para-a-campanha-de-dilma\/#breadcrumb\",\"itemListElement\":[{\"@type\":\"ListItem\",\"position\":1,\"name\":\"In\u00edcio\",\"item\":\"https:\/\/www.notibras.com\/site\/\"},{\"@type\":\"ListItem\",\"position\":2,\"name\":\"Relat\u00f3rio da PF sugere que dinheiro do Petrol\u00e3o foi usado na campanha de Dilma\"}]},{\"@type\":\"WebSite\",\"@id\":\"https:\/\/www.notibras.com\/site\/#website\",\"url\":\"https:\/\/www.notibras.com\/site\/\",\"name\":\"Notibras\",\"description\":\"Not\u00edcias de Bras\u00edlia, do Brasil e do Mundo\",\"publisher\":{\"@id\":\"https:\/\/www.notibras.com\/site\/#organization\"},\"potentialAction\":[{\"@type\":\"SearchAction\",\"target\":{\"@type\":\"EntryPoint\",\"urlTemplate\":\"https:\/\/www.notibras.com\/site\/?s={search_term_string}\"},\"query-input\":{\"@type\":\"PropertyValueSpecification\",\"valueRequired\":true,\"valueName\":\"search_term_string\"}}],\"inLanguage\":\"pt-BR\"},{\"@type\":\"Organization\",\"@id\":\"https:\/\/www.notibras.com\/site\/#organization\",\"name\":\"Grupo Notibras de Comunica\u00e7\u00e3o\",\"url\":\"https:\/\/www.notibras.com\/site\/\",\"logo\":{\"@type\":\"ImageObject\",\"inLanguage\":\"pt-BR\",\"@id\":\"https:\/\/www.notibras.com\/site\/#\/schema\/logo\/image\/\",\"url\":\"https:\/\/www.notibras.com\/site\/wp-content\/uploads\/2023\/01\/notibras23.png\",\"contentUrl\":\"https:\/\/www.notibras.com\/site\/wp-content\/uploads\/2023\/01\/notibras23.png\",\"width\":350,\"height\":87,\"caption\":\"Grupo Notibras de Comunica\u00e7\u00e3o\"},\"image\":{\"@id\":\"https:\/\/www.notibras.com\/site\/#\/schema\/logo\/image\/\"},\"sameAs\":[\"https:\/\/www.facebook.com\/notibras\/\",\"https:\/\/x.com\/Notibras\",\"https:\/\/www.instagram.com\/notibras\/\"]},{\"@type\":\"Person\",\"@id\":\"https:\/\/www.notibras.com\/site\/#\/schema\/person\/36ab0979449956132d3e5b517ea76ac8\",\"name\":\"Reda\u00e7\u00e3o\",\"image\":{\"@type\":\"ImageObject\",\"inLanguage\":\"pt-BR\",\"@id\":\"https:\/\/secure.gravatar.com\/avatar\/e0a867bdedb85fd243eadf09663511f96fc81e0720a4a42581f334ad4303aa6b?s=96&d=mm&r=g\",\"url\":\"https:\/\/secure.gravatar.com\/avatar\/e0a867bdedb85fd243eadf09663511f96fc81e0720a4a42581f334ad4303aa6b?s=96&d=mm&r=g\",\"contentUrl\":\"https:\/\/secure.gravatar.com\/avatar\/e0a867bdedb85fd243eadf09663511f96fc81e0720a4a42581f334ad4303aa6b?s=96&d=mm&r=g\",\"caption\":\"Reda\u00e7\u00e3o\"}}]}<\/script>\n<!-- \/ Yoast SEO plugin. -->","yoast_head_json":{"title":"Relat\u00f3rio da PF sugere que dinheiro do Petrol\u00e3o foi usado na campanha de Dilma - Notibras","robots":{"index":"index","follow":"follow","max-snippet":"max-snippet:-1","max-image-preview":"max-image-preview:large","max-video-preview":"max-video-preview:-1"},"canonical":"https:\/\/www.notibras.com\/site\/relatorio-da-pf-sugere-que-dinheiro-roubado-da-petrobras-foi-para-a-campanha-de-dilma\/","og_locale":"pt_BR","og_type":"article","og_title":"Relat\u00f3rio da PF sugere que dinheiro do Petrol\u00e3o foi usado na campanha de Dilma - Notibras","og_description":"Mensagens enviadas por celular pelo dono da UTC Engenharia, Ricardo Pessoa, e um executivo do grupo, no final de julho de 2014, sugerem que as doa\u00e7\u00f5es da empreiteira para a campanha de reelei\u00e7\u00e3o da presidente Dilma Rousseff estavam relacionadas ao recebimento de valores dos contratos que ele det\u00e9m na Petrobras, revela an\u00e1lise feita pela Pol\u00edcia [&hellip;]","og_url":"https:\/\/www.notibras.com\/site\/relatorio-da-pf-sugere-que-dinheiro-roubado-da-petrobras-foi-para-a-campanha-de-dilma\/","og_site_name":"Notibras","article_publisher":"https:\/\/www.facebook.com\/notibras\/","article_published_time":"2015-10-01T12:23:14+00:00","article_modified_time":"2015-10-01T12:24:40+00:00","og_image":[{"width":1280,"height":960,"url":"https:\/\/www.notibras.com\/site\/wp-content\/uploads\/2015\/10\/A-origem-1.jpg","type":"image\/jpeg"}],"author":"Reda\u00e7\u00e3o","twitter_card":"summary_large_image","twitter_creator":"@Notibras","twitter_site":"@Notibras","twitter_misc":{"Escrito por":"Reda\u00e7\u00e3o","Est. tempo de leitura":"4 minutos"},"schema":{"@context":"https:\/\/schema.org","@graph":[{"@type":"Article","@id":"https:\/\/www.notibras.com\/site\/relatorio-da-pf-sugere-que-dinheiro-roubado-da-petrobras-foi-para-a-campanha-de-dilma\/#article","isPartOf":{"@id":"https:\/\/www.notibras.com\/site\/relatorio-da-pf-sugere-que-dinheiro-roubado-da-petrobras-foi-para-a-campanha-de-dilma\/"},"author":{"name":"Reda\u00e7\u00e3o","@id":"https:\/\/www.notibras.com\/site\/#\/schema\/person\/36ab0979449956132d3e5b517ea76ac8"},"headline":"Relat\u00f3rio da PF sugere que dinheiro do Petrol\u00e3o foi usado na campanha de Dilma","datePublished":"2015-10-01T12:23:14+00:00","dateModified":"2015-10-01T12:24:40+00:00","mainEntityOfPage":{"@id":"https:\/\/www.notibras.com\/site\/relatorio-da-pf-sugere-que-dinheiro-roubado-da-petrobras-foi-para-a-campanha-de-dilma\/"},"wordCount":827,"commentCount":0,"publisher":{"@id":"https:\/\/www.notibras.com\/site\/#organization"},"image":{"@id":"https:\/\/www.notibras.com\/site\/relatorio-da-pf-sugere-que-dinheiro-roubado-da-petrobras-foi-para-a-campanha-de-dilma\/#primaryimage"},"thumbnailUrl":"https:\/\/www.notibras.com\/site\/wp-content\/uploads\/2015\/10\/A-origem-1.jpg","articleSection":["Brasil"],"inLanguage":"pt-BR","potentialAction":[{"@type":"CommentAction","name":"Comment","target":["https:\/\/www.notibras.com\/site\/relatorio-da-pf-sugere-que-dinheiro-roubado-da-petrobras-foi-para-a-campanha-de-dilma\/#respond"]}]},{"@type":"WebPage","@id":"https:\/\/www.notibras.com\/site\/relatorio-da-pf-sugere-que-dinheiro-roubado-da-petrobras-foi-para-a-campanha-de-dilma\/","url":"https:\/\/www.notibras.com\/site\/relatorio-da-pf-sugere-que-dinheiro-roubado-da-petrobras-foi-para-a-campanha-de-dilma\/","name":"Relat\u00f3rio da PF sugere que dinheiro do Petrol\u00e3o foi usado na campanha de Dilma - Notibras","isPartOf":{"@id":"https:\/\/www.notibras.com\/site\/#website"},"primaryImageOfPage":{"@id":"https:\/\/www.notibras.com\/site\/relatorio-da-pf-sugere-que-dinheiro-roubado-da-petrobras-foi-para-a-campanha-de-dilma\/#primaryimage"},"image":{"@id":"https:\/\/www.notibras.com\/site\/relatorio-da-pf-sugere-que-dinheiro-roubado-da-petrobras-foi-para-a-campanha-de-dilma\/#primaryimage"},"thumbnailUrl":"https:\/\/www.notibras.com\/site\/wp-content\/uploads\/2015\/10\/A-origem-1.jpg","datePublished":"2015-10-01T12:23:14+00:00","dateModified":"2015-10-01T12:24:40+00:00","breadcrumb":{"@id":"https:\/\/www.notibras.com\/site\/relatorio-da-pf-sugere-que-dinheiro-roubado-da-petrobras-foi-para-a-campanha-de-dilma\/#breadcrumb"},"inLanguage":"pt-BR","potentialAction":[{"@type":"ReadAction","target":["https:\/\/www.notibras.com\/site\/relatorio-da-pf-sugere-que-dinheiro-roubado-da-petrobras-foi-para-a-campanha-de-dilma\/"]}]},{"@type":"ImageObject","inLanguage":"pt-BR","@id":"https:\/\/www.notibras.com\/site\/relatorio-da-pf-sugere-que-dinheiro-roubado-da-petrobras-foi-para-a-campanha-de-dilma\/#primaryimage","url":"https:\/\/www.notibras.com\/site\/wp-content\/uploads\/2015\/10\/A-origem-1.jpg","contentUrl":"https:\/\/www.notibras.com\/site\/wp-content\/uploads\/2015\/10\/A-origem-1.jpg","width":1280,"height":960},{"@type":"BreadcrumbList","@id":"https:\/\/www.notibras.com\/site\/relatorio-da-pf-sugere-que-dinheiro-roubado-da-petrobras-foi-para-a-campanha-de-dilma\/#breadcrumb","itemListElement":[{"@type":"ListItem","position":1,"name":"In\u00edcio","item":"https:\/\/www.notibras.com\/site\/"},{"@type":"ListItem","position":2,"name":"Relat\u00f3rio da PF sugere que dinheiro do Petrol\u00e3o foi usado na campanha de Dilma"}]},{"@type":"WebSite","@id":"https:\/\/www.notibras.com\/site\/#website","url":"https:\/\/www.notibras.com\/site\/","name":"Notibras","description":"Not\u00edcias de Bras\u00edlia, do Brasil e do Mundo","publisher":{"@id":"https:\/\/www.notibras.com\/site\/#organization"},"potentialAction":[{"@type":"SearchAction","target":{"@type":"EntryPoint","urlTemplate":"https:\/\/www.notibras.com\/site\/?s={search_term_string}"},"query-input":{"@type":"PropertyValueSpecification","valueRequired":true,"valueName":"search_term_string"}}],"inLanguage":"pt-BR"},{"@type":"Organization","@id":"https:\/\/www.notibras.com\/site\/#organization","name":"Grupo Notibras de Comunica\u00e7\u00e3o","url":"https:\/\/www.notibras.com\/site\/","logo":{"@type":"ImageObject","inLanguage":"pt-BR","@id":"https:\/\/www.notibras.com\/site\/#\/schema\/logo\/image\/","url":"https:\/\/www.notibras.com\/site\/wp-content\/uploads\/2023\/01\/notibras23.png","contentUrl":"https:\/\/www.notibras.com\/site\/wp-content\/uploads\/2023\/01\/notibras23.png","width":350,"height":87,"caption":"Grupo Notibras de Comunica\u00e7\u00e3o"},"image":{"@id":"https:\/\/www.notibras.com\/site\/#\/schema\/logo\/image\/"},"sameAs":["https:\/\/www.facebook.com\/notibras\/","https:\/\/x.com\/Notibras","https:\/\/www.instagram.com\/notibras\/"]},{"@type":"Person","@id":"https:\/\/www.notibras.com\/site\/#\/schema\/person\/36ab0979449956132d3e5b517ea76ac8","name":"Reda\u00e7\u00e3o","image":{"@type":"ImageObject","inLanguage":"pt-BR","@id":"https:\/\/secure.gravatar.com\/avatar\/e0a867bdedb85fd243eadf09663511f96fc81e0720a4a42581f334ad4303aa6b?s=96&d=mm&r=g","url":"https:\/\/secure.gravatar.com\/avatar\/e0a867bdedb85fd243eadf09663511f96fc81e0720a4a42581f334ad4303aa6b?s=96&d=mm&r=g","contentUrl":"https:\/\/secure.gravatar.com\/avatar\/e0a867bdedb85fd243eadf09663511f96fc81e0720a4a42581f334ad4303aa6b?s=96&d=mm&r=g","caption":"Reda\u00e7\u00e3o"}}]}},"amp_enabled":true,"_links":{"self":[{"href":"https:\/\/www.notibras.com\/site\/wp-json\/wp\/v2\/posts\/69937","targetHints":{"allow":["GET"]}}],"collection":[{"href":"https:\/\/www.notibras.com\/site\/wp-json\/wp\/v2\/posts"}],"about":[{"href":"https:\/\/www.notibras.com\/site\/wp-json\/wp\/v2\/types\/post"}],"author":[{"embeddable":true,"href":"https:\/\/www.notibras.com\/site\/wp-json\/wp\/v2\/users\/2"}],"replies":[{"embeddable":true,"href":"https:\/\/www.notibras.com\/site\/wp-json\/wp\/v2\/comments?post=69937"}],"version-history":[{"count":3,"href":"https:\/\/www.notibras.com\/site\/wp-json\/wp\/v2\/posts\/69937\/revisions"}],"predecessor-version":[{"id":69943,"href":"https:\/\/www.notibras.com\/site\/wp-json\/wp\/v2\/posts\/69937\/revisions\/69943"}],"wp:featuredmedia":[{"embeddable":true,"href":"https:\/\/www.notibras.com\/site\/wp-json\/wp\/v2\/media\/69938"}],"wp:attachment":[{"href":"https:\/\/www.notibras.com\/site\/wp-json\/wp\/v2\/media?parent=69937"}],"wp:term":[{"taxonomy":"category","embeddable":true,"href":"https:\/\/www.notibras.com\/site\/wp-json\/wp\/v2\/categories?post=69937"},{"taxonomy":"post_tag","embeddable":true,"href":"https:\/\/www.notibras.com\/site\/wp-json\/wp\/v2\/tags?post=69937"}],"curies":[{"name":"wp","href":"https:\/\/api.w.org\/{rel}","templated":true}]}}