{"id":69949,"date":"2015-10-01T07:29:55","date_gmt":"2015-10-01T10:29:55","guid":{"rendered":"http:\/\/www.notibras.com\/site\/?p=69949"},"modified":"2015-10-01T09:35:10","modified_gmt":"2015-10-01T12:35:10","slug":"gilberto-carvalho-entra-no-olho-do-furacao-das-vantagens-escusas-obtidas-pelo-governo","status":"publish","type":"post","link":"https:\/\/www.notibras.com\/site\/gilberto-carvalho-entra-no-olho-do-furacao-das-vantagens-escusas-obtidas-pelo-governo\/","title":{"rendered":"Gilberto Carvalho entra no olho do furac\u00e3o de neg\u00f3cios escusos feitos pelo governo"},"content":{"rendered":"<p>O ex-ministro Gilberto Carvalho, que assessorava o ex-presidente Luiz In\u00e1cio Lula da Silva no Pal\u00e1cio do Planalto, teria se reunido com representantes das montadoras para tratar dos incentivos fiscais quatro dias antes da edi\u00e7\u00e3o da MP 471.<\/p>\n<p>As anota\u00e7\u00f5es de uma agenda do lobista Alexandre Paes dos Santos, registram valores e regras dos contratos de lobby, al\u00e9m de nomes de executivos que teriam participado das negocia\u00e7\u00f5es para viabilizar a MP. Numa das p\u00e1ginas est\u00e1 registrado um &#8220;caf\u00e9&#8221; com &#8220;Gilberto Carvalho&#8221; em &#8220;16\/11\/2009&#8221;.<\/p>\n<p>Os contratos com as montadoras estabelecem o pagamento de &#8220;honor\u00e1rios de \u00eaxito&#8221; em caso de &#8220;edi\u00e7\u00e3o de ato normativo&#8221; prorrogando benef\u00edcios para as montadoras. Os documentos descrevem as parcelas a serem pagas aos lobistas conforme o sucesso da empreitada e o tempo de vig\u00eancia da MP.<\/p>\n<p>O primeiro desembolso, de R$ 6,4 milh\u00f5es, deveria ser feito &#8220;quando da edi\u00e7\u00e3o de ato normativo concedendo a manuten\u00e7\u00e3o dos incentivos fiscais&#8221;.<\/p>\n<p>Outros R$ 9,6 milh\u00f5es seriam divididos de acordo com o per\u00edodo de extens\u00e3o das benesses pleiteadas. Os contratos estabelecem crit\u00e9rios de pagamento para prorroga\u00e7\u00e3o por dez anos ou at\u00e9 mais. Tanto no caso da MMC Automotores, representante da Mitsubishi, quanto no caso da CAOA, os textos s\u00e3o praticamente id\u00eanticos, prevendo que &#8220;tais incentivos vigorem por, pelo menos, mais cinco anos, prazo que, pelas avalia\u00e7\u00f5es das circunst\u00e2ncias econ\u00f4micas e de mercado, justificaria os montantes projetados para o investimento.&#8221;<\/p>\n<p>No caso da MMC, havia ainda regra fixando repasse de R$ 4 milh\u00f5es, a t\u00edtulo de pr\u00f3-labore, j\u00e1 no ato de assinatura dos compromissos entre o &#8220;cons\u00f3rcio&#8221; de escrit\u00f3rios e a montadora.<\/p>\n<p>Os pagamentos &#8220;ad exitum&#8221; (taxa de sucesso) para emplacar um &#8220;ato normativo&#8221; s\u00e3o caracter\u00edsticos de contratos particular de lobby, a ser exercido no Congresso e no Executivo \u00e0 \u00e9poca. Al\u00e9m da Casa Civil, participaram das tratativas para a edi\u00e7\u00e3o da MP os minist\u00e9rios da Fazenda e do Desenvolvimento.<\/p>\n<p>O &#8220;contrato particular de presta\u00e7\u00e3o de servi\u00e7os&#8221; autoriza os lobistas a adotar &#8220;provid\u00eancias junto aos \u00f3rg\u00e3os do poder Legislativo&#8221; e na &#8220;eventual tramita\u00e7\u00e3o do pleito no Congresso&#8221; para a &#8220;viabiliza\u00e7\u00e3o dos objetivos empresariais da contratante junto \u00e0s institui\u00e7\u00f5es p\u00fablicas federais, no \u00e2mbito dos poderes Executivo e Legislativo&#8221;.<\/p>\n<p>O objetivo \u00e9 claro: &#8220;manuten\u00e7\u00e3o do per\u00edodo do incentivo fiscal para al\u00e9m de 31 de dezembro de 2010&#8221;. \u00c0 SGR Consultoria caberia at\u00e9 mesmo elaborar &#8220;minutas de emendas que revelem conveni\u00eancia de serem interpostas na tramita\u00e7\u00e3o do projeto de lei&#8221;. As informa\u00e7\u00f5es s\u00e3o do jornal &#8220;O Estado de S. Paulo&#8221;.<\/p>\n","protected":false},"excerpt":{"rendered":"<p>O ex-ministro Gilberto Carvalho, que assessorava o ex-presidente Luiz In\u00e1cio Lula da Silva no Pal\u00e1cio do Planalto, teria se reunido com representantes das montadoras para tratar dos incentivos fiscais quatro dias antes da edi\u00e7\u00e3o da MP 471. As anota\u00e7\u00f5es de uma agenda do lobista Alexandre Paes dos Santos, registram valores e regras dos contratos de [&hellip;]<\/p>\n","protected":false},"author":2,"featured_media":69950,"comment_status":"open","ping_status":"closed","sticky":false,"template":"","format":"standard","meta":{"_acf_changed":false,"footnotes":""},"categories":[16],"tags":[],"class_list":["post-69949","post","type-post","status-publish","format-standard","has-post-thumbnail","hentry","category-brasil"],"acf":[],"yoast_head":"<!-- This site is optimized with the Yoast SEO plugin v27.2 - https:\/\/yoast.com\/product\/yoast-seo-wordpress\/ -->\n<title>Gilberto Carvalho entra no olho do furac\u00e3o de neg\u00f3cios escusos feitos pelo governo - Notibras<\/title>\n<meta name=\"robots\" content=\"index, follow, max-snippet:-1, max-image-preview:large, max-video-preview:-1\" \/>\n<link rel=\"canonical\" href=\"https:\/\/www.notibras.com\/site\/gilberto-carvalho-entra-no-olho-do-furacao-das-vantagens-escusas-obtidas-pelo-governo\/\" \/>\n<meta property=\"og:locale\" content=\"pt_BR\" \/>\n<meta property=\"og:type\" content=\"article\" \/>\n<meta property=\"og:title\" content=\"Gilberto Carvalho entra no olho do furac\u00e3o de neg\u00f3cios escusos feitos pelo governo - Notibras\" \/>\n<meta property=\"og:description\" content=\"O ex-ministro Gilberto Carvalho, que assessorava o ex-presidente Luiz In\u00e1cio Lula da Silva no Pal\u00e1cio do Planalto, teria se reunido com representantes das montadoras para tratar dos incentivos fiscais quatro dias antes da edi\u00e7\u00e3o da MP 471. As anota\u00e7\u00f5es de uma agenda do lobista Alexandre Paes dos Santos, registram valores e regras dos contratos de [&hellip;]\" \/>\n<meta property=\"og:url\" content=\"https:\/\/www.notibras.com\/site\/gilberto-carvalho-entra-no-olho-do-furacao-das-vantagens-escusas-obtidas-pelo-governo\/\" \/>\n<meta property=\"og:site_name\" content=\"Notibras\" \/>\n<meta property=\"article:publisher\" content=\"https:\/\/www.facebook.com\/notibras\/\" \/>\n<meta property=\"article:published_time\" content=\"2015-10-01T10:29:55+00:00\" \/>\n<meta property=\"article:modified_time\" content=\"2015-10-01T12:35:10+00:00\" \/>\n<meta property=\"og:image\" content=\"https:\/\/www.notibras.com\/site\/wp-content\/uploads\/2015\/10\/gil..jpg\" \/>\n\t<meta property=\"og:image:width\" content=\"300\" \/>\n\t<meta property=\"og:image:height\" content=\"300\" \/>\n\t<meta property=\"og:image:type\" content=\"image\/jpeg\" \/>\n<meta name=\"author\" content=\"Reda\u00e7\u00e3o\" \/>\n<meta name=\"twitter:card\" content=\"summary_large_image\" \/>\n<meta name=\"twitter:creator\" content=\"@Notibras\" \/>\n<meta name=\"twitter:site\" content=\"@Notibras\" \/>\n<meta name=\"twitter:label1\" content=\"Escrito por\" \/>\n\t<meta name=\"twitter:data1\" content=\"Reda\u00e7\u00e3o\" \/>\n\t<meta name=\"twitter:label2\" content=\"Est. tempo de leitura\" \/>\n\t<meta name=\"twitter:data2\" content=\"2 minutos\" \/>\n<script type=\"application\/ld+json\" class=\"yoast-schema-graph\">{\"@context\":\"https:\/\/schema.org\",\"@graph\":[{\"@type\":\"Article\",\"@id\":\"https:\/\/www.notibras.com\/site\/gilberto-carvalho-entra-no-olho-do-furacao-das-vantagens-escusas-obtidas-pelo-governo\/#article\",\"isPartOf\":{\"@id\":\"https:\/\/www.notibras.com\/site\/gilberto-carvalho-entra-no-olho-do-furacao-das-vantagens-escusas-obtidas-pelo-governo\/\"},\"author\":{\"name\":\"Reda\u00e7\u00e3o\",\"@id\":\"https:\/\/www.notibras.com\/site\/#\/schema\/person\/36ab0979449956132d3e5b517ea76ac8\"},\"headline\":\"Gilberto Carvalho entra no olho do furac\u00e3o de neg\u00f3cios escusos feitos pelo governo\",\"datePublished\":\"2015-10-01T10:29:55+00:00\",\"dateModified\":\"2015-10-01T12:35:10+00:00\",\"mainEntityOfPage\":{\"@id\":\"https:\/\/www.notibras.com\/site\/gilberto-carvalho-entra-no-olho-do-furacao-das-vantagens-escusas-obtidas-pelo-governo\/\"},\"wordCount\":458,\"commentCount\":0,\"publisher\":{\"@id\":\"https:\/\/www.notibras.com\/site\/#organization\"},\"image\":{\"@id\":\"https:\/\/www.notibras.com\/site\/gilberto-carvalho-entra-no-olho-do-furacao-das-vantagens-escusas-obtidas-pelo-governo\/#primaryimage\"},\"thumbnailUrl\":\"https:\/\/www.notibras.com\/site\/wp-content\/uploads\/2015\/10\/gil..jpg\",\"articleSection\":[\"Brasil\"],\"inLanguage\":\"pt-BR\",\"potentialAction\":[{\"@type\":\"CommentAction\",\"name\":\"Comment\",\"target\":[\"https:\/\/www.notibras.com\/site\/gilberto-carvalho-entra-no-olho-do-furacao-das-vantagens-escusas-obtidas-pelo-governo\/#respond\"]}]},{\"@type\":\"WebPage\",\"@id\":\"https:\/\/www.notibras.com\/site\/gilberto-carvalho-entra-no-olho-do-furacao-das-vantagens-escusas-obtidas-pelo-governo\/\",\"url\":\"https:\/\/www.notibras.com\/site\/gilberto-carvalho-entra-no-olho-do-furacao-das-vantagens-escusas-obtidas-pelo-governo\/\",\"name\":\"Gilberto Carvalho entra no olho do furac\u00e3o de neg\u00f3cios escusos feitos pelo governo - Notibras\",\"isPartOf\":{\"@id\":\"https:\/\/www.notibras.com\/site\/#website\"},\"primaryImageOfPage\":{\"@id\":\"https:\/\/www.notibras.com\/site\/gilberto-carvalho-entra-no-olho-do-furacao-das-vantagens-escusas-obtidas-pelo-governo\/#primaryimage\"},\"image\":{\"@id\":\"https:\/\/www.notibras.com\/site\/gilberto-carvalho-entra-no-olho-do-furacao-das-vantagens-escusas-obtidas-pelo-governo\/#primaryimage\"},\"thumbnailUrl\":\"https:\/\/www.notibras.com\/site\/wp-content\/uploads\/2015\/10\/gil..jpg\",\"datePublished\":\"2015-10-01T10:29:55+00:00\",\"dateModified\":\"2015-10-01T12:35:10+00:00\",\"breadcrumb\":{\"@id\":\"https:\/\/www.notibras.com\/site\/gilberto-carvalho-entra-no-olho-do-furacao-das-vantagens-escusas-obtidas-pelo-governo\/#breadcrumb\"},\"inLanguage\":\"pt-BR\",\"potentialAction\":[{\"@type\":\"ReadAction\",\"target\":[\"https:\/\/www.notibras.com\/site\/gilberto-carvalho-entra-no-olho-do-furacao-das-vantagens-escusas-obtidas-pelo-governo\/\"]}]},{\"@type\":\"ImageObject\",\"inLanguage\":\"pt-BR\",\"@id\":\"https:\/\/www.notibras.com\/site\/gilberto-carvalho-entra-no-olho-do-furacao-das-vantagens-escusas-obtidas-pelo-governo\/#primaryimage\",\"url\":\"https:\/\/www.notibras.com\/site\/wp-content\/uploads\/2015\/10\/gil..jpg\",\"contentUrl\":\"https:\/\/www.notibras.com\/site\/wp-content\/uploads\/2015\/10\/gil..jpg\",\"width\":300,\"height\":300},{\"@type\":\"BreadcrumbList\",\"@id\":\"https:\/\/www.notibras.com\/site\/gilberto-carvalho-entra-no-olho-do-furacao-das-vantagens-escusas-obtidas-pelo-governo\/#breadcrumb\",\"itemListElement\":[{\"@type\":\"ListItem\",\"position\":1,\"name\":\"In\u00edcio\",\"item\":\"https:\/\/www.notibras.com\/site\/\"},{\"@type\":\"ListItem\",\"position\":2,\"name\":\"Gilberto Carvalho entra no olho do furac\u00e3o de neg\u00f3cios escusos feitos pelo governo\"}]},{\"@type\":\"WebSite\",\"@id\":\"https:\/\/www.notibras.com\/site\/#website\",\"url\":\"https:\/\/www.notibras.com\/site\/\",\"name\":\"Notibras\",\"description\":\"Not\u00edcias de Bras\u00edlia, do Brasil e do Mundo\",\"publisher\":{\"@id\":\"https:\/\/www.notibras.com\/site\/#organization\"},\"potentialAction\":[{\"@type\":\"SearchAction\",\"target\":{\"@type\":\"EntryPoint\",\"urlTemplate\":\"https:\/\/www.notibras.com\/site\/?s={search_term_string}\"},\"query-input\":{\"@type\":\"PropertyValueSpecification\",\"valueRequired\":true,\"valueName\":\"search_term_string\"}}],\"inLanguage\":\"pt-BR\"},{\"@type\":\"Organization\",\"@id\":\"https:\/\/www.notibras.com\/site\/#organization\",\"name\":\"Grupo Notibras de Comunica\u00e7\u00e3o\",\"url\":\"https:\/\/www.notibras.com\/site\/\",\"logo\":{\"@type\":\"ImageObject\",\"inLanguage\":\"pt-BR\",\"@id\":\"https:\/\/www.notibras.com\/site\/#\/schema\/logo\/image\/\",\"url\":\"https:\/\/www.notibras.com\/site\/wp-content\/uploads\/2023\/01\/notibras23.png\",\"contentUrl\":\"https:\/\/www.notibras.com\/site\/wp-content\/uploads\/2023\/01\/notibras23.png\",\"width\":350,\"height\":87,\"caption\":\"Grupo Notibras de Comunica\u00e7\u00e3o\"},\"image\":{\"@id\":\"https:\/\/www.notibras.com\/site\/#\/schema\/logo\/image\/\"},\"sameAs\":[\"https:\/\/www.facebook.com\/notibras\/\",\"https:\/\/x.com\/Notibras\",\"https:\/\/www.instagram.com\/notibras\/\"]},{\"@type\":\"Person\",\"@id\":\"https:\/\/www.notibras.com\/site\/#\/schema\/person\/36ab0979449956132d3e5b517ea76ac8\",\"name\":\"Reda\u00e7\u00e3o\",\"image\":{\"@type\":\"ImageObject\",\"inLanguage\":\"pt-BR\",\"@id\":\"https:\/\/secure.gravatar.com\/avatar\/e0a867bdedb85fd243eadf09663511f96fc81e0720a4a42581f334ad4303aa6b?s=96&d=mm&r=g\",\"url\":\"https:\/\/secure.gravatar.com\/avatar\/e0a867bdedb85fd243eadf09663511f96fc81e0720a4a42581f334ad4303aa6b?s=96&d=mm&r=g\",\"contentUrl\":\"https:\/\/secure.gravatar.com\/avatar\/e0a867bdedb85fd243eadf09663511f96fc81e0720a4a42581f334ad4303aa6b?s=96&d=mm&r=g\",\"caption\":\"Reda\u00e7\u00e3o\"}}]}<\/script>\n<!-- \/ Yoast SEO plugin. -->","yoast_head_json":{"title":"Gilberto Carvalho entra no olho do furac\u00e3o de neg\u00f3cios escusos feitos pelo governo - Notibras","robots":{"index":"index","follow":"follow","max-snippet":"max-snippet:-1","max-image-preview":"max-image-preview:large","max-video-preview":"max-video-preview:-1"},"canonical":"https:\/\/www.notibras.com\/site\/gilberto-carvalho-entra-no-olho-do-furacao-das-vantagens-escusas-obtidas-pelo-governo\/","og_locale":"pt_BR","og_type":"article","og_title":"Gilberto Carvalho entra no olho do furac\u00e3o de neg\u00f3cios escusos feitos pelo governo - Notibras","og_description":"O ex-ministro Gilberto Carvalho, que assessorava o ex-presidente Luiz In\u00e1cio Lula da Silva no Pal\u00e1cio do Planalto, teria se reunido com representantes das montadoras para tratar dos incentivos fiscais quatro dias antes da edi\u00e7\u00e3o da MP 471. As anota\u00e7\u00f5es de uma agenda do lobista Alexandre Paes dos Santos, registram valores e regras dos contratos de [&hellip;]","og_url":"https:\/\/www.notibras.com\/site\/gilberto-carvalho-entra-no-olho-do-furacao-das-vantagens-escusas-obtidas-pelo-governo\/","og_site_name":"Notibras","article_publisher":"https:\/\/www.facebook.com\/notibras\/","article_published_time":"2015-10-01T10:29:55+00:00","article_modified_time":"2015-10-01T12:35:10+00:00","og_image":[{"width":300,"height":300,"url":"https:\/\/www.notibras.com\/site\/wp-content\/uploads\/2015\/10\/gil..jpg","type":"image\/jpeg"}],"author":"Reda\u00e7\u00e3o","twitter_card":"summary_large_image","twitter_creator":"@Notibras","twitter_site":"@Notibras","twitter_misc":{"Escrito por":"Reda\u00e7\u00e3o","Est. tempo de leitura":"2 minutos"},"schema":{"@context":"https:\/\/schema.org","@graph":[{"@type":"Article","@id":"https:\/\/www.notibras.com\/site\/gilberto-carvalho-entra-no-olho-do-furacao-das-vantagens-escusas-obtidas-pelo-governo\/#article","isPartOf":{"@id":"https:\/\/www.notibras.com\/site\/gilberto-carvalho-entra-no-olho-do-furacao-das-vantagens-escusas-obtidas-pelo-governo\/"},"author":{"name":"Reda\u00e7\u00e3o","@id":"https:\/\/www.notibras.com\/site\/#\/schema\/person\/36ab0979449956132d3e5b517ea76ac8"},"headline":"Gilberto Carvalho entra no olho do furac\u00e3o de neg\u00f3cios escusos feitos pelo governo","datePublished":"2015-10-01T10:29:55+00:00","dateModified":"2015-10-01T12:35:10+00:00","mainEntityOfPage":{"@id":"https:\/\/www.notibras.com\/site\/gilberto-carvalho-entra-no-olho-do-furacao-das-vantagens-escusas-obtidas-pelo-governo\/"},"wordCount":458,"commentCount":0,"publisher":{"@id":"https:\/\/www.notibras.com\/site\/#organization"},"image":{"@id":"https:\/\/www.notibras.com\/site\/gilberto-carvalho-entra-no-olho-do-furacao-das-vantagens-escusas-obtidas-pelo-governo\/#primaryimage"},"thumbnailUrl":"https:\/\/www.notibras.com\/site\/wp-content\/uploads\/2015\/10\/gil..jpg","articleSection":["Brasil"],"inLanguage":"pt-BR","potentialAction":[{"@type":"CommentAction","name":"Comment","target":["https:\/\/www.notibras.com\/site\/gilberto-carvalho-entra-no-olho-do-furacao-das-vantagens-escusas-obtidas-pelo-governo\/#respond"]}]},{"@type":"WebPage","@id":"https:\/\/www.notibras.com\/site\/gilberto-carvalho-entra-no-olho-do-furacao-das-vantagens-escusas-obtidas-pelo-governo\/","url":"https:\/\/www.notibras.com\/site\/gilberto-carvalho-entra-no-olho-do-furacao-das-vantagens-escusas-obtidas-pelo-governo\/","name":"Gilberto Carvalho entra no olho do furac\u00e3o de neg\u00f3cios escusos feitos pelo governo - Notibras","isPartOf":{"@id":"https:\/\/www.notibras.com\/site\/#website"},"primaryImageOfPage":{"@id":"https:\/\/www.notibras.com\/site\/gilberto-carvalho-entra-no-olho-do-furacao-das-vantagens-escusas-obtidas-pelo-governo\/#primaryimage"},"image":{"@id":"https:\/\/www.notibras.com\/site\/gilberto-carvalho-entra-no-olho-do-furacao-das-vantagens-escusas-obtidas-pelo-governo\/#primaryimage"},"thumbnailUrl":"https:\/\/www.notibras.com\/site\/wp-content\/uploads\/2015\/10\/gil..jpg","datePublished":"2015-10-01T10:29:55+00:00","dateModified":"2015-10-01T12:35:10+00:00","breadcrumb":{"@id":"https:\/\/www.notibras.com\/site\/gilberto-carvalho-entra-no-olho-do-furacao-das-vantagens-escusas-obtidas-pelo-governo\/#breadcrumb"},"inLanguage":"pt-BR","potentialAction":[{"@type":"ReadAction","target":["https:\/\/www.notibras.com\/site\/gilberto-carvalho-entra-no-olho-do-furacao-das-vantagens-escusas-obtidas-pelo-governo\/"]}]},{"@type":"ImageObject","inLanguage":"pt-BR","@id":"https:\/\/www.notibras.com\/site\/gilberto-carvalho-entra-no-olho-do-furacao-das-vantagens-escusas-obtidas-pelo-governo\/#primaryimage","url":"https:\/\/www.notibras.com\/site\/wp-content\/uploads\/2015\/10\/gil..jpg","contentUrl":"https:\/\/www.notibras.com\/site\/wp-content\/uploads\/2015\/10\/gil..jpg","width":300,"height":300},{"@type":"BreadcrumbList","@id":"https:\/\/www.notibras.com\/site\/gilberto-carvalho-entra-no-olho-do-furacao-das-vantagens-escusas-obtidas-pelo-governo\/#breadcrumb","itemListElement":[{"@type":"ListItem","position":1,"name":"In\u00edcio","item":"https:\/\/www.notibras.com\/site\/"},{"@type":"ListItem","position":2,"name":"Gilberto Carvalho entra no olho do furac\u00e3o de neg\u00f3cios escusos feitos pelo governo"}]},{"@type":"WebSite","@id":"https:\/\/www.notibras.com\/site\/#website","url":"https:\/\/www.notibras.com\/site\/","name":"Notibras","description":"Not\u00edcias de Bras\u00edlia, do Brasil e do Mundo","publisher":{"@id":"https:\/\/www.notibras.com\/site\/#organization"},"potentialAction":[{"@type":"SearchAction","target":{"@type":"EntryPoint","urlTemplate":"https:\/\/www.notibras.com\/site\/?s={search_term_string}"},"query-input":{"@type":"PropertyValueSpecification","valueRequired":true,"valueName":"search_term_string"}}],"inLanguage":"pt-BR"},{"@type":"Organization","@id":"https:\/\/www.notibras.com\/site\/#organization","name":"Grupo Notibras de Comunica\u00e7\u00e3o","url":"https:\/\/www.notibras.com\/site\/","logo":{"@type":"ImageObject","inLanguage":"pt-BR","@id":"https:\/\/www.notibras.com\/site\/#\/schema\/logo\/image\/","url":"https:\/\/www.notibras.com\/site\/wp-content\/uploads\/2023\/01\/notibras23.png","contentUrl":"https:\/\/www.notibras.com\/site\/wp-content\/uploads\/2023\/01\/notibras23.png","width":350,"height":87,"caption":"Grupo Notibras de Comunica\u00e7\u00e3o"},"image":{"@id":"https:\/\/www.notibras.com\/site\/#\/schema\/logo\/image\/"},"sameAs":["https:\/\/www.facebook.com\/notibras\/","https:\/\/x.com\/Notibras","https:\/\/www.instagram.com\/notibras\/"]},{"@type":"Person","@id":"https:\/\/www.notibras.com\/site\/#\/schema\/person\/36ab0979449956132d3e5b517ea76ac8","name":"Reda\u00e7\u00e3o","image":{"@type":"ImageObject","inLanguage":"pt-BR","@id":"https:\/\/secure.gravatar.com\/avatar\/e0a867bdedb85fd243eadf09663511f96fc81e0720a4a42581f334ad4303aa6b?s=96&d=mm&r=g","url":"https:\/\/secure.gravatar.com\/avatar\/e0a867bdedb85fd243eadf09663511f96fc81e0720a4a42581f334ad4303aa6b?s=96&d=mm&r=g","contentUrl":"https:\/\/secure.gravatar.com\/avatar\/e0a867bdedb85fd243eadf09663511f96fc81e0720a4a42581f334ad4303aa6b?s=96&d=mm&r=g","caption":"Reda\u00e7\u00e3o"}}]}},"amp_enabled":true,"_links":{"self":[{"href":"https:\/\/www.notibras.com\/site\/wp-json\/wp\/v2\/posts\/69949","targetHints":{"allow":["GET"]}}],"collection":[{"href":"https:\/\/www.notibras.com\/site\/wp-json\/wp\/v2\/posts"}],"about":[{"href":"https:\/\/www.notibras.com\/site\/wp-json\/wp\/v2\/types\/post"}],"author":[{"embeddable":true,"href":"https:\/\/www.notibras.com\/site\/wp-json\/wp\/v2\/users\/2"}],"replies":[{"embeddable":true,"href":"https:\/\/www.notibras.com\/site\/wp-json\/wp\/v2\/comments?post=69949"}],"version-history":[{"count":3,"href":"https:\/\/www.notibras.com\/site\/wp-json\/wp\/v2\/posts\/69949\/revisions"}],"predecessor-version":[{"id":69953,"href":"https:\/\/www.notibras.com\/site\/wp-json\/wp\/v2\/posts\/69949\/revisions\/69953"}],"wp:featuredmedia":[{"embeddable":true,"href":"https:\/\/www.notibras.com\/site\/wp-json\/wp\/v2\/media\/69950"}],"wp:attachment":[{"href":"https:\/\/www.notibras.com\/site\/wp-json\/wp\/v2\/media?parent=69949"}],"wp:term":[{"taxonomy":"category","embeddable":true,"href":"https:\/\/www.notibras.com\/site\/wp-json\/wp\/v2\/categories?post=69949"},{"taxonomy":"post_tag","embeddable":true,"href":"https:\/\/www.notibras.com\/site\/wp-json\/wp\/v2\/tags?post=69949"}],"curies":[{"name":"wp","href":"https:\/\/api.w.org\/{rel}","templated":true}]}}