{"id":69989,"date":"2015-10-01T14:50:34","date_gmt":"2015-10-01T17:50:34","guid":{"rendered":"http:\/\/www.notibras.com\/site\/?p=69989"},"modified":"2015-10-03T11:29:24","modified_gmt":"2015-10-03T14:29:24","slug":"rr-engendra-golpe-da-crise-privatiza-saude-e-o-povo-passa-batido","status":"publish","type":"post","link":"https:\/\/www.notibras.com\/site\/rr-engendra-golpe-da-crise-privatiza-saude-e-o-povo-passa-batido\/","title":{"rendered":"RR engendra o golpe da crise, privatiza Sa\u00fade na surdina e o povo nem nota"},"content":{"rendered":"<p>No dia 23 de setembro de 2015, foi noticiado que o GDF estava reformulando a Secretaria de Sa\u00fade e que estudava a parceria com a rede privada (entenda-se, Organiza\u00e7\u00f5es Sociais; afinal n\u00e3o trabalham de gra\u00e7a), para gerir hospitais p\u00fablicos. Uma semana depois, ficou estampado em todos os jornais que a Abrace assumiria a Pediatria do HBDF em 90 dias. O Hospital da Ceil\u00e2ndia foi escolhido como o primeiro a ser completamente gerido por uma institui\u00e7\u00e3o particular.<\/p>\n<p>O GDF deu essa not\u00edcia em meio a tantas discuss\u00f5es sobre sal\u00e1rio, Iprev, aumento, reajustes de impostos e tarifas, etc. O que se nota &#8211; desabafou com esta colunista a psic\u00f3loga Thauana Gabriela -, \u00e9 um golpe mal engendrado, porque com o cidad\u00e3o\/servidor afetado no bolso, ele n\u00e3o vai ter tanto tempo para se preocupar com a terceiriza\u00e7\u00e3o. E quando tudo estiver certo, ela j\u00e1 vai estar implantada, tal qual um v\u00edrus hospedeiro no organismo que quer danificar. Isso mesmo, um v\u00edrus. Uma doen\u00e7a.<\/p>\n<p>Tomando-se o SUS por base, n\u00e3o h\u00e1 nada de positivo a medida do governo. Mas vai ter gente que vai dizer: \u201cAh&#8230; mas na lei prev\u00ea a participa\u00e7\u00e3o da iniciativa privada e bl\u00e1, bl\u00e1, bl\u00e1&#8230;\u201d. \u00c9 verdade. A lei tem l\u00e1 suas vers\u00f5es. Tanto na Constitui\u00e7\u00e3o de 1988 quanto na Lei 8080\/90, est\u00e1 prevista essa participa\u00e7\u00e3o. Por\u00e9m, ela prev\u00ea um servi\u00e7o complementar das atividades que o Estado j\u00e1 oferece; ou ampliar o portf\u00f3lio de atua\u00e7\u00e3o do SUS, quando este ainda n\u00e3o tem compet\u00eancias ou recursos para fornecer, caracterizando novamente como um complemento.<\/p>\n<p>&#8211; Oh&#8230; Ali fala em ampliar o que n\u00e3o tem&#8230;<\/p>\n<p>\u00c9 aqui que se explica a segunda parte: o SUS \u00e9 dividido em aten\u00e7\u00e3o b\u00e1sica, atendimentos de m\u00e9dia complexidade (hospitais gerais) e alta complexidade (temos o HBDF, como exemplo). Caso inexistisse algo dessa natureza em Bras\u00edlia, o governo at\u00e9 que poderia pedir socorro \u00e0 iniciativa privada para complementar os servi\u00e7os devidos \u00e0 popula\u00e7\u00e3o.<\/p>\n<p>Por\u00e9m, temos tudo. Talvez o que n\u00e3o tenhamos \u00e9 uma gest\u00e3o. N\u00e3o cabe citar gest\u00e3o de compet\u00eancia. Mas gest\u00e3o mesmo. Qual a finalidade do cargo do secret\u00e1rio de Sa\u00fade? Ele \u00e9 um cargo de confian\u00e7a. Logo um cargo de indica\u00e7\u00e3o pol\u00edtica. Algu\u00e9m indica para ter poder sobre a pasta da Sa\u00fade e indicar os cargos. Mas onde fica a indica\u00e7\u00e3o de algu\u00e9m que vai de fato organizar?!<\/p>\n<p>Os defensores do atual governo dir\u00e3o: \u201cAh&#8230; Mas ele recebeu o tesouro local com um rombo de n\u00e3o sei quantos bilh\u00f5es&#8230;\u201d. Segundo o site do Fundo Nacional de Sa\u00fade o DF recebeu, neste ano, s\u00f3 do Fundo Nacional de Sa\u00fade R$ 496.128.631,74 reais destinados a aten\u00e7\u00e3o b\u00e1sica, assist\u00eancia farmac\u00eautica, investimentos e atendimentos de m\u00e9dia e alta complexidade, entre outras \u00e1reas. Al\u00e9m disso, em setembro, a sa\u00fade recebeu R$ 352 milh\u00f5es destinados pela CLDF em emendas. Isso sem citar outros recursos que geram para a pasta da Sa\u00fade, com um or\u00e7amento anual aproximado de 6 bilh\u00f5es de reais.<\/p>\n<p>Ent\u00e3o est\u00e1 ai&#8230; A terceiriza\u00e7\u00e3o n\u00e3o ser\u00e1 sendo implantada por exig\u00eancia legal, muito menos, por problemas financeiros. Na \u00e9poca da campanha a gente v\u00ea candidato entrando em tudo quanto \u00e9 buraco para abra\u00e7ar eleitor e tirar foto. A campanha passa e o povo \u00e9 esquecido. Dos eleitos, qual deles se oferece a ir a um hospital, em busca de atendimento? \u00c9 dif\u00edcil acreditar que algum se candidate, abrindo m\u00e3o dos privil\u00e9gios que o cargo oferece. Porque sabe que ir\u00e1 esperar horas.<\/p>\n<p>O convite pode mesmo ser extensivo ao HUB, na busca por atendimento nos ambulat\u00f3rios, que tem fechado um a um, ap\u00f3s a EBSERH assumir (uma empresa de natureza jur\u00eddica privada, mas com recursos p\u00fablicos). As autoridades n\u00e3o ir\u00e3o. Surge, pois, mais um convite. Que tal bater na porta de quem presta sa\u00fade mental? N\u00e3o h\u00e1 sa\u00edda. O quadro \u00e9 deprimente. E nos deixa ainda mais em estado de depress\u00e3o. Os ambulat\u00f3rios fecham, os rem\u00e9dios desaparecem, a equipe vive sobrecarregada. \u00c9 o caos.<\/p>\n<p>Ficam por \u00faltimo algumas perguntas: essa a\u00e7\u00e3o vai continuar mantendo o princ\u00edpio da universalidade? Todo mundo que chegar vai ter acesso? Os prontos-socorros continuar\u00e3o agindo da mesma forma? O Sr. Jo\u00e3o que sair da \u201cperiferia\u201d do DF vai chegar e ter o mesmo tratamento que o Sr. Jo\u00e3o do Lago Sul?<\/p>\n<p>N\u00e3o \u00e9 bem isso que o usu\u00e1rio dos servi\u00e7os p\u00fablicos de sa\u00fade encontra por a\u00ed. Com tudo o que se v\u00ea \u00e9 que se os governantes, os nossos pol\u00edticos, demonstrassem o mesmo interesse de gerir a sa\u00fade e a educa\u00e7\u00e3o como t\u00eam de ganhar voto, a cidade n\u00e3o estaria hoje como est\u00e1. A sa\u00fade n\u00e3o estaria na UTI e o povo n\u00e3o estaria morrendo por falta de atendimento.<\/p>\n","protected":false},"excerpt":{"rendered":"<p>No dia 23 de setembro de 2015, foi noticiado que o GDF estava reformulando a Secretaria de Sa\u00fade e que estudava a parceria com a rede privada (entenda-se, Organiza\u00e7\u00f5es Sociais; afinal n\u00e3o trabalham de gra\u00e7a), para gerir hospitais p\u00fablicos. Uma semana depois, ficou estampado em todos os jornais que a Abrace assumiria a Pediatria do [&hellip;]<\/p>\n","protected":false},"author":2,"featured_media":69990,"comment_status":"open","ping_status":"closed","sticky":false,"template":"","format":"standard","meta":{"_acf_changed":false,"footnotes":""},"categories":[45],"tags":[],"class_list":["post-69989","post","type-post","status-publish","format-standard","has-post-thumbnail","hentry","category-cris"],"acf":[],"yoast_head":"<!-- This site is optimized with the Yoast SEO plugin v27.2 - https:\/\/yoast.com\/product\/yoast-seo-wordpress\/ -->\n<title>RR engendra o golpe da crise, privatiza Sa\u00fade na surdina e o povo nem nota - Notibras<\/title>\n<meta name=\"robots\" content=\"index, follow, max-snippet:-1, max-image-preview:large, max-video-preview:-1\" \/>\n<link rel=\"canonical\" href=\"https:\/\/www.notibras.com\/site\/rr-engendra-golpe-da-crise-privatiza-saude-e-o-povo-passa-batido\/\" \/>\n<meta property=\"og:locale\" content=\"pt_BR\" \/>\n<meta property=\"og:type\" content=\"article\" \/>\n<meta property=\"og:title\" content=\"RR engendra o golpe da crise, privatiza Sa\u00fade na surdina e o povo nem nota - Notibras\" \/>\n<meta property=\"og:description\" content=\"No dia 23 de setembro de 2015, foi noticiado que o GDF estava reformulando a Secretaria de Sa\u00fade e que estudava a parceria com a rede privada (entenda-se, Organiza\u00e7\u00f5es Sociais; afinal n\u00e3o trabalham de gra\u00e7a), para gerir hospitais p\u00fablicos. Uma semana depois, ficou estampado em todos os jornais que a Abrace assumiria a Pediatria do [&hellip;]\" \/>\n<meta property=\"og:url\" content=\"https:\/\/www.notibras.com\/site\/rr-engendra-golpe-da-crise-privatiza-saude-e-o-povo-passa-batido\/\" \/>\n<meta property=\"og:site_name\" content=\"Notibras\" \/>\n<meta property=\"article:publisher\" content=\"https:\/\/www.facebook.com\/notibras\/\" \/>\n<meta property=\"article:published_time\" content=\"2015-10-01T17:50:34+00:00\" \/>\n<meta property=\"article:modified_time\" content=\"2015-10-03T14:29:24+00:00\" \/>\n<meta property=\"og:image\" content=\"https:\/\/www.notibras.com\/site\/wp-content\/uploads\/2015\/10\/sadf.jpg\" \/>\n\t<meta property=\"og:image:width\" content=\"565\" \/>\n\t<meta property=\"og:image:height\" content=\"422\" \/>\n\t<meta property=\"og:image:type\" content=\"image\/jpeg\" \/>\n<meta name=\"author\" content=\"Reda\u00e7\u00e3o\" \/>\n<meta name=\"twitter:card\" content=\"summary_large_image\" \/>\n<meta name=\"twitter:creator\" content=\"@Notibras\" \/>\n<meta name=\"twitter:site\" content=\"@Notibras\" \/>\n<meta name=\"twitter:label1\" content=\"Escrito por\" \/>\n\t<meta name=\"twitter:data1\" content=\"Reda\u00e7\u00e3o\" \/>\n\t<meta name=\"twitter:label2\" content=\"Est. tempo de leitura\" \/>\n\t<meta name=\"twitter:data2\" content=\"4 minutos\" \/>\n<script type=\"application\/ld+json\" class=\"yoast-schema-graph\">{\"@context\":\"https:\/\/schema.org\",\"@graph\":[{\"@type\":\"Article\",\"@id\":\"https:\/\/www.notibras.com\/site\/rr-engendra-golpe-da-crise-privatiza-saude-e-o-povo-passa-batido\/#article\",\"isPartOf\":{\"@id\":\"https:\/\/www.notibras.com\/site\/rr-engendra-golpe-da-crise-privatiza-saude-e-o-povo-passa-batido\/\"},\"author\":{\"name\":\"Reda\u00e7\u00e3o\",\"@id\":\"https:\/\/www.notibras.com\/site\/#\/schema\/person\/36ab0979449956132d3e5b517ea76ac8\"},\"headline\":\"RR engendra o golpe da crise, privatiza Sa\u00fade na surdina e o povo nem nota\",\"datePublished\":\"2015-10-01T17:50:34+00:00\",\"dateModified\":\"2015-10-03T14:29:24+00:00\",\"mainEntityOfPage\":{\"@id\":\"https:\/\/www.notibras.com\/site\/rr-engendra-golpe-da-crise-privatiza-saude-e-o-povo-passa-batido\/\"},\"wordCount\":860,\"commentCount\":0,\"publisher\":{\"@id\":\"https:\/\/www.notibras.com\/site\/#organization\"},\"image\":{\"@id\":\"https:\/\/www.notibras.com\/site\/rr-engendra-golpe-da-crise-privatiza-saude-e-o-povo-passa-batido\/#primaryimage\"},\"thumbnailUrl\":\"https:\/\/www.notibras.com\/site\/wp-content\/uploads\/2015\/10\/sadf.jpg\",\"articleSection\":[\"Cris Oliveira\"],\"inLanguage\":\"pt-BR\",\"potentialAction\":[{\"@type\":\"CommentAction\",\"name\":\"Comment\",\"target\":[\"https:\/\/www.notibras.com\/site\/rr-engendra-golpe-da-crise-privatiza-saude-e-o-povo-passa-batido\/#respond\"]}]},{\"@type\":\"WebPage\",\"@id\":\"https:\/\/www.notibras.com\/site\/rr-engendra-golpe-da-crise-privatiza-saude-e-o-povo-passa-batido\/\",\"url\":\"https:\/\/www.notibras.com\/site\/rr-engendra-golpe-da-crise-privatiza-saude-e-o-povo-passa-batido\/\",\"name\":\"RR engendra o golpe da crise, privatiza Sa\u00fade na surdina e o povo nem nota - Notibras\",\"isPartOf\":{\"@id\":\"https:\/\/www.notibras.com\/site\/#website\"},\"primaryImageOfPage\":{\"@id\":\"https:\/\/www.notibras.com\/site\/rr-engendra-golpe-da-crise-privatiza-saude-e-o-povo-passa-batido\/#primaryimage\"},\"image\":{\"@id\":\"https:\/\/www.notibras.com\/site\/rr-engendra-golpe-da-crise-privatiza-saude-e-o-povo-passa-batido\/#primaryimage\"},\"thumbnailUrl\":\"https:\/\/www.notibras.com\/site\/wp-content\/uploads\/2015\/10\/sadf.jpg\",\"datePublished\":\"2015-10-01T17:50:34+00:00\",\"dateModified\":\"2015-10-03T14:29:24+00:00\",\"breadcrumb\":{\"@id\":\"https:\/\/www.notibras.com\/site\/rr-engendra-golpe-da-crise-privatiza-saude-e-o-povo-passa-batido\/#breadcrumb\"},\"inLanguage\":\"pt-BR\",\"potentialAction\":[{\"@type\":\"ReadAction\",\"target\":[\"https:\/\/www.notibras.com\/site\/rr-engendra-golpe-da-crise-privatiza-saude-e-o-povo-passa-batido\/\"]}]},{\"@type\":\"ImageObject\",\"inLanguage\":\"pt-BR\",\"@id\":\"https:\/\/www.notibras.com\/site\/rr-engendra-golpe-da-crise-privatiza-saude-e-o-povo-passa-batido\/#primaryimage\",\"url\":\"https:\/\/www.notibras.com\/site\/wp-content\/uploads\/2015\/10\/sadf.jpg\",\"contentUrl\":\"https:\/\/www.notibras.com\/site\/wp-content\/uploads\/2015\/10\/sadf.jpg\",\"width\":565,\"height\":422},{\"@type\":\"BreadcrumbList\",\"@id\":\"https:\/\/www.notibras.com\/site\/rr-engendra-golpe-da-crise-privatiza-saude-e-o-povo-passa-batido\/#breadcrumb\",\"itemListElement\":[{\"@type\":\"ListItem\",\"position\":1,\"name\":\"In\u00edcio\",\"item\":\"https:\/\/www.notibras.com\/site\/\"},{\"@type\":\"ListItem\",\"position\":2,\"name\":\"RR engendra o golpe da crise, privatiza Sa\u00fade na surdina e o povo nem nota\"}]},{\"@type\":\"WebSite\",\"@id\":\"https:\/\/www.notibras.com\/site\/#website\",\"url\":\"https:\/\/www.notibras.com\/site\/\",\"name\":\"Notibras\",\"description\":\"Not\u00edcias de Bras\u00edlia, do Brasil e do Mundo\",\"publisher\":{\"@id\":\"https:\/\/www.notibras.com\/site\/#organization\"},\"potentialAction\":[{\"@type\":\"SearchAction\",\"target\":{\"@type\":\"EntryPoint\",\"urlTemplate\":\"https:\/\/www.notibras.com\/site\/?s={search_term_string}\"},\"query-input\":{\"@type\":\"PropertyValueSpecification\",\"valueRequired\":true,\"valueName\":\"search_term_string\"}}],\"inLanguage\":\"pt-BR\"},{\"@type\":\"Organization\",\"@id\":\"https:\/\/www.notibras.com\/site\/#organization\",\"name\":\"Grupo Notibras de Comunica\u00e7\u00e3o\",\"url\":\"https:\/\/www.notibras.com\/site\/\",\"logo\":{\"@type\":\"ImageObject\",\"inLanguage\":\"pt-BR\",\"@id\":\"https:\/\/www.notibras.com\/site\/#\/schema\/logo\/image\/\",\"url\":\"https:\/\/www.notibras.com\/site\/wp-content\/uploads\/2023\/01\/notibras23.png\",\"contentUrl\":\"https:\/\/www.notibras.com\/site\/wp-content\/uploads\/2023\/01\/notibras23.png\",\"width\":350,\"height\":87,\"caption\":\"Grupo Notibras de Comunica\u00e7\u00e3o\"},\"image\":{\"@id\":\"https:\/\/www.notibras.com\/site\/#\/schema\/logo\/image\/\"},\"sameAs\":[\"https:\/\/www.facebook.com\/notibras\/\",\"https:\/\/x.com\/Notibras\",\"https:\/\/www.instagram.com\/notibras\/\"]},{\"@type\":\"Person\",\"@id\":\"https:\/\/www.notibras.com\/site\/#\/schema\/person\/36ab0979449956132d3e5b517ea76ac8\",\"name\":\"Reda\u00e7\u00e3o\",\"image\":{\"@type\":\"ImageObject\",\"inLanguage\":\"pt-BR\",\"@id\":\"https:\/\/secure.gravatar.com\/avatar\/e0a867bdedb85fd243eadf09663511f96fc81e0720a4a42581f334ad4303aa6b?s=96&d=mm&r=g\",\"url\":\"https:\/\/secure.gravatar.com\/avatar\/e0a867bdedb85fd243eadf09663511f96fc81e0720a4a42581f334ad4303aa6b?s=96&d=mm&r=g\",\"contentUrl\":\"https:\/\/secure.gravatar.com\/avatar\/e0a867bdedb85fd243eadf09663511f96fc81e0720a4a42581f334ad4303aa6b?s=96&d=mm&r=g\",\"caption\":\"Reda\u00e7\u00e3o\"}}]}<\/script>\n<!-- \/ Yoast SEO plugin. -->","yoast_head_json":{"title":"RR engendra o golpe da crise, privatiza Sa\u00fade na surdina e o povo nem nota - Notibras","robots":{"index":"index","follow":"follow","max-snippet":"max-snippet:-1","max-image-preview":"max-image-preview:large","max-video-preview":"max-video-preview:-1"},"canonical":"https:\/\/www.notibras.com\/site\/rr-engendra-golpe-da-crise-privatiza-saude-e-o-povo-passa-batido\/","og_locale":"pt_BR","og_type":"article","og_title":"RR engendra o golpe da crise, privatiza Sa\u00fade na surdina e o povo nem nota - Notibras","og_description":"No dia 23 de setembro de 2015, foi noticiado que o GDF estava reformulando a Secretaria de Sa\u00fade e que estudava a parceria com a rede privada (entenda-se, Organiza\u00e7\u00f5es Sociais; afinal n\u00e3o trabalham de gra\u00e7a), para gerir hospitais p\u00fablicos. Uma semana depois, ficou estampado em todos os jornais que a Abrace assumiria a Pediatria do [&hellip;]","og_url":"https:\/\/www.notibras.com\/site\/rr-engendra-golpe-da-crise-privatiza-saude-e-o-povo-passa-batido\/","og_site_name":"Notibras","article_publisher":"https:\/\/www.facebook.com\/notibras\/","article_published_time":"2015-10-01T17:50:34+00:00","article_modified_time":"2015-10-03T14:29:24+00:00","og_image":[{"width":565,"height":422,"url":"https:\/\/www.notibras.com\/site\/wp-content\/uploads\/2015\/10\/sadf.jpg","type":"image\/jpeg"}],"author":"Reda\u00e7\u00e3o","twitter_card":"summary_large_image","twitter_creator":"@Notibras","twitter_site":"@Notibras","twitter_misc":{"Escrito por":"Reda\u00e7\u00e3o","Est. tempo de leitura":"4 minutos"},"schema":{"@context":"https:\/\/schema.org","@graph":[{"@type":"Article","@id":"https:\/\/www.notibras.com\/site\/rr-engendra-golpe-da-crise-privatiza-saude-e-o-povo-passa-batido\/#article","isPartOf":{"@id":"https:\/\/www.notibras.com\/site\/rr-engendra-golpe-da-crise-privatiza-saude-e-o-povo-passa-batido\/"},"author":{"name":"Reda\u00e7\u00e3o","@id":"https:\/\/www.notibras.com\/site\/#\/schema\/person\/36ab0979449956132d3e5b517ea76ac8"},"headline":"RR engendra o golpe da crise, privatiza Sa\u00fade na surdina e o povo nem nota","datePublished":"2015-10-01T17:50:34+00:00","dateModified":"2015-10-03T14:29:24+00:00","mainEntityOfPage":{"@id":"https:\/\/www.notibras.com\/site\/rr-engendra-golpe-da-crise-privatiza-saude-e-o-povo-passa-batido\/"},"wordCount":860,"commentCount":0,"publisher":{"@id":"https:\/\/www.notibras.com\/site\/#organization"},"image":{"@id":"https:\/\/www.notibras.com\/site\/rr-engendra-golpe-da-crise-privatiza-saude-e-o-povo-passa-batido\/#primaryimage"},"thumbnailUrl":"https:\/\/www.notibras.com\/site\/wp-content\/uploads\/2015\/10\/sadf.jpg","articleSection":["Cris Oliveira"],"inLanguage":"pt-BR","potentialAction":[{"@type":"CommentAction","name":"Comment","target":["https:\/\/www.notibras.com\/site\/rr-engendra-golpe-da-crise-privatiza-saude-e-o-povo-passa-batido\/#respond"]}]},{"@type":"WebPage","@id":"https:\/\/www.notibras.com\/site\/rr-engendra-golpe-da-crise-privatiza-saude-e-o-povo-passa-batido\/","url":"https:\/\/www.notibras.com\/site\/rr-engendra-golpe-da-crise-privatiza-saude-e-o-povo-passa-batido\/","name":"RR engendra o golpe da crise, privatiza Sa\u00fade na surdina e o povo nem nota - Notibras","isPartOf":{"@id":"https:\/\/www.notibras.com\/site\/#website"},"primaryImageOfPage":{"@id":"https:\/\/www.notibras.com\/site\/rr-engendra-golpe-da-crise-privatiza-saude-e-o-povo-passa-batido\/#primaryimage"},"image":{"@id":"https:\/\/www.notibras.com\/site\/rr-engendra-golpe-da-crise-privatiza-saude-e-o-povo-passa-batido\/#primaryimage"},"thumbnailUrl":"https:\/\/www.notibras.com\/site\/wp-content\/uploads\/2015\/10\/sadf.jpg","datePublished":"2015-10-01T17:50:34+00:00","dateModified":"2015-10-03T14:29:24+00:00","breadcrumb":{"@id":"https:\/\/www.notibras.com\/site\/rr-engendra-golpe-da-crise-privatiza-saude-e-o-povo-passa-batido\/#breadcrumb"},"inLanguage":"pt-BR","potentialAction":[{"@type":"ReadAction","target":["https:\/\/www.notibras.com\/site\/rr-engendra-golpe-da-crise-privatiza-saude-e-o-povo-passa-batido\/"]}]},{"@type":"ImageObject","inLanguage":"pt-BR","@id":"https:\/\/www.notibras.com\/site\/rr-engendra-golpe-da-crise-privatiza-saude-e-o-povo-passa-batido\/#primaryimage","url":"https:\/\/www.notibras.com\/site\/wp-content\/uploads\/2015\/10\/sadf.jpg","contentUrl":"https:\/\/www.notibras.com\/site\/wp-content\/uploads\/2015\/10\/sadf.jpg","width":565,"height":422},{"@type":"BreadcrumbList","@id":"https:\/\/www.notibras.com\/site\/rr-engendra-golpe-da-crise-privatiza-saude-e-o-povo-passa-batido\/#breadcrumb","itemListElement":[{"@type":"ListItem","position":1,"name":"In\u00edcio","item":"https:\/\/www.notibras.com\/site\/"},{"@type":"ListItem","position":2,"name":"RR engendra o golpe da crise, privatiza Sa\u00fade na surdina e o povo nem nota"}]},{"@type":"WebSite","@id":"https:\/\/www.notibras.com\/site\/#website","url":"https:\/\/www.notibras.com\/site\/","name":"Notibras","description":"Not\u00edcias de Bras\u00edlia, do Brasil e do Mundo","publisher":{"@id":"https:\/\/www.notibras.com\/site\/#organization"},"potentialAction":[{"@type":"SearchAction","target":{"@type":"EntryPoint","urlTemplate":"https:\/\/www.notibras.com\/site\/?s={search_term_string}"},"query-input":{"@type":"PropertyValueSpecification","valueRequired":true,"valueName":"search_term_string"}}],"inLanguage":"pt-BR"},{"@type":"Organization","@id":"https:\/\/www.notibras.com\/site\/#organization","name":"Grupo Notibras de Comunica\u00e7\u00e3o","url":"https:\/\/www.notibras.com\/site\/","logo":{"@type":"ImageObject","inLanguage":"pt-BR","@id":"https:\/\/www.notibras.com\/site\/#\/schema\/logo\/image\/","url":"https:\/\/www.notibras.com\/site\/wp-content\/uploads\/2023\/01\/notibras23.png","contentUrl":"https:\/\/www.notibras.com\/site\/wp-content\/uploads\/2023\/01\/notibras23.png","width":350,"height":87,"caption":"Grupo Notibras de Comunica\u00e7\u00e3o"},"image":{"@id":"https:\/\/www.notibras.com\/site\/#\/schema\/logo\/image\/"},"sameAs":["https:\/\/www.facebook.com\/notibras\/","https:\/\/x.com\/Notibras","https:\/\/www.instagram.com\/notibras\/"]},{"@type":"Person","@id":"https:\/\/www.notibras.com\/site\/#\/schema\/person\/36ab0979449956132d3e5b517ea76ac8","name":"Reda\u00e7\u00e3o","image":{"@type":"ImageObject","inLanguage":"pt-BR","@id":"https:\/\/secure.gravatar.com\/avatar\/e0a867bdedb85fd243eadf09663511f96fc81e0720a4a42581f334ad4303aa6b?s=96&d=mm&r=g","url":"https:\/\/secure.gravatar.com\/avatar\/e0a867bdedb85fd243eadf09663511f96fc81e0720a4a42581f334ad4303aa6b?s=96&d=mm&r=g","contentUrl":"https:\/\/secure.gravatar.com\/avatar\/e0a867bdedb85fd243eadf09663511f96fc81e0720a4a42581f334ad4303aa6b?s=96&d=mm&r=g","caption":"Reda\u00e7\u00e3o"}}]}},"amp_enabled":true,"_links":{"self":[{"href":"https:\/\/www.notibras.com\/site\/wp-json\/wp\/v2\/posts\/69989","targetHints":{"allow":["GET"]}}],"collection":[{"href":"https:\/\/www.notibras.com\/site\/wp-json\/wp\/v2\/posts"}],"about":[{"href":"https:\/\/www.notibras.com\/site\/wp-json\/wp\/v2\/types\/post"}],"author":[{"embeddable":true,"href":"https:\/\/www.notibras.com\/site\/wp-json\/wp\/v2\/users\/2"}],"replies":[{"embeddable":true,"href":"https:\/\/www.notibras.com\/site\/wp-json\/wp\/v2\/comments?post=69989"}],"version-history":[{"count":5,"href":"https:\/\/www.notibras.com\/site\/wp-json\/wp\/v2\/posts\/69989\/revisions"}],"predecessor-version":[{"id":70257,"href":"https:\/\/www.notibras.com\/site\/wp-json\/wp\/v2\/posts\/69989\/revisions\/70257"}],"wp:featuredmedia":[{"embeddable":true,"href":"https:\/\/www.notibras.com\/site\/wp-json\/wp\/v2\/media\/69990"}],"wp:attachment":[{"href":"https:\/\/www.notibras.com\/site\/wp-json\/wp\/v2\/media?parent=69989"}],"wp:term":[{"taxonomy":"category","embeddable":true,"href":"https:\/\/www.notibras.com\/site\/wp-json\/wp\/v2\/categories?post=69989"},{"taxonomy":"post_tag","embeddable":true,"href":"https:\/\/www.notibras.com\/site\/wp-json\/wp\/v2\/tags?post=69989"}],"curies":[{"name":"wp","href":"https:\/\/api.w.org\/{rel}","templated":true}]}}