{"id":70049,"date":"2015-10-01T21:46:17","date_gmt":"2015-10-02T00:46:17","guid":{"rendered":"http:\/\/www.notibras.com\/site\/?p=70049"},"modified":"2015-10-01T22:17:16","modified_gmt":"2015-10-02T01:17:16","slug":"oposicao-vai-a-procuradoria-pedir-investigacao-sobre-compra-de-mp-no-governo-lula","status":"publish","type":"post","link":"https:\/\/www.notibras.com\/site\/oposicao-vai-a-procuradoria-pedir-investigacao-sobre-compra-de-mp-no-governo-lula\/","title":{"rendered":"Oposi\u00e7\u00e3o vai \u00e0 Procuradoria pedir investiga\u00e7\u00e3o de compra de MP durante governo Lula"},"content":{"rendered":"<p>O l\u00edder do PSDB na C\u00e2mara, deputado Carlos Sampaio (SP), protocolou, nesta quinta-feira, 01, uma representa\u00e7\u00e3o junto \u00e0 Procuradoria-Geral da Rep\u00fablica (PGR) solicitando a investiga\u00e7\u00e3o de den\u00fancias de suposta &#8220;compra&#8221; da edi\u00e7\u00e3o de uma Medida Provis\u00f3ria durante o governo de ex-presidente Luiz In\u00e1cio Lula da Silva.<\/p>\n<p>&#8220;Por se tratar de um governo com not\u00f3ria conduta criminosa, que criou o mensal\u00e3o e o petrol\u00e3o para financiar e manter seu projeto de poder, n\u00e3o \u00e9 de se estranhar que uma Medida Provis\u00f3ria tenha sido editada por encomenda, beneficiando, dentre outros, um dos filhos do ex-presidente&#8221;, diz o tucano.<\/p>\n<p>Conforme reportagem exclusiva do jornal O Estado de S.Paulo, publicada hoje, documentos indicam que uma medida provis\u00f3ria editada em 2009 pelo governo do ent\u00e3o presidente Lula teria sido &#8220;comprada&#8221; por meio de lobby e de corrup\u00e7\u00e3o para favorecer montadoras de ve\u00edculos. Empresas do setor negociaram pagamentos de at\u00e9 R$ 36 milh\u00f5es a lobistas para conseguir do Executivo um &#8220;ato normativo&#8221; que prorrogasse incentivos fiscais de R$ 1,3 bilh\u00e3o por ano.<\/p>\n<p>Mensagens trocadas entre os envolvidos mencionam a oferta de propina a agentes p\u00fablicos para viabilizar o texto, em vigor at\u00e9 o fim deste ano. Para ser publicada, a MP passou pelo crivo da presidente Dilma Rousseff, ent\u00e3o ministra da Casa Civil. A representa\u00e7\u00e3o de Sampaio pede ainda que o \u00f3rg\u00e3o apure a participa\u00e7\u00e3o do filho do ex-presidente, Lu\u00eds Cl\u00e1udio Lula da Silva, da conduta da ent\u00e3o Dilma Rousseff, e do ex-ministro Gilberto Carvalho no caso.<\/p>\n<p>A reportagem mostrou que uma empresa do filho do ex-presidente recebeu R$ 2,4 milh\u00f5es de uma das consultorias suspeitas de atuar pela medida provis\u00f3ria. Lu\u00eds Cl\u00e1udio confirma os pagamentos. Em nota, ele informou, por meio de seus advogados, que a LFT prestou servi\u00e7os \u00e0 Marcondes &amp; Mautoni na \u00e1rea de &#8220;marketing esportivo&#8221;, mas n\u00e3o os especificou. &#8220;O referido valor foi devidamente contabilizado e declarado&#8221;, disse.<\/p>\n<p>Para o l\u00edder do PSDB, &#8220;a investiga\u00e7\u00e3o, por parte do Minist\u00e9rio P\u00fablico Federal, \u00e9 essencial&#8221;. &#8220;Os fatos s\u00e3o de extrema gravidade e, caso comprovados, implicam a antiga c\u00fapula do governo Lula, inclusive o pr\u00f3prio ex-mandat\u00e1rio&#8221;, diz.<\/p>\n<p>&#8220;Estiveram envolvidos na confec\u00e7\u00e3o da citada MP 471 um ex-presidente da Rep\u00fablica, a atual presidente Dilma Rousseff e o senhor Gilberto Carvalho, que foi ministro-chefe da Secretaria Geral da Presid\u00eancia no governo de ambos&#8221;, completa. O tucano ressalta que a edi\u00e7\u00e3o da medida &#8220;teve um importante papel para o pa\u00eds&#8221; e diz que o questionamento \u00e9 pelo &#8220;fato dos respons\u00e1veis pela mesma terem obtido vantagem il\u00edcita para edit\u00e1-la&#8221;.<\/p>\n<p><img loading=\"lazy\" decoding=\"async\" class=\"alignnone size-full wp-image-70065\" src=\"http:\/\/www.notibras.com\/site\/wp-content\/uploads\/2015\/10\/estadao.png\" alt=\"estadao\" width=\"99\" height=\"16\" \/><\/p>\n","protected":false},"excerpt":{"rendered":"<p>O l\u00edder do PSDB na C\u00e2mara, deputado Carlos Sampaio (SP), protocolou, nesta quinta-feira, 01, uma representa\u00e7\u00e3o junto \u00e0 Procuradoria-Geral da Rep\u00fablica (PGR) solicitando a investiga\u00e7\u00e3o de den\u00fancias de suposta &#8220;compra&#8221; da edi\u00e7\u00e3o de uma Medida Provis\u00f3ria durante o governo de ex-presidente Luiz In\u00e1cio Lula da Silva. &#8220;Por se tratar de um governo com not\u00f3ria conduta [&hellip;]<\/p>\n","protected":false},"author":2,"featured_media":0,"comment_status":"open","ping_status":"closed","sticky":false,"template":"","format":"standard","meta":{"_acf_changed":false,"footnotes":""},"categories":[16],"tags":[],"class_list":["post-70049","post","type-post","status-publish","format-standard","hentry","category-brasil"],"acf":[],"yoast_head":"<!-- This site is optimized with the Yoast SEO plugin v27.2 - https:\/\/yoast.com\/product\/yoast-seo-wordpress\/ -->\n<title>Oposi\u00e7\u00e3o vai \u00e0 Procuradoria pedir investiga\u00e7\u00e3o de compra de MP durante governo Lula - Notibras<\/title>\n<meta name=\"robots\" content=\"index, follow, max-snippet:-1, max-image-preview:large, max-video-preview:-1\" \/>\n<link rel=\"canonical\" href=\"https:\/\/www.notibras.com\/site\/oposicao-vai-a-procuradoria-pedir-investigacao-sobre-compra-de-mp-no-governo-lula\/\" \/>\n<meta property=\"og:locale\" content=\"pt_BR\" \/>\n<meta property=\"og:type\" content=\"article\" \/>\n<meta property=\"og:title\" content=\"Oposi\u00e7\u00e3o vai \u00e0 Procuradoria pedir investiga\u00e7\u00e3o de compra de MP durante governo Lula - Notibras\" \/>\n<meta property=\"og:description\" content=\"O l\u00edder do PSDB na C\u00e2mara, deputado Carlos Sampaio (SP), protocolou, nesta quinta-feira, 01, uma representa\u00e7\u00e3o junto \u00e0 Procuradoria-Geral da Rep\u00fablica (PGR) solicitando a investiga\u00e7\u00e3o de den\u00fancias de suposta &#8220;compra&#8221; da edi\u00e7\u00e3o de uma Medida Provis\u00f3ria durante o governo de ex-presidente Luiz In\u00e1cio Lula da Silva. &#8220;Por se tratar de um governo com not\u00f3ria conduta [&hellip;]\" \/>\n<meta property=\"og:url\" content=\"https:\/\/www.notibras.com\/site\/oposicao-vai-a-procuradoria-pedir-investigacao-sobre-compra-de-mp-no-governo-lula\/\" \/>\n<meta property=\"og:site_name\" content=\"Notibras\" \/>\n<meta property=\"article:publisher\" content=\"https:\/\/www.facebook.com\/notibras\/\" \/>\n<meta property=\"article:published_time\" content=\"2015-10-02T00:46:17+00:00\" \/>\n<meta property=\"article:modified_time\" content=\"2015-10-02T01:17:16+00:00\" \/>\n<meta property=\"og:image\" content=\"https:\/\/www.notibras.com\/site\/wp-content\/uploads\/2015\/10\/carlos-sampaio-foto-george-gianni-psdb-.jpg\" \/>\n\t<meta property=\"og:image:width\" content=\"600\" \/>\n\t<meta property=\"og:image:height\" content=\"400\" \/>\n\t<meta property=\"og:image:type\" content=\"image\/jpeg\" \/>\n<meta name=\"author\" content=\"Reda\u00e7\u00e3o\" \/>\n<meta name=\"twitter:card\" content=\"summary_large_image\" \/>\n<meta name=\"twitter:creator\" content=\"@Notibras\" \/>\n<meta name=\"twitter:site\" content=\"@Notibras\" \/>\n<meta name=\"twitter:label1\" content=\"Escrito por\" \/>\n\t<meta name=\"twitter:data1\" content=\"Reda\u00e7\u00e3o\" \/>\n\t<meta name=\"twitter:label2\" content=\"Est. tempo de leitura\" \/>\n\t<meta name=\"twitter:data2\" content=\"2 minutos\" \/>\n<script type=\"application\/ld+json\" class=\"yoast-schema-graph\">{\"@context\":\"https:\/\/schema.org\",\"@graph\":[{\"@type\":\"Article\",\"@id\":\"https:\/\/www.notibras.com\/site\/oposicao-vai-a-procuradoria-pedir-investigacao-sobre-compra-de-mp-no-governo-lula\/#article\",\"isPartOf\":{\"@id\":\"https:\/\/www.notibras.com\/site\/oposicao-vai-a-procuradoria-pedir-investigacao-sobre-compra-de-mp-no-governo-lula\/\"},\"author\":{\"name\":\"Reda\u00e7\u00e3o\",\"@id\":\"https:\/\/www.notibras.com\/site\/#\/schema\/person\/36ab0979449956132d3e5b517ea76ac8\"},\"headline\":\"Oposi\u00e7\u00e3o vai \u00e0 Procuradoria pedir investiga\u00e7\u00e3o de compra de MP durante governo Lula\",\"datePublished\":\"2015-10-02T00:46:17+00:00\",\"dateModified\":\"2015-10-02T01:17:16+00:00\",\"mainEntityOfPage\":{\"@id\":\"https:\/\/www.notibras.com\/site\/oposicao-vai-a-procuradoria-pedir-investigacao-sobre-compra-de-mp-no-governo-lula\/\"},\"wordCount\":464,\"commentCount\":0,\"publisher\":{\"@id\":\"https:\/\/www.notibras.com\/site\/#organization\"},\"image\":{\"@id\":\"https:\/\/www.notibras.com\/site\/oposicao-vai-a-procuradoria-pedir-investigacao-sobre-compra-de-mp-no-governo-lula\/#primaryimage\"},\"thumbnailUrl\":\"http:\/\/www.notibras.com\/site\/wp-content\/uploads\/2015\/10\/estadao.png\",\"articleSection\":[\"Brasil\"],\"inLanguage\":\"pt-BR\",\"potentialAction\":[{\"@type\":\"CommentAction\",\"name\":\"Comment\",\"target\":[\"https:\/\/www.notibras.com\/site\/oposicao-vai-a-procuradoria-pedir-investigacao-sobre-compra-de-mp-no-governo-lula\/#respond\"]}]},{\"@type\":\"WebPage\",\"@id\":\"https:\/\/www.notibras.com\/site\/oposicao-vai-a-procuradoria-pedir-investigacao-sobre-compra-de-mp-no-governo-lula\/\",\"url\":\"https:\/\/www.notibras.com\/site\/oposicao-vai-a-procuradoria-pedir-investigacao-sobre-compra-de-mp-no-governo-lula\/\",\"name\":\"Oposi\u00e7\u00e3o vai \u00e0 Procuradoria pedir investiga\u00e7\u00e3o de compra de MP durante governo Lula - Notibras\",\"isPartOf\":{\"@id\":\"https:\/\/www.notibras.com\/site\/#website\"},\"primaryImageOfPage\":{\"@id\":\"https:\/\/www.notibras.com\/site\/oposicao-vai-a-procuradoria-pedir-investigacao-sobre-compra-de-mp-no-governo-lula\/#primaryimage\"},\"image\":{\"@id\":\"https:\/\/www.notibras.com\/site\/oposicao-vai-a-procuradoria-pedir-investigacao-sobre-compra-de-mp-no-governo-lula\/#primaryimage\"},\"thumbnailUrl\":\"http:\/\/www.notibras.com\/site\/wp-content\/uploads\/2015\/10\/estadao.png\",\"datePublished\":\"2015-10-02T00:46:17+00:00\",\"dateModified\":\"2015-10-02T01:17:16+00:00\",\"breadcrumb\":{\"@id\":\"https:\/\/www.notibras.com\/site\/oposicao-vai-a-procuradoria-pedir-investigacao-sobre-compra-de-mp-no-governo-lula\/#breadcrumb\"},\"inLanguage\":\"pt-BR\",\"potentialAction\":[{\"@type\":\"ReadAction\",\"target\":[\"https:\/\/www.notibras.com\/site\/oposicao-vai-a-procuradoria-pedir-investigacao-sobre-compra-de-mp-no-governo-lula\/\"]}]},{\"@type\":\"ImageObject\",\"inLanguage\":\"pt-BR\",\"@id\":\"https:\/\/www.notibras.com\/site\/oposicao-vai-a-procuradoria-pedir-investigacao-sobre-compra-de-mp-no-governo-lula\/#primaryimage\",\"url\":\"http:\/\/www.notibras.com\/site\/wp-content\/uploads\/2015\/10\/estadao.png\",\"contentUrl\":\"http:\/\/www.notibras.com\/site\/wp-content\/uploads\/2015\/10\/estadao.png\"},{\"@type\":\"BreadcrumbList\",\"@id\":\"https:\/\/www.notibras.com\/site\/oposicao-vai-a-procuradoria-pedir-investigacao-sobre-compra-de-mp-no-governo-lula\/#breadcrumb\",\"itemListElement\":[{\"@type\":\"ListItem\",\"position\":1,\"name\":\"In\u00edcio\",\"item\":\"https:\/\/www.notibras.com\/site\/\"},{\"@type\":\"ListItem\",\"position\":2,\"name\":\"Oposi\u00e7\u00e3o vai \u00e0 Procuradoria pedir investiga\u00e7\u00e3o de compra de MP durante governo Lula\"}]},{\"@type\":\"WebSite\",\"@id\":\"https:\/\/www.notibras.com\/site\/#website\",\"url\":\"https:\/\/www.notibras.com\/site\/\",\"name\":\"Notibras\",\"description\":\"Not\u00edcias de Bras\u00edlia, do Brasil e do Mundo\",\"publisher\":{\"@id\":\"https:\/\/www.notibras.com\/site\/#organization\"},\"potentialAction\":[{\"@type\":\"SearchAction\",\"target\":{\"@type\":\"EntryPoint\",\"urlTemplate\":\"https:\/\/www.notibras.com\/site\/?s={search_term_string}\"},\"query-input\":{\"@type\":\"PropertyValueSpecification\",\"valueRequired\":true,\"valueName\":\"search_term_string\"}}],\"inLanguage\":\"pt-BR\"},{\"@type\":\"Organization\",\"@id\":\"https:\/\/www.notibras.com\/site\/#organization\",\"name\":\"Grupo Notibras de Comunica\u00e7\u00e3o\",\"url\":\"https:\/\/www.notibras.com\/site\/\",\"logo\":{\"@type\":\"ImageObject\",\"inLanguage\":\"pt-BR\",\"@id\":\"https:\/\/www.notibras.com\/site\/#\/schema\/logo\/image\/\",\"url\":\"https:\/\/www.notibras.com\/site\/wp-content\/uploads\/2023\/01\/notibras23.png\",\"contentUrl\":\"https:\/\/www.notibras.com\/site\/wp-content\/uploads\/2023\/01\/notibras23.png\",\"width\":350,\"height\":87,\"caption\":\"Grupo Notibras de Comunica\u00e7\u00e3o\"},\"image\":{\"@id\":\"https:\/\/www.notibras.com\/site\/#\/schema\/logo\/image\/\"},\"sameAs\":[\"https:\/\/www.facebook.com\/notibras\/\",\"https:\/\/x.com\/Notibras\",\"https:\/\/www.instagram.com\/notibras\/\"]},{\"@type\":\"Person\",\"@id\":\"https:\/\/www.notibras.com\/site\/#\/schema\/person\/36ab0979449956132d3e5b517ea76ac8\",\"name\":\"Reda\u00e7\u00e3o\",\"image\":{\"@type\":\"ImageObject\",\"inLanguage\":\"pt-BR\",\"@id\":\"https:\/\/secure.gravatar.com\/avatar\/e0a867bdedb85fd243eadf09663511f96fc81e0720a4a42581f334ad4303aa6b?s=96&d=mm&r=g\",\"url\":\"https:\/\/secure.gravatar.com\/avatar\/e0a867bdedb85fd243eadf09663511f96fc81e0720a4a42581f334ad4303aa6b?s=96&d=mm&r=g\",\"contentUrl\":\"https:\/\/secure.gravatar.com\/avatar\/e0a867bdedb85fd243eadf09663511f96fc81e0720a4a42581f334ad4303aa6b?s=96&d=mm&r=g\",\"caption\":\"Reda\u00e7\u00e3o\"}}]}<\/script>\n<!-- \/ Yoast SEO plugin. -->","yoast_head_json":{"title":"Oposi\u00e7\u00e3o vai \u00e0 Procuradoria pedir investiga\u00e7\u00e3o de compra de MP durante governo Lula - Notibras","robots":{"index":"index","follow":"follow","max-snippet":"max-snippet:-1","max-image-preview":"max-image-preview:large","max-video-preview":"max-video-preview:-1"},"canonical":"https:\/\/www.notibras.com\/site\/oposicao-vai-a-procuradoria-pedir-investigacao-sobre-compra-de-mp-no-governo-lula\/","og_locale":"pt_BR","og_type":"article","og_title":"Oposi\u00e7\u00e3o vai \u00e0 Procuradoria pedir investiga\u00e7\u00e3o de compra de MP durante governo Lula - Notibras","og_description":"O l\u00edder do PSDB na C\u00e2mara, deputado Carlos Sampaio (SP), protocolou, nesta quinta-feira, 01, uma representa\u00e7\u00e3o junto \u00e0 Procuradoria-Geral da Rep\u00fablica (PGR) solicitando a investiga\u00e7\u00e3o de den\u00fancias de suposta &#8220;compra&#8221; da edi\u00e7\u00e3o de uma Medida Provis\u00f3ria durante o governo de ex-presidente Luiz In\u00e1cio Lula da Silva. &#8220;Por se tratar de um governo com not\u00f3ria conduta [&hellip;]","og_url":"https:\/\/www.notibras.com\/site\/oposicao-vai-a-procuradoria-pedir-investigacao-sobre-compra-de-mp-no-governo-lula\/","og_site_name":"Notibras","article_publisher":"https:\/\/www.facebook.com\/notibras\/","article_published_time":"2015-10-02T00:46:17+00:00","article_modified_time":"2015-10-02T01:17:16+00:00","og_image":[{"width":600,"height":400,"url":"https:\/\/www.notibras.com\/site\/wp-content\/uploads\/2015\/10\/carlos-sampaio-foto-george-gianni-psdb-.jpg","type":"image\/jpeg"}],"author":"Reda\u00e7\u00e3o","twitter_card":"summary_large_image","twitter_creator":"@Notibras","twitter_site":"@Notibras","twitter_misc":{"Escrito por":"Reda\u00e7\u00e3o","Est. tempo de leitura":"2 minutos"},"schema":{"@context":"https:\/\/schema.org","@graph":[{"@type":"Article","@id":"https:\/\/www.notibras.com\/site\/oposicao-vai-a-procuradoria-pedir-investigacao-sobre-compra-de-mp-no-governo-lula\/#article","isPartOf":{"@id":"https:\/\/www.notibras.com\/site\/oposicao-vai-a-procuradoria-pedir-investigacao-sobre-compra-de-mp-no-governo-lula\/"},"author":{"name":"Reda\u00e7\u00e3o","@id":"https:\/\/www.notibras.com\/site\/#\/schema\/person\/36ab0979449956132d3e5b517ea76ac8"},"headline":"Oposi\u00e7\u00e3o vai \u00e0 Procuradoria pedir investiga\u00e7\u00e3o de compra de MP durante governo Lula","datePublished":"2015-10-02T00:46:17+00:00","dateModified":"2015-10-02T01:17:16+00:00","mainEntityOfPage":{"@id":"https:\/\/www.notibras.com\/site\/oposicao-vai-a-procuradoria-pedir-investigacao-sobre-compra-de-mp-no-governo-lula\/"},"wordCount":464,"commentCount":0,"publisher":{"@id":"https:\/\/www.notibras.com\/site\/#organization"},"image":{"@id":"https:\/\/www.notibras.com\/site\/oposicao-vai-a-procuradoria-pedir-investigacao-sobre-compra-de-mp-no-governo-lula\/#primaryimage"},"thumbnailUrl":"http:\/\/www.notibras.com\/site\/wp-content\/uploads\/2015\/10\/estadao.png","articleSection":["Brasil"],"inLanguage":"pt-BR","potentialAction":[{"@type":"CommentAction","name":"Comment","target":["https:\/\/www.notibras.com\/site\/oposicao-vai-a-procuradoria-pedir-investigacao-sobre-compra-de-mp-no-governo-lula\/#respond"]}]},{"@type":"WebPage","@id":"https:\/\/www.notibras.com\/site\/oposicao-vai-a-procuradoria-pedir-investigacao-sobre-compra-de-mp-no-governo-lula\/","url":"https:\/\/www.notibras.com\/site\/oposicao-vai-a-procuradoria-pedir-investigacao-sobre-compra-de-mp-no-governo-lula\/","name":"Oposi\u00e7\u00e3o vai \u00e0 Procuradoria pedir investiga\u00e7\u00e3o de compra de MP durante governo Lula - Notibras","isPartOf":{"@id":"https:\/\/www.notibras.com\/site\/#website"},"primaryImageOfPage":{"@id":"https:\/\/www.notibras.com\/site\/oposicao-vai-a-procuradoria-pedir-investigacao-sobre-compra-de-mp-no-governo-lula\/#primaryimage"},"image":{"@id":"https:\/\/www.notibras.com\/site\/oposicao-vai-a-procuradoria-pedir-investigacao-sobre-compra-de-mp-no-governo-lula\/#primaryimage"},"thumbnailUrl":"http:\/\/www.notibras.com\/site\/wp-content\/uploads\/2015\/10\/estadao.png","datePublished":"2015-10-02T00:46:17+00:00","dateModified":"2015-10-02T01:17:16+00:00","breadcrumb":{"@id":"https:\/\/www.notibras.com\/site\/oposicao-vai-a-procuradoria-pedir-investigacao-sobre-compra-de-mp-no-governo-lula\/#breadcrumb"},"inLanguage":"pt-BR","potentialAction":[{"@type":"ReadAction","target":["https:\/\/www.notibras.com\/site\/oposicao-vai-a-procuradoria-pedir-investigacao-sobre-compra-de-mp-no-governo-lula\/"]}]},{"@type":"ImageObject","inLanguage":"pt-BR","@id":"https:\/\/www.notibras.com\/site\/oposicao-vai-a-procuradoria-pedir-investigacao-sobre-compra-de-mp-no-governo-lula\/#primaryimage","url":"http:\/\/www.notibras.com\/site\/wp-content\/uploads\/2015\/10\/estadao.png","contentUrl":"http:\/\/www.notibras.com\/site\/wp-content\/uploads\/2015\/10\/estadao.png"},{"@type":"BreadcrumbList","@id":"https:\/\/www.notibras.com\/site\/oposicao-vai-a-procuradoria-pedir-investigacao-sobre-compra-de-mp-no-governo-lula\/#breadcrumb","itemListElement":[{"@type":"ListItem","position":1,"name":"In\u00edcio","item":"https:\/\/www.notibras.com\/site\/"},{"@type":"ListItem","position":2,"name":"Oposi\u00e7\u00e3o vai \u00e0 Procuradoria pedir investiga\u00e7\u00e3o de compra de MP durante governo Lula"}]},{"@type":"WebSite","@id":"https:\/\/www.notibras.com\/site\/#website","url":"https:\/\/www.notibras.com\/site\/","name":"Notibras","description":"Not\u00edcias de Bras\u00edlia, do Brasil e do Mundo","publisher":{"@id":"https:\/\/www.notibras.com\/site\/#organization"},"potentialAction":[{"@type":"SearchAction","target":{"@type":"EntryPoint","urlTemplate":"https:\/\/www.notibras.com\/site\/?s={search_term_string}"},"query-input":{"@type":"PropertyValueSpecification","valueRequired":true,"valueName":"search_term_string"}}],"inLanguage":"pt-BR"},{"@type":"Organization","@id":"https:\/\/www.notibras.com\/site\/#organization","name":"Grupo Notibras de Comunica\u00e7\u00e3o","url":"https:\/\/www.notibras.com\/site\/","logo":{"@type":"ImageObject","inLanguage":"pt-BR","@id":"https:\/\/www.notibras.com\/site\/#\/schema\/logo\/image\/","url":"https:\/\/www.notibras.com\/site\/wp-content\/uploads\/2023\/01\/notibras23.png","contentUrl":"https:\/\/www.notibras.com\/site\/wp-content\/uploads\/2023\/01\/notibras23.png","width":350,"height":87,"caption":"Grupo Notibras de Comunica\u00e7\u00e3o"},"image":{"@id":"https:\/\/www.notibras.com\/site\/#\/schema\/logo\/image\/"},"sameAs":["https:\/\/www.facebook.com\/notibras\/","https:\/\/x.com\/Notibras","https:\/\/www.instagram.com\/notibras\/"]},{"@type":"Person","@id":"https:\/\/www.notibras.com\/site\/#\/schema\/person\/36ab0979449956132d3e5b517ea76ac8","name":"Reda\u00e7\u00e3o","image":{"@type":"ImageObject","inLanguage":"pt-BR","@id":"https:\/\/secure.gravatar.com\/avatar\/e0a867bdedb85fd243eadf09663511f96fc81e0720a4a42581f334ad4303aa6b?s=96&d=mm&r=g","url":"https:\/\/secure.gravatar.com\/avatar\/e0a867bdedb85fd243eadf09663511f96fc81e0720a4a42581f334ad4303aa6b?s=96&d=mm&r=g","contentUrl":"https:\/\/secure.gravatar.com\/avatar\/e0a867bdedb85fd243eadf09663511f96fc81e0720a4a42581f334ad4303aa6b?s=96&d=mm&r=g","caption":"Reda\u00e7\u00e3o"}}]}},"amp_enabled":true,"_links":{"self":[{"href":"https:\/\/www.notibras.com\/site\/wp-json\/wp\/v2\/posts\/70049","targetHints":{"allow":["GET"]}}],"collection":[{"href":"https:\/\/www.notibras.com\/site\/wp-json\/wp\/v2\/posts"}],"about":[{"href":"https:\/\/www.notibras.com\/site\/wp-json\/wp\/v2\/types\/post"}],"author":[{"embeddable":true,"href":"https:\/\/www.notibras.com\/site\/wp-json\/wp\/v2\/users\/2"}],"replies":[{"embeddable":true,"href":"https:\/\/www.notibras.com\/site\/wp-json\/wp\/v2\/comments?post=70049"}],"version-history":[{"count":3,"href":"https:\/\/www.notibras.com\/site\/wp-json\/wp\/v2\/posts\/70049\/revisions"}],"predecessor-version":[{"id":70053,"href":"https:\/\/www.notibras.com\/site\/wp-json\/wp\/v2\/posts\/70049\/revisions\/70053"}],"wp:attachment":[{"href":"https:\/\/www.notibras.com\/site\/wp-json\/wp\/v2\/media?parent=70049"}],"wp:term":[{"taxonomy":"category","embeddable":true,"href":"https:\/\/www.notibras.com\/site\/wp-json\/wp\/v2\/categories?post=70049"},{"taxonomy":"post_tag","embeddable":true,"href":"https:\/\/www.notibras.com\/site\/wp-json\/wp\/v2\/tags?post=70049"}],"curies":[{"name":"wp","href":"https:\/\/api.w.org\/{rel}","templated":true}]}}