{"id":70088,"date":"2015-10-01T22:36:25","date_gmt":"2015-10-02T01:36:25","guid":{"rendered":"http:\/\/www.notibras.com\/site\/?p=70088"},"modified":"2015-10-02T00:41:00","modified_gmt":"2015-10-02T03:41:00","slug":"chapecoense-vence-libertad-nos-penaltis-e-encara-river-plate-na-sul-americana","status":"publish","type":"post","link":"https:\/\/www.notibras.com\/site\/chapecoense-vence-libertad-nos-penaltis-e-encara-river-plate-na-sul-americana\/","title":{"rendered":"Chapecoense vence Libertad nos p\u00eanaltis e encara River Plate na Sul-Americana"},"content":{"rendered":"<p>A Chapecoense conquistou uma classifica\u00e7\u00e3o hist\u00f3rica nesta quinta-feira e se garantiu nas quartas de final da Copa Sul-Americana ap\u00f3s empatar por 1 a 1 com o Libertad, do Paraguai, na Arena Cond\u00e1, em Chapec\u00f3 (SC), e garantir a vaga na disputa de p\u00eanaltis por 5 a 3. Na pr\u00f3xima fase, o time catarinense enfrenta o atual campe\u00e3o River Plate, da Argentina. Na outra partida da noite, os uruguaios do Defensor tamb\u00e9m avan\u00e7aram na disputa de p\u00eanaltis e se preparam para medir for\u00e7as contra o Hurac\u00e1n, tamb\u00e9m argentino.<\/p>\n<p>A Chapecoense tomou um susto logo no in\u00edcio, mas teve for\u00e7as para empatar a partida logo em seguida com o atacante T\u00falio de Melo. O resultado de 1 a 1 era o mesmo da partida de ida, em Assun\u00e7\u00e3o, e levaria o jogo para as penalidades m\u00e1ximas.<\/p>\n<p>Como teve ainda o volante Wanderson expulso no in\u00edcio da etapa final, coube ao time catarinense se segurar e levar a decis\u00e3o para as cobran\u00e7as de penalidades m\u00e1ximas. Com muita frieza, os brasileiros n\u00e3o desperdi\u00e7aram nenhuma cobran\u00e7a e comemoraram a classifica\u00e7\u00e3o, j\u00e1 que L\u00f3pez chutou para fora um dos p\u00eanaltis do Libertad.<\/p>\n<p>Na outra partida desta quinta-feira, mais emo\u00e7\u00e3o. Os uruguaios do Defensor empataram sem gols com o Lan\u00fas, mesmo resultado do jogo de ida, na Argentina, e a decis\u00e3o tamb\u00e9m foi para os p\u00eanaltis. Com 5 a 3 nas cobran\u00e7as, o clube de Montevid\u00e9u avan\u00e7ou e enfrenta o Hurac\u00e1n.<\/p>\n<p>Na quarta-feira, os tr\u00eas outros brasileiros que seguiam vivos na competi\u00e7\u00e3o entraram em campo, mas apenas o Atl\u00e9tico Paranaense conquistou a classifica\u00e7\u00e3o. O Sport perdeu para o Hurac\u00e1n, na Argentina, por 3 a 0 e o Bras\u00edlia empatou por 0 a 0 com o pr\u00f3prio time paranaense, mas foi eliminado j\u00e1 que tinha perdido a partida de ida por 1 a 0.<\/p>\n<p>Nas quartas de final, o Atl\u00e9tico enfrenta o Sportivo Luque\u00f1o, do Paraguai. Tamb\u00e9m classificados na quarta-feira, Independiente, da Argentina, e os colombianos do Independiente Santa F\u00e9 fazem o outro confronto que garante vaga \u00e0s semifinais do torneio.<\/p>\n<p><strong>Estad\u00e3o Conte\u00fado<\/strong><\/p>\n","protected":false},"excerpt":{"rendered":"<p>A Chapecoense conquistou uma classifica\u00e7\u00e3o hist\u00f3rica nesta quinta-feira e se garantiu nas quartas de final da Copa Sul-Americana ap\u00f3s empatar por 1 a 1 com o Libertad, do Paraguai, na Arena Cond\u00e1, em Chapec\u00f3 (SC), e garantir a vaga na disputa de p\u00eanaltis por 5 a 3. Na pr\u00f3xima fase, o time catarinense enfrenta o [&hellip;]<\/p>\n","protected":false},"author":2,"featured_media":70089,"comment_status":"open","ping_status":"closed","sticky":false,"template":"","format":"standard","meta":{"_acf_changed":false,"footnotes":""},"categories":[29],"tags":[],"class_list":["post-70088","post","type-post","status-publish","format-standard","has-post-thumbnail","hentry","category-futebol"],"acf":[],"yoast_head":"<!-- This site is optimized with the Yoast SEO plugin v27.2 - https:\/\/yoast.com\/product\/yoast-seo-wordpress\/ -->\n<title>Chapecoense vence Libertad nos p\u00eanaltis e encara River Plate na Sul-Americana - Notibras<\/title>\n<meta name=\"robots\" content=\"index, follow, max-snippet:-1, max-image-preview:large, max-video-preview:-1\" \/>\n<link rel=\"canonical\" href=\"https:\/\/www.notibras.com\/site\/chapecoense-vence-libertad-nos-penaltis-e-encara-river-plate-na-sul-americana\/\" \/>\n<meta property=\"og:locale\" content=\"pt_BR\" \/>\n<meta property=\"og:type\" content=\"article\" \/>\n<meta property=\"og:title\" content=\"Chapecoense vence Libertad nos p\u00eanaltis e encara River Plate na Sul-Americana - Notibras\" \/>\n<meta property=\"og:description\" content=\"A Chapecoense conquistou uma classifica\u00e7\u00e3o hist\u00f3rica nesta quinta-feira e se garantiu nas quartas de final da Copa Sul-Americana ap\u00f3s empatar por 1 a 1 com o Libertad, do Paraguai, na Arena Cond\u00e1, em Chapec\u00f3 (SC), e garantir a vaga na disputa de p\u00eanaltis por 5 a 3. Na pr\u00f3xima fase, o time catarinense enfrenta o [&hellip;]\" \/>\n<meta property=\"og:url\" content=\"https:\/\/www.notibras.com\/site\/chapecoense-vence-libertad-nos-penaltis-e-encara-river-plate-na-sul-americana\/\" \/>\n<meta property=\"og:site_name\" content=\"Notibras\" \/>\n<meta property=\"article:publisher\" content=\"https:\/\/www.facebook.com\/notibras\/\" \/>\n<meta property=\"article:published_time\" content=\"2015-10-02T01:36:25+00:00\" \/>\n<meta property=\"article:modified_time\" content=\"2015-10-02T03:41:00+00:00\" \/>\n<meta property=\"og:image\" content=\"https:\/\/www.notibras.com\/site\/wp-content\/uploads\/2015\/10\/cahpeco-840x538.jpg\" \/>\n\t<meta property=\"og:image:width\" content=\"840\" \/>\n\t<meta property=\"og:image:height\" content=\"538\" \/>\n\t<meta property=\"og:image:type\" content=\"image\/jpeg\" \/>\n<meta name=\"author\" content=\"Reda\u00e7\u00e3o\" \/>\n<meta name=\"twitter:card\" content=\"summary_large_image\" \/>\n<meta name=\"twitter:creator\" content=\"@Notibras\" \/>\n<meta name=\"twitter:site\" content=\"@Notibras\" \/>\n<meta name=\"twitter:label1\" content=\"Escrito por\" \/>\n\t<meta name=\"twitter:data1\" content=\"Reda\u00e7\u00e3o\" \/>\n\t<meta name=\"twitter:label2\" content=\"Est. tempo de leitura\" \/>\n\t<meta name=\"twitter:data2\" content=\"2 minutos\" \/>\n<script type=\"application\/ld+json\" class=\"yoast-schema-graph\">{\"@context\":\"https:\/\/schema.org\",\"@graph\":[{\"@type\":\"Article\",\"@id\":\"https:\/\/www.notibras.com\/site\/chapecoense-vence-libertad-nos-penaltis-e-encara-river-plate-na-sul-americana\/#article\",\"isPartOf\":{\"@id\":\"https:\/\/www.notibras.com\/site\/chapecoense-vence-libertad-nos-penaltis-e-encara-river-plate-na-sul-americana\/\"},\"author\":{\"name\":\"Reda\u00e7\u00e3o\",\"@id\":\"https:\/\/www.notibras.com\/site\/#\/schema\/person\/36ab0979449956132d3e5b517ea76ac8\"},\"headline\":\"Chapecoense vence Libertad nos p\u00eanaltis e encara River Plate na Sul-Americana\",\"datePublished\":\"2015-10-02T01:36:25+00:00\",\"dateModified\":\"2015-10-02T03:41:00+00:00\",\"mainEntityOfPage\":{\"@id\":\"https:\/\/www.notibras.com\/site\/chapecoense-vence-libertad-nos-penaltis-e-encara-river-plate-na-sul-americana\/\"},\"wordCount\":381,\"commentCount\":0,\"publisher\":{\"@id\":\"https:\/\/www.notibras.com\/site\/#organization\"},\"image\":{\"@id\":\"https:\/\/www.notibras.com\/site\/chapecoense-vence-libertad-nos-penaltis-e-encara-river-plate-na-sul-americana\/#primaryimage\"},\"thumbnailUrl\":\"https:\/\/www.notibras.com\/site\/wp-content\/uploads\/2015\/10\/cahpeco-840x538.jpg\",\"articleSection\":[\"Futebol\"],\"inLanguage\":\"pt-BR\",\"potentialAction\":[{\"@type\":\"CommentAction\",\"name\":\"Comment\",\"target\":[\"https:\/\/www.notibras.com\/site\/chapecoense-vence-libertad-nos-penaltis-e-encara-river-plate-na-sul-americana\/#respond\"]}]},{\"@type\":\"WebPage\",\"@id\":\"https:\/\/www.notibras.com\/site\/chapecoense-vence-libertad-nos-penaltis-e-encara-river-plate-na-sul-americana\/\",\"url\":\"https:\/\/www.notibras.com\/site\/chapecoense-vence-libertad-nos-penaltis-e-encara-river-plate-na-sul-americana\/\",\"name\":\"Chapecoense vence Libertad nos p\u00eanaltis e encara River Plate na Sul-Americana - Notibras\",\"isPartOf\":{\"@id\":\"https:\/\/www.notibras.com\/site\/#website\"},\"primaryImageOfPage\":{\"@id\":\"https:\/\/www.notibras.com\/site\/chapecoense-vence-libertad-nos-penaltis-e-encara-river-plate-na-sul-americana\/#primaryimage\"},\"image\":{\"@id\":\"https:\/\/www.notibras.com\/site\/chapecoense-vence-libertad-nos-penaltis-e-encara-river-plate-na-sul-americana\/#primaryimage\"},\"thumbnailUrl\":\"https:\/\/www.notibras.com\/site\/wp-content\/uploads\/2015\/10\/cahpeco-840x538.jpg\",\"datePublished\":\"2015-10-02T01:36:25+00:00\",\"dateModified\":\"2015-10-02T03:41:00+00:00\",\"breadcrumb\":{\"@id\":\"https:\/\/www.notibras.com\/site\/chapecoense-vence-libertad-nos-penaltis-e-encara-river-plate-na-sul-americana\/#breadcrumb\"},\"inLanguage\":\"pt-BR\",\"potentialAction\":[{\"@type\":\"ReadAction\",\"target\":[\"https:\/\/www.notibras.com\/site\/chapecoense-vence-libertad-nos-penaltis-e-encara-river-plate-na-sul-americana\/\"]}]},{\"@type\":\"ImageObject\",\"inLanguage\":\"pt-BR\",\"@id\":\"https:\/\/www.notibras.com\/site\/chapecoense-vence-libertad-nos-penaltis-e-encara-river-plate-na-sul-americana\/#primaryimage\",\"url\":\"https:\/\/www.notibras.com\/site\/wp-content\/uploads\/2015\/10\/cahpeco-840x538.jpg\",\"contentUrl\":\"https:\/\/www.notibras.com\/site\/wp-content\/uploads\/2015\/10\/cahpeco-840x538.jpg\",\"width\":840,\"height\":538},{\"@type\":\"BreadcrumbList\",\"@id\":\"https:\/\/www.notibras.com\/site\/chapecoense-vence-libertad-nos-penaltis-e-encara-river-plate-na-sul-americana\/#breadcrumb\",\"itemListElement\":[{\"@type\":\"ListItem\",\"position\":1,\"name\":\"In\u00edcio\",\"item\":\"https:\/\/www.notibras.com\/site\/\"},{\"@type\":\"ListItem\",\"position\":2,\"name\":\"Chapecoense vence Libertad nos p\u00eanaltis e encara River Plate na Sul-Americana\"}]},{\"@type\":\"WebSite\",\"@id\":\"https:\/\/www.notibras.com\/site\/#website\",\"url\":\"https:\/\/www.notibras.com\/site\/\",\"name\":\"Notibras\",\"description\":\"Not\u00edcias de Bras\u00edlia, do Brasil e do Mundo\",\"publisher\":{\"@id\":\"https:\/\/www.notibras.com\/site\/#organization\"},\"potentialAction\":[{\"@type\":\"SearchAction\",\"target\":{\"@type\":\"EntryPoint\",\"urlTemplate\":\"https:\/\/www.notibras.com\/site\/?s={search_term_string}\"},\"query-input\":{\"@type\":\"PropertyValueSpecification\",\"valueRequired\":true,\"valueName\":\"search_term_string\"}}],\"inLanguage\":\"pt-BR\"},{\"@type\":\"Organization\",\"@id\":\"https:\/\/www.notibras.com\/site\/#organization\",\"name\":\"Grupo Notibras de Comunica\u00e7\u00e3o\",\"url\":\"https:\/\/www.notibras.com\/site\/\",\"logo\":{\"@type\":\"ImageObject\",\"inLanguage\":\"pt-BR\",\"@id\":\"https:\/\/www.notibras.com\/site\/#\/schema\/logo\/image\/\",\"url\":\"https:\/\/www.notibras.com\/site\/wp-content\/uploads\/2023\/01\/notibras23.png\",\"contentUrl\":\"https:\/\/www.notibras.com\/site\/wp-content\/uploads\/2023\/01\/notibras23.png\",\"width\":350,\"height\":87,\"caption\":\"Grupo Notibras de Comunica\u00e7\u00e3o\"},\"image\":{\"@id\":\"https:\/\/www.notibras.com\/site\/#\/schema\/logo\/image\/\"},\"sameAs\":[\"https:\/\/www.facebook.com\/notibras\/\",\"https:\/\/x.com\/Notibras\",\"https:\/\/www.instagram.com\/notibras\/\"]},{\"@type\":\"Person\",\"@id\":\"https:\/\/www.notibras.com\/site\/#\/schema\/person\/36ab0979449956132d3e5b517ea76ac8\",\"name\":\"Reda\u00e7\u00e3o\",\"image\":{\"@type\":\"ImageObject\",\"inLanguage\":\"pt-BR\",\"@id\":\"https:\/\/secure.gravatar.com\/avatar\/e0a867bdedb85fd243eadf09663511f96fc81e0720a4a42581f334ad4303aa6b?s=96&d=mm&r=g\",\"url\":\"https:\/\/secure.gravatar.com\/avatar\/e0a867bdedb85fd243eadf09663511f96fc81e0720a4a42581f334ad4303aa6b?s=96&d=mm&r=g\",\"contentUrl\":\"https:\/\/secure.gravatar.com\/avatar\/e0a867bdedb85fd243eadf09663511f96fc81e0720a4a42581f334ad4303aa6b?s=96&d=mm&r=g\",\"caption\":\"Reda\u00e7\u00e3o\"}}]}<\/script>\n<!-- \/ Yoast SEO plugin. -->","yoast_head_json":{"title":"Chapecoense vence Libertad nos p\u00eanaltis e encara River Plate na Sul-Americana - Notibras","robots":{"index":"index","follow":"follow","max-snippet":"max-snippet:-1","max-image-preview":"max-image-preview:large","max-video-preview":"max-video-preview:-1"},"canonical":"https:\/\/www.notibras.com\/site\/chapecoense-vence-libertad-nos-penaltis-e-encara-river-plate-na-sul-americana\/","og_locale":"pt_BR","og_type":"article","og_title":"Chapecoense vence Libertad nos p\u00eanaltis e encara River Plate na Sul-Americana - Notibras","og_description":"A Chapecoense conquistou uma classifica\u00e7\u00e3o hist\u00f3rica nesta quinta-feira e se garantiu nas quartas de final da Copa Sul-Americana ap\u00f3s empatar por 1 a 1 com o Libertad, do Paraguai, na Arena Cond\u00e1, em Chapec\u00f3 (SC), e garantir a vaga na disputa de p\u00eanaltis por 5 a 3. Na pr\u00f3xima fase, o time catarinense enfrenta o [&hellip;]","og_url":"https:\/\/www.notibras.com\/site\/chapecoense-vence-libertad-nos-penaltis-e-encara-river-plate-na-sul-americana\/","og_site_name":"Notibras","article_publisher":"https:\/\/www.facebook.com\/notibras\/","article_published_time":"2015-10-02T01:36:25+00:00","article_modified_time":"2015-10-02T03:41:00+00:00","og_image":[{"width":840,"height":538,"url":"https:\/\/www.notibras.com\/site\/wp-content\/uploads\/2015\/10\/cahpeco-840x538.jpg","type":"image\/jpeg"}],"author":"Reda\u00e7\u00e3o","twitter_card":"summary_large_image","twitter_creator":"@Notibras","twitter_site":"@Notibras","twitter_misc":{"Escrito por":"Reda\u00e7\u00e3o","Est. tempo de leitura":"2 minutos"},"schema":{"@context":"https:\/\/schema.org","@graph":[{"@type":"Article","@id":"https:\/\/www.notibras.com\/site\/chapecoense-vence-libertad-nos-penaltis-e-encara-river-plate-na-sul-americana\/#article","isPartOf":{"@id":"https:\/\/www.notibras.com\/site\/chapecoense-vence-libertad-nos-penaltis-e-encara-river-plate-na-sul-americana\/"},"author":{"name":"Reda\u00e7\u00e3o","@id":"https:\/\/www.notibras.com\/site\/#\/schema\/person\/36ab0979449956132d3e5b517ea76ac8"},"headline":"Chapecoense vence Libertad nos p\u00eanaltis e encara River Plate na Sul-Americana","datePublished":"2015-10-02T01:36:25+00:00","dateModified":"2015-10-02T03:41:00+00:00","mainEntityOfPage":{"@id":"https:\/\/www.notibras.com\/site\/chapecoense-vence-libertad-nos-penaltis-e-encara-river-plate-na-sul-americana\/"},"wordCount":381,"commentCount":0,"publisher":{"@id":"https:\/\/www.notibras.com\/site\/#organization"},"image":{"@id":"https:\/\/www.notibras.com\/site\/chapecoense-vence-libertad-nos-penaltis-e-encara-river-plate-na-sul-americana\/#primaryimage"},"thumbnailUrl":"https:\/\/www.notibras.com\/site\/wp-content\/uploads\/2015\/10\/cahpeco-840x538.jpg","articleSection":["Futebol"],"inLanguage":"pt-BR","potentialAction":[{"@type":"CommentAction","name":"Comment","target":["https:\/\/www.notibras.com\/site\/chapecoense-vence-libertad-nos-penaltis-e-encara-river-plate-na-sul-americana\/#respond"]}]},{"@type":"WebPage","@id":"https:\/\/www.notibras.com\/site\/chapecoense-vence-libertad-nos-penaltis-e-encara-river-plate-na-sul-americana\/","url":"https:\/\/www.notibras.com\/site\/chapecoense-vence-libertad-nos-penaltis-e-encara-river-plate-na-sul-americana\/","name":"Chapecoense vence Libertad nos p\u00eanaltis e encara River Plate na Sul-Americana - Notibras","isPartOf":{"@id":"https:\/\/www.notibras.com\/site\/#website"},"primaryImageOfPage":{"@id":"https:\/\/www.notibras.com\/site\/chapecoense-vence-libertad-nos-penaltis-e-encara-river-plate-na-sul-americana\/#primaryimage"},"image":{"@id":"https:\/\/www.notibras.com\/site\/chapecoense-vence-libertad-nos-penaltis-e-encara-river-plate-na-sul-americana\/#primaryimage"},"thumbnailUrl":"https:\/\/www.notibras.com\/site\/wp-content\/uploads\/2015\/10\/cahpeco-840x538.jpg","datePublished":"2015-10-02T01:36:25+00:00","dateModified":"2015-10-02T03:41:00+00:00","breadcrumb":{"@id":"https:\/\/www.notibras.com\/site\/chapecoense-vence-libertad-nos-penaltis-e-encara-river-plate-na-sul-americana\/#breadcrumb"},"inLanguage":"pt-BR","potentialAction":[{"@type":"ReadAction","target":["https:\/\/www.notibras.com\/site\/chapecoense-vence-libertad-nos-penaltis-e-encara-river-plate-na-sul-americana\/"]}]},{"@type":"ImageObject","inLanguage":"pt-BR","@id":"https:\/\/www.notibras.com\/site\/chapecoense-vence-libertad-nos-penaltis-e-encara-river-plate-na-sul-americana\/#primaryimage","url":"https:\/\/www.notibras.com\/site\/wp-content\/uploads\/2015\/10\/cahpeco-840x538.jpg","contentUrl":"https:\/\/www.notibras.com\/site\/wp-content\/uploads\/2015\/10\/cahpeco-840x538.jpg","width":840,"height":538},{"@type":"BreadcrumbList","@id":"https:\/\/www.notibras.com\/site\/chapecoense-vence-libertad-nos-penaltis-e-encara-river-plate-na-sul-americana\/#breadcrumb","itemListElement":[{"@type":"ListItem","position":1,"name":"In\u00edcio","item":"https:\/\/www.notibras.com\/site\/"},{"@type":"ListItem","position":2,"name":"Chapecoense vence Libertad nos p\u00eanaltis e encara River Plate na Sul-Americana"}]},{"@type":"WebSite","@id":"https:\/\/www.notibras.com\/site\/#website","url":"https:\/\/www.notibras.com\/site\/","name":"Notibras","description":"Not\u00edcias de Bras\u00edlia, do Brasil e do Mundo","publisher":{"@id":"https:\/\/www.notibras.com\/site\/#organization"},"potentialAction":[{"@type":"SearchAction","target":{"@type":"EntryPoint","urlTemplate":"https:\/\/www.notibras.com\/site\/?s={search_term_string}"},"query-input":{"@type":"PropertyValueSpecification","valueRequired":true,"valueName":"search_term_string"}}],"inLanguage":"pt-BR"},{"@type":"Organization","@id":"https:\/\/www.notibras.com\/site\/#organization","name":"Grupo Notibras de Comunica\u00e7\u00e3o","url":"https:\/\/www.notibras.com\/site\/","logo":{"@type":"ImageObject","inLanguage":"pt-BR","@id":"https:\/\/www.notibras.com\/site\/#\/schema\/logo\/image\/","url":"https:\/\/www.notibras.com\/site\/wp-content\/uploads\/2023\/01\/notibras23.png","contentUrl":"https:\/\/www.notibras.com\/site\/wp-content\/uploads\/2023\/01\/notibras23.png","width":350,"height":87,"caption":"Grupo Notibras de Comunica\u00e7\u00e3o"},"image":{"@id":"https:\/\/www.notibras.com\/site\/#\/schema\/logo\/image\/"},"sameAs":["https:\/\/www.facebook.com\/notibras\/","https:\/\/x.com\/Notibras","https:\/\/www.instagram.com\/notibras\/"]},{"@type":"Person","@id":"https:\/\/www.notibras.com\/site\/#\/schema\/person\/36ab0979449956132d3e5b517ea76ac8","name":"Reda\u00e7\u00e3o","image":{"@type":"ImageObject","inLanguage":"pt-BR","@id":"https:\/\/secure.gravatar.com\/avatar\/e0a867bdedb85fd243eadf09663511f96fc81e0720a4a42581f334ad4303aa6b?s=96&d=mm&r=g","url":"https:\/\/secure.gravatar.com\/avatar\/e0a867bdedb85fd243eadf09663511f96fc81e0720a4a42581f334ad4303aa6b?s=96&d=mm&r=g","contentUrl":"https:\/\/secure.gravatar.com\/avatar\/e0a867bdedb85fd243eadf09663511f96fc81e0720a4a42581f334ad4303aa6b?s=96&d=mm&r=g","caption":"Reda\u00e7\u00e3o"}}]}},"amp_enabled":true,"_links":{"self":[{"href":"https:\/\/www.notibras.com\/site\/wp-json\/wp\/v2\/posts\/70088","targetHints":{"allow":["GET"]}}],"collection":[{"href":"https:\/\/www.notibras.com\/site\/wp-json\/wp\/v2\/posts"}],"about":[{"href":"https:\/\/www.notibras.com\/site\/wp-json\/wp\/v2\/types\/post"}],"author":[{"embeddable":true,"href":"https:\/\/www.notibras.com\/site\/wp-json\/wp\/v2\/users\/2"}],"replies":[{"embeddable":true,"href":"https:\/\/www.notibras.com\/site\/wp-json\/wp\/v2\/comments?post=70088"}],"version-history":[{"count":1,"href":"https:\/\/www.notibras.com\/site\/wp-json\/wp\/v2\/posts\/70088\/revisions"}],"predecessor-version":[{"id":70090,"href":"https:\/\/www.notibras.com\/site\/wp-json\/wp\/v2\/posts\/70088\/revisions\/70090"}],"wp:featuredmedia":[{"embeddable":true,"href":"https:\/\/www.notibras.com\/site\/wp-json\/wp\/v2\/media\/70089"}],"wp:attachment":[{"href":"https:\/\/www.notibras.com\/site\/wp-json\/wp\/v2\/media?parent=70088"}],"wp:term":[{"taxonomy":"category","embeddable":true,"href":"https:\/\/www.notibras.com\/site\/wp-json\/wp\/v2\/categories?post=70088"},{"taxonomy":"post_tag","embeddable":true,"href":"https:\/\/www.notibras.com\/site\/wp-json\/wp\/v2\/tags?post=70088"}],"curies":[{"name":"wp","href":"https:\/\/api.w.org\/{rel}","templated":true}]}}