{"id":701,"date":"2014-02-07T00:30:27","date_gmt":"2014-02-07T03:30:27","guid":{"rendered":"http:\/\/www.notibras.com\/site\/?p=701"},"modified":"2014-02-07T00:30:27","modified_gmt":"2014-02-07T03:30:27","slug":"policia-prende-justica-solta-solucao-e-dar-porrada-diz-michel","status":"publish","type":"post","link":"https:\/\/www.notibras.com\/site\/policia-prende-justica-solta-solucao-e-dar-porrada-diz-michel\/","title":{"rendered":"Pol\u00edcia prende, Justi\u00e7a solta. Solu\u00e7\u00e3o \u00e9 dar porrada, diz Michel"},"content":{"rendered":"<p>Indignado, o deputado Dr. Michel subiu \u00e0 tribuna na tarde desta quinta-feira (6), durante Comiss\u00e3o Geral para debater a seguran\u00e7a p\u00fablica no DF, e criticou aqueles que est\u00e3o fazendo palanque pol\u00edtico em cima da dor de pais e m\u00e3es que t\u00eam perdido seus filhos para a viol\u00eancia no DF.<\/p>\n<p>O parlamentar conclamou os distritais e demais pol\u00edticos do Congresso Nacional que se unam ao governador do DF e \u00e0 presidente da Rep\u00fablica na luta contra a viol\u00eancia. Segundo o distrital, a crise da seguran\u00e7a p\u00fablica n\u00e3o \u00e9 exclusiva do DF, mas sim, um problema que assola todo o pa\u00eds e atribui \u00e0s leis muito brandas o fato de a bandidagem est\u00e1 tomando conta das ruas de todo o Brasil.<\/p>\n<p>O deputado argumenta que a pol\u00edcia n\u00e3o quer s\u00f3 aumento de sal\u00e1rio e defende que os policiais precisam de condi\u00e7\u00f5es para trabalhar, pois hoje &#8220;a pol\u00edcia est\u00e1 morrendo nas ruas, a pol\u00edcia prende e a lei solta: isso tem que mudar&#8221;, desabafa.<\/p>\n<p>No lugar da propagada opera\u00e7\u00e3o Tartaruga, Dr. Michel sugere a ado\u00e7\u00e3o da Opera\u00e7\u00e3o Jaguar. \u201cVamos colocar vagabundo na cadeia\u201d, desafia o ex-delegado. O xerif\u00e3o, como \u00e9 conhecido nos bastidores do poder, lembrou o tempo em que pegava vagabundo \u00e0 unha e conseguiu levar a tranquilidade \u00e0 Sobradinho II, terceira cidade mais violenta do DF naquele momento.<\/p>\n","protected":false},"excerpt":{"rendered":"<p>Indignado, o deputado Dr. Michel subiu \u00e0 tribuna na tarde desta quinta-feira (6), durante Comiss\u00e3o Geral para debater a seguran\u00e7a p\u00fablica no DF, e criticou aqueles que est\u00e3o fazendo palanque pol\u00edtico em cima da dor de pais e m\u00e3es que t\u00eam perdido seus filhos para a viol\u00eancia no DF. O parlamentar conclamou os distritais e [&hellip;]<\/p>\n","protected":false},"author":2,"featured_media":702,"comment_status":"open","ping_status":"closed","sticky":false,"template":"","format":"standard","meta":{"_acf_changed":false,"footnotes":""},"categories":[1],"tags":[],"class_list":["post-701","post","type-post","status-publish","format-standard","has-post-thumbnail","hentry","category-brasilia"],"acf":[],"yoast_head":"<!-- This site is optimized with the Yoast SEO plugin v27.2 - https:\/\/yoast.com\/product\/yoast-seo-wordpress\/ -->\n<title>Pol\u00edcia prende, Justi\u00e7a solta. Solu\u00e7\u00e3o \u00e9 dar porrada, diz Michel - Notibras<\/title>\n<meta name=\"robots\" content=\"index, follow, max-snippet:-1, max-image-preview:large, max-video-preview:-1\" \/>\n<link rel=\"canonical\" href=\"https:\/\/www.notibras.com\/site\/policia-prende-justica-solta-solucao-e-dar-porrada-diz-michel\/\" \/>\n<meta property=\"og:locale\" content=\"pt_BR\" \/>\n<meta property=\"og:type\" content=\"article\" \/>\n<meta property=\"og:title\" content=\"Pol\u00edcia prende, Justi\u00e7a solta. Solu\u00e7\u00e3o \u00e9 dar porrada, diz Michel - Notibras\" \/>\n<meta property=\"og:description\" content=\"Indignado, o deputado Dr. Michel subiu \u00e0 tribuna na tarde desta quinta-feira (6), durante Comiss\u00e3o Geral para debater a seguran\u00e7a p\u00fablica no DF, e criticou aqueles que est\u00e3o fazendo palanque pol\u00edtico em cima da dor de pais e m\u00e3es que t\u00eam perdido seus filhos para a viol\u00eancia no DF. O parlamentar conclamou os distritais e [&hellip;]\" \/>\n<meta property=\"og:url\" content=\"https:\/\/www.notibras.com\/site\/policia-prende-justica-solta-solucao-e-dar-porrada-diz-michel\/\" \/>\n<meta property=\"og:site_name\" content=\"Notibras\" \/>\n<meta property=\"article:publisher\" content=\"https:\/\/www.facebook.com\/notibras\/\" \/>\n<meta property=\"article:published_time\" content=\"2014-02-07T03:30:27+00:00\" \/>\n<meta property=\"og:image\" content=\"https:\/\/www.notibras.com\/site\/wp-content\/uploads\/2014\/02\/dr-michel-1.jpg\" \/>\n\t<meta property=\"og:image:width\" content=\"651\" \/>\n\t<meta property=\"og:image:height\" content=\"431\" \/>\n\t<meta property=\"og:image:type\" content=\"image\/jpeg\" \/>\n<meta name=\"author\" content=\"Reda\u00e7\u00e3o\" \/>\n<meta name=\"twitter:card\" content=\"summary_large_image\" \/>\n<meta name=\"twitter:creator\" content=\"@Notibras\" \/>\n<meta name=\"twitter:site\" content=\"@Notibras\" \/>\n<meta name=\"twitter:label1\" content=\"Escrito por\" \/>\n\t<meta name=\"twitter:data1\" content=\"Reda\u00e7\u00e3o\" \/>\n\t<meta name=\"twitter:label2\" content=\"Est. tempo de leitura\" \/>\n\t<meta name=\"twitter:data2\" content=\"1 minuto\" \/>\n<script type=\"application\/ld+json\" class=\"yoast-schema-graph\">{\"@context\":\"https:\/\/schema.org\",\"@graph\":[{\"@type\":\"Article\",\"@id\":\"https:\/\/www.notibras.com\/site\/policia-prende-justica-solta-solucao-e-dar-porrada-diz-michel\/#article\",\"isPartOf\":{\"@id\":\"https:\/\/www.notibras.com\/site\/policia-prende-justica-solta-solucao-e-dar-porrada-diz-michel\/\"},\"author\":{\"name\":\"Reda\u00e7\u00e3o\",\"@id\":\"https:\/\/www.notibras.com\/site\/#\/schema\/person\/36ab0979449956132d3e5b517ea76ac8\"},\"headline\":\"Pol\u00edcia prende, Justi\u00e7a solta. Solu\u00e7\u00e3o \u00e9 dar porrada, diz Michel\",\"datePublished\":\"2014-02-07T03:30:27+00:00\",\"mainEntityOfPage\":{\"@id\":\"https:\/\/www.notibras.com\/site\/policia-prende-justica-solta-solucao-e-dar-porrada-diz-michel\/\"},\"wordCount\":247,\"commentCount\":0,\"publisher\":{\"@id\":\"https:\/\/www.notibras.com\/site\/#organization\"},\"image\":{\"@id\":\"https:\/\/www.notibras.com\/site\/policia-prende-justica-solta-solucao-e-dar-porrada-diz-michel\/#primaryimage\"},\"thumbnailUrl\":\"https:\/\/www.notibras.com\/site\/wp-content\/uploads\/2014\/02\/dr-michel-1.jpg\",\"articleSection\":[\"Bras\u00edlia\"],\"inLanguage\":\"pt-BR\",\"potentialAction\":[{\"@type\":\"CommentAction\",\"name\":\"Comment\",\"target\":[\"https:\/\/www.notibras.com\/site\/policia-prende-justica-solta-solucao-e-dar-porrada-diz-michel\/#respond\"]}]},{\"@type\":\"WebPage\",\"@id\":\"https:\/\/www.notibras.com\/site\/policia-prende-justica-solta-solucao-e-dar-porrada-diz-michel\/\",\"url\":\"https:\/\/www.notibras.com\/site\/policia-prende-justica-solta-solucao-e-dar-porrada-diz-michel\/\",\"name\":\"Pol\u00edcia prende, Justi\u00e7a solta. Solu\u00e7\u00e3o \u00e9 dar porrada, diz Michel - Notibras\",\"isPartOf\":{\"@id\":\"https:\/\/www.notibras.com\/site\/#website\"},\"primaryImageOfPage\":{\"@id\":\"https:\/\/www.notibras.com\/site\/policia-prende-justica-solta-solucao-e-dar-porrada-diz-michel\/#primaryimage\"},\"image\":{\"@id\":\"https:\/\/www.notibras.com\/site\/policia-prende-justica-solta-solucao-e-dar-porrada-diz-michel\/#primaryimage\"},\"thumbnailUrl\":\"https:\/\/www.notibras.com\/site\/wp-content\/uploads\/2014\/02\/dr-michel-1.jpg\",\"datePublished\":\"2014-02-07T03:30:27+00:00\",\"breadcrumb\":{\"@id\":\"https:\/\/www.notibras.com\/site\/policia-prende-justica-solta-solucao-e-dar-porrada-diz-michel\/#breadcrumb\"},\"inLanguage\":\"pt-BR\",\"potentialAction\":[{\"@type\":\"ReadAction\",\"target\":[\"https:\/\/www.notibras.com\/site\/policia-prende-justica-solta-solucao-e-dar-porrada-diz-michel\/\"]}]},{\"@type\":\"ImageObject\",\"inLanguage\":\"pt-BR\",\"@id\":\"https:\/\/www.notibras.com\/site\/policia-prende-justica-solta-solucao-e-dar-porrada-diz-michel\/#primaryimage\",\"url\":\"https:\/\/www.notibras.com\/site\/wp-content\/uploads\/2014\/02\/dr-michel-1.jpg\",\"contentUrl\":\"https:\/\/www.notibras.com\/site\/wp-content\/uploads\/2014\/02\/dr-michel-1.jpg\",\"width\":651,\"height\":431},{\"@type\":\"BreadcrumbList\",\"@id\":\"https:\/\/www.notibras.com\/site\/policia-prende-justica-solta-solucao-e-dar-porrada-diz-michel\/#breadcrumb\",\"itemListElement\":[{\"@type\":\"ListItem\",\"position\":1,\"name\":\"In\u00edcio\",\"item\":\"https:\/\/www.notibras.com\/site\/\"},{\"@type\":\"ListItem\",\"position\":2,\"name\":\"Pol\u00edcia prende, Justi\u00e7a solta. Solu\u00e7\u00e3o \u00e9 dar porrada, diz Michel\"}]},{\"@type\":\"WebSite\",\"@id\":\"https:\/\/www.notibras.com\/site\/#website\",\"url\":\"https:\/\/www.notibras.com\/site\/\",\"name\":\"Notibras\",\"description\":\"Not\u00edcias de Bras\u00edlia, do Brasil e do Mundo\",\"publisher\":{\"@id\":\"https:\/\/www.notibras.com\/site\/#organization\"},\"potentialAction\":[{\"@type\":\"SearchAction\",\"target\":{\"@type\":\"EntryPoint\",\"urlTemplate\":\"https:\/\/www.notibras.com\/site\/?s={search_term_string}\"},\"query-input\":{\"@type\":\"PropertyValueSpecification\",\"valueRequired\":true,\"valueName\":\"search_term_string\"}}],\"inLanguage\":\"pt-BR\"},{\"@type\":\"Organization\",\"@id\":\"https:\/\/www.notibras.com\/site\/#organization\",\"name\":\"Grupo Notibras de Comunica\u00e7\u00e3o\",\"url\":\"https:\/\/www.notibras.com\/site\/\",\"logo\":{\"@type\":\"ImageObject\",\"inLanguage\":\"pt-BR\",\"@id\":\"https:\/\/www.notibras.com\/site\/#\/schema\/logo\/image\/\",\"url\":\"https:\/\/www.notibras.com\/site\/wp-content\/uploads\/2023\/01\/notibras23.png\",\"contentUrl\":\"https:\/\/www.notibras.com\/site\/wp-content\/uploads\/2023\/01\/notibras23.png\",\"width\":350,\"height\":87,\"caption\":\"Grupo Notibras de Comunica\u00e7\u00e3o\"},\"image\":{\"@id\":\"https:\/\/www.notibras.com\/site\/#\/schema\/logo\/image\/\"},\"sameAs\":[\"https:\/\/www.facebook.com\/notibras\/\",\"https:\/\/x.com\/Notibras\",\"https:\/\/www.instagram.com\/notibras\/\"]},{\"@type\":\"Person\",\"@id\":\"https:\/\/www.notibras.com\/site\/#\/schema\/person\/36ab0979449956132d3e5b517ea76ac8\",\"name\":\"Reda\u00e7\u00e3o\",\"image\":{\"@type\":\"ImageObject\",\"inLanguage\":\"pt-BR\",\"@id\":\"https:\/\/secure.gravatar.com\/avatar\/e0a867bdedb85fd243eadf09663511f96fc81e0720a4a42581f334ad4303aa6b?s=96&d=mm&r=g\",\"url\":\"https:\/\/secure.gravatar.com\/avatar\/e0a867bdedb85fd243eadf09663511f96fc81e0720a4a42581f334ad4303aa6b?s=96&d=mm&r=g\",\"contentUrl\":\"https:\/\/secure.gravatar.com\/avatar\/e0a867bdedb85fd243eadf09663511f96fc81e0720a4a42581f334ad4303aa6b?s=96&d=mm&r=g\",\"caption\":\"Reda\u00e7\u00e3o\"}}]}<\/script>\n<!-- \/ Yoast SEO plugin. -->","yoast_head_json":{"title":"Pol\u00edcia prende, Justi\u00e7a solta. Solu\u00e7\u00e3o \u00e9 dar porrada, diz Michel - Notibras","robots":{"index":"index","follow":"follow","max-snippet":"max-snippet:-1","max-image-preview":"max-image-preview:large","max-video-preview":"max-video-preview:-1"},"canonical":"https:\/\/www.notibras.com\/site\/policia-prende-justica-solta-solucao-e-dar-porrada-diz-michel\/","og_locale":"pt_BR","og_type":"article","og_title":"Pol\u00edcia prende, Justi\u00e7a solta. Solu\u00e7\u00e3o \u00e9 dar porrada, diz Michel - Notibras","og_description":"Indignado, o deputado Dr. Michel subiu \u00e0 tribuna na tarde desta quinta-feira (6), durante Comiss\u00e3o Geral para debater a seguran\u00e7a p\u00fablica no DF, e criticou aqueles que est\u00e3o fazendo palanque pol\u00edtico em cima da dor de pais e m\u00e3es que t\u00eam perdido seus filhos para a viol\u00eancia no DF. O parlamentar conclamou os distritais e [&hellip;]","og_url":"https:\/\/www.notibras.com\/site\/policia-prende-justica-solta-solucao-e-dar-porrada-diz-michel\/","og_site_name":"Notibras","article_publisher":"https:\/\/www.facebook.com\/notibras\/","article_published_time":"2014-02-07T03:30:27+00:00","og_image":[{"width":651,"height":431,"url":"https:\/\/www.notibras.com\/site\/wp-content\/uploads\/2014\/02\/dr-michel-1.jpg","type":"image\/jpeg"}],"author":"Reda\u00e7\u00e3o","twitter_card":"summary_large_image","twitter_creator":"@Notibras","twitter_site":"@Notibras","twitter_misc":{"Escrito por":"Reda\u00e7\u00e3o","Est. tempo de leitura":"1 minuto"},"schema":{"@context":"https:\/\/schema.org","@graph":[{"@type":"Article","@id":"https:\/\/www.notibras.com\/site\/policia-prende-justica-solta-solucao-e-dar-porrada-diz-michel\/#article","isPartOf":{"@id":"https:\/\/www.notibras.com\/site\/policia-prende-justica-solta-solucao-e-dar-porrada-diz-michel\/"},"author":{"name":"Reda\u00e7\u00e3o","@id":"https:\/\/www.notibras.com\/site\/#\/schema\/person\/36ab0979449956132d3e5b517ea76ac8"},"headline":"Pol\u00edcia prende, Justi\u00e7a solta. Solu\u00e7\u00e3o \u00e9 dar porrada, diz Michel","datePublished":"2014-02-07T03:30:27+00:00","mainEntityOfPage":{"@id":"https:\/\/www.notibras.com\/site\/policia-prende-justica-solta-solucao-e-dar-porrada-diz-michel\/"},"wordCount":247,"commentCount":0,"publisher":{"@id":"https:\/\/www.notibras.com\/site\/#organization"},"image":{"@id":"https:\/\/www.notibras.com\/site\/policia-prende-justica-solta-solucao-e-dar-porrada-diz-michel\/#primaryimage"},"thumbnailUrl":"https:\/\/www.notibras.com\/site\/wp-content\/uploads\/2014\/02\/dr-michel-1.jpg","articleSection":["Bras\u00edlia"],"inLanguage":"pt-BR","potentialAction":[{"@type":"CommentAction","name":"Comment","target":["https:\/\/www.notibras.com\/site\/policia-prende-justica-solta-solucao-e-dar-porrada-diz-michel\/#respond"]}]},{"@type":"WebPage","@id":"https:\/\/www.notibras.com\/site\/policia-prende-justica-solta-solucao-e-dar-porrada-diz-michel\/","url":"https:\/\/www.notibras.com\/site\/policia-prende-justica-solta-solucao-e-dar-porrada-diz-michel\/","name":"Pol\u00edcia prende, Justi\u00e7a solta. Solu\u00e7\u00e3o \u00e9 dar porrada, diz Michel - Notibras","isPartOf":{"@id":"https:\/\/www.notibras.com\/site\/#website"},"primaryImageOfPage":{"@id":"https:\/\/www.notibras.com\/site\/policia-prende-justica-solta-solucao-e-dar-porrada-diz-michel\/#primaryimage"},"image":{"@id":"https:\/\/www.notibras.com\/site\/policia-prende-justica-solta-solucao-e-dar-porrada-diz-michel\/#primaryimage"},"thumbnailUrl":"https:\/\/www.notibras.com\/site\/wp-content\/uploads\/2014\/02\/dr-michel-1.jpg","datePublished":"2014-02-07T03:30:27+00:00","breadcrumb":{"@id":"https:\/\/www.notibras.com\/site\/policia-prende-justica-solta-solucao-e-dar-porrada-diz-michel\/#breadcrumb"},"inLanguage":"pt-BR","potentialAction":[{"@type":"ReadAction","target":["https:\/\/www.notibras.com\/site\/policia-prende-justica-solta-solucao-e-dar-porrada-diz-michel\/"]}]},{"@type":"ImageObject","inLanguage":"pt-BR","@id":"https:\/\/www.notibras.com\/site\/policia-prende-justica-solta-solucao-e-dar-porrada-diz-michel\/#primaryimage","url":"https:\/\/www.notibras.com\/site\/wp-content\/uploads\/2014\/02\/dr-michel-1.jpg","contentUrl":"https:\/\/www.notibras.com\/site\/wp-content\/uploads\/2014\/02\/dr-michel-1.jpg","width":651,"height":431},{"@type":"BreadcrumbList","@id":"https:\/\/www.notibras.com\/site\/policia-prende-justica-solta-solucao-e-dar-porrada-diz-michel\/#breadcrumb","itemListElement":[{"@type":"ListItem","position":1,"name":"In\u00edcio","item":"https:\/\/www.notibras.com\/site\/"},{"@type":"ListItem","position":2,"name":"Pol\u00edcia prende, Justi\u00e7a solta. Solu\u00e7\u00e3o \u00e9 dar porrada, diz Michel"}]},{"@type":"WebSite","@id":"https:\/\/www.notibras.com\/site\/#website","url":"https:\/\/www.notibras.com\/site\/","name":"Notibras","description":"Not\u00edcias de Bras\u00edlia, do Brasil e do Mundo","publisher":{"@id":"https:\/\/www.notibras.com\/site\/#organization"},"potentialAction":[{"@type":"SearchAction","target":{"@type":"EntryPoint","urlTemplate":"https:\/\/www.notibras.com\/site\/?s={search_term_string}"},"query-input":{"@type":"PropertyValueSpecification","valueRequired":true,"valueName":"search_term_string"}}],"inLanguage":"pt-BR"},{"@type":"Organization","@id":"https:\/\/www.notibras.com\/site\/#organization","name":"Grupo Notibras de Comunica\u00e7\u00e3o","url":"https:\/\/www.notibras.com\/site\/","logo":{"@type":"ImageObject","inLanguage":"pt-BR","@id":"https:\/\/www.notibras.com\/site\/#\/schema\/logo\/image\/","url":"https:\/\/www.notibras.com\/site\/wp-content\/uploads\/2023\/01\/notibras23.png","contentUrl":"https:\/\/www.notibras.com\/site\/wp-content\/uploads\/2023\/01\/notibras23.png","width":350,"height":87,"caption":"Grupo Notibras de Comunica\u00e7\u00e3o"},"image":{"@id":"https:\/\/www.notibras.com\/site\/#\/schema\/logo\/image\/"},"sameAs":["https:\/\/www.facebook.com\/notibras\/","https:\/\/x.com\/Notibras","https:\/\/www.instagram.com\/notibras\/"]},{"@type":"Person","@id":"https:\/\/www.notibras.com\/site\/#\/schema\/person\/36ab0979449956132d3e5b517ea76ac8","name":"Reda\u00e7\u00e3o","image":{"@type":"ImageObject","inLanguage":"pt-BR","@id":"https:\/\/secure.gravatar.com\/avatar\/e0a867bdedb85fd243eadf09663511f96fc81e0720a4a42581f334ad4303aa6b?s=96&d=mm&r=g","url":"https:\/\/secure.gravatar.com\/avatar\/e0a867bdedb85fd243eadf09663511f96fc81e0720a4a42581f334ad4303aa6b?s=96&d=mm&r=g","contentUrl":"https:\/\/secure.gravatar.com\/avatar\/e0a867bdedb85fd243eadf09663511f96fc81e0720a4a42581f334ad4303aa6b?s=96&d=mm&r=g","caption":"Reda\u00e7\u00e3o"}}]}},"amp_enabled":true,"_links":{"self":[{"href":"https:\/\/www.notibras.com\/site\/wp-json\/wp\/v2\/posts\/701","targetHints":{"allow":["GET"]}}],"collection":[{"href":"https:\/\/www.notibras.com\/site\/wp-json\/wp\/v2\/posts"}],"about":[{"href":"https:\/\/www.notibras.com\/site\/wp-json\/wp\/v2\/types\/post"}],"author":[{"embeddable":true,"href":"https:\/\/www.notibras.com\/site\/wp-json\/wp\/v2\/users\/2"}],"replies":[{"embeddable":true,"href":"https:\/\/www.notibras.com\/site\/wp-json\/wp\/v2\/comments?post=701"}],"version-history":[{"count":0,"href":"https:\/\/www.notibras.com\/site\/wp-json\/wp\/v2\/posts\/701\/revisions"}],"wp:featuredmedia":[{"embeddable":true,"href":"https:\/\/www.notibras.com\/site\/wp-json\/wp\/v2\/media\/702"}],"wp:attachment":[{"href":"https:\/\/www.notibras.com\/site\/wp-json\/wp\/v2\/media?parent=701"}],"wp:term":[{"taxonomy":"category","embeddable":true,"href":"https:\/\/www.notibras.com\/site\/wp-json\/wp\/v2\/categories?post=701"},{"taxonomy":"post_tag","embeddable":true,"href":"https:\/\/www.notibras.com\/site\/wp-json\/wp\/v2\/tags?post=701"}],"curies":[{"name":"wp","href":"https:\/\/api.w.org\/{rel}","templated":true}]}}