{"id":7010,"date":"2014-04-17T18:48:39","date_gmt":"2014-04-17T21:48:39","guid":{"rendered":"http:\/\/www.notibras.com\/site\/?p=7010"},"modified":"2016-07-30T16:59:00","modified_gmt":"2016-07-30T19:59:00","slug":"kepler-186f-a-4900-anos-luz-pode-ser-celeiro-de-vida-como-na-terra","status":"publish","type":"post","link":"https:\/\/www.notibras.com\/site\/kepler-186f-a-4900-anos-luz-pode-ser-celeiro-de-vida-como-na-terra\/","title":{"rendered":"Kepler-186f, a 490 anos-luz, pode ser um celeiro de vida como na Terra"},"content":{"rendered":"<p>Cientistas descobriram o primeiro planeta fora do Sistema Solar de tamanho semelhante ao da Terra e onde pode existir \u00e1gua em estado l\u00edquido, o que o torna habit\u00e1vel.<\/p>\n<p>Batizado de Kepler-186f o planeta est\u00e1 em um sistema estelar situado a 490 anos-luz do Sol (um ano luz = 9,46 trilh\u00f5es de quil\u00f4metros) e conta com outros cinco planetas, todos de tamanho parecido com o da Terra, mas situados fora da zona habit\u00e1vel.<\/p>\n<p class=\"text\">A descoberta refor\u00e7a a possibilidade de encontrar planetas similares \u00e0 Terra na nossa gal\u00e1xia, a Via L\u00e1ctea, segundo uma equipe internacional de astr\u00f4nomos liderada por um profissional da Nasa. O trabalho foi publicado na edi\u00e7\u00e3o desta quinta-feira da revista cient\u00edfica americana Science.<\/p>\n<p class=\"text\">&#8220;\u00c9 o primeiro exoplaneta do tamanho da Terra encontrado na zona habit\u00e1vel de outra estrela&#8221;, destaca Elisa Quintana, astr\u00f4noma do centro de pesquisas Ames, da Nasa, que ficou \u00e0 frente da pesquisa.<\/p>\n<p class=\"text\">&#8220;O que torna esta descoberta algo particularmente interessante \u00e9 que este planeta tem o tamanho terrestre e est\u00e1 em \u00f3rbita ao redor de uma estrela classificada como an\u00e3, menor e menos quente do que o sol, na zona temperada onde a \u00e1gua pode ser l\u00edquida&#8221;, afirmou.<\/p>\n<p class=\"text\">Considera-se que esta zona seja habit\u00e1vel porque a vida como a conhecemos tem possibilidades de se desenvolver naquele ambiente, segundo os pesquisadores.<\/p>\n<p class=\"text\">Para Fred Adams, professor de F\u00edsica e Astronomia da Universidade de Michigan, &#8220;trata-de de um passo importante na busca para descobrir um exoplaneta id\u00eantico \u00e0 Terra&#8221;.<\/p>\n","protected":false},"excerpt":{"rendered":"<p>Cientistas descobriram o primeiro planeta fora do Sistema Solar de tamanho semelhante ao da Terra e onde pode existir \u00e1gua em estado l\u00edquido, o que o torna habit\u00e1vel. Batizado de Kepler-186f o planeta est\u00e1 em um sistema estelar situado a 490 anos-luz do Sol (um ano luz = 9,46 trilh\u00f5es de quil\u00f4metros) e conta com [&hellip;]<\/p>\n","protected":false},"author":2,"featured_media":7011,"comment_status":"open","ping_status":"closed","sticky":false,"template":"","format":"standard","meta":{"_acf_changed":false,"footnotes":""},"categories":[71],"tags":[],"class_list":["post-7010","post","type-post","status-publish","format-standard","has-post-thumbnail","hentry","category-curiosidades"],"acf":[],"yoast_head":"<!-- This site is optimized with the Yoast SEO plugin v27.2 - https:\/\/yoast.com\/product\/yoast-seo-wordpress\/ -->\n<title>Kepler-186f, a 490 anos-luz, pode ser um celeiro de vida como na Terra - Notibras<\/title>\n<meta name=\"robots\" content=\"index, follow, max-snippet:-1, max-image-preview:large, max-video-preview:-1\" \/>\n<link rel=\"canonical\" href=\"https:\/\/www.notibras.com\/site\/kepler-186f-a-4900-anos-luz-pode-ser-celeiro-de-vida-como-na-terra\/\" \/>\n<meta property=\"og:locale\" content=\"pt_BR\" \/>\n<meta property=\"og:type\" content=\"article\" \/>\n<meta property=\"og:title\" content=\"Kepler-186f, a 490 anos-luz, pode ser um celeiro de vida como na Terra - Notibras\" \/>\n<meta property=\"og:description\" content=\"Cientistas descobriram o primeiro planeta fora do Sistema Solar de tamanho semelhante ao da Terra e onde pode existir \u00e1gua em estado l\u00edquido, o que o torna habit\u00e1vel. Batizado de Kepler-186f o planeta est\u00e1 em um sistema estelar situado a 490 anos-luz do Sol (um ano luz = 9,46 trilh\u00f5es de quil\u00f4metros) e conta com [&hellip;]\" \/>\n<meta property=\"og:url\" content=\"https:\/\/www.notibras.com\/site\/kepler-186f-a-4900-anos-luz-pode-ser-celeiro-de-vida-como-na-terra\/\" \/>\n<meta property=\"og:site_name\" content=\"Notibras\" \/>\n<meta property=\"article:publisher\" content=\"https:\/\/www.facebook.com\/notibras\/\" \/>\n<meta property=\"article:published_time\" content=\"2014-04-17T21:48:39+00:00\" \/>\n<meta property=\"article:modified_time\" content=\"2016-07-30T19:59:00+00:00\" \/>\n<meta property=\"og:image\" content=\"https:\/\/www.notibras.com\/site\/wp-content\/uploads\/2014\/04\/kepler-186fnasaplanetahabitavel.jpg\" \/>\n\t<meta property=\"og:image:width\" content=\"460\" \/>\n\t<meta property=\"og:image:height\" content=\"340\" \/>\n\t<meta property=\"og:image:type\" content=\"image\/jpeg\" \/>\n<meta name=\"author\" content=\"Reda\u00e7\u00e3o\" \/>\n<meta name=\"twitter:card\" content=\"summary_large_image\" \/>\n<meta name=\"twitter:creator\" content=\"@Notibras\" \/>\n<meta name=\"twitter:site\" content=\"@Notibras\" \/>\n<meta name=\"twitter:label1\" content=\"Escrito por\" \/>\n\t<meta name=\"twitter:data1\" content=\"Reda\u00e7\u00e3o\" \/>\n\t<meta name=\"twitter:label2\" content=\"Est. tempo de leitura\" \/>\n\t<meta name=\"twitter:data2\" content=\"1 minuto\" \/>\n<script type=\"application\/ld+json\" class=\"yoast-schema-graph\">{\"@context\":\"https:\/\/schema.org\",\"@graph\":[{\"@type\":\"Article\",\"@id\":\"https:\/\/www.notibras.com\/site\/kepler-186f-a-4900-anos-luz-pode-ser-celeiro-de-vida-como-na-terra\/#article\",\"isPartOf\":{\"@id\":\"https:\/\/www.notibras.com\/site\/kepler-186f-a-4900-anos-luz-pode-ser-celeiro-de-vida-como-na-terra\/\"},\"author\":{\"name\":\"Reda\u00e7\u00e3o\",\"@id\":\"https:\/\/www.notibras.com\/site\/#\/schema\/person\/36ab0979449956132d3e5b517ea76ac8\"},\"headline\":\"Kepler-186f, a 490 anos-luz, pode ser um celeiro de vida como na Terra\",\"datePublished\":\"2014-04-17T21:48:39+00:00\",\"dateModified\":\"2016-07-30T19:59:00+00:00\",\"mainEntityOfPage\":{\"@id\":\"https:\/\/www.notibras.com\/site\/kepler-186f-a-4900-anos-luz-pode-ser-celeiro-de-vida-como-na-terra\/\"},\"wordCount\":263,\"commentCount\":0,\"publisher\":{\"@id\":\"https:\/\/www.notibras.com\/site\/#organization\"},\"image\":{\"@id\":\"https:\/\/www.notibras.com\/site\/kepler-186f-a-4900-anos-luz-pode-ser-celeiro-de-vida-como-na-terra\/#primaryimage\"},\"thumbnailUrl\":\"https:\/\/www.notibras.com\/site\/wp-content\/uploads\/2014\/04\/kepler-186fnasaplanetahabitavel.jpg\",\"articleSection\":[\"Curiosidades\"],\"inLanguage\":\"pt-BR\",\"potentialAction\":[{\"@type\":\"CommentAction\",\"name\":\"Comment\",\"target\":[\"https:\/\/www.notibras.com\/site\/kepler-186f-a-4900-anos-luz-pode-ser-celeiro-de-vida-como-na-terra\/#respond\"]}]},{\"@type\":\"WebPage\",\"@id\":\"https:\/\/www.notibras.com\/site\/kepler-186f-a-4900-anos-luz-pode-ser-celeiro-de-vida-como-na-terra\/\",\"url\":\"https:\/\/www.notibras.com\/site\/kepler-186f-a-4900-anos-luz-pode-ser-celeiro-de-vida-como-na-terra\/\",\"name\":\"Kepler-186f, a 490 anos-luz, pode ser um celeiro de vida como na Terra - Notibras\",\"isPartOf\":{\"@id\":\"https:\/\/www.notibras.com\/site\/#website\"},\"primaryImageOfPage\":{\"@id\":\"https:\/\/www.notibras.com\/site\/kepler-186f-a-4900-anos-luz-pode-ser-celeiro-de-vida-como-na-terra\/#primaryimage\"},\"image\":{\"@id\":\"https:\/\/www.notibras.com\/site\/kepler-186f-a-4900-anos-luz-pode-ser-celeiro-de-vida-como-na-terra\/#primaryimage\"},\"thumbnailUrl\":\"https:\/\/www.notibras.com\/site\/wp-content\/uploads\/2014\/04\/kepler-186fnasaplanetahabitavel.jpg\",\"datePublished\":\"2014-04-17T21:48:39+00:00\",\"dateModified\":\"2016-07-30T19:59:00+00:00\",\"breadcrumb\":{\"@id\":\"https:\/\/www.notibras.com\/site\/kepler-186f-a-4900-anos-luz-pode-ser-celeiro-de-vida-como-na-terra\/#breadcrumb\"},\"inLanguage\":\"pt-BR\",\"potentialAction\":[{\"@type\":\"ReadAction\",\"target\":[\"https:\/\/www.notibras.com\/site\/kepler-186f-a-4900-anos-luz-pode-ser-celeiro-de-vida-como-na-terra\/\"]}]},{\"@type\":\"ImageObject\",\"inLanguage\":\"pt-BR\",\"@id\":\"https:\/\/www.notibras.com\/site\/kepler-186f-a-4900-anos-luz-pode-ser-celeiro-de-vida-como-na-terra\/#primaryimage\",\"url\":\"https:\/\/www.notibras.com\/site\/wp-content\/uploads\/2014\/04\/kepler-186fnasaplanetahabitavel.jpg\",\"contentUrl\":\"https:\/\/www.notibras.com\/site\/wp-content\/uploads\/2014\/04\/kepler-186fnasaplanetahabitavel.jpg\",\"width\":460,\"height\":340},{\"@type\":\"BreadcrumbList\",\"@id\":\"https:\/\/www.notibras.com\/site\/kepler-186f-a-4900-anos-luz-pode-ser-celeiro-de-vida-como-na-terra\/#breadcrumb\",\"itemListElement\":[{\"@type\":\"ListItem\",\"position\":1,\"name\":\"In\u00edcio\",\"item\":\"https:\/\/www.notibras.com\/site\/\"},{\"@type\":\"ListItem\",\"position\":2,\"name\":\"Kepler-186f, a 490 anos-luz, pode ser um celeiro de vida como na Terra\"}]},{\"@type\":\"WebSite\",\"@id\":\"https:\/\/www.notibras.com\/site\/#website\",\"url\":\"https:\/\/www.notibras.com\/site\/\",\"name\":\"Notibras\",\"description\":\"Not\u00edcias de Bras\u00edlia, do Brasil e do Mundo\",\"publisher\":{\"@id\":\"https:\/\/www.notibras.com\/site\/#organization\"},\"potentialAction\":[{\"@type\":\"SearchAction\",\"target\":{\"@type\":\"EntryPoint\",\"urlTemplate\":\"https:\/\/www.notibras.com\/site\/?s={search_term_string}\"},\"query-input\":{\"@type\":\"PropertyValueSpecification\",\"valueRequired\":true,\"valueName\":\"search_term_string\"}}],\"inLanguage\":\"pt-BR\"},{\"@type\":\"Organization\",\"@id\":\"https:\/\/www.notibras.com\/site\/#organization\",\"name\":\"Grupo Notibras de Comunica\u00e7\u00e3o\",\"url\":\"https:\/\/www.notibras.com\/site\/\",\"logo\":{\"@type\":\"ImageObject\",\"inLanguage\":\"pt-BR\",\"@id\":\"https:\/\/www.notibras.com\/site\/#\/schema\/logo\/image\/\",\"url\":\"https:\/\/www.notibras.com\/site\/wp-content\/uploads\/2023\/01\/notibras23.png\",\"contentUrl\":\"https:\/\/www.notibras.com\/site\/wp-content\/uploads\/2023\/01\/notibras23.png\",\"width\":350,\"height\":87,\"caption\":\"Grupo Notibras de Comunica\u00e7\u00e3o\"},\"image\":{\"@id\":\"https:\/\/www.notibras.com\/site\/#\/schema\/logo\/image\/\"},\"sameAs\":[\"https:\/\/www.facebook.com\/notibras\/\",\"https:\/\/x.com\/Notibras\",\"https:\/\/www.instagram.com\/notibras\/\"]},{\"@type\":\"Person\",\"@id\":\"https:\/\/www.notibras.com\/site\/#\/schema\/person\/36ab0979449956132d3e5b517ea76ac8\",\"name\":\"Reda\u00e7\u00e3o\",\"image\":{\"@type\":\"ImageObject\",\"inLanguage\":\"pt-BR\",\"@id\":\"https:\/\/secure.gravatar.com\/avatar\/e0a867bdedb85fd243eadf09663511f96fc81e0720a4a42581f334ad4303aa6b?s=96&d=mm&r=g\",\"url\":\"https:\/\/secure.gravatar.com\/avatar\/e0a867bdedb85fd243eadf09663511f96fc81e0720a4a42581f334ad4303aa6b?s=96&d=mm&r=g\",\"contentUrl\":\"https:\/\/secure.gravatar.com\/avatar\/e0a867bdedb85fd243eadf09663511f96fc81e0720a4a42581f334ad4303aa6b?s=96&d=mm&r=g\",\"caption\":\"Reda\u00e7\u00e3o\"}}]}<\/script>\n<!-- \/ Yoast SEO plugin. -->","yoast_head_json":{"title":"Kepler-186f, a 490 anos-luz, pode ser um celeiro de vida como na Terra - Notibras","robots":{"index":"index","follow":"follow","max-snippet":"max-snippet:-1","max-image-preview":"max-image-preview:large","max-video-preview":"max-video-preview:-1"},"canonical":"https:\/\/www.notibras.com\/site\/kepler-186f-a-4900-anos-luz-pode-ser-celeiro-de-vida-como-na-terra\/","og_locale":"pt_BR","og_type":"article","og_title":"Kepler-186f, a 490 anos-luz, pode ser um celeiro de vida como na Terra - Notibras","og_description":"Cientistas descobriram o primeiro planeta fora do Sistema Solar de tamanho semelhante ao da Terra e onde pode existir \u00e1gua em estado l\u00edquido, o que o torna habit\u00e1vel. Batizado de Kepler-186f o planeta est\u00e1 em um sistema estelar situado a 490 anos-luz do Sol (um ano luz = 9,46 trilh\u00f5es de quil\u00f4metros) e conta com [&hellip;]","og_url":"https:\/\/www.notibras.com\/site\/kepler-186f-a-4900-anos-luz-pode-ser-celeiro-de-vida-como-na-terra\/","og_site_name":"Notibras","article_publisher":"https:\/\/www.facebook.com\/notibras\/","article_published_time":"2014-04-17T21:48:39+00:00","article_modified_time":"2016-07-30T19:59:00+00:00","og_image":[{"width":460,"height":340,"url":"https:\/\/www.notibras.com\/site\/wp-content\/uploads\/2014\/04\/kepler-186fnasaplanetahabitavel.jpg","type":"image\/jpeg"}],"author":"Reda\u00e7\u00e3o","twitter_card":"summary_large_image","twitter_creator":"@Notibras","twitter_site":"@Notibras","twitter_misc":{"Escrito por":"Reda\u00e7\u00e3o","Est. tempo de leitura":"1 minuto"},"schema":{"@context":"https:\/\/schema.org","@graph":[{"@type":"Article","@id":"https:\/\/www.notibras.com\/site\/kepler-186f-a-4900-anos-luz-pode-ser-celeiro-de-vida-como-na-terra\/#article","isPartOf":{"@id":"https:\/\/www.notibras.com\/site\/kepler-186f-a-4900-anos-luz-pode-ser-celeiro-de-vida-como-na-terra\/"},"author":{"name":"Reda\u00e7\u00e3o","@id":"https:\/\/www.notibras.com\/site\/#\/schema\/person\/36ab0979449956132d3e5b517ea76ac8"},"headline":"Kepler-186f, a 490 anos-luz, pode ser um celeiro de vida como na Terra","datePublished":"2014-04-17T21:48:39+00:00","dateModified":"2016-07-30T19:59:00+00:00","mainEntityOfPage":{"@id":"https:\/\/www.notibras.com\/site\/kepler-186f-a-4900-anos-luz-pode-ser-celeiro-de-vida-como-na-terra\/"},"wordCount":263,"commentCount":0,"publisher":{"@id":"https:\/\/www.notibras.com\/site\/#organization"},"image":{"@id":"https:\/\/www.notibras.com\/site\/kepler-186f-a-4900-anos-luz-pode-ser-celeiro-de-vida-como-na-terra\/#primaryimage"},"thumbnailUrl":"https:\/\/www.notibras.com\/site\/wp-content\/uploads\/2014\/04\/kepler-186fnasaplanetahabitavel.jpg","articleSection":["Curiosidades"],"inLanguage":"pt-BR","potentialAction":[{"@type":"CommentAction","name":"Comment","target":["https:\/\/www.notibras.com\/site\/kepler-186f-a-4900-anos-luz-pode-ser-celeiro-de-vida-como-na-terra\/#respond"]}]},{"@type":"WebPage","@id":"https:\/\/www.notibras.com\/site\/kepler-186f-a-4900-anos-luz-pode-ser-celeiro-de-vida-como-na-terra\/","url":"https:\/\/www.notibras.com\/site\/kepler-186f-a-4900-anos-luz-pode-ser-celeiro-de-vida-como-na-terra\/","name":"Kepler-186f, a 490 anos-luz, pode ser um celeiro de vida como na Terra - Notibras","isPartOf":{"@id":"https:\/\/www.notibras.com\/site\/#website"},"primaryImageOfPage":{"@id":"https:\/\/www.notibras.com\/site\/kepler-186f-a-4900-anos-luz-pode-ser-celeiro-de-vida-como-na-terra\/#primaryimage"},"image":{"@id":"https:\/\/www.notibras.com\/site\/kepler-186f-a-4900-anos-luz-pode-ser-celeiro-de-vida-como-na-terra\/#primaryimage"},"thumbnailUrl":"https:\/\/www.notibras.com\/site\/wp-content\/uploads\/2014\/04\/kepler-186fnasaplanetahabitavel.jpg","datePublished":"2014-04-17T21:48:39+00:00","dateModified":"2016-07-30T19:59:00+00:00","breadcrumb":{"@id":"https:\/\/www.notibras.com\/site\/kepler-186f-a-4900-anos-luz-pode-ser-celeiro-de-vida-como-na-terra\/#breadcrumb"},"inLanguage":"pt-BR","potentialAction":[{"@type":"ReadAction","target":["https:\/\/www.notibras.com\/site\/kepler-186f-a-4900-anos-luz-pode-ser-celeiro-de-vida-como-na-terra\/"]}]},{"@type":"ImageObject","inLanguage":"pt-BR","@id":"https:\/\/www.notibras.com\/site\/kepler-186f-a-4900-anos-luz-pode-ser-celeiro-de-vida-como-na-terra\/#primaryimage","url":"https:\/\/www.notibras.com\/site\/wp-content\/uploads\/2014\/04\/kepler-186fnasaplanetahabitavel.jpg","contentUrl":"https:\/\/www.notibras.com\/site\/wp-content\/uploads\/2014\/04\/kepler-186fnasaplanetahabitavel.jpg","width":460,"height":340},{"@type":"BreadcrumbList","@id":"https:\/\/www.notibras.com\/site\/kepler-186f-a-4900-anos-luz-pode-ser-celeiro-de-vida-como-na-terra\/#breadcrumb","itemListElement":[{"@type":"ListItem","position":1,"name":"In\u00edcio","item":"https:\/\/www.notibras.com\/site\/"},{"@type":"ListItem","position":2,"name":"Kepler-186f, a 490 anos-luz, pode ser um celeiro de vida como na Terra"}]},{"@type":"WebSite","@id":"https:\/\/www.notibras.com\/site\/#website","url":"https:\/\/www.notibras.com\/site\/","name":"Notibras","description":"Not\u00edcias de Bras\u00edlia, do Brasil e do Mundo","publisher":{"@id":"https:\/\/www.notibras.com\/site\/#organization"},"potentialAction":[{"@type":"SearchAction","target":{"@type":"EntryPoint","urlTemplate":"https:\/\/www.notibras.com\/site\/?s={search_term_string}"},"query-input":{"@type":"PropertyValueSpecification","valueRequired":true,"valueName":"search_term_string"}}],"inLanguage":"pt-BR"},{"@type":"Organization","@id":"https:\/\/www.notibras.com\/site\/#organization","name":"Grupo Notibras de Comunica\u00e7\u00e3o","url":"https:\/\/www.notibras.com\/site\/","logo":{"@type":"ImageObject","inLanguage":"pt-BR","@id":"https:\/\/www.notibras.com\/site\/#\/schema\/logo\/image\/","url":"https:\/\/www.notibras.com\/site\/wp-content\/uploads\/2023\/01\/notibras23.png","contentUrl":"https:\/\/www.notibras.com\/site\/wp-content\/uploads\/2023\/01\/notibras23.png","width":350,"height":87,"caption":"Grupo Notibras de Comunica\u00e7\u00e3o"},"image":{"@id":"https:\/\/www.notibras.com\/site\/#\/schema\/logo\/image\/"},"sameAs":["https:\/\/www.facebook.com\/notibras\/","https:\/\/x.com\/Notibras","https:\/\/www.instagram.com\/notibras\/"]},{"@type":"Person","@id":"https:\/\/www.notibras.com\/site\/#\/schema\/person\/36ab0979449956132d3e5b517ea76ac8","name":"Reda\u00e7\u00e3o","image":{"@type":"ImageObject","inLanguage":"pt-BR","@id":"https:\/\/secure.gravatar.com\/avatar\/e0a867bdedb85fd243eadf09663511f96fc81e0720a4a42581f334ad4303aa6b?s=96&d=mm&r=g","url":"https:\/\/secure.gravatar.com\/avatar\/e0a867bdedb85fd243eadf09663511f96fc81e0720a4a42581f334ad4303aa6b?s=96&d=mm&r=g","contentUrl":"https:\/\/secure.gravatar.com\/avatar\/e0a867bdedb85fd243eadf09663511f96fc81e0720a4a42581f334ad4303aa6b?s=96&d=mm&r=g","caption":"Reda\u00e7\u00e3o"}}]}},"amp_enabled":true,"_links":{"self":[{"href":"https:\/\/www.notibras.com\/site\/wp-json\/wp\/v2\/posts\/7010","targetHints":{"allow":["GET"]}}],"collection":[{"href":"https:\/\/www.notibras.com\/site\/wp-json\/wp\/v2\/posts"}],"about":[{"href":"https:\/\/www.notibras.com\/site\/wp-json\/wp\/v2\/types\/post"}],"author":[{"embeddable":true,"href":"https:\/\/www.notibras.com\/site\/wp-json\/wp\/v2\/users\/2"}],"replies":[{"embeddable":true,"href":"https:\/\/www.notibras.com\/site\/wp-json\/wp\/v2\/comments?post=7010"}],"version-history":[{"count":1,"href":"https:\/\/www.notibras.com\/site\/wp-json\/wp\/v2\/posts\/7010\/revisions"}],"predecessor-version":[{"id":110056,"href":"https:\/\/www.notibras.com\/site\/wp-json\/wp\/v2\/posts\/7010\/revisions\/110056"}],"wp:featuredmedia":[{"embeddable":true,"href":"https:\/\/www.notibras.com\/site\/wp-json\/wp\/v2\/media\/7011"}],"wp:attachment":[{"href":"https:\/\/www.notibras.com\/site\/wp-json\/wp\/v2\/media?parent=7010"}],"wp:term":[{"taxonomy":"category","embeddable":true,"href":"https:\/\/www.notibras.com\/site\/wp-json\/wp\/v2\/categories?post=7010"},{"taxonomy":"post_tag","embeddable":true,"href":"https:\/\/www.notibras.com\/site\/wp-json\/wp\/v2\/tags?post=7010"}],"curies":[{"name":"wp","href":"https:\/\/api.w.org\/{rel}","templated":true}]}}