{"id":70123,"date":"2015-10-02T11:18:38","date_gmt":"2015-10-02T14:18:38","guid":{"rendered":"http:\/\/www.notibras.com\/site\/?p=70123"},"modified":"2015-10-02T11:36:48","modified_gmt":"2015-10-02T14:36:48","slug":"luz-no-fim-do-tunel-aponta-para-cambio-flutuante-e-suspensao-das-metas-de-inflacao","status":"publish","type":"post","link":"https:\/\/www.notibras.com\/site\/luz-no-fim-do-tunel-aponta-para-cambio-flutuante-e-suspensao-das-metas-de-inflacao\/","title":{"rendered":"Luz no fim do t\u00fanel aponta para c\u00e2mbio flutuante e fim das metas de infla\u00e7\u00e3o"},"content":{"rendered":"<p>O Brasil deveria abandonar temporariamente o sistema de metas de infla\u00e7\u00e3o e adotar um regime de banda cambial flutuante, como era at\u00e9 1998, defendeu a pesquisadora brasileira do Instituto Peterson de Economia Internacional, em Washington, Monica Baumgarten de Bolle. Em artigo divulgado na quinta-feira, 1\u00ba no blog do instituto, ela afirma que o Pa\u00eds vive uma situa\u00e7\u00e3o de &#8220;domin\u00e2ncia fiscal&#8221;, em que o desequil\u00edbrio das contas p\u00fablicas provoca a perda de efic\u00e1cia da pol\u00edtica de juros no combate \u00e0 infla\u00e7\u00e3o.<\/p>\n<p>Para Monica, \u00e9 preciso abandonar temporariamente o sistema de metas para fazer reformas de m\u00e9dio prazo que permitam equilibrar as contas.<\/p>\n<p>No fen\u00f4meno da &#8220;domin\u00e2ncia fiscal&#8221;, a pol\u00edtica monet\u00e1ria deixa de fazer efeito porque o aumento da taxa de juros gera gastos financeiros para o governo. Com maior risco de desequil\u00edbrio nas contas p\u00fablicas, os investidores correm para o d\u00f3lar e a desvaloriza\u00e7\u00e3o do real volta a alimentar a infla\u00e7\u00e3o.<\/p>\n<p>Na proposta de Monica, reinstituir um regime cambial de bandas flutuantes serviria por um per\u00edodo como uma \u00e2ncora nominal. &#8220;A l\u00f3gica do regime de metas de infla\u00e7\u00e3o \u00e9 que a \u00e2ncora nominal da economia, ou seja, aquilo de referencia os pre\u00e7os, \u00e9 a pr\u00f3pria infla\u00e7\u00e3o, porque o Banco Central (BC) tem o compromisso de sempre aumentar os juros mais do que a varia\u00e7\u00e3o das expectativas de infla\u00e7\u00e3o. S\u00f3 que quando se perde a capacidade de fazer isso com juros, perde-se a \u00e2ncora nominal&#8221;, afirmou.<\/p>\n<p>No regime de bandas flutuantes, o BC mant\u00e9m o c\u00e2mbio entre um piso e um teto, que se desvaloriza aos poucos, mensalmente. Pode come\u00e7ar, por exemplo, de R$ 3,88 a R$ 4,12, e, no m\u00eas seguinte, passar para de R$ 3,95 a R$ 4,20, considerando uma desvaloriza\u00e7\u00e3o de 2% a 3%, segundo Monica. &#8220;Voc\u00ea deixa que o c\u00e2mbio se desvalorize, mas de forma controlada.&#8221;<\/p>\n<p>No artigo, ela diz que com cerca de US$ 370 bilh\u00f5es em reservas cambiais, o BC teria poder de fogo, dando tempo para o governo formular um plano fiscal adequado, que inclua corte de gastos na Previd\u00eancia, retirada de indexa\u00e7\u00f5es (como os reajustes do sal\u00e1rio m\u00ednimo) e de regras de vincula\u00e7\u00e3o dos gastos p\u00fablicos.<\/p>\n<p>Quanto tempo o governo teria? &#8220;D\u00e1 para comprar (o tempo de) uma gesta\u00e7\u00e3o. Nove meses, \u00e9 poss\u00edvel&#8221;, afirmou.<\/p>\n<p>Segundo a economista, se o Brasil mantiver as pol\u00edticas atuais, os modelos econ\u00f4micos sugerem que o BC precisaria elevar a Selic, j\u00e1 que as expectativas de infla\u00e7\u00e3o n\u00e3o se estabilizaram e est\u00e3o longe do centro da meta, de 4,5%, mas com isso o d\u00e9ficit nominal sairia de controle. Para ela, isso destruiria a sustentabilidade fiscal, produzindo novas turbul\u00eancias no mercado de c\u00e2mbio.<\/p>\n<p>Essa fragilidade do c\u00e2mbio, por sua vez, geraria mais infla\u00e7\u00e3o, mesmo com a recess\u00e3o, deixando o Pa\u00eds na pior situa\u00e7\u00e3o poss\u00edvel: uma forte contra\u00e7\u00e3o da atividade com alta infla\u00e7\u00e3o. &#8220;O PIB brasileiro encolheu 3% no segundo trimestre de 2015, enquanto a infla\u00e7\u00e3o est\u00e1 rodando a 9,5%. Por todos os par\u00e2metros, o Pa\u00eds j\u00e1 est\u00e1 nessa situa\u00e7\u00e3o&#8221;, diz Monica no artigo.<\/p>\n<p>Em \u00faltimo caso, se o abandono do sistema de metas de infla\u00e7\u00e3o e a ado\u00e7\u00e3o do regime cambial de bandas flutuantes falhar, a pesquisadora afirma que o Brasil poderia ser obrigado a recorrer a controles de capital. Para ela, o Pa\u00eds ainda tem condi\u00e7\u00f5es de evitar se transformar em uma Argentina.<\/p>\n","protected":false},"excerpt":{"rendered":"<p>O Brasil deveria abandonar temporariamente o sistema de metas de infla\u00e7\u00e3o e adotar um regime de banda cambial flutuante, como era at\u00e9 1998, defendeu a pesquisadora brasileira do Instituto Peterson de Economia Internacional, em Washington, Monica Baumgarten de Bolle. Em artigo divulgado na quinta-feira, 1\u00ba no blog do instituto, ela afirma que o Pa\u00eds vive [&hellip;]<\/p>\n","protected":false},"author":2,"featured_media":70124,"comment_status":"open","ping_status":"closed","sticky":false,"template":"","format":"standard","meta":{"_acf_changed":false,"footnotes":""},"categories":[16],"tags":[],"class_list":["post-70123","post","type-post","status-publish","format-standard","has-post-thumbnail","hentry","category-brasil"],"acf":[],"yoast_head":"<!-- This site is optimized with the Yoast SEO plugin v27.2 - https:\/\/yoast.com\/product\/yoast-seo-wordpress\/ -->\n<title>Luz no fim do t\u00fanel aponta para c\u00e2mbio flutuante e fim das metas de infla\u00e7\u00e3o - Notibras<\/title>\n<meta name=\"robots\" content=\"index, follow, max-snippet:-1, max-image-preview:large, max-video-preview:-1\" \/>\n<link rel=\"canonical\" href=\"https:\/\/www.notibras.com\/site\/luz-no-fim-do-tunel-aponta-para-cambio-flutuante-e-suspensao-das-metas-de-inflacao\/\" \/>\n<meta property=\"og:locale\" content=\"pt_BR\" \/>\n<meta property=\"og:type\" content=\"article\" \/>\n<meta property=\"og:title\" content=\"Luz no fim do t\u00fanel aponta para c\u00e2mbio flutuante e fim das metas de infla\u00e7\u00e3o - Notibras\" \/>\n<meta property=\"og:description\" content=\"O Brasil deveria abandonar temporariamente o sistema de metas de infla\u00e7\u00e3o e adotar um regime de banda cambial flutuante, como era at\u00e9 1998, defendeu a pesquisadora brasileira do Instituto Peterson de Economia Internacional, em Washington, Monica Baumgarten de Bolle. Em artigo divulgado na quinta-feira, 1\u00ba no blog do instituto, ela afirma que o Pa\u00eds vive [&hellip;]\" \/>\n<meta property=\"og:url\" content=\"https:\/\/www.notibras.com\/site\/luz-no-fim-do-tunel-aponta-para-cambio-flutuante-e-suspensao-das-metas-de-inflacao\/\" \/>\n<meta property=\"og:site_name\" content=\"Notibras\" \/>\n<meta property=\"article:publisher\" content=\"https:\/\/www.facebook.com\/notibras\/\" \/>\n<meta property=\"article:published_time\" content=\"2015-10-02T14:18:38+00:00\" \/>\n<meta property=\"article:modified_time\" content=\"2015-10-02T14:36:48+00:00\" \/>\n<meta property=\"og:image\" content=\"https:\/\/www.notibras.com\/site\/wp-content\/uploads\/2015\/10\/br2.jpg\" \/>\n\t<meta property=\"og:image:width\" content=\"750\" \/>\n\t<meta property=\"og:image:height\" content=\"501\" \/>\n\t<meta property=\"og:image:type\" content=\"image\/jpeg\" \/>\n<meta name=\"author\" content=\"Reda\u00e7\u00e3o\" \/>\n<meta name=\"twitter:card\" content=\"summary_large_image\" \/>\n<meta name=\"twitter:creator\" content=\"@Notibras\" \/>\n<meta name=\"twitter:site\" content=\"@Notibras\" \/>\n<meta name=\"twitter:label1\" content=\"Escrito por\" \/>\n\t<meta name=\"twitter:data1\" content=\"Reda\u00e7\u00e3o\" \/>\n\t<meta name=\"twitter:label2\" content=\"Est. tempo de leitura\" \/>\n\t<meta name=\"twitter:data2\" content=\"3 minutos\" \/>\n<script type=\"application\/ld+json\" class=\"yoast-schema-graph\">{\"@context\":\"https:\/\/schema.org\",\"@graph\":[{\"@type\":\"Article\",\"@id\":\"https:\/\/www.notibras.com\/site\/luz-no-fim-do-tunel-aponta-para-cambio-flutuante-e-suspensao-das-metas-de-inflacao\/#article\",\"isPartOf\":{\"@id\":\"https:\/\/www.notibras.com\/site\/luz-no-fim-do-tunel-aponta-para-cambio-flutuante-e-suspensao-das-metas-de-inflacao\/\"},\"author\":{\"name\":\"Reda\u00e7\u00e3o\",\"@id\":\"https:\/\/www.notibras.com\/site\/#\/schema\/person\/36ab0979449956132d3e5b517ea76ac8\"},\"headline\":\"Luz no fim do t\u00fanel aponta para c\u00e2mbio flutuante e fim das metas de infla\u00e7\u00e3o\",\"datePublished\":\"2015-10-02T14:18:38+00:00\",\"dateModified\":\"2015-10-02T14:36:48+00:00\",\"mainEntityOfPage\":{\"@id\":\"https:\/\/www.notibras.com\/site\/luz-no-fim-do-tunel-aponta-para-cambio-flutuante-e-suspensao-das-metas-de-inflacao\/\"},\"wordCount\":609,\"commentCount\":0,\"publisher\":{\"@id\":\"https:\/\/www.notibras.com\/site\/#organization\"},\"image\":{\"@id\":\"https:\/\/www.notibras.com\/site\/luz-no-fim-do-tunel-aponta-para-cambio-flutuante-e-suspensao-das-metas-de-inflacao\/#primaryimage\"},\"thumbnailUrl\":\"https:\/\/www.notibras.com\/site\/wp-content\/uploads\/2015\/10\/br2.jpg\",\"articleSection\":[\"Brasil\"],\"inLanguage\":\"pt-BR\",\"potentialAction\":[{\"@type\":\"CommentAction\",\"name\":\"Comment\",\"target\":[\"https:\/\/www.notibras.com\/site\/luz-no-fim-do-tunel-aponta-para-cambio-flutuante-e-suspensao-das-metas-de-inflacao\/#respond\"]}]},{\"@type\":\"WebPage\",\"@id\":\"https:\/\/www.notibras.com\/site\/luz-no-fim-do-tunel-aponta-para-cambio-flutuante-e-suspensao-das-metas-de-inflacao\/\",\"url\":\"https:\/\/www.notibras.com\/site\/luz-no-fim-do-tunel-aponta-para-cambio-flutuante-e-suspensao-das-metas-de-inflacao\/\",\"name\":\"Luz no fim do t\u00fanel aponta para c\u00e2mbio flutuante e fim das metas de infla\u00e7\u00e3o - Notibras\",\"isPartOf\":{\"@id\":\"https:\/\/www.notibras.com\/site\/#website\"},\"primaryImageOfPage\":{\"@id\":\"https:\/\/www.notibras.com\/site\/luz-no-fim-do-tunel-aponta-para-cambio-flutuante-e-suspensao-das-metas-de-inflacao\/#primaryimage\"},\"image\":{\"@id\":\"https:\/\/www.notibras.com\/site\/luz-no-fim-do-tunel-aponta-para-cambio-flutuante-e-suspensao-das-metas-de-inflacao\/#primaryimage\"},\"thumbnailUrl\":\"https:\/\/www.notibras.com\/site\/wp-content\/uploads\/2015\/10\/br2.jpg\",\"datePublished\":\"2015-10-02T14:18:38+00:00\",\"dateModified\":\"2015-10-02T14:36:48+00:00\",\"breadcrumb\":{\"@id\":\"https:\/\/www.notibras.com\/site\/luz-no-fim-do-tunel-aponta-para-cambio-flutuante-e-suspensao-das-metas-de-inflacao\/#breadcrumb\"},\"inLanguage\":\"pt-BR\",\"potentialAction\":[{\"@type\":\"ReadAction\",\"target\":[\"https:\/\/www.notibras.com\/site\/luz-no-fim-do-tunel-aponta-para-cambio-flutuante-e-suspensao-das-metas-de-inflacao\/\"]}]},{\"@type\":\"ImageObject\",\"inLanguage\":\"pt-BR\",\"@id\":\"https:\/\/www.notibras.com\/site\/luz-no-fim-do-tunel-aponta-para-cambio-flutuante-e-suspensao-das-metas-de-inflacao\/#primaryimage\",\"url\":\"https:\/\/www.notibras.com\/site\/wp-content\/uploads\/2015\/10\/br2.jpg\",\"contentUrl\":\"https:\/\/www.notibras.com\/site\/wp-content\/uploads\/2015\/10\/br2.jpg\",\"width\":750,\"height\":501},{\"@type\":\"BreadcrumbList\",\"@id\":\"https:\/\/www.notibras.com\/site\/luz-no-fim-do-tunel-aponta-para-cambio-flutuante-e-suspensao-das-metas-de-inflacao\/#breadcrumb\",\"itemListElement\":[{\"@type\":\"ListItem\",\"position\":1,\"name\":\"In\u00edcio\",\"item\":\"https:\/\/www.notibras.com\/site\/\"},{\"@type\":\"ListItem\",\"position\":2,\"name\":\"Luz no fim do t\u00fanel aponta para c\u00e2mbio flutuante e fim das metas de infla\u00e7\u00e3o\"}]},{\"@type\":\"WebSite\",\"@id\":\"https:\/\/www.notibras.com\/site\/#website\",\"url\":\"https:\/\/www.notibras.com\/site\/\",\"name\":\"Notibras\",\"description\":\"Not\u00edcias de Bras\u00edlia, do Brasil e do Mundo\",\"publisher\":{\"@id\":\"https:\/\/www.notibras.com\/site\/#organization\"},\"potentialAction\":[{\"@type\":\"SearchAction\",\"target\":{\"@type\":\"EntryPoint\",\"urlTemplate\":\"https:\/\/www.notibras.com\/site\/?s={search_term_string}\"},\"query-input\":{\"@type\":\"PropertyValueSpecification\",\"valueRequired\":true,\"valueName\":\"search_term_string\"}}],\"inLanguage\":\"pt-BR\"},{\"@type\":\"Organization\",\"@id\":\"https:\/\/www.notibras.com\/site\/#organization\",\"name\":\"Grupo Notibras de Comunica\u00e7\u00e3o\",\"url\":\"https:\/\/www.notibras.com\/site\/\",\"logo\":{\"@type\":\"ImageObject\",\"inLanguage\":\"pt-BR\",\"@id\":\"https:\/\/www.notibras.com\/site\/#\/schema\/logo\/image\/\",\"url\":\"https:\/\/www.notibras.com\/site\/wp-content\/uploads\/2023\/01\/notibras23.png\",\"contentUrl\":\"https:\/\/www.notibras.com\/site\/wp-content\/uploads\/2023\/01\/notibras23.png\",\"width\":350,\"height\":87,\"caption\":\"Grupo Notibras de Comunica\u00e7\u00e3o\"},\"image\":{\"@id\":\"https:\/\/www.notibras.com\/site\/#\/schema\/logo\/image\/\"},\"sameAs\":[\"https:\/\/www.facebook.com\/notibras\/\",\"https:\/\/x.com\/Notibras\",\"https:\/\/www.instagram.com\/notibras\/\"]},{\"@type\":\"Person\",\"@id\":\"https:\/\/www.notibras.com\/site\/#\/schema\/person\/36ab0979449956132d3e5b517ea76ac8\",\"name\":\"Reda\u00e7\u00e3o\",\"image\":{\"@type\":\"ImageObject\",\"inLanguage\":\"pt-BR\",\"@id\":\"https:\/\/secure.gravatar.com\/avatar\/e0a867bdedb85fd243eadf09663511f96fc81e0720a4a42581f334ad4303aa6b?s=96&d=mm&r=g\",\"url\":\"https:\/\/secure.gravatar.com\/avatar\/e0a867bdedb85fd243eadf09663511f96fc81e0720a4a42581f334ad4303aa6b?s=96&d=mm&r=g\",\"contentUrl\":\"https:\/\/secure.gravatar.com\/avatar\/e0a867bdedb85fd243eadf09663511f96fc81e0720a4a42581f334ad4303aa6b?s=96&d=mm&r=g\",\"caption\":\"Reda\u00e7\u00e3o\"}}]}<\/script>\n<!-- \/ Yoast SEO plugin. -->","yoast_head_json":{"title":"Luz no fim do t\u00fanel aponta para c\u00e2mbio flutuante e fim das metas de infla\u00e7\u00e3o - Notibras","robots":{"index":"index","follow":"follow","max-snippet":"max-snippet:-1","max-image-preview":"max-image-preview:large","max-video-preview":"max-video-preview:-1"},"canonical":"https:\/\/www.notibras.com\/site\/luz-no-fim-do-tunel-aponta-para-cambio-flutuante-e-suspensao-das-metas-de-inflacao\/","og_locale":"pt_BR","og_type":"article","og_title":"Luz no fim do t\u00fanel aponta para c\u00e2mbio flutuante e fim das metas de infla\u00e7\u00e3o - Notibras","og_description":"O Brasil deveria abandonar temporariamente o sistema de metas de infla\u00e7\u00e3o e adotar um regime de banda cambial flutuante, como era at\u00e9 1998, defendeu a pesquisadora brasileira do Instituto Peterson de Economia Internacional, em Washington, Monica Baumgarten de Bolle. Em artigo divulgado na quinta-feira, 1\u00ba no blog do instituto, ela afirma que o Pa\u00eds vive [&hellip;]","og_url":"https:\/\/www.notibras.com\/site\/luz-no-fim-do-tunel-aponta-para-cambio-flutuante-e-suspensao-das-metas-de-inflacao\/","og_site_name":"Notibras","article_publisher":"https:\/\/www.facebook.com\/notibras\/","article_published_time":"2015-10-02T14:18:38+00:00","article_modified_time":"2015-10-02T14:36:48+00:00","og_image":[{"width":750,"height":501,"url":"https:\/\/www.notibras.com\/site\/wp-content\/uploads\/2015\/10\/br2.jpg","type":"image\/jpeg"}],"author":"Reda\u00e7\u00e3o","twitter_card":"summary_large_image","twitter_creator":"@Notibras","twitter_site":"@Notibras","twitter_misc":{"Escrito por":"Reda\u00e7\u00e3o","Est. tempo de leitura":"3 minutos"},"schema":{"@context":"https:\/\/schema.org","@graph":[{"@type":"Article","@id":"https:\/\/www.notibras.com\/site\/luz-no-fim-do-tunel-aponta-para-cambio-flutuante-e-suspensao-das-metas-de-inflacao\/#article","isPartOf":{"@id":"https:\/\/www.notibras.com\/site\/luz-no-fim-do-tunel-aponta-para-cambio-flutuante-e-suspensao-das-metas-de-inflacao\/"},"author":{"name":"Reda\u00e7\u00e3o","@id":"https:\/\/www.notibras.com\/site\/#\/schema\/person\/36ab0979449956132d3e5b517ea76ac8"},"headline":"Luz no fim do t\u00fanel aponta para c\u00e2mbio flutuante e fim das metas de infla\u00e7\u00e3o","datePublished":"2015-10-02T14:18:38+00:00","dateModified":"2015-10-02T14:36:48+00:00","mainEntityOfPage":{"@id":"https:\/\/www.notibras.com\/site\/luz-no-fim-do-tunel-aponta-para-cambio-flutuante-e-suspensao-das-metas-de-inflacao\/"},"wordCount":609,"commentCount":0,"publisher":{"@id":"https:\/\/www.notibras.com\/site\/#organization"},"image":{"@id":"https:\/\/www.notibras.com\/site\/luz-no-fim-do-tunel-aponta-para-cambio-flutuante-e-suspensao-das-metas-de-inflacao\/#primaryimage"},"thumbnailUrl":"https:\/\/www.notibras.com\/site\/wp-content\/uploads\/2015\/10\/br2.jpg","articleSection":["Brasil"],"inLanguage":"pt-BR","potentialAction":[{"@type":"CommentAction","name":"Comment","target":["https:\/\/www.notibras.com\/site\/luz-no-fim-do-tunel-aponta-para-cambio-flutuante-e-suspensao-das-metas-de-inflacao\/#respond"]}]},{"@type":"WebPage","@id":"https:\/\/www.notibras.com\/site\/luz-no-fim-do-tunel-aponta-para-cambio-flutuante-e-suspensao-das-metas-de-inflacao\/","url":"https:\/\/www.notibras.com\/site\/luz-no-fim-do-tunel-aponta-para-cambio-flutuante-e-suspensao-das-metas-de-inflacao\/","name":"Luz no fim do t\u00fanel aponta para c\u00e2mbio flutuante e fim das metas de infla\u00e7\u00e3o - Notibras","isPartOf":{"@id":"https:\/\/www.notibras.com\/site\/#website"},"primaryImageOfPage":{"@id":"https:\/\/www.notibras.com\/site\/luz-no-fim-do-tunel-aponta-para-cambio-flutuante-e-suspensao-das-metas-de-inflacao\/#primaryimage"},"image":{"@id":"https:\/\/www.notibras.com\/site\/luz-no-fim-do-tunel-aponta-para-cambio-flutuante-e-suspensao-das-metas-de-inflacao\/#primaryimage"},"thumbnailUrl":"https:\/\/www.notibras.com\/site\/wp-content\/uploads\/2015\/10\/br2.jpg","datePublished":"2015-10-02T14:18:38+00:00","dateModified":"2015-10-02T14:36:48+00:00","breadcrumb":{"@id":"https:\/\/www.notibras.com\/site\/luz-no-fim-do-tunel-aponta-para-cambio-flutuante-e-suspensao-das-metas-de-inflacao\/#breadcrumb"},"inLanguage":"pt-BR","potentialAction":[{"@type":"ReadAction","target":["https:\/\/www.notibras.com\/site\/luz-no-fim-do-tunel-aponta-para-cambio-flutuante-e-suspensao-das-metas-de-inflacao\/"]}]},{"@type":"ImageObject","inLanguage":"pt-BR","@id":"https:\/\/www.notibras.com\/site\/luz-no-fim-do-tunel-aponta-para-cambio-flutuante-e-suspensao-das-metas-de-inflacao\/#primaryimage","url":"https:\/\/www.notibras.com\/site\/wp-content\/uploads\/2015\/10\/br2.jpg","contentUrl":"https:\/\/www.notibras.com\/site\/wp-content\/uploads\/2015\/10\/br2.jpg","width":750,"height":501},{"@type":"BreadcrumbList","@id":"https:\/\/www.notibras.com\/site\/luz-no-fim-do-tunel-aponta-para-cambio-flutuante-e-suspensao-das-metas-de-inflacao\/#breadcrumb","itemListElement":[{"@type":"ListItem","position":1,"name":"In\u00edcio","item":"https:\/\/www.notibras.com\/site\/"},{"@type":"ListItem","position":2,"name":"Luz no fim do t\u00fanel aponta para c\u00e2mbio flutuante e fim das metas de infla\u00e7\u00e3o"}]},{"@type":"WebSite","@id":"https:\/\/www.notibras.com\/site\/#website","url":"https:\/\/www.notibras.com\/site\/","name":"Notibras","description":"Not\u00edcias de Bras\u00edlia, do Brasil e do Mundo","publisher":{"@id":"https:\/\/www.notibras.com\/site\/#organization"},"potentialAction":[{"@type":"SearchAction","target":{"@type":"EntryPoint","urlTemplate":"https:\/\/www.notibras.com\/site\/?s={search_term_string}"},"query-input":{"@type":"PropertyValueSpecification","valueRequired":true,"valueName":"search_term_string"}}],"inLanguage":"pt-BR"},{"@type":"Organization","@id":"https:\/\/www.notibras.com\/site\/#organization","name":"Grupo Notibras de Comunica\u00e7\u00e3o","url":"https:\/\/www.notibras.com\/site\/","logo":{"@type":"ImageObject","inLanguage":"pt-BR","@id":"https:\/\/www.notibras.com\/site\/#\/schema\/logo\/image\/","url":"https:\/\/www.notibras.com\/site\/wp-content\/uploads\/2023\/01\/notibras23.png","contentUrl":"https:\/\/www.notibras.com\/site\/wp-content\/uploads\/2023\/01\/notibras23.png","width":350,"height":87,"caption":"Grupo Notibras de Comunica\u00e7\u00e3o"},"image":{"@id":"https:\/\/www.notibras.com\/site\/#\/schema\/logo\/image\/"},"sameAs":["https:\/\/www.facebook.com\/notibras\/","https:\/\/x.com\/Notibras","https:\/\/www.instagram.com\/notibras\/"]},{"@type":"Person","@id":"https:\/\/www.notibras.com\/site\/#\/schema\/person\/36ab0979449956132d3e5b517ea76ac8","name":"Reda\u00e7\u00e3o","image":{"@type":"ImageObject","inLanguage":"pt-BR","@id":"https:\/\/secure.gravatar.com\/avatar\/e0a867bdedb85fd243eadf09663511f96fc81e0720a4a42581f334ad4303aa6b?s=96&d=mm&r=g","url":"https:\/\/secure.gravatar.com\/avatar\/e0a867bdedb85fd243eadf09663511f96fc81e0720a4a42581f334ad4303aa6b?s=96&d=mm&r=g","contentUrl":"https:\/\/secure.gravatar.com\/avatar\/e0a867bdedb85fd243eadf09663511f96fc81e0720a4a42581f334ad4303aa6b?s=96&d=mm&r=g","caption":"Reda\u00e7\u00e3o"}}]}},"amp_enabled":true,"_links":{"self":[{"href":"https:\/\/www.notibras.com\/site\/wp-json\/wp\/v2\/posts\/70123","targetHints":{"allow":["GET"]}}],"collection":[{"href":"https:\/\/www.notibras.com\/site\/wp-json\/wp\/v2\/posts"}],"about":[{"href":"https:\/\/www.notibras.com\/site\/wp-json\/wp\/v2\/types\/post"}],"author":[{"embeddable":true,"href":"https:\/\/www.notibras.com\/site\/wp-json\/wp\/v2\/users\/2"}],"replies":[{"embeddable":true,"href":"https:\/\/www.notibras.com\/site\/wp-json\/wp\/v2\/comments?post=70123"}],"version-history":[{"count":2,"href":"https:\/\/www.notibras.com\/site\/wp-json\/wp\/v2\/posts\/70123\/revisions"}],"predecessor-version":[{"id":70126,"href":"https:\/\/www.notibras.com\/site\/wp-json\/wp\/v2\/posts\/70123\/revisions\/70126"}],"wp:featuredmedia":[{"embeddable":true,"href":"https:\/\/www.notibras.com\/site\/wp-json\/wp\/v2\/media\/70124"}],"wp:attachment":[{"href":"https:\/\/www.notibras.com\/site\/wp-json\/wp\/v2\/media?parent=70123"}],"wp:term":[{"taxonomy":"category","embeddable":true,"href":"https:\/\/www.notibras.com\/site\/wp-json\/wp\/v2\/categories?post=70123"},{"taxonomy":"post_tag","embeddable":true,"href":"https:\/\/www.notibras.com\/site\/wp-json\/wp\/v2\/tags?post=70123"}],"curies":[{"name":"wp","href":"https:\/\/api.w.org\/{rel}","templated":true}]}}