{"id":70141,"date":"2015-10-02T11:58:11","date_gmt":"2015-10-02T14:58:11","guid":{"rendered":"http:\/\/www.notibras.com\/site\/?p=70141"},"modified":"2015-10-02T18:28:00","modified_gmt":"2015-10-02T21:28:00","slug":"dilma-fecha-oito-ministerios-e-reduz-salario-dos-ministros-em-10","status":"publish","type":"post","link":"https:\/\/www.notibras.com\/site\/dilma-fecha-oito-ministerios-e-reduz-salario-dos-ministros-em-10\/","title":{"rendered":"Guerra do arrocho faz Dilma fechar minist\u00e9rios e reduzir sal\u00e1rios da equipe em 10%"},"content":{"rendered":"<p>Acabou o mist\u00e9rio: a presidente Dilma Rousseff anunciou nesta sexta-feira (2) a reforma ministerial. A medida do Planalto \u00e9 vista como uma resposta \u00e0 crise pol\u00edtica e fiscal do governo. Oito minist\u00e9rios foram extintos e houve\u00a0redu\u00e7\u00e3o de 10% no sal\u00e1rio dos ministros.<\/p>\n<p>A reforma ampliou o espa\u00e7o do PMDB, de seis para sete minist\u00e9rios, e contemplou ainda o PDT com o Minist\u00e9rio das Comunica\u00e7\u00f5es. O objetivo \u00e9 assegurar apoio ao governo no Congresso em meio \u00e0 discuss\u00e3o sobre um eventual impeachment da presidente e \u00e0 vota\u00e7\u00e3o do ajuste fiscal.<\/p>\n<p><strong>O que fecha, quem entra, quem sai<\/strong><\/p>\n<p>*Minist\u00e9rios da Previd\u00eancia Social ser\u00e1 fundido ao Minist\u00e9rio do Trabalho<br \/>\n*Minist\u00e9rio da Pesca e Aquicultura ser\u00e1 extinto e absorvido pela Agricultura<br \/>\n*Secretaria de Pol\u00edtica para as Mulheres, Secretaria de Pol\u00edticas de Promo\u00e7\u00e3o da Igualdade Racial e Secretaria de Direitos Humanos foram extintas e fundidas para criar o Minist\u00e9rio das Mulheres, Igualdade Racial e Direitos Humanos<br \/>\n*Secretaria Geral da Presid\u00eancia e a Secretaria de Rela\u00e7\u00f5es Institucionais: fundidas na Secretaria de Governo<br \/>\n*Gabinete de Seguran\u00e7a Institucional, respons\u00e1vel pela seguran\u00e7a da presidente, perder\u00e1 o status de minist\u00e9rio e ser\u00e1 transformado em gabinete militar<br \/>\n*Secretaria de Assuntos Estrat\u00e9gicos foi extinta. Ela era comandada pelo ministro Mangabeira Unger e formulou o programa P\u00e1tria Educadora, mote da atual gest\u00e3o<br \/>\n*Secretaria da Micro e Pequena Empresa ser\u00e1 absorvida pela Secretaria de Governo<\/p>\n<p><strong>Redu\u00e7\u00e3o de gastos<\/strong><\/p>\n<p>Al\u00e9m da redu\u00e7\u00e3o de minist\u00e9rios, Dilma anunciou novas medidas de redu\u00e7\u00e3o de gastos no governo. A principal delas \u00e9 o corte no sal\u00e1rio dos ministros, cuja remunera\u00e7\u00e3o atual \u00e9 de R$ 30,9 mil.<\/p>\n<p>*Cria\u00e7\u00e3o da comiss\u00e3o permanente de reforma do Estado<br \/>\n*Corte de 30 secretarias nacionais em minist\u00e9rios<br \/>\n*Redu\u00e7\u00e3o em 20% com gastos de custeio e contrata\u00e7\u00e3o de servi\u00e7os<br \/>\n*Limite de gastos com telefone, passagens e di\u00e1ria<br \/>\n*Metas de efici\u00eancia no uso de energia el\u00e9trica e \u00e1gua<br \/>\n*Corte de 10% na remunera\u00e7\u00e3o dos ministros<br \/>\n*Revis\u00e3o de todos os contratos de aluguel, seguran\u00e7a e administrativos<br \/>\n*Venda de im\u00f3veis da Uni\u00e3o n\u00e3o utilizados para pol\u00edticas p\u00fablicas<br \/>\n*Corte de 3.000 cargos em comiss\u00e3o<\/p>\n<p><strong>Sob nova dire\u00e7\u00e3o<\/strong><\/p>\n<p>Por fim, Dilma anunciou mudan\u00e7as no comando em pastas j\u00e1 existentes.<\/p>\n<p>*Minist\u00e9rio da Sa\u00fade: sai Arthur Chioro (PT-SP), entra o deputado federal Marcelo Castro (PMBD-PI)<br \/>\n*Minist\u00e9rio da Ci\u00eancia e Tecnologia: sai Aldo Rebelo (PC do B-SP) e entra o deputado federal Celso Pansera (PMDB-RJ)<br \/>\n*Secretaria de Portos: sai Edinho Ara\u00fajo (PMDB-SP) e entra Helder Barbalho (PMDB-PA). Barbalho era titular da Pesca, que ser\u00e1 extinta<br \/>\n*Minist\u00e9rio da Defesa: sai Jaques Wagner (PT-BA) e entra Ricardo Berzoini (PT-SP)<br \/>\n*Minist\u00e9rio da Educa\u00e7\u00e3o: sai Renato Janine e entra Aloizio Mercadante (PT-SP), atualmente na Casa Civil<\/p>\n<p><strong>Da Reda\u00e7\u00e3o com Ag\u00eancias<\/strong><\/p>\n","protected":false},"excerpt":{"rendered":"<p>Acabou o mist\u00e9rio: a presidente Dilma Rousseff anunciou nesta sexta-feira (2) a reforma ministerial. A medida do Planalto \u00e9 vista como uma resposta \u00e0 crise pol\u00edtica e fiscal do governo. Oito minist\u00e9rios foram extintos e houve\u00a0redu\u00e7\u00e3o de 10% no sal\u00e1rio dos ministros. A reforma ampliou o espa\u00e7o do PMDB, de seis para sete minist\u00e9rios, e [&hellip;]<\/p>\n","protected":false},"author":2,"featured_media":0,"comment_status":"open","ping_status":"closed","sticky":false,"template":"","format":"standard","meta":{"_acf_changed":false,"footnotes":""},"categories":[16],"tags":[],"class_list":["post-70141","post","type-post","status-publish","format-standard","hentry","category-brasil"],"acf":[],"yoast_head":"<!-- This site is optimized with the Yoast SEO plugin v27.2 - https:\/\/yoast.com\/product\/yoast-seo-wordpress\/ -->\n<title>Guerra do arrocho faz Dilma fechar minist\u00e9rios e reduzir sal\u00e1rios da equipe em 10% - Notibras<\/title>\n<meta name=\"robots\" content=\"index, follow, max-snippet:-1, max-image-preview:large, max-video-preview:-1\" \/>\n<link rel=\"canonical\" href=\"https:\/\/www.notibras.com\/site\/dilma-fecha-oito-ministerios-e-reduz-salario-dos-ministros-em-10\/\" \/>\n<meta property=\"og:locale\" content=\"pt_BR\" \/>\n<meta property=\"og:type\" content=\"article\" \/>\n<meta property=\"og:title\" content=\"Guerra do arrocho faz Dilma fechar minist\u00e9rios e reduzir sal\u00e1rios da equipe em 10% - Notibras\" \/>\n<meta property=\"og:description\" content=\"Acabou o mist\u00e9rio: a presidente Dilma Rousseff anunciou nesta sexta-feira (2) a reforma ministerial. A medida do Planalto \u00e9 vista como uma resposta \u00e0 crise pol\u00edtica e fiscal do governo. Oito minist\u00e9rios foram extintos e houve\u00a0redu\u00e7\u00e3o de 10% no sal\u00e1rio dos ministros. A reforma ampliou o espa\u00e7o do PMDB, de seis para sete minist\u00e9rios, e [&hellip;]\" \/>\n<meta property=\"og:url\" content=\"https:\/\/www.notibras.com\/site\/dilma-fecha-oito-ministerios-e-reduz-salario-dos-ministros-em-10\/\" \/>\n<meta property=\"og:site_name\" content=\"Notibras\" \/>\n<meta property=\"article:publisher\" content=\"https:\/\/www.facebook.com\/notibras\/\" \/>\n<meta property=\"article:published_time\" content=\"2015-10-02T14:58:11+00:00\" \/>\n<meta property=\"article:modified_time\" content=\"2015-10-02T21:28:00+00:00\" \/>\n<meta property=\"og:image\" content=\"https:\/\/www.notibras.com\/site\/wp-content\/uploads\/2015\/10\/978308-02102015-dsc_8782.jpg\" \/>\n\t<meta property=\"og:image:width\" content=\"800\" \/>\n\t<meta property=\"og:image:height\" content=\"532\" \/>\n\t<meta property=\"og:image:type\" content=\"image\/jpeg\" \/>\n<meta name=\"author\" content=\"Reda\u00e7\u00e3o\" \/>\n<meta name=\"twitter:card\" content=\"summary_large_image\" \/>\n<meta name=\"twitter:creator\" content=\"@Notibras\" \/>\n<meta name=\"twitter:site\" content=\"@Notibras\" \/>\n<meta name=\"twitter:label1\" content=\"Escrito por\" \/>\n\t<meta name=\"twitter:data1\" content=\"Reda\u00e7\u00e3o\" \/>\n\t<meta name=\"twitter:label2\" content=\"Est. tempo de leitura\" \/>\n\t<meta name=\"twitter:data2\" content=\"2 minutos\" \/>\n<script type=\"application\/ld+json\" class=\"yoast-schema-graph\">{\"@context\":\"https:\/\/schema.org\",\"@graph\":[{\"@type\":\"Article\",\"@id\":\"https:\/\/www.notibras.com\/site\/dilma-fecha-oito-ministerios-e-reduz-salario-dos-ministros-em-10\/#article\",\"isPartOf\":{\"@id\":\"https:\/\/www.notibras.com\/site\/dilma-fecha-oito-ministerios-e-reduz-salario-dos-ministros-em-10\/\"},\"author\":{\"name\":\"Reda\u00e7\u00e3o\",\"@id\":\"https:\/\/www.notibras.com\/site\/#\/schema\/person\/36ab0979449956132d3e5b517ea76ac8\"},\"headline\":\"Guerra do arrocho faz Dilma fechar minist\u00e9rios e reduzir sal\u00e1rios da equipe em 10%\",\"datePublished\":\"2015-10-02T14:58:11+00:00\",\"dateModified\":\"2015-10-02T21:28:00+00:00\",\"mainEntityOfPage\":{\"@id\":\"https:\/\/www.notibras.com\/site\/dilma-fecha-oito-ministerios-e-reduz-salario-dos-ministros-em-10\/\"},\"wordCount\":499,\"commentCount\":0,\"publisher\":{\"@id\":\"https:\/\/www.notibras.com\/site\/#organization\"},\"articleSection\":[\"Brasil\"],\"inLanguage\":\"pt-BR\",\"potentialAction\":[{\"@type\":\"CommentAction\",\"name\":\"Comment\",\"target\":[\"https:\/\/www.notibras.com\/site\/dilma-fecha-oito-ministerios-e-reduz-salario-dos-ministros-em-10\/#respond\"]}]},{\"@type\":\"WebPage\",\"@id\":\"https:\/\/www.notibras.com\/site\/dilma-fecha-oito-ministerios-e-reduz-salario-dos-ministros-em-10\/\",\"url\":\"https:\/\/www.notibras.com\/site\/dilma-fecha-oito-ministerios-e-reduz-salario-dos-ministros-em-10\/\",\"name\":\"Guerra do arrocho faz Dilma fechar minist\u00e9rios e reduzir sal\u00e1rios da equipe em 10% - Notibras\",\"isPartOf\":{\"@id\":\"https:\/\/www.notibras.com\/site\/#website\"},\"datePublished\":\"2015-10-02T14:58:11+00:00\",\"dateModified\":\"2015-10-02T21:28:00+00:00\",\"breadcrumb\":{\"@id\":\"https:\/\/www.notibras.com\/site\/dilma-fecha-oito-ministerios-e-reduz-salario-dos-ministros-em-10\/#breadcrumb\"},\"inLanguage\":\"pt-BR\",\"potentialAction\":[{\"@type\":\"ReadAction\",\"target\":[\"https:\/\/www.notibras.com\/site\/dilma-fecha-oito-ministerios-e-reduz-salario-dos-ministros-em-10\/\"]}]},{\"@type\":\"BreadcrumbList\",\"@id\":\"https:\/\/www.notibras.com\/site\/dilma-fecha-oito-ministerios-e-reduz-salario-dos-ministros-em-10\/#breadcrumb\",\"itemListElement\":[{\"@type\":\"ListItem\",\"position\":1,\"name\":\"In\u00edcio\",\"item\":\"https:\/\/www.notibras.com\/site\/\"},{\"@type\":\"ListItem\",\"position\":2,\"name\":\"Guerra do arrocho faz Dilma fechar minist\u00e9rios e reduzir sal\u00e1rios da equipe em 10%\"}]},{\"@type\":\"WebSite\",\"@id\":\"https:\/\/www.notibras.com\/site\/#website\",\"url\":\"https:\/\/www.notibras.com\/site\/\",\"name\":\"Notibras\",\"description\":\"Not\u00edcias de Bras\u00edlia, do Brasil e do Mundo\",\"publisher\":{\"@id\":\"https:\/\/www.notibras.com\/site\/#organization\"},\"potentialAction\":[{\"@type\":\"SearchAction\",\"target\":{\"@type\":\"EntryPoint\",\"urlTemplate\":\"https:\/\/www.notibras.com\/site\/?s={search_term_string}\"},\"query-input\":{\"@type\":\"PropertyValueSpecification\",\"valueRequired\":true,\"valueName\":\"search_term_string\"}}],\"inLanguage\":\"pt-BR\"},{\"@type\":\"Organization\",\"@id\":\"https:\/\/www.notibras.com\/site\/#organization\",\"name\":\"Grupo Notibras de Comunica\u00e7\u00e3o\",\"url\":\"https:\/\/www.notibras.com\/site\/\",\"logo\":{\"@type\":\"ImageObject\",\"inLanguage\":\"pt-BR\",\"@id\":\"https:\/\/www.notibras.com\/site\/#\/schema\/logo\/image\/\",\"url\":\"https:\/\/www.notibras.com\/site\/wp-content\/uploads\/2023\/01\/notibras23.png\",\"contentUrl\":\"https:\/\/www.notibras.com\/site\/wp-content\/uploads\/2023\/01\/notibras23.png\",\"width\":350,\"height\":87,\"caption\":\"Grupo Notibras de Comunica\u00e7\u00e3o\"},\"image\":{\"@id\":\"https:\/\/www.notibras.com\/site\/#\/schema\/logo\/image\/\"},\"sameAs\":[\"https:\/\/www.facebook.com\/notibras\/\",\"https:\/\/x.com\/Notibras\",\"https:\/\/www.instagram.com\/notibras\/\"]},{\"@type\":\"Person\",\"@id\":\"https:\/\/www.notibras.com\/site\/#\/schema\/person\/36ab0979449956132d3e5b517ea76ac8\",\"name\":\"Reda\u00e7\u00e3o\",\"image\":{\"@type\":\"ImageObject\",\"inLanguage\":\"pt-BR\",\"@id\":\"https:\/\/secure.gravatar.com\/avatar\/e0a867bdedb85fd243eadf09663511f96fc81e0720a4a42581f334ad4303aa6b?s=96&d=mm&r=g\",\"url\":\"https:\/\/secure.gravatar.com\/avatar\/e0a867bdedb85fd243eadf09663511f96fc81e0720a4a42581f334ad4303aa6b?s=96&d=mm&r=g\",\"contentUrl\":\"https:\/\/secure.gravatar.com\/avatar\/e0a867bdedb85fd243eadf09663511f96fc81e0720a4a42581f334ad4303aa6b?s=96&d=mm&r=g\",\"caption\":\"Reda\u00e7\u00e3o\"}}]}<\/script>\n<!-- \/ Yoast SEO plugin. -->","yoast_head_json":{"title":"Guerra do arrocho faz Dilma fechar minist\u00e9rios e reduzir sal\u00e1rios da equipe em 10% - Notibras","robots":{"index":"index","follow":"follow","max-snippet":"max-snippet:-1","max-image-preview":"max-image-preview:large","max-video-preview":"max-video-preview:-1"},"canonical":"https:\/\/www.notibras.com\/site\/dilma-fecha-oito-ministerios-e-reduz-salario-dos-ministros-em-10\/","og_locale":"pt_BR","og_type":"article","og_title":"Guerra do arrocho faz Dilma fechar minist\u00e9rios e reduzir sal\u00e1rios da equipe em 10% - Notibras","og_description":"Acabou o mist\u00e9rio: a presidente Dilma Rousseff anunciou nesta sexta-feira (2) a reforma ministerial. A medida do Planalto \u00e9 vista como uma resposta \u00e0 crise pol\u00edtica e fiscal do governo. Oito minist\u00e9rios foram extintos e houve\u00a0redu\u00e7\u00e3o de 10% no sal\u00e1rio dos ministros. A reforma ampliou o espa\u00e7o do PMDB, de seis para sete minist\u00e9rios, e [&hellip;]","og_url":"https:\/\/www.notibras.com\/site\/dilma-fecha-oito-ministerios-e-reduz-salario-dos-ministros-em-10\/","og_site_name":"Notibras","article_publisher":"https:\/\/www.facebook.com\/notibras\/","article_published_time":"2015-10-02T14:58:11+00:00","article_modified_time":"2015-10-02T21:28:00+00:00","og_image":[{"width":800,"height":532,"url":"https:\/\/www.notibras.com\/site\/wp-content\/uploads\/2015\/10\/978308-02102015-dsc_8782.jpg","type":"image\/jpeg"}],"author":"Reda\u00e7\u00e3o","twitter_card":"summary_large_image","twitter_creator":"@Notibras","twitter_site":"@Notibras","twitter_misc":{"Escrito por":"Reda\u00e7\u00e3o","Est. tempo de leitura":"2 minutos"},"schema":{"@context":"https:\/\/schema.org","@graph":[{"@type":"Article","@id":"https:\/\/www.notibras.com\/site\/dilma-fecha-oito-ministerios-e-reduz-salario-dos-ministros-em-10\/#article","isPartOf":{"@id":"https:\/\/www.notibras.com\/site\/dilma-fecha-oito-ministerios-e-reduz-salario-dos-ministros-em-10\/"},"author":{"name":"Reda\u00e7\u00e3o","@id":"https:\/\/www.notibras.com\/site\/#\/schema\/person\/36ab0979449956132d3e5b517ea76ac8"},"headline":"Guerra do arrocho faz Dilma fechar minist\u00e9rios e reduzir sal\u00e1rios da equipe em 10%","datePublished":"2015-10-02T14:58:11+00:00","dateModified":"2015-10-02T21:28:00+00:00","mainEntityOfPage":{"@id":"https:\/\/www.notibras.com\/site\/dilma-fecha-oito-ministerios-e-reduz-salario-dos-ministros-em-10\/"},"wordCount":499,"commentCount":0,"publisher":{"@id":"https:\/\/www.notibras.com\/site\/#organization"},"articleSection":["Brasil"],"inLanguage":"pt-BR","potentialAction":[{"@type":"CommentAction","name":"Comment","target":["https:\/\/www.notibras.com\/site\/dilma-fecha-oito-ministerios-e-reduz-salario-dos-ministros-em-10\/#respond"]}]},{"@type":"WebPage","@id":"https:\/\/www.notibras.com\/site\/dilma-fecha-oito-ministerios-e-reduz-salario-dos-ministros-em-10\/","url":"https:\/\/www.notibras.com\/site\/dilma-fecha-oito-ministerios-e-reduz-salario-dos-ministros-em-10\/","name":"Guerra do arrocho faz Dilma fechar minist\u00e9rios e reduzir sal\u00e1rios da equipe em 10% - Notibras","isPartOf":{"@id":"https:\/\/www.notibras.com\/site\/#website"},"datePublished":"2015-10-02T14:58:11+00:00","dateModified":"2015-10-02T21:28:00+00:00","breadcrumb":{"@id":"https:\/\/www.notibras.com\/site\/dilma-fecha-oito-ministerios-e-reduz-salario-dos-ministros-em-10\/#breadcrumb"},"inLanguage":"pt-BR","potentialAction":[{"@type":"ReadAction","target":["https:\/\/www.notibras.com\/site\/dilma-fecha-oito-ministerios-e-reduz-salario-dos-ministros-em-10\/"]}]},{"@type":"BreadcrumbList","@id":"https:\/\/www.notibras.com\/site\/dilma-fecha-oito-ministerios-e-reduz-salario-dos-ministros-em-10\/#breadcrumb","itemListElement":[{"@type":"ListItem","position":1,"name":"In\u00edcio","item":"https:\/\/www.notibras.com\/site\/"},{"@type":"ListItem","position":2,"name":"Guerra do arrocho faz Dilma fechar minist\u00e9rios e reduzir sal\u00e1rios da equipe em 10%"}]},{"@type":"WebSite","@id":"https:\/\/www.notibras.com\/site\/#website","url":"https:\/\/www.notibras.com\/site\/","name":"Notibras","description":"Not\u00edcias de Bras\u00edlia, do Brasil e do Mundo","publisher":{"@id":"https:\/\/www.notibras.com\/site\/#organization"},"potentialAction":[{"@type":"SearchAction","target":{"@type":"EntryPoint","urlTemplate":"https:\/\/www.notibras.com\/site\/?s={search_term_string}"},"query-input":{"@type":"PropertyValueSpecification","valueRequired":true,"valueName":"search_term_string"}}],"inLanguage":"pt-BR"},{"@type":"Organization","@id":"https:\/\/www.notibras.com\/site\/#organization","name":"Grupo Notibras de Comunica\u00e7\u00e3o","url":"https:\/\/www.notibras.com\/site\/","logo":{"@type":"ImageObject","inLanguage":"pt-BR","@id":"https:\/\/www.notibras.com\/site\/#\/schema\/logo\/image\/","url":"https:\/\/www.notibras.com\/site\/wp-content\/uploads\/2023\/01\/notibras23.png","contentUrl":"https:\/\/www.notibras.com\/site\/wp-content\/uploads\/2023\/01\/notibras23.png","width":350,"height":87,"caption":"Grupo Notibras de Comunica\u00e7\u00e3o"},"image":{"@id":"https:\/\/www.notibras.com\/site\/#\/schema\/logo\/image\/"},"sameAs":["https:\/\/www.facebook.com\/notibras\/","https:\/\/x.com\/Notibras","https:\/\/www.instagram.com\/notibras\/"]},{"@type":"Person","@id":"https:\/\/www.notibras.com\/site\/#\/schema\/person\/36ab0979449956132d3e5b517ea76ac8","name":"Reda\u00e7\u00e3o","image":{"@type":"ImageObject","inLanguage":"pt-BR","@id":"https:\/\/secure.gravatar.com\/avatar\/e0a867bdedb85fd243eadf09663511f96fc81e0720a4a42581f334ad4303aa6b?s=96&d=mm&r=g","url":"https:\/\/secure.gravatar.com\/avatar\/e0a867bdedb85fd243eadf09663511f96fc81e0720a4a42581f334ad4303aa6b?s=96&d=mm&r=g","contentUrl":"https:\/\/secure.gravatar.com\/avatar\/e0a867bdedb85fd243eadf09663511f96fc81e0720a4a42581f334ad4303aa6b?s=96&d=mm&r=g","caption":"Reda\u00e7\u00e3o"}}]}},"amp_enabled":true,"_links":{"self":[{"href":"https:\/\/www.notibras.com\/site\/wp-json\/wp\/v2\/posts\/70141","targetHints":{"allow":["GET"]}}],"collection":[{"href":"https:\/\/www.notibras.com\/site\/wp-json\/wp\/v2\/posts"}],"about":[{"href":"https:\/\/www.notibras.com\/site\/wp-json\/wp\/v2\/types\/post"}],"author":[{"embeddable":true,"href":"https:\/\/www.notibras.com\/site\/wp-json\/wp\/v2\/users\/2"}],"replies":[{"embeddable":true,"href":"https:\/\/www.notibras.com\/site\/wp-json\/wp\/v2\/comments?post=70141"}],"version-history":[{"count":8,"href":"https:\/\/www.notibras.com\/site\/wp-json\/wp\/v2\/posts\/70141\/revisions"}],"predecessor-version":[{"id":70187,"href":"https:\/\/www.notibras.com\/site\/wp-json\/wp\/v2\/posts\/70141\/revisions\/70187"}],"wp:attachment":[{"href":"https:\/\/www.notibras.com\/site\/wp-json\/wp\/v2\/media?parent=70141"}],"wp:term":[{"taxonomy":"category","embeddable":true,"href":"https:\/\/www.notibras.com\/site\/wp-json\/wp\/v2\/categories?post=70141"},{"taxonomy":"post_tag","embeddable":true,"href":"https:\/\/www.notibras.com\/site\/wp-json\/wp\/v2\/tags?post=70141"}],"curies":[{"name":"wp","href":"https:\/\/api.w.org\/{rel}","templated":true}]}}