{"id":70163,"date":"2015-10-02T12:21:14","date_gmt":"2015-10-02T15:21:14","guid":{"rendered":"http:\/\/www.notibras.com\/site\/?p=70163"},"modified":"2015-10-02T22:26:48","modified_gmt":"2015-10-03T01:26:48","slug":"enem-comeca-a-liberar-cartao-da-prova-e-candidato-deve-fazer-tudo-pela-internet","status":"publish","type":"post","link":"https:\/\/www.notibras.com\/site\/enem-comeca-a-liberar-cartao-da-prova-e-candidato-deve-fazer-tudo-pela-internet\/","title":{"rendered":"Enem come\u00e7a a liberar cart\u00e3o da prova, mas o candidato deve fazer tudo pela internet"},"content":{"rendered":"<p>O cart\u00e3o de confirma\u00e7\u00e3o do Enem com o local de prova de cada candidato estar\u00e1 dispon\u00edvel a partir das 14 horas de hoje no <a href=\"http:\/\/enem.inep.gov.br\/participante\" target=\"_blank\">site do Enem<\/a>. Pela primeira vez desde que o exame foi criado, o documento n\u00e3o ser\u00e1 enviado pelo correio. O participante poder\u00e1 ter acesso ao cart\u00e3o apenas por meio de consulta digital. A mudan\u00e7a, de acordo com o presidente da Inep, Jos\u00e9 Francisco Soares, vai trazer uma economia com produ\u00e7\u00e3o gr\u00e1fica e distribui\u00e7\u00e3o de R$ 16,5 milh\u00f5es.<\/p>\n<p>Para ter acesso ao cart\u00e3o, o candidato dever\u00e1 informar o CPF e a senha criada no momento da inscri\u00e7\u00e3o. Aqueles que esqueceram, podem recuper\u00e1-la no mesmo link onde estar\u00e1 dispon\u00edvel o cart\u00e3o de confirma\u00e7\u00e3o e clicar em &#8220;esqueci minha senha&#8221;. H\u00e1 op\u00e7\u00f5es para o c\u00f3digo ser enviado tanto por SMS quanto por e-mail. Al\u00e9m do local de prova, no cart\u00e3o constam o nome, CPF, n\u00famero da inscri\u00e7\u00e3o, a op\u00e7\u00e3o da l\u00edngua estrangeira e se h\u00e1 necessidade de atendimento especializado ou espec\u00edfico. O documento n\u00e3o precisa ser impresso j\u00e1 no primeiro acesso. Se candidato preferir, h\u00e1 op\u00e7\u00e3o de fazer uma c\u00f3pia e arquiv\u00e1-lo no computador para ser impresso posteriormente.<\/p>\n<p>A recomenda\u00e7\u00e3o \u00e9 a de que o candidato verifique se todas as informa\u00e7\u00f5es no cart\u00e3o est\u00e3o corretas e visite, com anteced\u00eancia, o local de prova. &#8220;Isso evita atropelos&#8221;, assegura o presidente do Inep. Embora n\u00e3o seja obrigat\u00f3rio, o ideal \u00e9 imprimir o cart\u00e3o e lev\u00e1-lo no dia do exame.<\/p>\n<p>Este ano, o Enem recebeu 7.746.118 inscri\u00e7\u00f5es. Do total, 2.676.982 realizam a prova pela primeira vez. O n\u00famero \u00e9 significativamente menor do que o registrado em 2014, quando 5.356.173 candidatos encaixavam-se nesse perfil. O presidente do Inep atribuiu a queda em parte a mudan\u00e7as nas regras para a dispensa do pagamento de taxas de inscri\u00e7\u00e3o. Candidatos que declaram car\u00eancia socioecon\u00f4mica e n\u00e3o comparecem aos dois dias de exame, perder\u00e3o o direito de pedir novamente a dispensa no pagamento das taxas, no ano seguinte. &#8220;Talvez quem n\u00e3o esteja muito seguro tenha optado por fazer o Enem somente ano que vem. O importante \u00e9 ressaltar que ningu\u00e9m ficou de fora por falta de condi\u00e7\u00f5es financeiras para pagamento das taxas&#8221;, disse Soares.<\/p>\n<p>Do total dos inscritos, 1.984.036 pagaram as taxas de inscri\u00e7\u00e3o. Foram dispensados do pagamento 4.417.285, que declararam baixa renda e 1.344.797, por terem cursado escola p\u00fablica. Mulheres s\u00e3o maioria dos candidatos: elas respondem por 57,55% das inscri\u00e7\u00f5es. A an\u00e1lise do perfil dos inscritos mostra ainda que 57,99% conclu\u00edram o ensino m\u00e9dio e 21,3% completam o curso este ano. Outros 14,94% v\u00e3o concluir depois de 2015. Dos inscritos, 243.383 t\u00eam menos de 16 anos e 1.104.152 t\u00eam 17. Na faixa et\u00e1ria entre 21 e 30, est\u00e3o 2.397.865 participantes.<\/p>\n<p>Este ano, 278 candidatos transexuais e travestis participam do exame. O n\u00famero \u00e9 significativamente maior do que o registrado ano passado: 102. Os candidatos ser\u00e3o identificados com o nome civil, mas ser\u00e3o tratados pelo nome social &#8211; o cart\u00e3o traz os dois. Ao todo, ser\u00e3o realizados 57.013 atendimentos especiais para candidatos que apresentam, por exemplo, defici\u00eancia f\u00edsica, d\u00e9ficit de aten\u00e7\u00e3o, surdez ou baixa vis\u00e3o. Foram 12 recursos especiais ou tipos de aux\u00edlio disponibilizados para esses candidatos, como int\u00e9rpretes, salas de f\u00e1cil acesso, prova super ampliada, int\u00e9rprete de libras e leitura labial. O Enem este ano vai providenciar ainda 92.821 atendimentos espec\u00edficos, para 1.711 idosos, 71.195 candidatos que por motivos religiosos guardam o s\u00e1bado, 8.424 gestantes e 10.773 lactantes. S\u00e3o Paulo \u00e9 o Estado que concentra maior n\u00famero de atendimentos espec\u00edficos: 11.384. Em seguida, vem a Bahia, com 9.744.<\/p>\n<p><img loading=\"lazy\" decoding=\"async\" class=\"alignnone size-full wp-image-70065\" src=\"http:\/\/www.notibras.com\/site\/wp-content\/uploads\/2015\/10\/estadao.png\" alt=\"estadao\" width=\"99\" height=\"16\" \/><\/p>\n","protected":false},"excerpt":{"rendered":"<p>O cart\u00e3o de confirma\u00e7\u00e3o do Enem com o local de prova de cada candidato estar\u00e1 dispon\u00edvel a partir das 14 horas de hoje no site do Enem. Pela primeira vez desde que o exame foi criado, o documento n\u00e3o ser\u00e1 enviado pelo correio. O participante poder\u00e1 ter acesso ao cart\u00e3o apenas por meio de consulta [&hellip;]<\/p>\n","protected":false},"author":2,"featured_media":70164,"comment_status":"open","ping_status":"closed","sticky":false,"template":"","format":"standard","meta":{"_acf_changed":false,"footnotes":""},"categories":[16],"tags":[],"class_list":["post-70163","post","type-post","status-publish","format-standard","has-post-thumbnail","hentry","category-brasil"],"acf":[],"yoast_head":"<!-- This site is optimized with the Yoast SEO plugin v27.2 - https:\/\/yoast.com\/product\/yoast-seo-wordpress\/ -->\n<title>Enem come\u00e7a a liberar cart\u00e3o da prova, mas o candidato deve fazer tudo pela internet - Notibras<\/title>\n<meta name=\"robots\" content=\"index, follow, max-snippet:-1, max-image-preview:large, max-video-preview:-1\" \/>\n<link rel=\"canonical\" href=\"https:\/\/www.notibras.com\/site\/enem-comeca-a-liberar-cartao-da-prova-e-candidato-deve-fazer-tudo-pela-internet\/\" \/>\n<meta property=\"og:locale\" content=\"pt_BR\" \/>\n<meta property=\"og:type\" content=\"article\" \/>\n<meta property=\"og:title\" content=\"Enem come\u00e7a a liberar cart\u00e3o da prova, mas o candidato deve fazer tudo pela internet - Notibras\" \/>\n<meta property=\"og:description\" content=\"O cart\u00e3o de confirma\u00e7\u00e3o do Enem com o local de prova de cada candidato estar\u00e1 dispon\u00edvel a partir das 14 horas de hoje no site do Enem. Pela primeira vez desde que o exame foi criado, o documento n\u00e3o ser\u00e1 enviado pelo correio. O participante poder\u00e1 ter acesso ao cart\u00e3o apenas por meio de consulta [&hellip;]\" \/>\n<meta property=\"og:url\" content=\"https:\/\/www.notibras.com\/site\/enem-comeca-a-liberar-cartao-da-prova-e-candidato-deve-fazer-tudo-pela-internet\/\" \/>\n<meta property=\"og:site_name\" content=\"Notibras\" \/>\n<meta property=\"article:publisher\" content=\"https:\/\/www.facebook.com\/notibras\/\" \/>\n<meta property=\"article:published_time\" content=\"2015-10-02T15:21:14+00:00\" \/>\n<meta property=\"article:modified_time\" content=\"2015-10-03T01:26:48+00:00\" \/>\n<meta property=\"og:image\" content=\"https:\/\/www.notibras.com\/site\/wp-content\/uploads\/2015\/10\/Enem20141.jpg\" \/>\n\t<meta property=\"og:image:width\" content=\"720\" \/>\n\t<meta property=\"og:image:height\" content=\"460\" \/>\n\t<meta property=\"og:image:type\" content=\"image\/jpeg\" \/>\n<meta name=\"author\" content=\"Reda\u00e7\u00e3o\" \/>\n<meta name=\"twitter:card\" content=\"summary_large_image\" \/>\n<meta name=\"twitter:creator\" content=\"@Notibras\" \/>\n<meta name=\"twitter:site\" content=\"@Notibras\" \/>\n<meta name=\"twitter:label1\" content=\"Escrito por\" \/>\n\t<meta name=\"twitter:data1\" content=\"Reda\u00e7\u00e3o\" \/>\n\t<meta name=\"twitter:label2\" content=\"Est. tempo de leitura\" \/>\n\t<meta name=\"twitter:data2\" content=\"3 minutos\" \/>\n<script type=\"application\/ld+json\" class=\"yoast-schema-graph\">{\"@context\":\"https:\/\/schema.org\",\"@graph\":[{\"@type\":\"Article\",\"@id\":\"https:\/\/www.notibras.com\/site\/enem-comeca-a-liberar-cartao-da-prova-e-candidato-deve-fazer-tudo-pela-internet\/#article\",\"isPartOf\":{\"@id\":\"https:\/\/www.notibras.com\/site\/enem-comeca-a-liberar-cartao-da-prova-e-candidato-deve-fazer-tudo-pela-internet\/\"},\"author\":{\"name\":\"Reda\u00e7\u00e3o\",\"@id\":\"https:\/\/www.notibras.com\/site\/#\/schema\/person\/36ab0979449956132d3e5b517ea76ac8\"},\"headline\":\"Enem come\u00e7a a liberar cart\u00e3o da prova, mas o candidato deve fazer tudo pela internet\",\"datePublished\":\"2015-10-02T15:21:14+00:00\",\"dateModified\":\"2015-10-03T01:26:48+00:00\",\"mainEntityOfPage\":{\"@id\":\"https:\/\/www.notibras.com\/site\/enem-comeca-a-liberar-cartao-da-prova-e-candidato-deve-fazer-tudo-pela-internet\/\"},\"wordCount\":641,\"commentCount\":0,\"publisher\":{\"@id\":\"https:\/\/www.notibras.com\/site\/#organization\"},\"image\":{\"@id\":\"https:\/\/www.notibras.com\/site\/enem-comeca-a-liberar-cartao-da-prova-e-candidato-deve-fazer-tudo-pela-internet\/#primaryimage\"},\"thumbnailUrl\":\"https:\/\/www.notibras.com\/site\/wp-content\/uploads\/2015\/10\/Enem20141.jpg\",\"articleSection\":[\"Brasil\"],\"inLanguage\":\"pt-BR\",\"potentialAction\":[{\"@type\":\"CommentAction\",\"name\":\"Comment\",\"target\":[\"https:\/\/www.notibras.com\/site\/enem-comeca-a-liberar-cartao-da-prova-e-candidato-deve-fazer-tudo-pela-internet\/#respond\"]}]},{\"@type\":\"WebPage\",\"@id\":\"https:\/\/www.notibras.com\/site\/enem-comeca-a-liberar-cartao-da-prova-e-candidato-deve-fazer-tudo-pela-internet\/\",\"url\":\"https:\/\/www.notibras.com\/site\/enem-comeca-a-liberar-cartao-da-prova-e-candidato-deve-fazer-tudo-pela-internet\/\",\"name\":\"Enem come\u00e7a a liberar cart\u00e3o da prova, mas o candidato deve fazer tudo pela internet - Notibras\",\"isPartOf\":{\"@id\":\"https:\/\/www.notibras.com\/site\/#website\"},\"primaryImageOfPage\":{\"@id\":\"https:\/\/www.notibras.com\/site\/enem-comeca-a-liberar-cartao-da-prova-e-candidato-deve-fazer-tudo-pela-internet\/#primaryimage\"},\"image\":{\"@id\":\"https:\/\/www.notibras.com\/site\/enem-comeca-a-liberar-cartao-da-prova-e-candidato-deve-fazer-tudo-pela-internet\/#primaryimage\"},\"thumbnailUrl\":\"https:\/\/www.notibras.com\/site\/wp-content\/uploads\/2015\/10\/Enem20141.jpg\",\"datePublished\":\"2015-10-02T15:21:14+00:00\",\"dateModified\":\"2015-10-03T01:26:48+00:00\",\"breadcrumb\":{\"@id\":\"https:\/\/www.notibras.com\/site\/enem-comeca-a-liberar-cartao-da-prova-e-candidato-deve-fazer-tudo-pela-internet\/#breadcrumb\"},\"inLanguage\":\"pt-BR\",\"potentialAction\":[{\"@type\":\"ReadAction\",\"target\":[\"https:\/\/www.notibras.com\/site\/enem-comeca-a-liberar-cartao-da-prova-e-candidato-deve-fazer-tudo-pela-internet\/\"]}]},{\"@type\":\"ImageObject\",\"inLanguage\":\"pt-BR\",\"@id\":\"https:\/\/www.notibras.com\/site\/enem-comeca-a-liberar-cartao-da-prova-e-candidato-deve-fazer-tudo-pela-internet\/#primaryimage\",\"url\":\"https:\/\/www.notibras.com\/site\/wp-content\/uploads\/2015\/10\/Enem20141.jpg\",\"contentUrl\":\"https:\/\/www.notibras.com\/site\/wp-content\/uploads\/2015\/10\/Enem20141.jpg\",\"width\":720,\"height\":460},{\"@type\":\"BreadcrumbList\",\"@id\":\"https:\/\/www.notibras.com\/site\/enem-comeca-a-liberar-cartao-da-prova-e-candidato-deve-fazer-tudo-pela-internet\/#breadcrumb\",\"itemListElement\":[{\"@type\":\"ListItem\",\"position\":1,\"name\":\"In\u00edcio\",\"item\":\"https:\/\/www.notibras.com\/site\/\"},{\"@type\":\"ListItem\",\"position\":2,\"name\":\"Enem come\u00e7a a liberar cart\u00e3o da prova, mas o candidato deve fazer tudo pela internet\"}]},{\"@type\":\"WebSite\",\"@id\":\"https:\/\/www.notibras.com\/site\/#website\",\"url\":\"https:\/\/www.notibras.com\/site\/\",\"name\":\"Notibras\",\"description\":\"Not\u00edcias de Bras\u00edlia, do Brasil e do Mundo\",\"publisher\":{\"@id\":\"https:\/\/www.notibras.com\/site\/#organization\"},\"potentialAction\":[{\"@type\":\"SearchAction\",\"target\":{\"@type\":\"EntryPoint\",\"urlTemplate\":\"https:\/\/www.notibras.com\/site\/?s={search_term_string}\"},\"query-input\":{\"@type\":\"PropertyValueSpecification\",\"valueRequired\":true,\"valueName\":\"search_term_string\"}}],\"inLanguage\":\"pt-BR\"},{\"@type\":\"Organization\",\"@id\":\"https:\/\/www.notibras.com\/site\/#organization\",\"name\":\"Grupo Notibras de Comunica\u00e7\u00e3o\",\"url\":\"https:\/\/www.notibras.com\/site\/\",\"logo\":{\"@type\":\"ImageObject\",\"inLanguage\":\"pt-BR\",\"@id\":\"https:\/\/www.notibras.com\/site\/#\/schema\/logo\/image\/\",\"url\":\"https:\/\/www.notibras.com\/site\/wp-content\/uploads\/2023\/01\/notibras23.png\",\"contentUrl\":\"https:\/\/www.notibras.com\/site\/wp-content\/uploads\/2023\/01\/notibras23.png\",\"width\":350,\"height\":87,\"caption\":\"Grupo Notibras de Comunica\u00e7\u00e3o\"},\"image\":{\"@id\":\"https:\/\/www.notibras.com\/site\/#\/schema\/logo\/image\/\"},\"sameAs\":[\"https:\/\/www.facebook.com\/notibras\/\",\"https:\/\/x.com\/Notibras\",\"https:\/\/www.instagram.com\/notibras\/\"]},{\"@type\":\"Person\",\"@id\":\"https:\/\/www.notibras.com\/site\/#\/schema\/person\/36ab0979449956132d3e5b517ea76ac8\",\"name\":\"Reda\u00e7\u00e3o\",\"image\":{\"@type\":\"ImageObject\",\"inLanguage\":\"pt-BR\",\"@id\":\"https:\/\/secure.gravatar.com\/avatar\/e0a867bdedb85fd243eadf09663511f96fc81e0720a4a42581f334ad4303aa6b?s=96&d=mm&r=g\",\"url\":\"https:\/\/secure.gravatar.com\/avatar\/e0a867bdedb85fd243eadf09663511f96fc81e0720a4a42581f334ad4303aa6b?s=96&d=mm&r=g\",\"contentUrl\":\"https:\/\/secure.gravatar.com\/avatar\/e0a867bdedb85fd243eadf09663511f96fc81e0720a4a42581f334ad4303aa6b?s=96&d=mm&r=g\",\"caption\":\"Reda\u00e7\u00e3o\"}}]}<\/script>\n<!-- \/ Yoast SEO plugin. -->","yoast_head_json":{"title":"Enem come\u00e7a a liberar cart\u00e3o da prova, mas o candidato deve fazer tudo pela internet - Notibras","robots":{"index":"index","follow":"follow","max-snippet":"max-snippet:-1","max-image-preview":"max-image-preview:large","max-video-preview":"max-video-preview:-1"},"canonical":"https:\/\/www.notibras.com\/site\/enem-comeca-a-liberar-cartao-da-prova-e-candidato-deve-fazer-tudo-pela-internet\/","og_locale":"pt_BR","og_type":"article","og_title":"Enem come\u00e7a a liberar cart\u00e3o da prova, mas o candidato deve fazer tudo pela internet - Notibras","og_description":"O cart\u00e3o de confirma\u00e7\u00e3o do Enem com o local de prova de cada candidato estar\u00e1 dispon\u00edvel a partir das 14 horas de hoje no site do Enem. Pela primeira vez desde que o exame foi criado, o documento n\u00e3o ser\u00e1 enviado pelo correio. O participante poder\u00e1 ter acesso ao cart\u00e3o apenas por meio de consulta [&hellip;]","og_url":"https:\/\/www.notibras.com\/site\/enem-comeca-a-liberar-cartao-da-prova-e-candidato-deve-fazer-tudo-pela-internet\/","og_site_name":"Notibras","article_publisher":"https:\/\/www.facebook.com\/notibras\/","article_published_time":"2015-10-02T15:21:14+00:00","article_modified_time":"2015-10-03T01:26:48+00:00","og_image":[{"width":720,"height":460,"url":"https:\/\/www.notibras.com\/site\/wp-content\/uploads\/2015\/10\/Enem20141.jpg","type":"image\/jpeg"}],"author":"Reda\u00e7\u00e3o","twitter_card":"summary_large_image","twitter_creator":"@Notibras","twitter_site":"@Notibras","twitter_misc":{"Escrito por":"Reda\u00e7\u00e3o","Est. tempo de leitura":"3 minutos"},"schema":{"@context":"https:\/\/schema.org","@graph":[{"@type":"Article","@id":"https:\/\/www.notibras.com\/site\/enem-comeca-a-liberar-cartao-da-prova-e-candidato-deve-fazer-tudo-pela-internet\/#article","isPartOf":{"@id":"https:\/\/www.notibras.com\/site\/enem-comeca-a-liberar-cartao-da-prova-e-candidato-deve-fazer-tudo-pela-internet\/"},"author":{"name":"Reda\u00e7\u00e3o","@id":"https:\/\/www.notibras.com\/site\/#\/schema\/person\/36ab0979449956132d3e5b517ea76ac8"},"headline":"Enem come\u00e7a a liberar cart\u00e3o da prova, mas o candidato deve fazer tudo pela internet","datePublished":"2015-10-02T15:21:14+00:00","dateModified":"2015-10-03T01:26:48+00:00","mainEntityOfPage":{"@id":"https:\/\/www.notibras.com\/site\/enem-comeca-a-liberar-cartao-da-prova-e-candidato-deve-fazer-tudo-pela-internet\/"},"wordCount":641,"commentCount":0,"publisher":{"@id":"https:\/\/www.notibras.com\/site\/#organization"},"image":{"@id":"https:\/\/www.notibras.com\/site\/enem-comeca-a-liberar-cartao-da-prova-e-candidato-deve-fazer-tudo-pela-internet\/#primaryimage"},"thumbnailUrl":"https:\/\/www.notibras.com\/site\/wp-content\/uploads\/2015\/10\/Enem20141.jpg","articleSection":["Brasil"],"inLanguage":"pt-BR","potentialAction":[{"@type":"CommentAction","name":"Comment","target":["https:\/\/www.notibras.com\/site\/enem-comeca-a-liberar-cartao-da-prova-e-candidato-deve-fazer-tudo-pela-internet\/#respond"]}]},{"@type":"WebPage","@id":"https:\/\/www.notibras.com\/site\/enem-comeca-a-liberar-cartao-da-prova-e-candidato-deve-fazer-tudo-pela-internet\/","url":"https:\/\/www.notibras.com\/site\/enem-comeca-a-liberar-cartao-da-prova-e-candidato-deve-fazer-tudo-pela-internet\/","name":"Enem come\u00e7a a liberar cart\u00e3o da prova, mas o candidato deve fazer tudo pela internet - Notibras","isPartOf":{"@id":"https:\/\/www.notibras.com\/site\/#website"},"primaryImageOfPage":{"@id":"https:\/\/www.notibras.com\/site\/enem-comeca-a-liberar-cartao-da-prova-e-candidato-deve-fazer-tudo-pela-internet\/#primaryimage"},"image":{"@id":"https:\/\/www.notibras.com\/site\/enem-comeca-a-liberar-cartao-da-prova-e-candidato-deve-fazer-tudo-pela-internet\/#primaryimage"},"thumbnailUrl":"https:\/\/www.notibras.com\/site\/wp-content\/uploads\/2015\/10\/Enem20141.jpg","datePublished":"2015-10-02T15:21:14+00:00","dateModified":"2015-10-03T01:26:48+00:00","breadcrumb":{"@id":"https:\/\/www.notibras.com\/site\/enem-comeca-a-liberar-cartao-da-prova-e-candidato-deve-fazer-tudo-pela-internet\/#breadcrumb"},"inLanguage":"pt-BR","potentialAction":[{"@type":"ReadAction","target":["https:\/\/www.notibras.com\/site\/enem-comeca-a-liberar-cartao-da-prova-e-candidato-deve-fazer-tudo-pela-internet\/"]}]},{"@type":"ImageObject","inLanguage":"pt-BR","@id":"https:\/\/www.notibras.com\/site\/enem-comeca-a-liberar-cartao-da-prova-e-candidato-deve-fazer-tudo-pela-internet\/#primaryimage","url":"https:\/\/www.notibras.com\/site\/wp-content\/uploads\/2015\/10\/Enem20141.jpg","contentUrl":"https:\/\/www.notibras.com\/site\/wp-content\/uploads\/2015\/10\/Enem20141.jpg","width":720,"height":460},{"@type":"BreadcrumbList","@id":"https:\/\/www.notibras.com\/site\/enem-comeca-a-liberar-cartao-da-prova-e-candidato-deve-fazer-tudo-pela-internet\/#breadcrumb","itemListElement":[{"@type":"ListItem","position":1,"name":"In\u00edcio","item":"https:\/\/www.notibras.com\/site\/"},{"@type":"ListItem","position":2,"name":"Enem come\u00e7a a liberar cart\u00e3o da prova, mas o candidato deve fazer tudo pela internet"}]},{"@type":"WebSite","@id":"https:\/\/www.notibras.com\/site\/#website","url":"https:\/\/www.notibras.com\/site\/","name":"Notibras","description":"Not\u00edcias de Bras\u00edlia, do Brasil e do Mundo","publisher":{"@id":"https:\/\/www.notibras.com\/site\/#organization"},"potentialAction":[{"@type":"SearchAction","target":{"@type":"EntryPoint","urlTemplate":"https:\/\/www.notibras.com\/site\/?s={search_term_string}"},"query-input":{"@type":"PropertyValueSpecification","valueRequired":true,"valueName":"search_term_string"}}],"inLanguage":"pt-BR"},{"@type":"Organization","@id":"https:\/\/www.notibras.com\/site\/#organization","name":"Grupo Notibras de Comunica\u00e7\u00e3o","url":"https:\/\/www.notibras.com\/site\/","logo":{"@type":"ImageObject","inLanguage":"pt-BR","@id":"https:\/\/www.notibras.com\/site\/#\/schema\/logo\/image\/","url":"https:\/\/www.notibras.com\/site\/wp-content\/uploads\/2023\/01\/notibras23.png","contentUrl":"https:\/\/www.notibras.com\/site\/wp-content\/uploads\/2023\/01\/notibras23.png","width":350,"height":87,"caption":"Grupo Notibras de Comunica\u00e7\u00e3o"},"image":{"@id":"https:\/\/www.notibras.com\/site\/#\/schema\/logo\/image\/"},"sameAs":["https:\/\/www.facebook.com\/notibras\/","https:\/\/x.com\/Notibras","https:\/\/www.instagram.com\/notibras\/"]},{"@type":"Person","@id":"https:\/\/www.notibras.com\/site\/#\/schema\/person\/36ab0979449956132d3e5b517ea76ac8","name":"Reda\u00e7\u00e3o","image":{"@type":"ImageObject","inLanguage":"pt-BR","@id":"https:\/\/secure.gravatar.com\/avatar\/e0a867bdedb85fd243eadf09663511f96fc81e0720a4a42581f334ad4303aa6b?s=96&d=mm&r=g","url":"https:\/\/secure.gravatar.com\/avatar\/e0a867bdedb85fd243eadf09663511f96fc81e0720a4a42581f334ad4303aa6b?s=96&d=mm&r=g","contentUrl":"https:\/\/secure.gravatar.com\/avatar\/e0a867bdedb85fd243eadf09663511f96fc81e0720a4a42581f334ad4303aa6b?s=96&d=mm&r=g","caption":"Reda\u00e7\u00e3o"}}]}},"amp_enabled":true,"_links":{"self":[{"href":"https:\/\/www.notibras.com\/site\/wp-json\/wp\/v2\/posts\/70163","targetHints":{"allow":["GET"]}}],"collection":[{"href":"https:\/\/www.notibras.com\/site\/wp-json\/wp\/v2\/posts"}],"about":[{"href":"https:\/\/www.notibras.com\/site\/wp-json\/wp\/v2\/types\/post"}],"author":[{"embeddable":true,"href":"https:\/\/www.notibras.com\/site\/wp-json\/wp\/v2\/users\/2"}],"replies":[{"embeddable":true,"href":"https:\/\/www.notibras.com\/site\/wp-json\/wp\/v2\/comments?post=70163"}],"version-history":[{"count":2,"href":"https:\/\/www.notibras.com\/site\/wp-json\/wp\/v2\/posts\/70163\/revisions"}],"predecessor-version":[{"id":70221,"href":"https:\/\/www.notibras.com\/site\/wp-json\/wp\/v2\/posts\/70163\/revisions\/70221"}],"wp:featuredmedia":[{"embeddable":true,"href":"https:\/\/www.notibras.com\/site\/wp-json\/wp\/v2\/media\/70164"}],"wp:attachment":[{"href":"https:\/\/www.notibras.com\/site\/wp-json\/wp\/v2\/media?parent=70163"}],"wp:term":[{"taxonomy":"category","embeddable":true,"href":"https:\/\/www.notibras.com\/site\/wp-json\/wp\/v2\/categories?post=70163"},{"taxonomy":"post_tag","embeddable":true,"href":"https:\/\/www.notibras.com\/site\/wp-json\/wp\/v2\/tags?post=70163"}],"curies":[{"name":"wp","href":"https:\/\/api.w.org\/{rel}","templated":true}]}}