{"id":70166,"date":"2015-10-02T11:28:32","date_gmt":"2015-10-02T14:28:32","guid":{"rendered":"http:\/\/www.notibras.com\/site\/?p=70166"},"modified":"2015-10-02T19:59:57","modified_gmt":"2015-10-02T22:59:57","slug":"estudo-indica-que-ladroes-levam-um-carro-a-cada-150-segundos-nas-27-capitais-do-pais","status":"publish","type":"post","link":"https:\/\/www.notibras.com\/site\/estudo-indica-que-ladroes-levam-um-carro-a-cada-150-segundos-nas-27-capitais-do-pais\/","title":{"rendered":"Estudo indica que ladr\u00f5es levam um carro a cada 150 segundos nas 27 capitais do Pa\u00eds"},"content":{"rendered":"<p>Levantamentos estat\u00edsticos do 9\u00ba Anu\u00e1rio Brasileiro de Seguran\u00e7a P\u00fablica, tabulado pelo F\u00f3rum Brasileiro de Seguran\u00e7a P\u00fablica (FBSP), mostra que Porto Alegre, Salvador e S\u00e3o Paulo s\u00e3o as capitais que apresentam os maiores \u00edndices de roubos de carros para cada 100 mil ve\u00edculos. O estudo, baseado em dados fornecidos pelas secretarias de seguran\u00e7a dos Estados com base na Lei de Acesso \u00e0 Informa\u00e7\u00e3o, concluiu que, a cada 2 minutos e 30 segundos, um carro foi roubado ou furtado nas 27 capitais do pa\u00eds, em 2014, totalizando 213.472 casos.<\/p>\n<p>A capital ga\u00facha teve a maior taxa do Pa\u00eds no ano passado. Foram 6.938 roubos no ano passado, um \u00edndice de 833,8 casos para cada 100 mil carros. Em 2013, Porto Alegre teve 6.488 roubos de carros, uma taxa de 808 ocorr\u00eancias para cada 100 ve\u00edculos &#8211; e um aumento de 6,04% em rela\u00e7\u00e3o a 2014. Os n\u00famero superam, em muito, a m\u00e9dia nacional, que foi 476,4. Em rela\u00e7\u00e3o aos furtos, as taxas foram de 490,2 em 2014, e 487,1 no ano anterior.<\/p>\n<p>Em Salvador, os roubos subiram em 2014 em rela\u00e7\u00e3o a 2013. S\u00e3o 6.371 casos (\u00edndice de 777,7 roubos a cada 100 mil carros) contra 6.125 (taxa de 780 casos). Os furtos registraram 1.749 casos em 2014, contra 1.417 no ano anterior, um aumento de 23,43%.<\/p>\n<p>A cidade de S\u00e3o Paulo foi considerada a capital com o maior n\u00famero absoluto de roubos e furtos pelo FBSP: 99 mil casos (roubo e furtos) em 2014, uma m\u00e9dia de 1 carro perdido a cada cinco minutos. Foram 49.344 roubos, em 2014, uma taxa de 673,8 casos para cada 100 mil ve\u00edculos. No anterior, foram registrados 50.713 casos, uma taxa de 723,4 ocorr\u00eancia. Segundo a FBSP, houve uma queda de 2,7% nos roubos de um ano para o outro, que teve como consequ\u00eancia uma varia\u00e7\u00e3o negativa -6,86% no \u00edndice de casos. Os furtos tamb\u00e9m apresentaram queda: de 48.477 casos em 2014 ante 49.703 no ano passado.<\/p>\n<p>Alta incid\u00eancia &#8211; A diretora-executiva do FBSP, Samira Bueno, os n\u00fameros mostram que as ocorr\u00eancias de roubo e furto de ve\u00edculos continua muito alta no pa\u00eds. Segundo ela, os furtos ocorrem com menos frequ\u00eancia em rela\u00e7\u00e3o aos roubos porque a atual tecnologia dos ve\u00edculos inibe um pouco mais a a\u00e7\u00e3o dos criminosos. &#8220;O roubo n\u00e3o exige uma especializa\u00e7\u00e3o do bandido. O mais preocupante \u00e9 que o aumento de roubos, na maioria dos casos, est\u00e1 ligado ao crescimento de crimes contra a vida, principalmente o latroc\u00ednio&#8221;, disse.<\/p>\n<p>Para ela, as autoridades de seguran\u00e7a dos Estados devem ficar atentos \u00e0 fiscaliza\u00e7\u00e3o dos desmanches. &#8220;Se o carro \u00e9 roubado \u00e9 porque existe algu\u00e9m para comprar as pe\u00e7as. Muitos Estados est\u00e3o intensificando o combate aos desmanches ilegais, o que \u00e9 positivo. \u00c9 um fator inibidor ao roubo de ve\u00edculos&#8221;, explicou a diretora.<\/p>\n<p>Procurado pela reportagem, o tenente coronel Luiz Dulinski Porto, diretor do Departamento de Gest\u00e3o Estrat\u00e9gica Operacional da Secretaria de Seguran\u00e7a P\u00fablica do Rio Grande do Sul (SSP-RS), reconhece os altos n\u00fameros de roubos de carros no Estado. &#8220;Tivemos mudan\u00e7a de governo no Rio Grande do Sul, ent\u00e3o faz seis meses que a nova administra\u00e7\u00e3o assumiu a SSP. Priorizamos os delitos contra a vida e contra o patrim\u00f4nio&#8221;, disse. &#8220;O que n\u00e3o conseguimos diminuir foi o n\u00famero de roubos de ve\u00edculos&#8221;.<\/p>\n<p>A Lei de Desmanches entrou em vigor no Estado em maio deste ano e, segundo o tenente coronel, a previs\u00e3o \u00e9 que o n\u00famero de roubos caia. &#8220;Dessa maneira, vamos poder fiscalizar o estabelecimento para saber qual \u00e9 a proced\u00eancia da pe\u00e7a. Se a pe\u00e7a n\u00e3o tiver proced\u00eancia, vai ser imediatamente destru\u00edda&#8221;, confirmou.<\/p>\n<p>Por meio de nota, a Secretaria de Seguran\u00e7a P\u00fablica de S\u00e3o Paulo informou que os roubos ca\u00edram 27,43% de janeiro a agosto deste ano em compara\u00e7\u00e3o a 2014. Os furtos de ve\u00edculos ca\u00edram 11,64% na compara\u00e7\u00e3o do mesmo per\u00edodo. Ano passado, gra\u00e7as ao trabalho dos setores de intelig\u00eancia policial e da cria\u00e7\u00e3o da Lei dos Desmanches, 186 estabelecimentos foram fechados.<\/p>\n<p>A assessoria de imprensa da Secretaria de Seguran\u00e7a P\u00fablica da Bahia informou que n\u00e3o havia nenhuma autoridade dispon\u00edvel para comentar o assunto quando foi procurada pela reportagem, \u00e0s 17h15 de quinta-feira.<\/p>\n<p><img loading=\"lazy\" decoding=\"async\" class=\"alignnone size-full wp-image-70065\" src=\"http:\/\/www.notibras.com\/site\/wp-content\/uploads\/2015\/10\/estadao.png\" alt=\"estadao\" width=\"99\" height=\"16\" \/><\/p>\n","protected":false},"excerpt":{"rendered":"<p>Levantamentos estat\u00edsticos do 9\u00ba Anu\u00e1rio Brasileiro de Seguran\u00e7a P\u00fablica, tabulado pelo F\u00f3rum Brasileiro de Seguran\u00e7a P\u00fablica (FBSP), mostra que Porto Alegre, Salvador e S\u00e3o Paulo s\u00e3o as capitais que apresentam os maiores \u00edndices de roubos de carros para cada 100 mil ve\u00edculos. O estudo, baseado em dados fornecidos pelas secretarias de seguran\u00e7a dos Estados com [&hellip;]<\/p>\n","protected":false},"author":2,"featured_media":70167,"comment_status":"open","ping_status":"closed","sticky":false,"template":"","format":"standard","meta":{"_acf_changed":false,"footnotes":""},"categories":[16],"tags":[],"class_list":["post-70166","post","type-post","status-publish","format-standard","has-post-thumbnail","hentry","category-brasil"],"acf":[],"yoast_head":"<!-- This site is optimized with the Yoast SEO plugin v27.2 - https:\/\/yoast.com\/product\/yoast-seo-wordpress\/ -->\n<title>Estudo indica que ladr\u00f5es levam um carro a cada 150 segundos nas 27 capitais do Pa\u00eds - Notibras<\/title>\n<meta name=\"robots\" content=\"index, follow, max-snippet:-1, max-image-preview:large, max-video-preview:-1\" \/>\n<link rel=\"canonical\" href=\"https:\/\/www.notibras.com\/site\/estudo-indica-que-ladroes-levam-um-carro-a-cada-150-segundos-nas-27-capitais-do-pais\/\" \/>\n<meta property=\"og:locale\" content=\"pt_BR\" \/>\n<meta property=\"og:type\" content=\"article\" \/>\n<meta property=\"og:title\" content=\"Estudo indica que ladr\u00f5es levam um carro a cada 150 segundos nas 27 capitais do Pa\u00eds - Notibras\" \/>\n<meta property=\"og:description\" content=\"Levantamentos estat\u00edsticos do 9\u00ba Anu\u00e1rio Brasileiro de Seguran\u00e7a P\u00fablica, tabulado pelo F\u00f3rum Brasileiro de Seguran\u00e7a P\u00fablica (FBSP), mostra que Porto Alegre, Salvador e S\u00e3o Paulo s\u00e3o as capitais que apresentam os maiores \u00edndices de roubos de carros para cada 100 mil ve\u00edculos. O estudo, baseado em dados fornecidos pelas secretarias de seguran\u00e7a dos Estados com [&hellip;]\" \/>\n<meta property=\"og:url\" content=\"https:\/\/www.notibras.com\/site\/estudo-indica-que-ladroes-levam-um-carro-a-cada-150-segundos-nas-27-capitais-do-pais\/\" \/>\n<meta property=\"og:site_name\" content=\"Notibras\" \/>\n<meta property=\"article:publisher\" content=\"https:\/\/www.facebook.com\/notibras\/\" \/>\n<meta property=\"article:published_time\" content=\"2015-10-02T14:28:32+00:00\" \/>\n<meta property=\"article:modified_time\" content=\"2015-10-02T22:59:57+00:00\" \/>\n<meta property=\"og:image\" content=\"https:\/\/www.notibras.com\/site\/wp-content\/uploads\/2015\/10\/f_171150.jpg\" \/>\n\t<meta property=\"og:image:width\" content=\"900\" \/>\n\t<meta property=\"og:image:height\" content=\"598\" \/>\n\t<meta property=\"og:image:type\" content=\"image\/jpeg\" \/>\n<meta name=\"author\" content=\"Reda\u00e7\u00e3o\" \/>\n<meta name=\"twitter:card\" content=\"summary_large_image\" \/>\n<meta name=\"twitter:creator\" content=\"@Notibras\" \/>\n<meta name=\"twitter:site\" content=\"@Notibras\" \/>\n<meta name=\"twitter:label1\" content=\"Escrito por\" \/>\n\t<meta name=\"twitter:data1\" content=\"Reda\u00e7\u00e3o\" \/>\n\t<meta name=\"twitter:label2\" content=\"Est. tempo de leitura\" \/>\n\t<meta name=\"twitter:data2\" content=\"4 minutos\" \/>\n<script type=\"application\/ld+json\" class=\"yoast-schema-graph\">{\"@context\":\"https:\/\/schema.org\",\"@graph\":[{\"@type\":\"Article\",\"@id\":\"https:\/\/www.notibras.com\/site\/estudo-indica-que-ladroes-levam-um-carro-a-cada-150-segundos-nas-27-capitais-do-pais\/#article\",\"isPartOf\":{\"@id\":\"https:\/\/www.notibras.com\/site\/estudo-indica-que-ladroes-levam-um-carro-a-cada-150-segundos-nas-27-capitais-do-pais\/\"},\"author\":{\"name\":\"Reda\u00e7\u00e3o\",\"@id\":\"https:\/\/www.notibras.com\/site\/#\/schema\/person\/36ab0979449956132d3e5b517ea76ac8\"},\"headline\":\"Estudo indica que ladr\u00f5es levam um carro a cada 150 segundos nas 27 capitais do Pa\u00eds\",\"datePublished\":\"2015-10-02T14:28:32+00:00\",\"dateModified\":\"2015-10-02T22:59:57+00:00\",\"mainEntityOfPage\":{\"@id\":\"https:\/\/www.notibras.com\/site\/estudo-indica-que-ladroes-levam-um-carro-a-cada-150-segundos-nas-27-capitais-do-pais\/\"},\"wordCount\":728,\"commentCount\":0,\"publisher\":{\"@id\":\"https:\/\/www.notibras.com\/site\/#organization\"},\"image\":{\"@id\":\"https:\/\/www.notibras.com\/site\/estudo-indica-que-ladroes-levam-um-carro-a-cada-150-segundos-nas-27-capitais-do-pais\/#primaryimage\"},\"thumbnailUrl\":\"https:\/\/www.notibras.com\/site\/wp-content\/uploads\/2015\/10\/f_171150.jpg\",\"articleSection\":[\"Brasil\"],\"inLanguage\":\"pt-BR\",\"potentialAction\":[{\"@type\":\"CommentAction\",\"name\":\"Comment\",\"target\":[\"https:\/\/www.notibras.com\/site\/estudo-indica-que-ladroes-levam-um-carro-a-cada-150-segundos-nas-27-capitais-do-pais\/#respond\"]}]},{\"@type\":\"WebPage\",\"@id\":\"https:\/\/www.notibras.com\/site\/estudo-indica-que-ladroes-levam-um-carro-a-cada-150-segundos-nas-27-capitais-do-pais\/\",\"url\":\"https:\/\/www.notibras.com\/site\/estudo-indica-que-ladroes-levam-um-carro-a-cada-150-segundos-nas-27-capitais-do-pais\/\",\"name\":\"Estudo indica que ladr\u00f5es levam um carro a cada 150 segundos nas 27 capitais do Pa\u00eds - Notibras\",\"isPartOf\":{\"@id\":\"https:\/\/www.notibras.com\/site\/#website\"},\"primaryImageOfPage\":{\"@id\":\"https:\/\/www.notibras.com\/site\/estudo-indica-que-ladroes-levam-um-carro-a-cada-150-segundos-nas-27-capitais-do-pais\/#primaryimage\"},\"image\":{\"@id\":\"https:\/\/www.notibras.com\/site\/estudo-indica-que-ladroes-levam-um-carro-a-cada-150-segundos-nas-27-capitais-do-pais\/#primaryimage\"},\"thumbnailUrl\":\"https:\/\/www.notibras.com\/site\/wp-content\/uploads\/2015\/10\/f_171150.jpg\",\"datePublished\":\"2015-10-02T14:28:32+00:00\",\"dateModified\":\"2015-10-02T22:59:57+00:00\",\"breadcrumb\":{\"@id\":\"https:\/\/www.notibras.com\/site\/estudo-indica-que-ladroes-levam-um-carro-a-cada-150-segundos-nas-27-capitais-do-pais\/#breadcrumb\"},\"inLanguage\":\"pt-BR\",\"potentialAction\":[{\"@type\":\"ReadAction\",\"target\":[\"https:\/\/www.notibras.com\/site\/estudo-indica-que-ladroes-levam-um-carro-a-cada-150-segundos-nas-27-capitais-do-pais\/\"]}]},{\"@type\":\"ImageObject\",\"inLanguage\":\"pt-BR\",\"@id\":\"https:\/\/www.notibras.com\/site\/estudo-indica-que-ladroes-levam-um-carro-a-cada-150-segundos-nas-27-capitais-do-pais\/#primaryimage\",\"url\":\"https:\/\/www.notibras.com\/site\/wp-content\/uploads\/2015\/10\/f_171150.jpg\",\"contentUrl\":\"https:\/\/www.notibras.com\/site\/wp-content\/uploads\/2015\/10\/f_171150.jpg\",\"width\":900,\"height\":598},{\"@type\":\"BreadcrumbList\",\"@id\":\"https:\/\/www.notibras.com\/site\/estudo-indica-que-ladroes-levam-um-carro-a-cada-150-segundos-nas-27-capitais-do-pais\/#breadcrumb\",\"itemListElement\":[{\"@type\":\"ListItem\",\"position\":1,\"name\":\"In\u00edcio\",\"item\":\"https:\/\/www.notibras.com\/site\/\"},{\"@type\":\"ListItem\",\"position\":2,\"name\":\"Estudo indica que ladr\u00f5es levam um carro a cada 150 segundos nas 27 capitais do Pa\u00eds\"}]},{\"@type\":\"WebSite\",\"@id\":\"https:\/\/www.notibras.com\/site\/#website\",\"url\":\"https:\/\/www.notibras.com\/site\/\",\"name\":\"Notibras\",\"description\":\"Not\u00edcias de Bras\u00edlia, do Brasil e do Mundo\",\"publisher\":{\"@id\":\"https:\/\/www.notibras.com\/site\/#organization\"},\"potentialAction\":[{\"@type\":\"SearchAction\",\"target\":{\"@type\":\"EntryPoint\",\"urlTemplate\":\"https:\/\/www.notibras.com\/site\/?s={search_term_string}\"},\"query-input\":{\"@type\":\"PropertyValueSpecification\",\"valueRequired\":true,\"valueName\":\"search_term_string\"}}],\"inLanguage\":\"pt-BR\"},{\"@type\":\"Organization\",\"@id\":\"https:\/\/www.notibras.com\/site\/#organization\",\"name\":\"Grupo Notibras de Comunica\u00e7\u00e3o\",\"url\":\"https:\/\/www.notibras.com\/site\/\",\"logo\":{\"@type\":\"ImageObject\",\"inLanguage\":\"pt-BR\",\"@id\":\"https:\/\/www.notibras.com\/site\/#\/schema\/logo\/image\/\",\"url\":\"https:\/\/www.notibras.com\/site\/wp-content\/uploads\/2023\/01\/notibras23.png\",\"contentUrl\":\"https:\/\/www.notibras.com\/site\/wp-content\/uploads\/2023\/01\/notibras23.png\",\"width\":350,\"height\":87,\"caption\":\"Grupo Notibras de Comunica\u00e7\u00e3o\"},\"image\":{\"@id\":\"https:\/\/www.notibras.com\/site\/#\/schema\/logo\/image\/\"},\"sameAs\":[\"https:\/\/www.facebook.com\/notibras\/\",\"https:\/\/x.com\/Notibras\",\"https:\/\/www.instagram.com\/notibras\/\"]},{\"@type\":\"Person\",\"@id\":\"https:\/\/www.notibras.com\/site\/#\/schema\/person\/36ab0979449956132d3e5b517ea76ac8\",\"name\":\"Reda\u00e7\u00e3o\",\"image\":{\"@type\":\"ImageObject\",\"inLanguage\":\"pt-BR\",\"@id\":\"https:\/\/secure.gravatar.com\/avatar\/e0a867bdedb85fd243eadf09663511f96fc81e0720a4a42581f334ad4303aa6b?s=96&d=mm&r=g\",\"url\":\"https:\/\/secure.gravatar.com\/avatar\/e0a867bdedb85fd243eadf09663511f96fc81e0720a4a42581f334ad4303aa6b?s=96&d=mm&r=g\",\"contentUrl\":\"https:\/\/secure.gravatar.com\/avatar\/e0a867bdedb85fd243eadf09663511f96fc81e0720a4a42581f334ad4303aa6b?s=96&d=mm&r=g\",\"caption\":\"Reda\u00e7\u00e3o\"}}]}<\/script>\n<!-- \/ Yoast SEO plugin. -->","yoast_head_json":{"title":"Estudo indica que ladr\u00f5es levam um carro a cada 150 segundos nas 27 capitais do Pa\u00eds - Notibras","robots":{"index":"index","follow":"follow","max-snippet":"max-snippet:-1","max-image-preview":"max-image-preview:large","max-video-preview":"max-video-preview:-1"},"canonical":"https:\/\/www.notibras.com\/site\/estudo-indica-que-ladroes-levam-um-carro-a-cada-150-segundos-nas-27-capitais-do-pais\/","og_locale":"pt_BR","og_type":"article","og_title":"Estudo indica que ladr\u00f5es levam um carro a cada 150 segundos nas 27 capitais do Pa\u00eds - Notibras","og_description":"Levantamentos estat\u00edsticos do 9\u00ba Anu\u00e1rio Brasileiro de Seguran\u00e7a P\u00fablica, tabulado pelo F\u00f3rum Brasileiro de Seguran\u00e7a P\u00fablica (FBSP), mostra que Porto Alegre, Salvador e S\u00e3o Paulo s\u00e3o as capitais que apresentam os maiores \u00edndices de roubos de carros para cada 100 mil ve\u00edculos. O estudo, baseado em dados fornecidos pelas secretarias de seguran\u00e7a dos Estados com [&hellip;]","og_url":"https:\/\/www.notibras.com\/site\/estudo-indica-que-ladroes-levam-um-carro-a-cada-150-segundos-nas-27-capitais-do-pais\/","og_site_name":"Notibras","article_publisher":"https:\/\/www.facebook.com\/notibras\/","article_published_time":"2015-10-02T14:28:32+00:00","article_modified_time":"2015-10-02T22:59:57+00:00","og_image":[{"width":900,"height":598,"url":"https:\/\/www.notibras.com\/site\/wp-content\/uploads\/2015\/10\/f_171150.jpg","type":"image\/jpeg"}],"author":"Reda\u00e7\u00e3o","twitter_card":"summary_large_image","twitter_creator":"@Notibras","twitter_site":"@Notibras","twitter_misc":{"Escrito por":"Reda\u00e7\u00e3o","Est. tempo de leitura":"4 minutos"},"schema":{"@context":"https:\/\/schema.org","@graph":[{"@type":"Article","@id":"https:\/\/www.notibras.com\/site\/estudo-indica-que-ladroes-levam-um-carro-a-cada-150-segundos-nas-27-capitais-do-pais\/#article","isPartOf":{"@id":"https:\/\/www.notibras.com\/site\/estudo-indica-que-ladroes-levam-um-carro-a-cada-150-segundos-nas-27-capitais-do-pais\/"},"author":{"name":"Reda\u00e7\u00e3o","@id":"https:\/\/www.notibras.com\/site\/#\/schema\/person\/36ab0979449956132d3e5b517ea76ac8"},"headline":"Estudo indica que ladr\u00f5es levam um carro a cada 150 segundos nas 27 capitais do Pa\u00eds","datePublished":"2015-10-02T14:28:32+00:00","dateModified":"2015-10-02T22:59:57+00:00","mainEntityOfPage":{"@id":"https:\/\/www.notibras.com\/site\/estudo-indica-que-ladroes-levam-um-carro-a-cada-150-segundos-nas-27-capitais-do-pais\/"},"wordCount":728,"commentCount":0,"publisher":{"@id":"https:\/\/www.notibras.com\/site\/#organization"},"image":{"@id":"https:\/\/www.notibras.com\/site\/estudo-indica-que-ladroes-levam-um-carro-a-cada-150-segundos-nas-27-capitais-do-pais\/#primaryimage"},"thumbnailUrl":"https:\/\/www.notibras.com\/site\/wp-content\/uploads\/2015\/10\/f_171150.jpg","articleSection":["Brasil"],"inLanguage":"pt-BR","potentialAction":[{"@type":"CommentAction","name":"Comment","target":["https:\/\/www.notibras.com\/site\/estudo-indica-que-ladroes-levam-um-carro-a-cada-150-segundos-nas-27-capitais-do-pais\/#respond"]}]},{"@type":"WebPage","@id":"https:\/\/www.notibras.com\/site\/estudo-indica-que-ladroes-levam-um-carro-a-cada-150-segundos-nas-27-capitais-do-pais\/","url":"https:\/\/www.notibras.com\/site\/estudo-indica-que-ladroes-levam-um-carro-a-cada-150-segundos-nas-27-capitais-do-pais\/","name":"Estudo indica que ladr\u00f5es levam um carro a cada 150 segundos nas 27 capitais do Pa\u00eds - Notibras","isPartOf":{"@id":"https:\/\/www.notibras.com\/site\/#website"},"primaryImageOfPage":{"@id":"https:\/\/www.notibras.com\/site\/estudo-indica-que-ladroes-levam-um-carro-a-cada-150-segundos-nas-27-capitais-do-pais\/#primaryimage"},"image":{"@id":"https:\/\/www.notibras.com\/site\/estudo-indica-que-ladroes-levam-um-carro-a-cada-150-segundos-nas-27-capitais-do-pais\/#primaryimage"},"thumbnailUrl":"https:\/\/www.notibras.com\/site\/wp-content\/uploads\/2015\/10\/f_171150.jpg","datePublished":"2015-10-02T14:28:32+00:00","dateModified":"2015-10-02T22:59:57+00:00","breadcrumb":{"@id":"https:\/\/www.notibras.com\/site\/estudo-indica-que-ladroes-levam-um-carro-a-cada-150-segundos-nas-27-capitais-do-pais\/#breadcrumb"},"inLanguage":"pt-BR","potentialAction":[{"@type":"ReadAction","target":["https:\/\/www.notibras.com\/site\/estudo-indica-que-ladroes-levam-um-carro-a-cada-150-segundos-nas-27-capitais-do-pais\/"]}]},{"@type":"ImageObject","inLanguage":"pt-BR","@id":"https:\/\/www.notibras.com\/site\/estudo-indica-que-ladroes-levam-um-carro-a-cada-150-segundos-nas-27-capitais-do-pais\/#primaryimage","url":"https:\/\/www.notibras.com\/site\/wp-content\/uploads\/2015\/10\/f_171150.jpg","contentUrl":"https:\/\/www.notibras.com\/site\/wp-content\/uploads\/2015\/10\/f_171150.jpg","width":900,"height":598},{"@type":"BreadcrumbList","@id":"https:\/\/www.notibras.com\/site\/estudo-indica-que-ladroes-levam-um-carro-a-cada-150-segundos-nas-27-capitais-do-pais\/#breadcrumb","itemListElement":[{"@type":"ListItem","position":1,"name":"In\u00edcio","item":"https:\/\/www.notibras.com\/site\/"},{"@type":"ListItem","position":2,"name":"Estudo indica que ladr\u00f5es levam um carro a cada 150 segundos nas 27 capitais do Pa\u00eds"}]},{"@type":"WebSite","@id":"https:\/\/www.notibras.com\/site\/#website","url":"https:\/\/www.notibras.com\/site\/","name":"Notibras","description":"Not\u00edcias de Bras\u00edlia, do Brasil e do Mundo","publisher":{"@id":"https:\/\/www.notibras.com\/site\/#organization"},"potentialAction":[{"@type":"SearchAction","target":{"@type":"EntryPoint","urlTemplate":"https:\/\/www.notibras.com\/site\/?s={search_term_string}"},"query-input":{"@type":"PropertyValueSpecification","valueRequired":true,"valueName":"search_term_string"}}],"inLanguage":"pt-BR"},{"@type":"Organization","@id":"https:\/\/www.notibras.com\/site\/#organization","name":"Grupo Notibras de Comunica\u00e7\u00e3o","url":"https:\/\/www.notibras.com\/site\/","logo":{"@type":"ImageObject","inLanguage":"pt-BR","@id":"https:\/\/www.notibras.com\/site\/#\/schema\/logo\/image\/","url":"https:\/\/www.notibras.com\/site\/wp-content\/uploads\/2023\/01\/notibras23.png","contentUrl":"https:\/\/www.notibras.com\/site\/wp-content\/uploads\/2023\/01\/notibras23.png","width":350,"height":87,"caption":"Grupo Notibras de Comunica\u00e7\u00e3o"},"image":{"@id":"https:\/\/www.notibras.com\/site\/#\/schema\/logo\/image\/"},"sameAs":["https:\/\/www.facebook.com\/notibras\/","https:\/\/x.com\/Notibras","https:\/\/www.instagram.com\/notibras\/"]},{"@type":"Person","@id":"https:\/\/www.notibras.com\/site\/#\/schema\/person\/36ab0979449956132d3e5b517ea76ac8","name":"Reda\u00e7\u00e3o","image":{"@type":"ImageObject","inLanguage":"pt-BR","@id":"https:\/\/secure.gravatar.com\/avatar\/e0a867bdedb85fd243eadf09663511f96fc81e0720a4a42581f334ad4303aa6b?s=96&d=mm&r=g","url":"https:\/\/secure.gravatar.com\/avatar\/e0a867bdedb85fd243eadf09663511f96fc81e0720a4a42581f334ad4303aa6b?s=96&d=mm&r=g","contentUrl":"https:\/\/secure.gravatar.com\/avatar\/e0a867bdedb85fd243eadf09663511f96fc81e0720a4a42581f334ad4303aa6b?s=96&d=mm&r=g","caption":"Reda\u00e7\u00e3o"}}]}},"amp_enabled":true,"_links":{"self":[{"href":"https:\/\/www.notibras.com\/site\/wp-json\/wp\/v2\/posts\/70166","targetHints":{"allow":["GET"]}}],"collection":[{"href":"https:\/\/www.notibras.com\/site\/wp-json\/wp\/v2\/posts"}],"about":[{"href":"https:\/\/www.notibras.com\/site\/wp-json\/wp\/v2\/types\/post"}],"author":[{"embeddable":true,"href":"https:\/\/www.notibras.com\/site\/wp-json\/wp\/v2\/users\/2"}],"replies":[{"embeddable":true,"href":"https:\/\/www.notibras.com\/site\/wp-json\/wp\/v2\/comments?post=70166"}],"version-history":[{"count":3,"href":"https:\/\/www.notibras.com\/site\/wp-json\/wp\/v2\/posts\/70166\/revisions"}],"predecessor-version":[{"id":70215,"href":"https:\/\/www.notibras.com\/site\/wp-json\/wp\/v2\/posts\/70166\/revisions\/70215"}],"wp:featuredmedia":[{"embeddable":true,"href":"https:\/\/www.notibras.com\/site\/wp-json\/wp\/v2\/media\/70167"}],"wp:attachment":[{"href":"https:\/\/www.notibras.com\/site\/wp-json\/wp\/v2\/media?parent=70166"}],"wp:term":[{"taxonomy":"category","embeddable":true,"href":"https:\/\/www.notibras.com\/site\/wp-json\/wp\/v2\/categories?post=70166"},{"taxonomy":"post_tag","embeddable":true,"href":"https:\/\/www.notibras.com\/site\/wp-json\/wp\/v2\/tags?post=70166"}],"curies":[{"name":"wp","href":"https:\/\/api.w.org\/{rel}","templated":true}]}}