{"id":70170,"date":"2015-10-02T11:21:12","date_gmt":"2015-10-02T14:21:12","guid":{"rendered":"http:\/\/www.notibras.com\/site\/?p=70170"},"modified":"2015-10-02T18:54:08","modified_gmt":"2015-10-02T21:54:08","slug":"especialistas-questionam-propostas-do-governo-brasileiro-para-o-meio-ambiente","status":"publish","type":"post","link":"https:\/\/www.notibras.com\/site\/especialistas-questionam-propostas-do-governo-brasileiro-para-o-meio-ambiente\/","title":{"rendered":"Especialistas questionam metas do governo brasileiro para a preserva\u00e7\u00e3o do clima"},"content":{"rendered":"<p>A proposta que o governo brasileiro apresentou no domingo, 27, de reduzir suas emiss\u00f5es em 37% em 2025 e em 43% em 2030, de acordo com os n\u00edveis de 2005, carece de mais detalhes para explicar exatamente como ela vai ser cumprida. Essa \u00e9 a an\u00e1lise que alguns ambientalistas e cientistas est\u00e3o fazendo ap\u00f3s examinarem com mais cuidado o documento que traz as metas.<\/p>\n<p>A presidente Dilma apresentou as informa\u00e7\u00f5es principais em discurso na ONU, em Nova York, no domingo, mas o documento completo s\u00f3 foi conhecido na segunda-feira.<\/p>\n<p>N\u00e3o est\u00e1 muito claro, por exemplo, como ser\u00e3o algumas a\u00e7\u00f5es em rela\u00e7\u00e3o ao combate ao desmatamento e \u00e0 recupera\u00e7\u00e3o e reflorestamento de 12 milh\u00f5es de hectares.<\/p>\n<p>&#8220;As metas gerais s\u00e3o ambiciosas, mas com planos de a\u00e7\u00e3o ao menos no setor de florestas fracos&#8221;, afirma Britaldo Soares, pesquisador do Centro de Sensoriamento Remoto da Universidade Federal de Minas Gerais e uma das autoridades em mudan\u00e7a do uso da terra &#8211; o termo t\u00e9cnico para falar sobre desmatamento.<\/p>\n<p>Ele pede que o governo abra a planilha de c\u00e1lculos que foram feitos para estimar como \u00e9 poss\u00edvel com essas a\u00e7\u00f5es chegar \u00e0 redu\u00e7\u00e3o de emiss\u00f5es estabelecida. O governo federal considera que o que \u00e9 emitido com desmatamento \u00e9 descontado pela absor\u00e7\u00e3o de CO2 pelas florestas protegidas em unidades de conserva\u00e7\u00e3o e terras ind\u00edgenas.<\/p>\n<p>&#8220;Mas a Amaz\u00f4nia teve duas grandes secas, em 2005 e 2010, e nesse cen\u00e1rio acaba se emitindo carbono, porque as \u00e1rvores morrem. Isso tem de entrar na conta&#8221;, argumenta.<\/p>\n<p>O Observat\u00f3rio do Clima, coaliz\u00e3o brasileira com mais de 30 organiza\u00e7\u00f5es da sociedade civil, considera que o Brasil chega \u00e0 Confer\u00eancia do Clima de Paris em dezembro com boas cartas para iniciar as discuss\u00f5es. &#8220;Mas \u00e9 pouco para o acordo final. Se todos os pa\u00edses ficassem no n\u00edvel do brasileiro ainda assim estar\u00edamos longe da meta dos 2\u00b0C. Isso deveria ser o piso de ambi\u00e7\u00e3o do Brasil, mas para o acordo final precisamos de maior ambi\u00e7\u00e3o de todos&#8221;, afirma Carlos Rittl, secret\u00e1rio executivo do observat\u00f3rio.<\/p>\n<p>Ele concorda que \u00e9 preciso mais transpar\u00eancia no detalhamento de como as propostas para cada setor ser\u00e3o cumpridas. &#8220;As contas t\u00eam de ser abertas com toda a sociedade, at\u00e9 para que possamos analisar nossas capacidades&#8221;, diz. Ele pede a abertura de um conjunto de estudos chamado &#8220;Op\u00e7\u00f5es de Mitiga\u00e7\u00e3o&#8221;, encomendado pelo Minist\u00e9rio da Ci\u00eancia para ajudar na constru\u00e7\u00e3o da meta e que est\u00e1 guardado sob sigilo.<\/p>\n<p><img loading=\"lazy\" decoding=\"async\" class=\"alignnone size-full wp-image-70065\" src=\"http:\/\/www.notibras.com\/site\/wp-content\/uploads\/2015\/10\/estadao.png\" alt=\"estadao\" width=\"99\" height=\"16\" \/><\/p>\n","protected":false},"excerpt":{"rendered":"<p>A proposta que o governo brasileiro apresentou no domingo, 27, de reduzir suas emiss\u00f5es em 37% em 2025 e em 43% em 2030, de acordo com os n\u00edveis de 2005, carece de mais detalhes para explicar exatamente como ela vai ser cumprida. Essa \u00e9 a an\u00e1lise que alguns ambientalistas e cientistas est\u00e3o fazendo ap\u00f3s examinarem [&hellip;]<\/p>\n","protected":false},"author":2,"featured_media":70171,"comment_status":"open","ping_status":"closed","sticky":false,"template":"","format":"standard","meta":{"_acf_changed":false,"footnotes":""},"categories":[16],"tags":[],"class_list":["post-70170","post","type-post","status-publish","format-standard","has-post-thumbnail","hentry","category-brasil"],"acf":[],"yoast_head":"<!-- This site is optimized with the Yoast SEO plugin v27.2 - https:\/\/yoast.com\/product\/yoast-seo-wordpress\/ -->\n<title>Especialistas questionam metas do governo brasileiro para a preserva\u00e7\u00e3o do clima - Notibras<\/title>\n<meta name=\"robots\" content=\"index, follow, max-snippet:-1, max-image-preview:large, max-video-preview:-1\" \/>\n<link rel=\"canonical\" href=\"https:\/\/www.notibras.com\/site\/especialistas-questionam-propostas-do-governo-brasileiro-para-o-meio-ambiente\/\" \/>\n<meta property=\"og:locale\" content=\"pt_BR\" \/>\n<meta property=\"og:type\" content=\"article\" \/>\n<meta property=\"og:title\" content=\"Especialistas questionam metas do governo brasileiro para a preserva\u00e7\u00e3o do clima - Notibras\" \/>\n<meta property=\"og:description\" content=\"A proposta que o governo brasileiro apresentou no domingo, 27, de reduzir suas emiss\u00f5es em 37% em 2025 e em 43% em 2030, de acordo com os n\u00edveis de 2005, carece de mais detalhes para explicar exatamente como ela vai ser cumprida. Essa \u00e9 a an\u00e1lise que alguns ambientalistas e cientistas est\u00e3o fazendo ap\u00f3s examinarem [&hellip;]\" \/>\n<meta property=\"og:url\" content=\"https:\/\/www.notibras.com\/site\/especialistas-questionam-propostas-do-governo-brasileiro-para-o-meio-ambiente\/\" \/>\n<meta property=\"og:site_name\" content=\"Notibras\" \/>\n<meta property=\"article:publisher\" content=\"https:\/\/www.facebook.com\/notibras\/\" \/>\n<meta property=\"article:published_time\" content=\"2015-10-02T14:21:12+00:00\" \/>\n<meta property=\"article:modified_time\" content=\"2015-10-02T21:54:08+00:00\" \/>\n<meta property=\"og:image\" content=\"https:\/\/www.notibras.com\/site\/wp-content\/uploads\/2015\/10\/mudan\u00e7a-clim\u00e1tica-1.jpg\" \/>\n\t<meta property=\"og:image:width\" content=\"1000\" \/>\n\t<meta property=\"og:image:height\" content=\"705\" \/>\n\t<meta property=\"og:image:type\" content=\"image\/jpeg\" \/>\n<meta name=\"author\" content=\"Reda\u00e7\u00e3o\" \/>\n<meta name=\"twitter:card\" content=\"summary_large_image\" \/>\n<meta name=\"twitter:creator\" content=\"@Notibras\" \/>\n<meta name=\"twitter:site\" content=\"@Notibras\" \/>\n<meta name=\"twitter:label1\" content=\"Escrito por\" \/>\n\t<meta name=\"twitter:data1\" content=\"Reda\u00e7\u00e3o\" \/>\n\t<meta name=\"twitter:label2\" content=\"Est. tempo de leitura\" \/>\n\t<meta name=\"twitter:data2\" content=\"2 minutos\" \/>\n<script type=\"application\/ld+json\" class=\"yoast-schema-graph\">{\"@context\":\"https:\/\/schema.org\",\"@graph\":[{\"@type\":\"Article\",\"@id\":\"https:\/\/www.notibras.com\/site\/especialistas-questionam-propostas-do-governo-brasileiro-para-o-meio-ambiente\/#article\",\"isPartOf\":{\"@id\":\"https:\/\/www.notibras.com\/site\/especialistas-questionam-propostas-do-governo-brasileiro-para-o-meio-ambiente\/\"},\"author\":{\"name\":\"Reda\u00e7\u00e3o\",\"@id\":\"https:\/\/www.notibras.com\/site\/#\/schema\/person\/36ab0979449956132d3e5b517ea76ac8\"},\"headline\":\"Especialistas questionam metas do governo brasileiro para a preserva\u00e7\u00e3o do clima\",\"datePublished\":\"2015-10-02T14:21:12+00:00\",\"dateModified\":\"2015-10-02T21:54:08+00:00\",\"mainEntityOfPage\":{\"@id\":\"https:\/\/www.notibras.com\/site\/especialistas-questionam-propostas-do-governo-brasileiro-para-o-meio-ambiente\/\"},\"wordCount\":438,\"commentCount\":0,\"publisher\":{\"@id\":\"https:\/\/www.notibras.com\/site\/#organization\"},\"image\":{\"@id\":\"https:\/\/www.notibras.com\/site\/especialistas-questionam-propostas-do-governo-brasileiro-para-o-meio-ambiente\/#primaryimage\"},\"thumbnailUrl\":\"https:\/\/www.notibras.com\/site\/wp-content\/uploads\/2015\/10\/mudan\u00e7a-clim\u00e1tica-1.jpg\",\"articleSection\":[\"Brasil\"],\"inLanguage\":\"pt-BR\",\"potentialAction\":[{\"@type\":\"CommentAction\",\"name\":\"Comment\",\"target\":[\"https:\/\/www.notibras.com\/site\/especialistas-questionam-propostas-do-governo-brasileiro-para-o-meio-ambiente\/#respond\"]}]},{\"@type\":\"WebPage\",\"@id\":\"https:\/\/www.notibras.com\/site\/especialistas-questionam-propostas-do-governo-brasileiro-para-o-meio-ambiente\/\",\"url\":\"https:\/\/www.notibras.com\/site\/especialistas-questionam-propostas-do-governo-brasileiro-para-o-meio-ambiente\/\",\"name\":\"Especialistas questionam metas do governo brasileiro para a preserva\u00e7\u00e3o do clima - Notibras\",\"isPartOf\":{\"@id\":\"https:\/\/www.notibras.com\/site\/#website\"},\"primaryImageOfPage\":{\"@id\":\"https:\/\/www.notibras.com\/site\/especialistas-questionam-propostas-do-governo-brasileiro-para-o-meio-ambiente\/#primaryimage\"},\"image\":{\"@id\":\"https:\/\/www.notibras.com\/site\/especialistas-questionam-propostas-do-governo-brasileiro-para-o-meio-ambiente\/#primaryimage\"},\"thumbnailUrl\":\"https:\/\/www.notibras.com\/site\/wp-content\/uploads\/2015\/10\/mudan\u00e7a-clim\u00e1tica-1.jpg\",\"datePublished\":\"2015-10-02T14:21:12+00:00\",\"dateModified\":\"2015-10-02T21:54:08+00:00\",\"breadcrumb\":{\"@id\":\"https:\/\/www.notibras.com\/site\/especialistas-questionam-propostas-do-governo-brasileiro-para-o-meio-ambiente\/#breadcrumb\"},\"inLanguage\":\"pt-BR\",\"potentialAction\":[{\"@type\":\"ReadAction\",\"target\":[\"https:\/\/www.notibras.com\/site\/especialistas-questionam-propostas-do-governo-brasileiro-para-o-meio-ambiente\/\"]}]},{\"@type\":\"ImageObject\",\"inLanguage\":\"pt-BR\",\"@id\":\"https:\/\/www.notibras.com\/site\/especialistas-questionam-propostas-do-governo-brasileiro-para-o-meio-ambiente\/#primaryimage\",\"url\":\"https:\/\/www.notibras.com\/site\/wp-content\/uploads\/2015\/10\/mudan\u00e7a-clim\u00e1tica-1.jpg\",\"contentUrl\":\"https:\/\/www.notibras.com\/site\/wp-content\/uploads\/2015\/10\/mudan\u00e7a-clim\u00e1tica-1.jpg\",\"width\":1000,\"height\":705},{\"@type\":\"BreadcrumbList\",\"@id\":\"https:\/\/www.notibras.com\/site\/especialistas-questionam-propostas-do-governo-brasileiro-para-o-meio-ambiente\/#breadcrumb\",\"itemListElement\":[{\"@type\":\"ListItem\",\"position\":1,\"name\":\"In\u00edcio\",\"item\":\"https:\/\/www.notibras.com\/site\/\"},{\"@type\":\"ListItem\",\"position\":2,\"name\":\"Especialistas questionam metas do governo brasileiro para a preserva\u00e7\u00e3o do clima\"}]},{\"@type\":\"WebSite\",\"@id\":\"https:\/\/www.notibras.com\/site\/#website\",\"url\":\"https:\/\/www.notibras.com\/site\/\",\"name\":\"Notibras\",\"description\":\"Not\u00edcias de Bras\u00edlia, do Brasil e do Mundo\",\"publisher\":{\"@id\":\"https:\/\/www.notibras.com\/site\/#organization\"},\"potentialAction\":[{\"@type\":\"SearchAction\",\"target\":{\"@type\":\"EntryPoint\",\"urlTemplate\":\"https:\/\/www.notibras.com\/site\/?s={search_term_string}\"},\"query-input\":{\"@type\":\"PropertyValueSpecification\",\"valueRequired\":true,\"valueName\":\"search_term_string\"}}],\"inLanguage\":\"pt-BR\"},{\"@type\":\"Organization\",\"@id\":\"https:\/\/www.notibras.com\/site\/#organization\",\"name\":\"Grupo Notibras de Comunica\u00e7\u00e3o\",\"url\":\"https:\/\/www.notibras.com\/site\/\",\"logo\":{\"@type\":\"ImageObject\",\"inLanguage\":\"pt-BR\",\"@id\":\"https:\/\/www.notibras.com\/site\/#\/schema\/logo\/image\/\",\"url\":\"https:\/\/www.notibras.com\/site\/wp-content\/uploads\/2023\/01\/notibras23.png\",\"contentUrl\":\"https:\/\/www.notibras.com\/site\/wp-content\/uploads\/2023\/01\/notibras23.png\",\"width\":350,\"height\":87,\"caption\":\"Grupo Notibras de Comunica\u00e7\u00e3o\"},\"image\":{\"@id\":\"https:\/\/www.notibras.com\/site\/#\/schema\/logo\/image\/\"},\"sameAs\":[\"https:\/\/www.facebook.com\/notibras\/\",\"https:\/\/x.com\/Notibras\",\"https:\/\/www.instagram.com\/notibras\/\"]},{\"@type\":\"Person\",\"@id\":\"https:\/\/www.notibras.com\/site\/#\/schema\/person\/36ab0979449956132d3e5b517ea76ac8\",\"name\":\"Reda\u00e7\u00e3o\",\"image\":{\"@type\":\"ImageObject\",\"inLanguage\":\"pt-BR\",\"@id\":\"https:\/\/secure.gravatar.com\/avatar\/e0a867bdedb85fd243eadf09663511f96fc81e0720a4a42581f334ad4303aa6b?s=96&d=mm&r=g\",\"url\":\"https:\/\/secure.gravatar.com\/avatar\/e0a867bdedb85fd243eadf09663511f96fc81e0720a4a42581f334ad4303aa6b?s=96&d=mm&r=g\",\"contentUrl\":\"https:\/\/secure.gravatar.com\/avatar\/e0a867bdedb85fd243eadf09663511f96fc81e0720a4a42581f334ad4303aa6b?s=96&d=mm&r=g\",\"caption\":\"Reda\u00e7\u00e3o\"}}]}<\/script>\n<!-- \/ Yoast SEO plugin. -->","yoast_head_json":{"title":"Especialistas questionam metas do governo brasileiro para a preserva\u00e7\u00e3o do clima - Notibras","robots":{"index":"index","follow":"follow","max-snippet":"max-snippet:-1","max-image-preview":"max-image-preview:large","max-video-preview":"max-video-preview:-1"},"canonical":"https:\/\/www.notibras.com\/site\/especialistas-questionam-propostas-do-governo-brasileiro-para-o-meio-ambiente\/","og_locale":"pt_BR","og_type":"article","og_title":"Especialistas questionam metas do governo brasileiro para a preserva\u00e7\u00e3o do clima - Notibras","og_description":"A proposta que o governo brasileiro apresentou no domingo, 27, de reduzir suas emiss\u00f5es em 37% em 2025 e em 43% em 2030, de acordo com os n\u00edveis de 2005, carece de mais detalhes para explicar exatamente como ela vai ser cumprida. Essa \u00e9 a an\u00e1lise que alguns ambientalistas e cientistas est\u00e3o fazendo ap\u00f3s examinarem [&hellip;]","og_url":"https:\/\/www.notibras.com\/site\/especialistas-questionam-propostas-do-governo-brasileiro-para-o-meio-ambiente\/","og_site_name":"Notibras","article_publisher":"https:\/\/www.facebook.com\/notibras\/","article_published_time":"2015-10-02T14:21:12+00:00","article_modified_time":"2015-10-02T21:54:08+00:00","og_image":[{"width":1000,"height":705,"url":"https:\/\/www.notibras.com\/site\/wp-content\/uploads\/2015\/10\/mudan\u00e7a-clim\u00e1tica-1.jpg","type":"image\/jpeg"}],"author":"Reda\u00e7\u00e3o","twitter_card":"summary_large_image","twitter_creator":"@Notibras","twitter_site":"@Notibras","twitter_misc":{"Escrito por":"Reda\u00e7\u00e3o","Est. tempo de leitura":"2 minutos"},"schema":{"@context":"https:\/\/schema.org","@graph":[{"@type":"Article","@id":"https:\/\/www.notibras.com\/site\/especialistas-questionam-propostas-do-governo-brasileiro-para-o-meio-ambiente\/#article","isPartOf":{"@id":"https:\/\/www.notibras.com\/site\/especialistas-questionam-propostas-do-governo-brasileiro-para-o-meio-ambiente\/"},"author":{"name":"Reda\u00e7\u00e3o","@id":"https:\/\/www.notibras.com\/site\/#\/schema\/person\/36ab0979449956132d3e5b517ea76ac8"},"headline":"Especialistas questionam metas do governo brasileiro para a preserva\u00e7\u00e3o do clima","datePublished":"2015-10-02T14:21:12+00:00","dateModified":"2015-10-02T21:54:08+00:00","mainEntityOfPage":{"@id":"https:\/\/www.notibras.com\/site\/especialistas-questionam-propostas-do-governo-brasileiro-para-o-meio-ambiente\/"},"wordCount":438,"commentCount":0,"publisher":{"@id":"https:\/\/www.notibras.com\/site\/#organization"},"image":{"@id":"https:\/\/www.notibras.com\/site\/especialistas-questionam-propostas-do-governo-brasileiro-para-o-meio-ambiente\/#primaryimage"},"thumbnailUrl":"https:\/\/www.notibras.com\/site\/wp-content\/uploads\/2015\/10\/mudan\u00e7a-clim\u00e1tica-1.jpg","articleSection":["Brasil"],"inLanguage":"pt-BR","potentialAction":[{"@type":"CommentAction","name":"Comment","target":["https:\/\/www.notibras.com\/site\/especialistas-questionam-propostas-do-governo-brasileiro-para-o-meio-ambiente\/#respond"]}]},{"@type":"WebPage","@id":"https:\/\/www.notibras.com\/site\/especialistas-questionam-propostas-do-governo-brasileiro-para-o-meio-ambiente\/","url":"https:\/\/www.notibras.com\/site\/especialistas-questionam-propostas-do-governo-brasileiro-para-o-meio-ambiente\/","name":"Especialistas questionam metas do governo brasileiro para a preserva\u00e7\u00e3o do clima - Notibras","isPartOf":{"@id":"https:\/\/www.notibras.com\/site\/#website"},"primaryImageOfPage":{"@id":"https:\/\/www.notibras.com\/site\/especialistas-questionam-propostas-do-governo-brasileiro-para-o-meio-ambiente\/#primaryimage"},"image":{"@id":"https:\/\/www.notibras.com\/site\/especialistas-questionam-propostas-do-governo-brasileiro-para-o-meio-ambiente\/#primaryimage"},"thumbnailUrl":"https:\/\/www.notibras.com\/site\/wp-content\/uploads\/2015\/10\/mudan\u00e7a-clim\u00e1tica-1.jpg","datePublished":"2015-10-02T14:21:12+00:00","dateModified":"2015-10-02T21:54:08+00:00","breadcrumb":{"@id":"https:\/\/www.notibras.com\/site\/especialistas-questionam-propostas-do-governo-brasileiro-para-o-meio-ambiente\/#breadcrumb"},"inLanguage":"pt-BR","potentialAction":[{"@type":"ReadAction","target":["https:\/\/www.notibras.com\/site\/especialistas-questionam-propostas-do-governo-brasileiro-para-o-meio-ambiente\/"]}]},{"@type":"ImageObject","inLanguage":"pt-BR","@id":"https:\/\/www.notibras.com\/site\/especialistas-questionam-propostas-do-governo-brasileiro-para-o-meio-ambiente\/#primaryimage","url":"https:\/\/www.notibras.com\/site\/wp-content\/uploads\/2015\/10\/mudan\u00e7a-clim\u00e1tica-1.jpg","contentUrl":"https:\/\/www.notibras.com\/site\/wp-content\/uploads\/2015\/10\/mudan\u00e7a-clim\u00e1tica-1.jpg","width":1000,"height":705},{"@type":"BreadcrumbList","@id":"https:\/\/www.notibras.com\/site\/especialistas-questionam-propostas-do-governo-brasileiro-para-o-meio-ambiente\/#breadcrumb","itemListElement":[{"@type":"ListItem","position":1,"name":"In\u00edcio","item":"https:\/\/www.notibras.com\/site\/"},{"@type":"ListItem","position":2,"name":"Especialistas questionam metas do governo brasileiro para a preserva\u00e7\u00e3o do clima"}]},{"@type":"WebSite","@id":"https:\/\/www.notibras.com\/site\/#website","url":"https:\/\/www.notibras.com\/site\/","name":"Notibras","description":"Not\u00edcias de Bras\u00edlia, do Brasil e do Mundo","publisher":{"@id":"https:\/\/www.notibras.com\/site\/#organization"},"potentialAction":[{"@type":"SearchAction","target":{"@type":"EntryPoint","urlTemplate":"https:\/\/www.notibras.com\/site\/?s={search_term_string}"},"query-input":{"@type":"PropertyValueSpecification","valueRequired":true,"valueName":"search_term_string"}}],"inLanguage":"pt-BR"},{"@type":"Organization","@id":"https:\/\/www.notibras.com\/site\/#organization","name":"Grupo Notibras de Comunica\u00e7\u00e3o","url":"https:\/\/www.notibras.com\/site\/","logo":{"@type":"ImageObject","inLanguage":"pt-BR","@id":"https:\/\/www.notibras.com\/site\/#\/schema\/logo\/image\/","url":"https:\/\/www.notibras.com\/site\/wp-content\/uploads\/2023\/01\/notibras23.png","contentUrl":"https:\/\/www.notibras.com\/site\/wp-content\/uploads\/2023\/01\/notibras23.png","width":350,"height":87,"caption":"Grupo Notibras de Comunica\u00e7\u00e3o"},"image":{"@id":"https:\/\/www.notibras.com\/site\/#\/schema\/logo\/image\/"},"sameAs":["https:\/\/www.facebook.com\/notibras\/","https:\/\/x.com\/Notibras","https:\/\/www.instagram.com\/notibras\/"]},{"@type":"Person","@id":"https:\/\/www.notibras.com\/site\/#\/schema\/person\/36ab0979449956132d3e5b517ea76ac8","name":"Reda\u00e7\u00e3o","image":{"@type":"ImageObject","inLanguage":"pt-BR","@id":"https:\/\/secure.gravatar.com\/avatar\/e0a867bdedb85fd243eadf09663511f96fc81e0720a4a42581f334ad4303aa6b?s=96&d=mm&r=g","url":"https:\/\/secure.gravatar.com\/avatar\/e0a867bdedb85fd243eadf09663511f96fc81e0720a4a42581f334ad4303aa6b?s=96&d=mm&r=g","contentUrl":"https:\/\/secure.gravatar.com\/avatar\/e0a867bdedb85fd243eadf09663511f96fc81e0720a4a42581f334ad4303aa6b?s=96&d=mm&r=g","caption":"Reda\u00e7\u00e3o"}}]}},"amp_enabled":true,"_links":{"self":[{"href":"https:\/\/www.notibras.com\/site\/wp-json\/wp\/v2\/posts\/70170","targetHints":{"allow":["GET"]}}],"collection":[{"href":"https:\/\/www.notibras.com\/site\/wp-json\/wp\/v2\/posts"}],"about":[{"href":"https:\/\/www.notibras.com\/site\/wp-json\/wp\/v2\/types\/post"}],"author":[{"embeddable":true,"href":"https:\/\/www.notibras.com\/site\/wp-json\/wp\/v2\/users\/2"}],"replies":[{"embeddable":true,"href":"https:\/\/www.notibras.com\/site\/wp-json\/wp\/v2\/comments?post=70170"}],"version-history":[{"count":5,"href":"https:\/\/www.notibras.com\/site\/wp-json\/wp\/v2\/posts\/70170\/revisions"}],"predecessor-version":[{"id":70202,"href":"https:\/\/www.notibras.com\/site\/wp-json\/wp\/v2\/posts\/70170\/revisions\/70202"}],"wp:featuredmedia":[{"embeddable":true,"href":"https:\/\/www.notibras.com\/site\/wp-json\/wp\/v2\/media\/70171"}],"wp:attachment":[{"href":"https:\/\/www.notibras.com\/site\/wp-json\/wp\/v2\/media?parent=70170"}],"wp:term":[{"taxonomy":"category","embeddable":true,"href":"https:\/\/www.notibras.com\/site\/wp-json\/wp\/v2\/categories?post=70170"},{"taxonomy":"post_tag","embeddable":true,"href":"https:\/\/www.notibras.com\/site\/wp-json\/wp\/v2\/tags?post=70170"}],"curies":[{"name":"wp","href":"https:\/\/api.w.org\/{rel}","templated":true}]}}