{"id":70191,"date":"2015-10-02T18:44:42","date_gmt":"2015-10-02T21:44:42","guid":{"rendered":"http:\/\/www.notibras.com\/site\/?p=70191"},"modified":"2015-10-02T18:46:46","modified_gmt":"2015-10-02T21:46:46","slug":"oposicao-destaca-gravidade-da-crise-e-diz-que-nao-sera-solucionada-com-reforma-pifia","status":"publish","type":"post","link":"https:\/\/www.notibras.com\/site\/oposicao-destaca-gravidade-da-crise-e-diz-que-nao-sera-solucionada-com-reforma-pifia\/","title":{"rendered":"Oposi\u00e7\u00e3o destaca gravidade da crise e diz que a solu\u00e7\u00e3o n\u00e3o vir\u00e1 com &#8220;reforma p\u00edfia&#8221;"},"content":{"rendered":"<p>O l\u00edder do PSDB na C\u00e2mara, Carlos Sampaio (SP), afirmou, em nota, que a presidente Dilma Rousseff tenta salvar o seu mandato com uma reforma ministerial &#8220;p\u00edfia&#8221; e exp\u00f5e a pr\u00e1tica do PT em lotear o governo em troca de apoio. &#8220;A reforma administrativa \u00e9 atrasada e p\u00edfia diante da gravidade da crise econ\u00f4mica e revela tamb\u00e9m que o objetivo principal da presidente Dilma Rousseff \u00e9 tentar salvar o seu mandato e aprovar o pacote de arrocho fiscal contra a sociedade&#8221;, diz.<\/p>\n<p>Nesta sexta-feira, 2, Dilma anunciou o corte de oito pastas e outras medidas para enxugar a m\u00e1quina do governo, como a redu\u00e7\u00e3o nos sal\u00e1rios de todos os ministros em 10% e o corte de 3 mil cargos comissionados. A previs\u00e3o inicial era que a presidente cortasse 10 minist\u00e9rios.<\/p>\n<p>&#8220;O governo anunciou semanas atr\u00e1s que seriam cortados 10 dos 39 minist\u00e9rios e, no final das contas, cortou oito. Anunciou que vai cortar cargos comissionados e despesas de custeio, mas n\u00e3o disse qual ser\u00e1 a economia total, quando e de que forma isso ser\u00e1 feito&#8221;, critica o tucano.<\/p>\n<p>Para Sampaio, a busca de governabilidade por meio de troca de cargos \u00e9 uma forma de loteamento e a reforma anunciada foi apenas um &#8220;puxadinho&#8221;. &#8220;O fato \u00e9 que essa reforma exp\u00f5e a j\u00e1 notabilizada pr\u00e1tica dos governos do PT, de Lula e Dilma, de lotear o governo&#8221;, diz.<\/p>\n<p>O tucano diz ainda que, no momento, por causa da baixa popularidade da presidente, ela tenta salvar o seu mandato. &#8220;\u00c9 evidente que o objetivo principal das medidas anunciadas hoje \u00e9 tentar salvar o seu mandato. Entre uma reforma mais profunda, que \u00e9 o que este momento de crise aguda exige e a sociedade espera, a presidente optou por um &#8216;puxadinho'&#8221;, completou.<\/p>\n<p>Segundo Sampaio, o governo quer tentar aprovar mais &#8220;um pacote de arrocho fiscal&#8221; ao reorganizar sua base no Congresso e reafirmou que trabalhar\u00e1 para evitar novos impostos, como a CPMF.<\/p>\n<p>&#8220;Sempre ser\u00e1 assim: entre os interesses do Brasil e os dela e do PT, a presidente ficar\u00e1 com o segundo. E aos brasileiros restar\u00e1 pagar a maior parte do preju\u00edzo causado pela incompet\u00eancia e inoper\u00e2ncia petista. Vamos tentar impedir a aprova\u00e7\u00e3o de qualquer aumento de impostos&#8221;, disse.<\/p>\n<p><img loading=\"lazy\" decoding=\"async\" class=\"alignnone size-full wp-image-70065\" src=\"http:\/\/www.notibras.com\/site\/wp-content\/uploads\/2015\/10\/estadao.png\" alt=\"estadao\" width=\"99\" height=\"16\" \/><\/p>\n","protected":false},"excerpt":{"rendered":"<p>O l\u00edder do PSDB na C\u00e2mara, Carlos Sampaio (SP), afirmou, em nota, que a presidente Dilma Rousseff tenta salvar o seu mandato com uma reforma ministerial &#8220;p\u00edfia&#8221; e exp\u00f5e a pr\u00e1tica do PT em lotear o governo em troca de apoio. &#8220;A reforma administrativa \u00e9 atrasada e p\u00edfia diante da gravidade da crise econ\u00f4mica e [&hellip;]<\/p>\n","protected":false},"author":2,"featured_media":70192,"comment_status":"open","ping_status":"closed","sticky":false,"template":"","format":"standard","meta":{"_acf_changed":false,"footnotes":""},"categories":[16],"tags":[],"class_list":["post-70191","post","type-post","status-publish","format-standard","has-post-thumbnail","hentry","category-brasil"],"acf":[],"yoast_head":"<!-- This site is optimized with the Yoast SEO plugin v27.2 - https:\/\/yoast.com\/product\/yoast-seo-wordpress\/ -->\n<title>Oposi\u00e7\u00e3o destaca gravidade da crise e diz que a solu\u00e7\u00e3o n\u00e3o vir\u00e1 com &quot;reforma p\u00edfia&quot; - Notibras<\/title>\n<meta name=\"robots\" content=\"index, follow, max-snippet:-1, max-image-preview:large, max-video-preview:-1\" \/>\n<link rel=\"canonical\" href=\"https:\/\/www.notibras.com\/site\/oposicao-destaca-gravidade-da-crise-e-diz-que-nao-sera-solucionada-com-reforma-pifia\/\" \/>\n<meta property=\"og:locale\" content=\"pt_BR\" \/>\n<meta property=\"og:type\" content=\"article\" \/>\n<meta property=\"og:title\" content=\"Oposi\u00e7\u00e3o destaca gravidade da crise e diz que a solu\u00e7\u00e3o n\u00e3o vir\u00e1 com &quot;reforma p\u00edfia&quot; - Notibras\" \/>\n<meta property=\"og:description\" content=\"O l\u00edder do PSDB na C\u00e2mara, Carlos Sampaio (SP), afirmou, em nota, que a presidente Dilma Rousseff tenta salvar o seu mandato com uma reforma ministerial &#8220;p\u00edfia&#8221; e exp\u00f5e a pr\u00e1tica do PT em lotear o governo em troca de apoio. &#8220;A reforma administrativa \u00e9 atrasada e p\u00edfia diante da gravidade da crise econ\u00f4mica e [&hellip;]\" \/>\n<meta property=\"og:url\" content=\"https:\/\/www.notibras.com\/site\/oposicao-destaca-gravidade-da-crise-e-diz-que-nao-sera-solucionada-com-reforma-pifia\/\" \/>\n<meta property=\"og:site_name\" content=\"Notibras\" \/>\n<meta property=\"article:publisher\" content=\"https:\/\/www.facebook.com\/notibras\/\" \/>\n<meta property=\"article:published_time\" content=\"2015-10-02T21:44:42+00:00\" \/>\n<meta property=\"article:modified_time\" content=\"2015-10-02T21:46:46+00:00\" \/>\n<meta property=\"og:image\" content=\"https:\/\/www.notibras.com\/site\/wp-content\/uploads\/2015\/10\/cs2.jpg\" \/>\n\t<meta property=\"og:image:width\" content=\"1181\" \/>\n\t<meta property=\"og:image:height\" content=\"787\" \/>\n\t<meta property=\"og:image:type\" content=\"image\/jpeg\" \/>\n<meta name=\"author\" content=\"Reda\u00e7\u00e3o\" \/>\n<meta name=\"twitter:card\" content=\"summary_large_image\" \/>\n<meta name=\"twitter:creator\" content=\"@Notibras\" \/>\n<meta name=\"twitter:site\" content=\"@Notibras\" \/>\n<meta name=\"twitter:label1\" content=\"Escrito por\" \/>\n\t<meta name=\"twitter:data1\" content=\"Reda\u00e7\u00e3o\" \/>\n\t<meta name=\"twitter:label2\" content=\"Est. tempo de leitura\" \/>\n\t<meta name=\"twitter:data2\" content=\"2 minutos\" \/>\n<script type=\"application\/ld+json\" class=\"yoast-schema-graph\">{\"@context\":\"https:\/\/schema.org\",\"@graph\":[{\"@type\":\"Article\",\"@id\":\"https:\/\/www.notibras.com\/site\/oposicao-destaca-gravidade-da-crise-e-diz-que-nao-sera-solucionada-com-reforma-pifia\/#article\",\"isPartOf\":{\"@id\":\"https:\/\/www.notibras.com\/site\/oposicao-destaca-gravidade-da-crise-e-diz-que-nao-sera-solucionada-com-reforma-pifia\/\"},\"author\":{\"name\":\"Reda\u00e7\u00e3o\",\"@id\":\"https:\/\/www.notibras.com\/site\/#\/schema\/person\/36ab0979449956132d3e5b517ea76ac8\"},\"headline\":\"Oposi\u00e7\u00e3o destaca gravidade da crise e diz que a solu\u00e7\u00e3o n\u00e3o vir\u00e1 com &#8220;reforma p\u00edfia&#8221;\",\"datePublished\":\"2015-10-02T21:44:42+00:00\",\"dateModified\":\"2015-10-02T21:46:46+00:00\",\"mainEntityOfPage\":{\"@id\":\"https:\/\/www.notibras.com\/site\/oposicao-destaca-gravidade-da-crise-e-diz-que-nao-sera-solucionada-com-reforma-pifia\/\"},\"wordCount\":394,\"commentCount\":0,\"publisher\":{\"@id\":\"https:\/\/www.notibras.com\/site\/#organization\"},\"image\":{\"@id\":\"https:\/\/www.notibras.com\/site\/oposicao-destaca-gravidade-da-crise-e-diz-que-nao-sera-solucionada-com-reforma-pifia\/#primaryimage\"},\"thumbnailUrl\":\"https:\/\/www.notibras.com\/site\/wp-content\/uploads\/2015\/10\/cs2.jpg\",\"articleSection\":[\"Brasil\"],\"inLanguage\":\"pt-BR\",\"potentialAction\":[{\"@type\":\"CommentAction\",\"name\":\"Comment\",\"target\":[\"https:\/\/www.notibras.com\/site\/oposicao-destaca-gravidade-da-crise-e-diz-que-nao-sera-solucionada-com-reforma-pifia\/#respond\"]}]},{\"@type\":\"WebPage\",\"@id\":\"https:\/\/www.notibras.com\/site\/oposicao-destaca-gravidade-da-crise-e-diz-que-nao-sera-solucionada-com-reforma-pifia\/\",\"url\":\"https:\/\/www.notibras.com\/site\/oposicao-destaca-gravidade-da-crise-e-diz-que-nao-sera-solucionada-com-reforma-pifia\/\",\"name\":\"Oposi\u00e7\u00e3o destaca gravidade da crise e diz que a solu\u00e7\u00e3o n\u00e3o vir\u00e1 com \\\"reforma p\u00edfia\\\" - Notibras\",\"isPartOf\":{\"@id\":\"https:\/\/www.notibras.com\/site\/#website\"},\"primaryImageOfPage\":{\"@id\":\"https:\/\/www.notibras.com\/site\/oposicao-destaca-gravidade-da-crise-e-diz-que-nao-sera-solucionada-com-reforma-pifia\/#primaryimage\"},\"image\":{\"@id\":\"https:\/\/www.notibras.com\/site\/oposicao-destaca-gravidade-da-crise-e-diz-que-nao-sera-solucionada-com-reforma-pifia\/#primaryimage\"},\"thumbnailUrl\":\"https:\/\/www.notibras.com\/site\/wp-content\/uploads\/2015\/10\/cs2.jpg\",\"datePublished\":\"2015-10-02T21:44:42+00:00\",\"dateModified\":\"2015-10-02T21:46:46+00:00\",\"breadcrumb\":{\"@id\":\"https:\/\/www.notibras.com\/site\/oposicao-destaca-gravidade-da-crise-e-diz-que-nao-sera-solucionada-com-reforma-pifia\/#breadcrumb\"},\"inLanguage\":\"pt-BR\",\"potentialAction\":[{\"@type\":\"ReadAction\",\"target\":[\"https:\/\/www.notibras.com\/site\/oposicao-destaca-gravidade-da-crise-e-diz-que-nao-sera-solucionada-com-reforma-pifia\/\"]}]},{\"@type\":\"ImageObject\",\"inLanguage\":\"pt-BR\",\"@id\":\"https:\/\/www.notibras.com\/site\/oposicao-destaca-gravidade-da-crise-e-diz-que-nao-sera-solucionada-com-reforma-pifia\/#primaryimage\",\"url\":\"https:\/\/www.notibras.com\/site\/wp-content\/uploads\/2015\/10\/cs2.jpg\",\"contentUrl\":\"https:\/\/www.notibras.com\/site\/wp-content\/uploads\/2015\/10\/cs2.jpg\",\"width\":1181,\"height\":787},{\"@type\":\"BreadcrumbList\",\"@id\":\"https:\/\/www.notibras.com\/site\/oposicao-destaca-gravidade-da-crise-e-diz-que-nao-sera-solucionada-com-reforma-pifia\/#breadcrumb\",\"itemListElement\":[{\"@type\":\"ListItem\",\"position\":1,\"name\":\"In\u00edcio\",\"item\":\"https:\/\/www.notibras.com\/site\/\"},{\"@type\":\"ListItem\",\"position\":2,\"name\":\"Oposi\u00e7\u00e3o destaca gravidade da crise e diz que a solu\u00e7\u00e3o n\u00e3o vir\u00e1 com &#8220;reforma p\u00edfia&#8221;\"}]},{\"@type\":\"WebSite\",\"@id\":\"https:\/\/www.notibras.com\/site\/#website\",\"url\":\"https:\/\/www.notibras.com\/site\/\",\"name\":\"Notibras\",\"description\":\"Not\u00edcias de Bras\u00edlia, do Brasil e do Mundo\",\"publisher\":{\"@id\":\"https:\/\/www.notibras.com\/site\/#organization\"},\"potentialAction\":[{\"@type\":\"SearchAction\",\"target\":{\"@type\":\"EntryPoint\",\"urlTemplate\":\"https:\/\/www.notibras.com\/site\/?s={search_term_string}\"},\"query-input\":{\"@type\":\"PropertyValueSpecification\",\"valueRequired\":true,\"valueName\":\"search_term_string\"}}],\"inLanguage\":\"pt-BR\"},{\"@type\":\"Organization\",\"@id\":\"https:\/\/www.notibras.com\/site\/#organization\",\"name\":\"Grupo Notibras de Comunica\u00e7\u00e3o\",\"url\":\"https:\/\/www.notibras.com\/site\/\",\"logo\":{\"@type\":\"ImageObject\",\"inLanguage\":\"pt-BR\",\"@id\":\"https:\/\/www.notibras.com\/site\/#\/schema\/logo\/image\/\",\"url\":\"https:\/\/www.notibras.com\/site\/wp-content\/uploads\/2023\/01\/notibras23.png\",\"contentUrl\":\"https:\/\/www.notibras.com\/site\/wp-content\/uploads\/2023\/01\/notibras23.png\",\"width\":350,\"height\":87,\"caption\":\"Grupo Notibras de Comunica\u00e7\u00e3o\"},\"image\":{\"@id\":\"https:\/\/www.notibras.com\/site\/#\/schema\/logo\/image\/\"},\"sameAs\":[\"https:\/\/www.facebook.com\/notibras\/\",\"https:\/\/x.com\/Notibras\",\"https:\/\/www.instagram.com\/notibras\/\"]},{\"@type\":\"Person\",\"@id\":\"https:\/\/www.notibras.com\/site\/#\/schema\/person\/36ab0979449956132d3e5b517ea76ac8\",\"name\":\"Reda\u00e7\u00e3o\",\"image\":{\"@type\":\"ImageObject\",\"inLanguage\":\"pt-BR\",\"@id\":\"https:\/\/secure.gravatar.com\/avatar\/e0a867bdedb85fd243eadf09663511f96fc81e0720a4a42581f334ad4303aa6b?s=96&d=mm&r=g\",\"url\":\"https:\/\/secure.gravatar.com\/avatar\/e0a867bdedb85fd243eadf09663511f96fc81e0720a4a42581f334ad4303aa6b?s=96&d=mm&r=g\",\"contentUrl\":\"https:\/\/secure.gravatar.com\/avatar\/e0a867bdedb85fd243eadf09663511f96fc81e0720a4a42581f334ad4303aa6b?s=96&d=mm&r=g\",\"caption\":\"Reda\u00e7\u00e3o\"}}]}<\/script>\n<!-- \/ Yoast SEO plugin. -->","yoast_head_json":{"title":"Oposi\u00e7\u00e3o destaca gravidade da crise e diz que a solu\u00e7\u00e3o n\u00e3o vir\u00e1 com \"reforma p\u00edfia\" - Notibras","robots":{"index":"index","follow":"follow","max-snippet":"max-snippet:-1","max-image-preview":"max-image-preview:large","max-video-preview":"max-video-preview:-1"},"canonical":"https:\/\/www.notibras.com\/site\/oposicao-destaca-gravidade-da-crise-e-diz-que-nao-sera-solucionada-com-reforma-pifia\/","og_locale":"pt_BR","og_type":"article","og_title":"Oposi\u00e7\u00e3o destaca gravidade da crise e diz que a solu\u00e7\u00e3o n\u00e3o vir\u00e1 com \"reforma p\u00edfia\" - Notibras","og_description":"O l\u00edder do PSDB na C\u00e2mara, Carlos Sampaio (SP), afirmou, em nota, que a presidente Dilma Rousseff tenta salvar o seu mandato com uma reforma ministerial &#8220;p\u00edfia&#8221; e exp\u00f5e a pr\u00e1tica do PT em lotear o governo em troca de apoio. &#8220;A reforma administrativa \u00e9 atrasada e p\u00edfia diante da gravidade da crise econ\u00f4mica e [&hellip;]","og_url":"https:\/\/www.notibras.com\/site\/oposicao-destaca-gravidade-da-crise-e-diz-que-nao-sera-solucionada-com-reforma-pifia\/","og_site_name":"Notibras","article_publisher":"https:\/\/www.facebook.com\/notibras\/","article_published_time":"2015-10-02T21:44:42+00:00","article_modified_time":"2015-10-02T21:46:46+00:00","og_image":[{"width":1181,"height":787,"url":"https:\/\/www.notibras.com\/site\/wp-content\/uploads\/2015\/10\/cs2.jpg","type":"image\/jpeg"}],"author":"Reda\u00e7\u00e3o","twitter_card":"summary_large_image","twitter_creator":"@Notibras","twitter_site":"@Notibras","twitter_misc":{"Escrito por":"Reda\u00e7\u00e3o","Est. tempo de leitura":"2 minutos"},"schema":{"@context":"https:\/\/schema.org","@graph":[{"@type":"Article","@id":"https:\/\/www.notibras.com\/site\/oposicao-destaca-gravidade-da-crise-e-diz-que-nao-sera-solucionada-com-reforma-pifia\/#article","isPartOf":{"@id":"https:\/\/www.notibras.com\/site\/oposicao-destaca-gravidade-da-crise-e-diz-que-nao-sera-solucionada-com-reforma-pifia\/"},"author":{"name":"Reda\u00e7\u00e3o","@id":"https:\/\/www.notibras.com\/site\/#\/schema\/person\/36ab0979449956132d3e5b517ea76ac8"},"headline":"Oposi\u00e7\u00e3o destaca gravidade da crise e diz que a solu\u00e7\u00e3o n\u00e3o vir\u00e1 com &#8220;reforma p\u00edfia&#8221;","datePublished":"2015-10-02T21:44:42+00:00","dateModified":"2015-10-02T21:46:46+00:00","mainEntityOfPage":{"@id":"https:\/\/www.notibras.com\/site\/oposicao-destaca-gravidade-da-crise-e-diz-que-nao-sera-solucionada-com-reforma-pifia\/"},"wordCount":394,"commentCount":0,"publisher":{"@id":"https:\/\/www.notibras.com\/site\/#organization"},"image":{"@id":"https:\/\/www.notibras.com\/site\/oposicao-destaca-gravidade-da-crise-e-diz-que-nao-sera-solucionada-com-reforma-pifia\/#primaryimage"},"thumbnailUrl":"https:\/\/www.notibras.com\/site\/wp-content\/uploads\/2015\/10\/cs2.jpg","articleSection":["Brasil"],"inLanguage":"pt-BR","potentialAction":[{"@type":"CommentAction","name":"Comment","target":["https:\/\/www.notibras.com\/site\/oposicao-destaca-gravidade-da-crise-e-diz-que-nao-sera-solucionada-com-reforma-pifia\/#respond"]}]},{"@type":"WebPage","@id":"https:\/\/www.notibras.com\/site\/oposicao-destaca-gravidade-da-crise-e-diz-que-nao-sera-solucionada-com-reforma-pifia\/","url":"https:\/\/www.notibras.com\/site\/oposicao-destaca-gravidade-da-crise-e-diz-que-nao-sera-solucionada-com-reforma-pifia\/","name":"Oposi\u00e7\u00e3o destaca gravidade da crise e diz que a solu\u00e7\u00e3o n\u00e3o vir\u00e1 com \"reforma p\u00edfia\" - Notibras","isPartOf":{"@id":"https:\/\/www.notibras.com\/site\/#website"},"primaryImageOfPage":{"@id":"https:\/\/www.notibras.com\/site\/oposicao-destaca-gravidade-da-crise-e-diz-que-nao-sera-solucionada-com-reforma-pifia\/#primaryimage"},"image":{"@id":"https:\/\/www.notibras.com\/site\/oposicao-destaca-gravidade-da-crise-e-diz-que-nao-sera-solucionada-com-reforma-pifia\/#primaryimage"},"thumbnailUrl":"https:\/\/www.notibras.com\/site\/wp-content\/uploads\/2015\/10\/cs2.jpg","datePublished":"2015-10-02T21:44:42+00:00","dateModified":"2015-10-02T21:46:46+00:00","breadcrumb":{"@id":"https:\/\/www.notibras.com\/site\/oposicao-destaca-gravidade-da-crise-e-diz-que-nao-sera-solucionada-com-reforma-pifia\/#breadcrumb"},"inLanguage":"pt-BR","potentialAction":[{"@type":"ReadAction","target":["https:\/\/www.notibras.com\/site\/oposicao-destaca-gravidade-da-crise-e-diz-que-nao-sera-solucionada-com-reforma-pifia\/"]}]},{"@type":"ImageObject","inLanguage":"pt-BR","@id":"https:\/\/www.notibras.com\/site\/oposicao-destaca-gravidade-da-crise-e-diz-que-nao-sera-solucionada-com-reforma-pifia\/#primaryimage","url":"https:\/\/www.notibras.com\/site\/wp-content\/uploads\/2015\/10\/cs2.jpg","contentUrl":"https:\/\/www.notibras.com\/site\/wp-content\/uploads\/2015\/10\/cs2.jpg","width":1181,"height":787},{"@type":"BreadcrumbList","@id":"https:\/\/www.notibras.com\/site\/oposicao-destaca-gravidade-da-crise-e-diz-que-nao-sera-solucionada-com-reforma-pifia\/#breadcrumb","itemListElement":[{"@type":"ListItem","position":1,"name":"In\u00edcio","item":"https:\/\/www.notibras.com\/site\/"},{"@type":"ListItem","position":2,"name":"Oposi\u00e7\u00e3o destaca gravidade da crise e diz que a solu\u00e7\u00e3o n\u00e3o vir\u00e1 com &#8220;reforma p\u00edfia&#8221;"}]},{"@type":"WebSite","@id":"https:\/\/www.notibras.com\/site\/#website","url":"https:\/\/www.notibras.com\/site\/","name":"Notibras","description":"Not\u00edcias de Bras\u00edlia, do Brasil e do Mundo","publisher":{"@id":"https:\/\/www.notibras.com\/site\/#organization"},"potentialAction":[{"@type":"SearchAction","target":{"@type":"EntryPoint","urlTemplate":"https:\/\/www.notibras.com\/site\/?s={search_term_string}"},"query-input":{"@type":"PropertyValueSpecification","valueRequired":true,"valueName":"search_term_string"}}],"inLanguage":"pt-BR"},{"@type":"Organization","@id":"https:\/\/www.notibras.com\/site\/#organization","name":"Grupo Notibras de Comunica\u00e7\u00e3o","url":"https:\/\/www.notibras.com\/site\/","logo":{"@type":"ImageObject","inLanguage":"pt-BR","@id":"https:\/\/www.notibras.com\/site\/#\/schema\/logo\/image\/","url":"https:\/\/www.notibras.com\/site\/wp-content\/uploads\/2023\/01\/notibras23.png","contentUrl":"https:\/\/www.notibras.com\/site\/wp-content\/uploads\/2023\/01\/notibras23.png","width":350,"height":87,"caption":"Grupo Notibras de Comunica\u00e7\u00e3o"},"image":{"@id":"https:\/\/www.notibras.com\/site\/#\/schema\/logo\/image\/"},"sameAs":["https:\/\/www.facebook.com\/notibras\/","https:\/\/x.com\/Notibras","https:\/\/www.instagram.com\/notibras\/"]},{"@type":"Person","@id":"https:\/\/www.notibras.com\/site\/#\/schema\/person\/36ab0979449956132d3e5b517ea76ac8","name":"Reda\u00e7\u00e3o","image":{"@type":"ImageObject","inLanguage":"pt-BR","@id":"https:\/\/secure.gravatar.com\/avatar\/e0a867bdedb85fd243eadf09663511f96fc81e0720a4a42581f334ad4303aa6b?s=96&d=mm&r=g","url":"https:\/\/secure.gravatar.com\/avatar\/e0a867bdedb85fd243eadf09663511f96fc81e0720a4a42581f334ad4303aa6b?s=96&d=mm&r=g","contentUrl":"https:\/\/secure.gravatar.com\/avatar\/e0a867bdedb85fd243eadf09663511f96fc81e0720a4a42581f334ad4303aa6b?s=96&d=mm&r=g","caption":"Reda\u00e7\u00e3o"}}]}},"amp_enabled":true,"_links":{"self":[{"href":"https:\/\/www.notibras.com\/site\/wp-json\/wp\/v2\/posts\/70191","targetHints":{"allow":["GET"]}}],"collection":[{"href":"https:\/\/www.notibras.com\/site\/wp-json\/wp\/v2\/posts"}],"about":[{"href":"https:\/\/www.notibras.com\/site\/wp-json\/wp\/v2\/types\/post"}],"author":[{"embeddable":true,"href":"https:\/\/www.notibras.com\/site\/wp-json\/wp\/v2\/users\/2"}],"replies":[{"embeddable":true,"href":"https:\/\/www.notibras.com\/site\/wp-json\/wp\/v2\/comments?post=70191"}],"version-history":[{"count":4,"href":"https:\/\/www.notibras.com\/site\/wp-json\/wp\/v2\/posts\/70191\/revisions"}],"predecessor-version":[{"id":70196,"href":"https:\/\/www.notibras.com\/site\/wp-json\/wp\/v2\/posts\/70191\/revisions\/70196"}],"wp:featuredmedia":[{"embeddable":true,"href":"https:\/\/www.notibras.com\/site\/wp-json\/wp\/v2\/media\/70192"}],"wp:attachment":[{"href":"https:\/\/www.notibras.com\/site\/wp-json\/wp\/v2\/media?parent=70191"}],"wp:term":[{"taxonomy":"category","embeddable":true,"href":"https:\/\/www.notibras.com\/site\/wp-json\/wp\/v2\/categories?post=70191"},{"taxonomy":"post_tag","embeddable":true,"href":"https:\/\/www.notibras.com\/site\/wp-json\/wp\/v2\/tags?post=70191"}],"curies":[{"name":"wp","href":"https:\/\/api.w.org\/{rel}","templated":true}]}}