{"id":7021,"date":"2014-04-17T11:20:50","date_gmt":"2014-04-17T14:20:50","guid":{"rendered":"http:\/\/www.notibras.com\/site\/?p=7021"},"modified":"2014-04-17T21:23:11","modified_gmt":"2014-04-18T00:23:11","slug":"rionaldindo-admite-queda-de-producao-e-promete-mais-treino","status":"publish","type":"post","link":"https:\/\/www.notibras.com\/site\/rionaldindo-admite-queda-de-producao-e-promete-mais-treino\/","title":{"rendered":"Ronaldindo admite queda de produ\u00e7\u00e3o e promete mais treino"},"content":{"rendered":"<p>Cobrado pela torcida em 2014, por ainda n\u00e3o ter feito grandes atua\u00e7\u00f5es, o meia-atacante Ronaldinho Ga\u00facho reconhece que est\u00e1 devendo bom futebol, mas culpa a falta de ritmo de jogo pela queda de rendimento na temporada. Ele ressalta que \u00e9 o momento de chamar a responsabilidade e ser decisivo na Libertadores.<\/p>\n<p>&#8220;Concordo (<em>n\u00e3o vem tendo boa atua\u00e7\u00e3o<\/em>), o que mais sinto \u00e9 falta de ritmo e jogo, joguei pouco jogo esta temporada, agora vir\u00e1 uma boa sequ\u00eancia de jogos e oportunidade de jogar&#8221;, disse Ronaldinho Ga\u00facho.<\/p>\n<p>O camisa 10 atleticano garante que segue motivado, mesmo com as cr\u00edticas e a reconhecida queda de rendimento. &#8220;Bem treinado eu estou, bem motivado estou, n\u00e3o tem motiva\u00e7\u00e3o maior, jogo importante, uma das grandes equipes, que vai brigar l\u00e1 em cima, ent\u00e3o \u00e9 um grande jogo&#8221;, observou.<\/p>\n<p>O armador atleticano se mostra animado para conseguir repetir as atua\u00e7\u00f5es de 2013, que n\u00e3o aconteceram ainda neste ano e diz que vem treinando forte para recuperar tecnicamente. Em 2014, o atleta esteve em campo nove vezes e marcou apenas um gol.<\/p>\n<p>Pressionado pela torcida, Ronaldinho reconhece que precisar\u00e1 ser decisivo na reta final da Libertadores. &#8220;\u00c9 momento de ter uma boa atua\u00e7\u00e3o para ajudar a equipe a continuar bem na Libertadores, estou bem preparado, treinei bastante, confian\u00e7a a mil por cento&#8221;, disse.<\/p>\n<p>Nesta quinta-feira, Ronaldinho Ga\u00facho foi a campo e deu \u00eanfase nos trabalhos de bola parada. O atleta ficou grande parte da atividade cobrando faltas. A expectativa \u00e9 saber se o meia ser\u00e1 escalado pelo t\u00e9cnico Paulo Autuori para o jogo deste domingo contra o Corinthians, pelo Campeonato Brasileiro, \u00e0s 16h, em Uberl\u00e2ndia.<\/p>\n","protected":false},"excerpt":{"rendered":"<p>Cobrado pela torcida em 2014, por ainda n\u00e3o ter feito grandes atua\u00e7\u00f5es, o meia-atacante Ronaldinho Ga\u00facho reconhece que est\u00e1 devendo bom futebol, mas culpa a falta de ritmo de jogo pela queda de rendimento na temporada. Ele ressalta que \u00e9 o momento de chamar a responsabilidade e ser decisivo na Libertadores. &#8220;Concordo (n\u00e3o vem tendo [&hellip;]<\/p>\n","protected":false},"author":2,"featured_media":7022,"comment_status":"open","ping_status":"closed","sticky":false,"template":"","format":"standard","meta":{"_acf_changed":false,"footnotes":""},"categories":[19],"tags":[],"class_list":["post-7021","post","type-post","status-publish","format-standard","has-post-thumbnail","hentry","category-esportes"],"acf":[],"yoast_head":"<!-- This site is optimized with the Yoast SEO plugin v27.2 - https:\/\/yoast.com\/product\/yoast-seo-wordpress\/ -->\n<title>Ronaldindo admite queda de produ\u00e7\u00e3o e promete mais treino - Notibras<\/title>\n<meta name=\"robots\" content=\"index, follow, max-snippet:-1, max-image-preview:large, max-video-preview:-1\" \/>\n<link rel=\"canonical\" href=\"https:\/\/www.notibras.com\/site\/rionaldindo-admite-queda-de-producao-e-promete-mais-treino\/\" \/>\n<meta property=\"og:locale\" content=\"pt_BR\" \/>\n<meta property=\"og:type\" content=\"article\" \/>\n<meta property=\"og:title\" content=\"Ronaldindo admite queda de produ\u00e7\u00e3o e promete mais treino - Notibras\" \/>\n<meta property=\"og:description\" content=\"Cobrado pela torcida em 2014, por ainda n\u00e3o ter feito grandes atua\u00e7\u00f5es, o meia-atacante Ronaldinho Ga\u00facho reconhece que est\u00e1 devendo bom futebol, mas culpa a falta de ritmo de jogo pela queda de rendimento na temporada. Ele ressalta que \u00e9 o momento de chamar a responsabilidade e ser decisivo na Libertadores. &#8220;Concordo (n\u00e3o vem tendo [&hellip;]\" \/>\n<meta property=\"og:url\" content=\"https:\/\/www.notibras.com\/site\/rionaldindo-admite-queda-de-producao-e-promete-mais-treino\/\" \/>\n<meta property=\"og:site_name\" content=\"Notibras\" \/>\n<meta property=\"article:publisher\" content=\"https:\/\/www.facebook.com\/notibras\/\" \/>\n<meta property=\"article:published_time\" content=\"2014-04-17T14:20:50+00:00\" \/>\n<meta property=\"article:modified_time\" content=\"2014-04-18T00:23:11+00:00\" \/>\n<meta property=\"og:image\" content=\"https:\/\/www.notibras.com\/site\/wp-content\/uploads\/2014\/04\/esp111.jpg\" \/>\n\t<meta property=\"og:image:width\" content=\"1024\" \/>\n\t<meta property=\"og:image:height\" content=\"647\" \/>\n\t<meta property=\"og:image:type\" content=\"image\/jpeg\" \/>\n<meta name=\"author\" content=\"Reda\u00e7\u00e3o\" \/>\n<meta name=\"twitter:card\" content=\"summary_large_image\" \/>\n<meta name=\"twitter:creator\" content=\"@Notibras\" \/>\n<meta name=\"twitter:site\" content=\"@Notibras\" \/>\n<meta name=\"twitter:label1\" content=\"Escrito por\" \/>\n\t<meta name=\"twitter:data1\" content=\"Reda\u00e7\u00e3o\" \/>\n\t<meta name=\"twitter:label2\" content=\"Est. tempo de leitura\" \/>\n\t<meta name=\"twitter:data2\" content=\"1 minuto\" \/>\n<script type=\"application\/ld+json\" class=\"yoast-schema-graph\">{\"@context\":\"https:\/\/schema.org\",\"@graph\":[{\"@type\":\"Article\",\"@id\":\"https:\/\/www.notibras.com\/site\/rionaldindo-admite-queda-de-producao-e-promete-mais-treino\/#article\",\"isPartOf\":{\"@id\":\"https:\/\/www.notibras.com\/site\/rionaldindo-admite-queda-de-producao-e-promete-mais-treino\/\"},\"author\":{\"name\":\"Reda\u00e7\u00e3o\",\"@id\":\"https:\/\/www.notibras.com\/site\/#\/schema\/person\/36ab0979449956132d3e5b517ea76ac8\"},\"headline\":\"Ronaldindo admite queda de produ\u00e7\u00e3o e promete mais treino\",\"datePublished\":\"2014-04-17T14:20:50+00:00\",\"dateModified\":\"2014-04-18T00:23:11+00:00\",\"mainEntityOfPage\":{\"@id\":\"https:\/\/www.notibras.com\/site\/rionaldindo-admite-queda-de-producao-e-promete-mais-treino\/\"},\"wordCount\":287,\"commentCount\":0,\"publisher\":{\"@id\":\"https:\/\/www.notibras.com\/site\/#organization\"},\"image\":{\"@id\":\"https:\/\/www.notibras.com\/site\/rionaldindo-admite-queda-de-producao-e-promete-mais-treino\/#primaryimage\"},\"thumbnailUrl\":\"https:\/\/www.notibras.com\/site\/wp-content\/uploads\/2014\/04\/esp111.jpg\",\"articleSection\":[\"Esportes\"],\"inLanguage\":\"pt-BR\",\"potentialAction\":[{\"@type\":\"CommentAction\",\"name\":\"Comment\",\"target\":[\"https:\/\/www.notibras.com\/site\/rionaldindo-admite-queda-de-producao-e-promete-mais-treino\/#respond\"]}]},{\"@type\":\"WebPage\",\"@id\":\"https:\/\/www.notibras.com\/site\/rionaldindo-admite-queda-de-producao-e-promete-mais-treino\/\",\"url\":\"https:\/\/www.notibras.com\/site\/rionaldindo-admite-queda-de-producao-e-promete-mais-treino\/\",\"name\":\"Ronaldindo admite queda de produ\u00e7\u00e3o e promete mais treino - Notibras\",\"isPartOf\":{\"@id\":\"https:\/\/www.notibras.com\/site\/#website\"},\"primaryImageOfPage\":{\"@id\":\"https:\/\/www.notibras.com\/site\/rionaldindo-admite-queda-de-producao-e-promete-mais-treino\/#primaryimage\"},\"image\":{\"@id\":\"https:\/\/www.notibras.com\/site\/rionaldindo-admite-queda-de-producao-e-promete-mais-treino\/#primaryimage\"},\"thumbnailUrl\":\"https:\/\/www.notibras.com\/site\/wp-content\/uploads\/2014\/04\/esp111.jpg\",\"datePublished\":\"2014-04-17T14:20:50+00:00\",\"dateModified\":\"2014-04-18T00:23:11+00:00\",\"breadcrumb\":{\"@id\":\"https:\/\/www.notibras.com\/site\/rionaldindo-admite-queda-de-producao-e-promete-mais-treino\/#breadcrumb\"},\"inLanguage\":\"pt-BR\",\"potentialAction\":[{\"@type\":\"ReadAction\",\"target\":[\"https:\/\/www.notibras.com\/site\/rionaldindo-admite-queda-de-producao-e-promete-mais-treino\/\"]}]},{\"@type\":\"ImageObject\",\"inLanguage\":\"pt-BR\",\"@id\":\"https:\/\/www.notibras.com\/site\/rionaldindo-admite-queda-de-producao-e-promete-mais-treino\/#primaryimage\",\"url\":\"https:\/\/www.notibras.com\/site\/wp-content\/uploads\/2014\/04\/esp111.jpg\",\"contentUrl\":\"https:\/\/www.notibras.com\/site\/wp-content\/uploads\/2014\/04\/esp111.jpg\",\"width\":1024,\"height\":647},{\"@type\":\"BreadcrumbList\",\"@id\":\"https:\/\/www.notibras.com\/site\/rionaldindo-admite-queda-de-producao-e-promete-mais-treino\/#breadcrumb\",\"itemListElement\":[{\"@type\":\"ListItem\",\"position\":1,\"name\":\"In\u00edcio\",\"item\":\"https:\/\/www.notibras.com\/site\/\"},{\"@type\":\"ListItem\",\"position\":2,\"name\":\"Ronaldindo admite queda de produ\u00e7\u00e3o e promete mais treino\"}]},{\"@type\":\"WebSite\",\"@id\":\"https:\/\/www.notibras.com\/site\/#website\",\"url\":\"https:\/\/www.notibras.com\/site\/\",\"name\":\"Notibras\",\"description\":\"Not\u00edcias de Bras\u00edlia, do Brasil e do Mundo\",\"publisher\":{\"@id\":\"https:\/\/www.notibras.com\/site\/#organization\"},\"potentialAction\":[{\"@type\":\"SearchAction\",\"target\":{\"@type\":\"EntryPoint\",\"urlTemplate\":\"https:\/\/www.notibras.com\/site\/?s={search_term_string}\"},\"query-input\":{\"@type\":\"PropertyValueSpecification\",\"valueRequired\":true,\"valueName\":\"search_term_string\"}}],\"inLanguage\":\"pt-BR\"},{\"@type\":\"Organization\",\"@id\":\"https:\/\/www.notibras.com\/site\/#organization\",\"name\":\"Grupo Notibras de Comunica\u00e7\u00e3o\",\"url\":\"https:\/\/www.notibras.com\/site\/\",\"logo\":{\"@type\":\"ImageObject\",\"inLanguage\":\"pt-BR\",\"@id\":\"https:\/\/www.notibras.com\/site\/#\/schema\/logo\/image\/\",\"url\":\"https:\/\/www.notibras.com\/site\/wp-content\/uploads\/2023\/01\/notibras23.png\",\"contentUrl\":\"https:\/\/www.notibras.com\/site\/wp-content\/uploads\/2023\/01\/notibras23.png\",\"width\":350,\"height\":87,\"caption\":\"Grupo Notibras de Comunica\u00e7\u00e3o\"},\"image\":{\"@id\":\"https:\/\/www.notibras.com\/site\/#\/schema\/logo\/image\/\"},\"sameAs\":[\"https:\/\/www.facebook.com\/notibras\/\",\"https:\/\/x.com\/Notibras\",\"https:\/\/www.instagram.com\/notibras\/\"]},{\"@type\":\"Person\",\"@id\":\"https:\/\/www.notibras.com\/site\/#\/schema\/person\/36ab0979449956132d3e5b517ea76ac8\",\"name\":\"Reda\u00e7\u00e3o\",\"image\":{\"@type\":\"ImageObject\",\"inLanguage\":\"pt-BR\",\"@id\":\"https:\/\/secure.gravatar.com\/avatar\/e0a867bdedb85fd243eadf09663511f96fc81e0720a4a42581f334ad4303aa6b?s=96&d=mm&r=g\",\"url\":\"https:\/\/secure.gravatar.com\/avatar\/e0a867bdedb85fd243eadf09663511f96fc81e0720a4a42581f334ad4303aa6b?s=96&d=mm&r=g\",\"contentUrl\":\"https:\/\/secure.gravatar.com\/avatar\/e0a867bdedb85fd243eadf09663511f96fc81e0720a4a42581f334ad4303aa6b?s=96&d=mm&r=g\",\"caption\":\"Reda\u00e7\u00e3o\"}}]}<\/script>\n<!-- \/ Yoast SEO plugin. -->","yoast_head_json":{"title":"Ronaldindo admite queda de produ\u00e7\u00e3o e promete mais treino - Notibras","robots":{"index":"index","follow":"follow","max-snippet":"max-snippet:-1","max-image-preview":"max-image-preview:large","max-video-preview":"max-video-preview:-1"},"canonical":"https:\/\/www.notibras.com\/site\/rionaldindo-admite-queda-de-producao-e-promete-mais-treino\/","og_locale":"pt_BR","og_type":"article","og_title":"Ronaldindo admite queda de produ\u00e7\u00e3o e promete mais treino - Notibras","og_description":"Cobrado pela torcida em 2014, por ainda n\u00e3o ter feito grandes atua\u00e7\u00f5es, o meia-atacante Ronaldinho Ga\u00facho reconhece que est\u00e1 devendo bom futebol, mas culpa a falta de ritmo de jogo pela queda de rendimento na temporada. Ele ressalta que \u00e9 o momento de chamar a responsabilidade e ser decisivo na Libertadores. &#8220;Concordo (n\u00e3o vem tendo [&hellip;]","og_url":"https:\/\/www.notibras.com\/site\/rionaldindo-admite-queda-de-producao-e-promete-mais-treino\/","og_site_name":"Notibras","article_publisher":"https:\/\/www.facebook.com\/notibras\/","article_published_time":"2014-04-17T14:20:50+00:00","article_modified_time":"2014-04-18T00:23:11+00:00","og_image":[{"width":1024,"height":647,"url":"https:\/\/www.notibras.com\/site\/wp-content\/uploads\/2014\/04\/esp111.jpg","type":"image\/jpeg"}],"author":"Reda\u00e7\u00e3o","twitter_card":"summary_large_image","twitter_creator":"@Notibras","twitter_site":"@Notibras","twitter_misc":{"Escrito por":"Reda\u00e7\u00e3o","Est. tempo de leitura":"1 minuto"},"schema":{"@context":"https:\/\/schema.org","@graph":[{"@type":"Article","@id":"https:\/\/www.notibras.com\/site\/rionaldindo-admite-queda-de-producao-e-promete-mais-treino\/#article","isPartOf":{"@id":"https:\/\/www.notibras.com\/site\/rionaldindo-admite-queda-de-producao-e-promete-mais-treino\/"},"author":{"name":"Reda\u00e7\u00e3o","@id":"https:\/\/www.notibras.com\/site\/#\/schema\/person\/36ab0979449956132d3e5b517ea76ac8"},"headline":"Ronaldindo admite queda de produ\u00e7\u00e3o e promete mais treino","datePublished":"2014-04-17T14:20:50+00:00","dateModified":"2014-04-18T00:23:11+00:00","mainEntityOfPage":{"@id":"https:\/\/www.notibras.com\/site\/rionaldindo-admite-queda-de-producao-e-promete-mais-treino\/"},"wordCount":287,"commentCount":0,"publisher":{"@id":"https:\/\/www.notibras.com\/site\/#organization"},"image":{"@id":"https:\/\/www.notibras.com\/site\/rionaldindo-admite-queda-de-producao-e-promete-mais-treino\/#primaryimage"},"thumbnailUrl":"https:\/\/www.notibras.com\/site\/wp-content\/uploads\/2014\/04\/esp111.jpg","articleSection":["Esportes"],"inLanguage":"pt-BR","potentialAction":[{"@type":"CommentAction","name":"Comment","target":["https:\/\/www.notibras.com\/site\/rionaldindo-admite-queda-de-producao-e-promete-mais-treino\/#respond"]}]},{"@type":"WebPage","@id":"https:\/\/www.notibras.com\/site\/rionaldindo-admite-queda-de-producao-e-promete-mais-treino\/","url":"https:\/\/www.notibras.com\/site\/rionaldindo-admite-queda-de-producao-e-promete-mais-treino\/","name":"Ronaldindo admite queda de produ\u00e7\u00e3o e promete mais treino - Notibras","isPartOf":{"@id":"https:\/\/www.notibras.com\/site\/#website"},"primaryImageOfPage":{"@id":"https:\/\/www.notibras.com\/site\/rionaldindo-admite-queda-de-producao-e-promete-mais-treino\/#primaryimage"},"image":{"@id":"https:\/\/www.notibras.com\/site\/rionaldindo-admite-queda-de-producao-e-promete-mais-treino\/#primaryimage"},"thumbnailUrl":"https:\/\/www.notibras.com\/site\/wp-content\/uploads\/2014\/04\/esp111.jpg","datePublished":"2014-04-17T14:20:50+00:00","dateModified":"2014-04-18T00:23:11+00:00","breadcrumb":{"@id":"https:\/\/www.notibras.com\/site\/rionaldindo-admite-queda-de-producao-e-promete-mais-treino\/#breadcrumb"},"inLanguage":"pt-BR","potentialAction":[{"@type":"ReadAction","target":["https:\/\/www.notibras.com\/site\/rionaldindo-admite-queda-de-producao-e-promete-mais-treino\/"]}]},{"@type":"ImageObject","inLanguage":"pt-BR","@id":"https:\/\/www.notibras.com\/site\/rionaldindo-admite-queda-de-producao-e-promete-mais-treino\/#primaryimage","url":"https:\/\/www.notibras.com\/site\/wp-content\/uploads\/2014\/04\/esp111.jpg","contentUrl":"https:\/\/www.notibras.com\/site\/wp-content\/uploads\/2014\/04\/esp111.jpg","width":1024,"height":647},{"@type":"BreadcrumbList","@id":"https:\/\/www.notibras.com\/site\/rionaldindo-admite-queda-de-producao-e-promete-mais-treino\/#breadcrumb","itemListElement":[{"@type":"ListItem","position":1,"name":"In\u00edcio","item":"https:\/\/www.notibras.com\/site\/"},{"@type":"ListItem","position":2,"name":"Ronaldindo admite queda de produ\u00e7\u00e3o e promete mais treino"}]},{"@type":"WebSite","@id":"https:\/\/www.notibras.com\/site\/#website","url":"https:\/\/www.notibras.com\/site\/","name":"Notibras","description":"Not\u00edcias de Bras\u00edlia, do Brasil e do Mundo","publisher":{"@id":"https:\/\/www.notibras.com\/site\/#organization"},"potentialAction":[{"@type":"SearchAction","target":{"@type":"EntryPoint","urlTemplate":"https:\/\/www.notibras.com\/site\/?s={search_term_string}"},"query-input":{"@type":"PropertyValueSpecification","valueRequired":true,"valueName":"search_term_string"}}],"inLanguage":"pt-BR"},{"@type":"Organization","@id":"https:\/\/www.notibras.com\/site\/#organization","name":"Grupo Notibras de Comunica\u00e7\u00e3o","url":"https:\/\/www.notibras.com\/site\/","logo":{"@type":"ImageObject","inLanguage":"pt-BR","@id":"https:\/\/www.notibras.com\/site\/#\/schema\/logo\/image\/","url":"https:\/\/www.notibras.com\/site\/wp-content\/uploads\/2023\/01\/notibras23.png","contentUrl":"https:\/\/www.notibras.com\/site\/wp-content\/uploads\/2023\/01\/notibras23.png","width":350,"height":87,"caption":"Grupo Notibras de Comunica\u00e7\u00e3o"},"image":{"@id":"https:\/\/www.notibras.com\/site\/#\/schema\/logo\/image\/"},"sameAs":["https:\/\/www.facebook.com\/notibras\/","https:\/\/x.com\/Notibras","https:\/\/www.instagram.com\/notibras\/"]},{"@type":"Person","@id":"https:\/\/www.notibras.com\/site\/#\/schema\/person\/36ab0979449956132d3e5b517ea76ac8","name":"Reda\u00e7\u00e3o","image":{"@type":"ImageObject","inLanguage":"pt-BR","@id":"https:\/\/secure.gravatar.com\/avatar\/e0a867bdedb85fd243eadf09663511f96fc81e0720a4a42581f334ad4303aa6b?s=96&d=mm&r=g","url":"https:\/\/secure.gravatar.com\/avatar\/e0a867bdedb85fd243eadf09663511f96fc81e0720a4a42581f334ad4303aa6b?s=96&d=mm&r=g","contentUrl":"https:\/\/secure.gravatar.com\/avatar\/e0a867bdedb85fd243eadf09663511f96fc81e0720a4a42581f334ad4303aa6b?s=96&d=mm&r=g","caption":"Reda\u00e7\u00e3o"}}]}},"amp_enabled":true,"_links":{"self":[{"href":"https:\/\/www.notibras.com\/site\/wp-json\/wp\/v2\/posts\/7021","targetHints":{"allow":["GET"]}}],"collection":[{"href":"https:\/\/www.notibras.com\/site\/wp-json\/wp\/v2\/posts"}],"about":[{"href":"https:\/\/www.notibras.com\/site\/wp-json\/wp\/v2\/types\/post"}],"author":[{"embeddable":true,"href":"https:\/\/www.notibras.com\/site\/wp-json\/wp\/v2\/users\/2"}],"replies":[{"embeddable":true,"href":"https:\/\/www.notibras.com\/site\/wp-json\/wp\/v2\/comments?post=7021"}],"version-history":[{"count":0,"href":"https:\/\/www.notibras.com\/site\/wp-json\/wp\/v2\/posts\/7021\/revisions"}],"wp:featuredmedia":[{"embeddable":true,"href":"https:\/\/www.notibras.com\/site\/wp-json\/wp\/v2\/media\/7022"}],"wp:attachment":[{"href":"https:\/\/www.notibras.com\/site\/wp-json\/wp\/v2\/media?parent=7021"}],"wp:term":[{"taxonomy":"category","embeddable":true,"href":"https:\/\/www.notibras.com\/site\/wp-json\/wp\/v2\/categories?post=7021"},{"taxonomy":"post_tag","embeddable":true,"href":"https:\/\/www.notibras.com\/site\/wp-json\/wp\/v2\/tags?post=7021"}],"curies":[{"name":"wp","href":"https:\/\/api.w.org\/{rel}","templated":true}]}}