{"id":70231,"date":"2015-10-03T09:54:03","date_gmt":"2015-10-03T12:54:03","guid":{"rendered":"http:\/\/www.notibras.com\/site\/?p=70231"},"modified":"2015-10-03T09:55:20","modified_gmt":"2015-10-03T12:55:20","slug":"nova-cabeca-a-premio-apos-a-reforma-de-dilma-e-de-joaquim-levy-da-fazenda","status":"publish","type":"post","link":"https:\/\/www.notibras.com\/site\/nova-cabeca-a-premio-apos-a-reforma-de-dilma-e-de-joaquim-levy-da-fazenda\/","title":{"rendered":"Nova cabe\u00e7a a pr\u00eamio ap\u00f3s reforma de Dilma \u00e9 a de Joaquim Levy, da Fazenda"},"content":{"rendered":"<p>Fortalecido ap\u00f3s a reforma ministerial, o ex-presidente Luiz In\u00e1cio Lula da Silva vai se movimentar agora para convencer a presidente Dilma Rousseff a substituir o ministro da Fazenda, Joaquim Levy, por Henrique Meirelles, que comandou o Banco Central de 2003 a 2010. Para Lula, Levy tem &#8220;prazo de validade&#8221;, que vence quando o governo conseguir aprovar as principais medidas do ajuste fiscal no Congresso.<\/p>\n<p>O ex-presidente j\u00e1 conversou sobre o assunto com a pr\u00f3pria Dilma, que, no entanto, n\u00e3o gosta de Meirelles. Os dois foram colegas no governo do petista e protagonizaram duros embates. Lula sugeriu Meirelles para Dilma antes mesmo da nomea\u00e7\u00e3o de Levy. N\u00e3o emplacou. Agora, por\u00e9m, avalia que a mudan\u00e7a na Fazenda n\u00e3o pode passar do primeiro semestre de 2016.<\/p>\n<p>Tr\u00eas interlocutores do ex-presidente relataram ao Estado que os pr\u00f3ximos alvos de Lula, ap\u00f3s o aumento de sua influ\u00eancia no Pal\u00e1cio do Planalto, s\u00e3o Levy e a pol\u00edtica econ\u00f4mica. N\u00e3o \u00e9 s\u00f3: ele tamb\u00e9m quer a troca do ministro da Justi\u00e7a, Jos\u00e9 Eduardo Martins Cardozo.<\/p>\n<p><b>Vice &#8211;<\/b>\u00a0Na segunda-feira passada, numa reuni\u00e3o com Michel Temer, em S\u00e3o Paulo, Lula disse que o vice-presidente seria o nome ideal para a Justi\u00e7a. Disposto a concorrer novamente ao Planalto, em 2018, ele chegou a pedir a Dilma a demiss\u00e3o de Cardozo na reforma do primeiro escal\u00e3o, sob o argumento de que o ministro n\u00e3o controla a Pol\u00edcia Federal e permite &#8220;vazamentos seletivos&#8221; contra o PT na Opera\u00e7\u00e3o Lava Jato.<\/p>\n<p>Sob press\u00e3o, Dilma cedeu aos apelos do padrinho para p\u00f4r Jaques Wagner na Casa Civil e despachar Aloizio Mercadante de volta para o Minist\u00e9rio da Educa\u00e7\u00e3o, mas n\u00e3o aceitou dispensar Cardozo no auge da Lava Jato.<\/p>\n<p><b>Negativa &#8211;\u00a0<\/b>&#8220;Isso n\u00e3o procede&#8221;, disse Lula ao Estado, em resposta enviada por e-mail, ao ser questionado sobre sua inten\u00e7\u00e3o de trocar Levy e Cardozo. &#8220;Eu aprendi, no exerc\u00edcio da Presid\u00eancia, que a escolha de ministros \u00e9 de responsabilidade exclusiva de quem \u00e9 presidente. A presidenta terminou de concluir uma importante reforma ministerial, para superar as dificuldades atuais e criar condi\u00e7\u00f5es para a retomada do desenvolvimento, cria\u00e7\u00e3o de empregos e distribui\u00e7\u00e3o de renda.&#8221;<\/p>\n<p>Apesar do desmentido, Lula age para mudar os rumos do governo Dilma, que, no seu diagn\u00f3stico, carece com urg\u00eancia de uma agenda positiva. Aos amigos, ele afirma que a reforma ministerial foi importante para atrair o PMDB, soldar a base aliada, barrar pedidos de impeachment e recuperar a estabilidade na economia. Avalia, no entanto, que s\u00f3 isso n\u00e3o basta e diz ser preciso dar &#8220;o pr\u00f3ximo passo&#8221; para retomar o crescimento.<\/p>\n<p><img loading=\"lazy\" decoding=\"async\" class=\"alignnone size-full wp-image-70065\" src=\"http:\/\/www.notibras.com\/site\/wp-content\/uploads\/2015\/10\/estadao.png\" alt=\"estadao\" width=\"99\" height=\"16\" \/><\/p>\n","protected":false},"excerpt":{"rendered":"<p>Fortalecido ap\u00f3s a reforma ministerial, o ex-presidente Luiz In\u00e1cio Lula da Silva vai se movimentar agora para convencer a presidente Dilma Rousseff a substituir o ministro da Fazenda, Joaquim Levy, por Henrique Meirelles, que comandou o Banco Central de 2003 a 2010. Para Lula, Levy tem &#8220;prazo de validade&#8221;, que vence quando o governo conseguir [&hellip;]<\/p>\n","protected":false},"author":2,"featured_media":70232,"comment_status":"open","ping_status":"closed","sticky":false,"template":"","format":"standard","meta":{"_acf_changed":false,"footnotes":""},"categories":[16],"tags":[],"class_list":["post-70231","post","type-post","status-publish","format-standard","has-post-thumbnail","hentry","category-brasil"],"acf":[],"yoast_head":"<!-- This site is optimized with the Yoast SEO plugin v27.2 - https:\/\/yoast.com\/product\/yoast-seo-wordpress\/ -->\n<title>Nova cabe\u00e7a a pr\u00eamio ap\u00f3s reforma de Dilma \u00e9 a de Joaquim Levy, da Fazenda - Notibras<\/title>\n<meta name=\"robots\" content=\"index, follow, max-snippet:-1, max-image-preview:large, max-video-preview:-1\" \/>\n<link rel=\"canonical\" href=\"https:\/\/www.notibras.com\/site\/nova-cabeca-a-premio-apos-a-reforma-de-dilma-e-de-joaquim-levy-da-fazenda\/\" \/>\n<meta property=\"og:locale\" content=\"pt_BR\" \/>\n<meta property=\"og:type\" content=\"article\" \/>\n<meta property=\"og:title\" content=\"Nova cabe\u00e7a a pr\u00eamio ap\u00f3s reforma de Dilma \u00e9 a de Joaquim Levy, da Fazenda - Notibras\" \/>\n<meta property=\"og:description\" content=\"Fortalecido ap\u00f3s a reforma ministerial, o ex-presidente Luiz In\u00e1cio Lula da Silva vai se movimentar agora para convencer a presidente Dilma Rousseff a substituir o ministro da Fazenda, Joaquim Levy, por Henrique Meirelles, que comandou o Banco Central de 2003 a 2010. Para Lula, Levy tem &#8220;prazo de validade&#8221;, que vence quando o governo conseguir [&hellip;]\" \/>\n<meta property=\"og:url\" content=\"https:\/\/www.notibras.com\/site\/nova-cabeca-a-premio-apos-a-reforma-de-dilma-e-de-joaquim-levy-da-fazenda\/\" \/>\n<meta property=\"og:site_name\" content=\"Notibras\" \/>\n<meta property=\"article:publisher\" content=\"https:\/\/www.facebook.com\/notibras\/\" \/>\n<meta property=\"article:published_time\" content=\"2015-10-03T12:54:03+00:00\" \/>\n<meta property=\"article:modified_time\" content=\"2015-10-03T12:55:20+00:00\" \/>\n<meta property=\"og:image\" content=\"https:\/\/www.notibras.com\/site\/wp-content\/uploads\/2015\/10\/jl3.jpg\" \/>\n\t<meta property=\"og:image:width\" content=\"750\" \/>\n\t<meta property=\"og:image:height\" content=\"499\" \/>\n\t<meta property=\"og:image:type\" content=\"image\/jpeg\" \/>\n<meta name=\"author\" content=\"Reda\u00e7\u00e3o\" \/>\n<meta name=\"twitter:card\" content=\"summary_large_image\" \/>\n<meta name=\"twitter:creator\" content=\"@Notibras\" \/>\n<meta name=\"twitter:site\" content=\"@Notibras\" \/>\n<meta name=\"twitter:label1\" content=\"Escrito por\" \/>\n\t<meta name=\"twitter:data1\" content=\"Reda\u00e7\u00e3o\" \/>\n\t<meta name=\"twitter:label2\" content=\"Est. tempo de leitura\" \/>\n\t<meta name=\"twitter:data2\" content=\"2 minutos\" \/>\n<script type=\"application\/ld+json\" class=\"yoast-schema-graph\">{\"@context\":\"https:\/\/schema.org\",\"@graph\":[{\"@type\":\"Article\",\"@id\":\"https:\/\/www.notibras.com\/site\/nova-cabeca-a-premio-apos-a-reforma-de-dilma-e-de-joaquim-levy-da-fazenda\/#article\",\"isPartOf\":{\"@id\":\"https:\/\/www.notibras.com\/site\/nova-cabeca-a-premio-apos-a-reforma-de-dilma-e-de-joaquim-levy-da-fazenda\/\"},\"author\":{\"name\":\"Reda\u00e7\u00e3o\",\"@id\":\"https:\/\/www.notibras.com\/site\/#\/schema\/person\/36ab0979449956132d3e5b517ea76ac8\"},\"headline\":\"Nova cabe\u00e7a a pr\u00eamio ap\u00f3s reforma de Dilma \u00e9 a de Joaquim Levy, da Fazenda\",\"datePublished\":\"2015-10-03T12:54:03+00:00\",\"dateModified\":\"2015-10-03T12:55:20+00:00\",\"mainEntityOfPage\":{\"@id\":\"https:\/\/www.notibras.com\/site\/nova-cabeca-a-premio-apos-a-reforma-de-dilma-e-de-joaquim-levy-da-fazenda\/\"},\"wordCount\":473,\"commentCount\":0,\"publisher\":{\"@id\":\"https:\/\/www.notibras.com\/site\/#organization\"},\"image\":{\"@id\":\"https:\/\/www.notibras.com\/site\/nova-cabeca-a-premio-apos-a-reforma-de-dilma-e-de-joaquim-levy-da-fazenda\/#primaryimage\"},\"thumbnailUrl\":\"https:\/\/www.notibras.com\/site\/wp-content\/uploads\/2015\/10\/jl3.jpg\",\"articleSection\":[\"Brasil\"],\"inLanguage\":\"pt-BR\",\"potentialAction\":[{\"@type\":\"CommentAction\",\"name\":\"Comment\",\"target\":[\"https:\/\/www.notibras.com\/site\/nova-cabeca-a-premio-apos-a-reforma-de-dilma-e-de-joaquim-levy-da-fazenda\/#respond\"]}]},{\"@type\":\"WebPage\",\"@id\":\"https:\/\/www.notibras.com\/site\/nova-cabeca-a-premio-apos-a-reforma-de-dilma-e-de-joaquim-levy-da-fazenda\/\",\"url\":\"https:\/\/www.notibras.com\/site\/nova-cabeca-a-premio-apos-a-reforma-de-dilma-e-de-joaquim-levy-da-fazenda\/\",\"name\":\"Nova cabe\u00e7a a pr\u00eamio ap\u00f3s reforma de Dilma \u00e9 a de Joaquim Levy, da Fazenda - Notibras\",\"isPartOf\":{\"@id\":\"https:\/\/www.notibras.com\/site\/#website\"},\"primaryImageOfPage\":{\"@id\":\"https:\/\/www.notibras.com\/site\/nova-cabeca-a-premio-apos-a-reforma-de-dilma-e-de-joaquim-levy-da-fazenda\/#primaryimage\"},\"image\":{\"@id\":\"https:\/\/www.notibras.com\/site\/nova-cabeca-a-premio-apos-a-reforma-de-dilma-e-de-joaquim-levy-da-fazenda\/#primaryimage\"},\"thumbnailUrl\":\"https:\/\/www.notibras.com\/site\/wp-content\/uploads\/2015\/10\/jl3.jpg\",\"datePublished\":\"2015-10-03T12:54:03+00:00\",\"dateModified\":\"2015-10-03T12:55:20+00:00\",\"breadcrumb\":{\"@id\":\"https:\/\/www.notibras.com\/site\/nova-cabeca-a-premio-apos-a-reforma-de-dilma-e-de-joaquim-levy-da-fazenda\/#breadcrumb\"},\"inLanguage\":\"pt-BR\",\"potentialAction\":[{\"@type\":\"ReadAction\",\"target\":[\"https:\/\/www.notibras.com\/site\/nova-cabeca-a-premio-apos-a-reforma-de-dilma-e-de-joaquim-levy-da-fazenda\/\"]}]},{\"@type\":\"ImageObject\",\"inLanguage\":\"pt-BR\",\"@id\":\"https:\/\/www.notibras.com\/site\/nova-cabeca-a-premio-apos-a-reforma-de-dilma-e-de-joaquim-levy-da-fazenda\/#primaryimage\",\"url\":\"https:\/\/www.notibras.com\/site\/wp-content\/uploads\/2015\/10\/jl3.jpg\",\"contentUrl\":\"https:\/\/www.notibras.com\/site\/wp-content\/uploads\/2015\/10\/jl3.jpg\",\"width\":750,\"height\":499},{\"@type\":\"BreadcrumbList\",\"@id\":\"https:\/\/www.notibras.com\/site\/nova-cabeca-a-premio-apos-a-reforma-de-dilma-e-de-joaquim-levy-da-fazenda\/#breadcrumb\",\"itemListElement\":[{\"@type\":\"ListItem\",\"position\":1,\"name\":\"In\u00edcio\",\"item\":\"https:\/\/www.notibras.com\/site\/\"},{\"@type\":\"ListItem\",\"position\":2,\"name\":\"Nova cabe\u00e7a a pr\u00eamio ap\u00f3s reforma de Dilma \u00e9 a de Joaquim Levy, da Fazenda\"}]},{\"@type\":\"WebSite\",\"@id\":\"https:\/\/www.notibras.com\/site\/#website\",\"url\":\"https:\/\/www.notibras.com\/site\/\",\"name\":\"Notibras\",\"description\":\"Not\u00edcias de Bras\u00edlia, do Brasil e do Mundo\",\"publisher\":{\"@id\":\"https:\/\/www.notibras.com\/site\/#organization\"},\"potentialAction\":[{\"@type\":\"SearchAction\",\"target\":{\"@type\":\"EntryPoint\",\"urlTemplate\":\"https:\/\/www.notibras.com\/site\/?s={search_term_string}\"},\"query-input\":{\"@type\":\"PropertyValueSpecification\",\"valueRequired\":true,\"valueName\":\"search_term_string\"}}],\"inLanguage\":\"pt-BR\"},{\"@type\":\"Organization\",\"@id\":\"https:\/\/www.notibras.com\/site\/#organization\",\"name\":\"Grupo Notibras de Comunica\u00e7\u00e3o\",\"url\":\"https:\/\/www.notibras.com\/site\/\",\"logo\":{\"@type\":\"ImageObject\",\"inLanguage\":\"pt-BR\",\"@id\":\"https:\/\/www.notibras.com\/site\/#\/schema\/logo\/image\/\",\"url\":\"https:\/\/www.notibras.com\/site\/wp-content\/uploads\/2023\/01\/notibras23.png\",\"contentUrl\":\"https:\/\/www.notibras.com\/site\/wp-content\/uploads\/2023\/01\/notibras23.png\",\"width\":350,\"height\":87,\"caption\":\"Grupo Notibras de Comunica\u00e7\u00e3o\"},\"image\":{\"@id\":\"https:\/\/www.notibras.com\/site\/#\/schema\/logo\/image\/\"},\"sameAs\":[\"https:\/\/www.facebook.com\/notibras\/\",\"https:\/\/x.com\/Notibras\",\"https:\/\/www.instagram.com\/notibras\/\"]},{\"@type\":\"Person\",\"@id\":\"https:\/\/www.notibras.com\/site\/#\/schema\/person\/36ab0979449956132d3e5b517ea76ac8\",\"name\":\"Reda\u00e7\u00e3o\",\"image\":{\"@type\":\"ImageObject\",\"inLanguage\":\"pt-BR\",\"@id\":\"https:\/\/secure.gravatar.com\/avatar\/e0a867bdedb85fd243eadf09663511f96fc81e0720a4a42581f334ad4303aa6b?s=96&d=mm&r=g\",\"url\":\"https:\/\/secure.gravatar.com\/avatar\/e0a867bdedb85fd243eadf09663511f96fc81e0720a4a42581f334ad4303aa6b?s=96&d=mm&r=g\",\"contentUrl\":\"https:\/\/secure.gravatar.com\/avatar\/e0a867bdedb85fd243eadf09663511f96fc81e0720a4a42581f334ad4303aa6b?s=96&d=mm&r=g\",\"caption\":\"Reda\u00e7\u00e3o\"}}]}<\/script>\n<!-- \/ Yoast SEO plugin. -->","yoast_head_json":{"title":"Nova cabe\u00e7a a pr\u00eamio ap\u00f3s reforma de Dilma \u00e9 a de Joaquim Levy, da Fazenda - Notibras","robots":{"index":"index","follow":"follow","max-snippet":"max-snippet:-1","max-image-preview":"max-image-preview:large","max-video-preview":"max-video-preview:-1"},"canonical":"https:\/\/www.notibras.com\/site\/nova-cabeca-a-premio-apos-a-reforma-de-dilma-e-de-joaquim-levy-da-fazenda\/","og_locale":"pt_BR","og_type":"article","og_title":"Nova cabe\u00e7a a pr\u00eamio ap\u00f3s reforma de Dilma \u00e9 a de Joaquim Levy, da Fazenda - Notibras","og_description":"Fortalecido ap\u00f3s a reforma ministerial, o ex-presidente Luiz In\u00e1cio Lula da Silva vai se movimentar agora para convencer a presidente Dilma Rousseff a substituir o ministro da Fazenda, Joaquim Levy, por Henrique Meirelles, que comandou o Banco Central de 2003 a 2010. Para Lula, Levy tem &#8220;prazo de validade&#8221;, que vence quando o governo conseguir [&hellip;]","og_url":"https:\/\/www.notibras.com\/site\/nova-cabeca-a-premio-apos-a-reforma-de-dilma-e-de-joaquim-levy-da-fazenda\/","og_site_name":"Notibras","article_publisher":"https:\/\/www.facebook.com\/notibras\/","article_published_time":"2015-10-03T12:54:03+00:00","article_modified_time":"2015-10-03T12:55:20+00:00","og_image":[{"width":750,"height":499,"url":"https:\/\/www.notibras.com\/site\/wp-content\/uploads\/2015\/10\/jl3.jpg","type":"image\/jpeg"}],"author":"Reda\u00e7\u00e3o","twitter_card":"summary_large_image","twitter_creator":"@Notibras","twitter_site":"@Notibras","twitter_misc":{"Escrito por":"Reda\u00e7\u00e3o","Est. tempo de leitura":"2 minutos"},"schema":{"@context":"https:\/\/schema.org","@graph":[{"@type":"Article","@id":"https:\/\/www.notibras.com\/site\/nova-cabeca-a-premio-apos-a-reforma-de-dilma-e-de-joaquim-levy-da-fazenda\/#article","isPartOf":{"@id":"https:\/\/www.notibras.com\/site\/nova-cabeca-a-premio-apos-a-reforma-de-dilma-e-de-joaquim-levy-da-fazenda\/"},"author":{"name":"Reda\u00e7\u00e3o","@id":"https:\/\/www.notibras.com\/site\/#\/schema\/person\/36ab0979449956132d3e5b517ea76ac8"},"headline":"Nova cabe\u00e7a a pr\u00eamio ap\u00f3s reforma de Dilma \u00e9 a de Joaquim Levy, da Fazenda","datePublished":"2015-10-03T12:54:03+00:00","dateModified":"2015-10-03T12:55:20+00:00","mainEntityOfPage":{"@id":"https:\/\/www.notibras.com\/site\/nova-cabeca-a-premio-apos-a-reforma-de-dilma-e-de-joaquim-levy-da-fazenda\/"},"wordCount":473,"commentCount":0,"publisher":{"@id":"https:\/\/www.notibras.com\/site\/#organization"},"image":{"@id":"https:\/\/www.notibras.com\/site\/nova-cabeca-a-premio-apos-a-reforma-de-dilma-e-de-joaquim-levy-da-fazenda\/#primaryimage"},"thumbnailUrl":"https:\/\/www.notibras.com\/site\/wp-content\/uploads\/2015\/10\/jl3.jpg","articleSection":["Brasil"],"inLanguage":"pt-BR","potentialAction":[{"@type":"CommentAction","name":"Comment","target":["https:\/\/www.notibras.com\/site\/nova-cabeca-a-premio-apos-a-reforma-de-dilma-e-de-joaquim-levy-da-fazenda\/#respond"]}]},{"@type":"WebPage","@id":"https:\/\/www.notibras.com\/site\/nova-cabeca-a-premio-apos-a-reforma-de-dilma-e-de-joaquim-levy-da-fazenda\/","url":"https:\/\/www.notibras.com\/site\/nova-cabeca-a-premio-apos-a-reforma-de-dilma-e-de-joaquim-levy-da-fazenda\/","name":"Nova cabe\u00e7a a pr\u00eamio ap\u00f3s reforma de Dilma \u00e9 a de Joaquim Levy, da Fazenda - Notibras","isPartOf":{"@id":"https:\/\/www.notibras.com\/site\/#website"},"primaryImageOfPage":{"@id":"https:\/\/www.notibras.com\/site\/nova-cabeca-a-premio-apos-a-reforma-de-dilma-e-de-joaquim-levy-da-fazenda\/#primaryimage"},"image":{"@id":"https:\/\/www.notibras.com\/site\/nova-cabeca-a-premio-apos-a-reforma-de-dilma-e-de-joaquim-levy-da-fazenda\/#primaryimage"},"thumbnailUrl":"https:\/\/www.notibras.com\/site\/wp-content\/uploads\/2015\/10\/jl3.jpg","datePublished":"2015-10-03T12:54:03+00:00","dateModified":"2015-10-03T12:55:20+00:00","breadcrumb":{"@id":"https:\/\/www.notibras.com\/site\/nova-cabeca-a-premio-apos-a-reforma-de-dilma-e-de-joaquim-levy-da-fazenda\/#breadcrumb"},"inLanguage":"pt-BR","potentialAction":[{"@type":"ReadAction","target":["https:\/\/www.notibras.com\/site\/nova-cabeca-a-premio-apos-a-reforma-de-dilma-e-de-joaquim-levy-da-fazenda\/"]}]},{"@type":"ImageObject","inLanguage":"pt-BR","@id":"https:\/\/www.notibras.com\/site\/nova-cabeca-a-premio-apos-a-reforma-de-dilma-e-de-joaquim-levy-da-fazenda\/#primaryimage","url":"https:\/\/www.notibras.com\/site\/wp-content\/uploads\/2015\/10\/jl3.jpg","contentUrl":"https:\/\/www.notibras.com\/site\/wp-content\/uploads\/2015\/10\/jl3.jpg","width":750,"height":499},{"@type":"BreadcrumbList","@id":"https:\/\/www.notibras.com\/site\/nova-cabeca-a-premio-apos-a-reforma-de-dilma-e-de-joaquim-levy-da-fazenda\/#breadcrumb","itemListElement":[{"@type":"ListItem","position":1,"name":"In\u00edcio","item":"https:\/\/www.notibras.com\/site\/"},{"@type":"ListItem","position":2,"name":"Nova cabe\u00e7a a pr\u00eamio ap\u00f3s reforma de Dilma \u00e9 a de Joaquim Levy, da Fazenda"}]},{"@type":"WebSite","@id":"https:\/\/www.notibras.com\/site\/#website","url":"https:\/\/www.notibras.com\/site\/","name":"Notibras","description":"Not\u00edcias de Bras\u00edlia, do Brasil e do Mundo","publisher":{"@id":"https:\/\/www.notibras.com\/site\/#organization"},"potentialAction":[{"@type":"SearchAction","target":{"@type":"EntryPoint","urlTemplate":"https:\/\/www.notibras.com\/site\/?s={search_term_string}"},"query-input":{"@type":"PropertyValueSpecification","valueRequired":true,"valueName":"search_term_string"}}],"inLanguage":"pt-BR"},{"@type":"Organization","@id":"https:\/\/www.notibras.com\/site\/#organization","name":"Grupo Notibras de Comunica\u00e7\u00e3o","url":"https:\/\/www.notibras.com\/site\/","logo":{"@type":"ImageObject","inLanguage":"pt-BR","@id":"https:\/\/www.notibras.com\/site\/#\/schema\/logo\/image\/","url":"https:\/\/www.notibras.com\/site\/wp-content\/uploads\/2023\/01\/notibras23.png","contentUrl":"https:\/\/www.notibras.com\/site\/wp-content\/uploads\/2023\/01\/notibras23.png","width":350,"height":87,"caption":"Grupo Notibras de Comunica\u00e7\u00e3o"},"image":{"@id":"https:\/\/www.notibras.com\/site\/#\/schema\/logo\/image\/"},"sameAs":["https:\/\/www.facebook.com\/notibras\/","https:\/\/x.com\/Notibras","https:\/\/www.instagram.com\/notibras\/"]},{"@type":"Person","@id":"https:\/\/www.notibras.com\/site\/#\/schema\/person\/36ab0979449956132d3e5b517ea76ac8","name":"Reda\u00e7\u00e3o","image":{"@type":"ImageObject","inLanguage":"pt-BR","@id":"https:\/\/secure.gravatar.com\/avatar\/e0a867bdedb85fd243eadf09663511f96fc81e0720a4a42581f334ad4303aa6b?s=96&d=mm&r=g","url":"https:\/\/secure.gravatar.com\/avatar\/e0a867bdedb85fd243eadf09663511f96fc81e0720a4a42581f334ad4303aa6b?s=96&d=mm&r=g","contentUrl":"https:\/\/secure.gravatar.com\/avatar\/e0a867bdedb85fd243eadf09663511f96fc81e0720a4a42581f334ad4303aa6b?s=96&d=mm&r=g","caption":"Reda\u00e7\u00e3o"}}]}},"amp_enabled":true,"_links":{"self":[{"href":"https:\/\/www.notibras.com\/site\/wp-json\/wp\/v2\/posts\/70231","targetHints":{"allow":["GET"]}}],"collection":[{"href":"https:\/\/www.notibras.com\/site\/wp-json\/wp\/v2\/posts"}],"about":[{"href":"https:\/\/www.notibras.com\/site\/wp-json\/wp\/v2\/types\/post"}],"author":[{"embeddable":true,"href":"https:\/\/www.notibras.com\/site\/wp-json\/wp\/v2\/users\/2"}],"replies":[{"embeddable":true,"href":"https:\/\/www.notibras.com\/site\/wp-json\/wp\/v2\/comments?post=70231"}],"version-history":[{"count":3,"href":"https:\/\/www.notibras.com\/site\/wp-json\/wp\/v2\/posts\/70231\/revisions"}],"predecessor-version":[{"id":70235,"href":"https:\/\/www.notibras.com\/site\/wp-json\/wp\/v2\/posts\/70231\/revisions\/70235"}],"wp:featuredmedia":[{"embeddable":true,"href":"https:\/\/www.notibras.com\/site\/wp-json\/wp\/v2\/media\/70232"}],"wp:attachment":[{"href":"https:\/\/www.notibras.com\/site\/wp-json\/wp\/v2\/media?parent=70231"}],"wp:term":[{"taxonomy":"category","embeddable":true,"href":"https:\/\/www.notibras.com\/site\/wp-json\/wp\/v2\/categories?post=70231"},{"taxonomy":"post_tag","embeddable":true,"href":"https:\/\/www.notibras.com\/site\/wp-json\/wp\/v2\/tags?post=70231"}],"curies":[{"name":"wp","href":"https:\/\/api.w.org\/{rel}","templated":true}]}}