{"id":7025,"date":"2014-04-17T21:28:21","date_gmt":"2014-04-18T00:28:21","guid":{"rendered":"http:\/\/www.notibras.com\/site\/?p=7025"},"modified":"2014-05-07T21:49:46","modified_gmt":"2014-05-08T00:49:46","slug":"adrianinha-quer-usar-experiencia-para-levar-sport-ao-titulo","status":"publish","type":"post","link":"https:\/\/www.notibras.com\/site\/adrianinha-quer-usar-experiencia-para-levar-sport-ao-titulo\/","title":{"rendered":"Adrianinha quer usar experi\u00eancia para levar Sport ao t\u00edtulo"},"content":{"rendered":"<div id=\"texto\">\n<p>A experiente Adrianinha, de 35 anos, sabe o que o Sport-PE precisa para n\u00e3o deixar a Liga de Basquete Feminino terminar neste s\u00e1bado em Recife: cabe\u00e7a no lugar e esquecer o Jogo 1 de s\u00e1bado passado em Americana, quando seu time anotou apenas 55 pontos e perdeu o primeiro jogo da decis\u00e3o.<\/p>\n<p>A armadora, c\u00e9rebro do time e uma das melhores jogadoras do pa\u00eds, deu entrevista ao blog Bola na Cesta, transcrita a seguir:<\/p>\n<p>Desde que o time do Sport foi formado, \u00e9 a primeira vez em quatro s\u00e9ries de playoff que o elenco est\u00e1 atr\u00e1s (0-1). Jogar \u201ccontra a parede&#8221;, principalmente em uma final, mexe com a cabe\u00e7a e com a prepara\u00e7\u00e3o de voc\u00eas? Como est\u00e1 o \u00e2nimo do time?<br \/>\n<strong>ADRIANINHA<\/strong>: Apesar de ser uma situa\u00e7\u00e3o que nunca vivemos, acho que temos capacidade para buscarmos a vit\u00f3ria e for\u00e7ar o terceiro jogo. Temos uma comiss\u00e3o t\u00e9cnica e um grupo capazes de se unir e reverter a situa\u00e7\u00e3o.<\/p>\n<p>Com a cabe\u00e7a fria e certamente j\u00e1 tendo revisto a partida, onde foi que o Sport pecou no jogo 1 para n\u00e3o sair com a vit\u00f3ria em Americana? Fazer 45 pontos n\u00e3o \u00e9 muito pouco para um time com este potencial?<br \/>\n<strong>ADRIANINHA<\/strong>: Acho que fizemos um jogo muito abaixo do dever\u00edamos, considerando que foi o primeiro da final. A falta de agressividade na defesa e as bolas perdidas no ataque foram os pontos que mais prejudicaram a nossa equipe. Certamente ser\u00e1 diferente no segundo jogo. E mudando isso, consequentemente, o ataque produzir\u00e1 mais.<\/p>\n<p>Como uma das mais experientes dessa final, o que voc\u00ea tem tentado passar para suas companheiras em termos t\u00e1ticos e psicol\u00f3gicos?<br \/>\n<strong>ADRIANINHA<\/strong>: Eu tenho dado meu m\u00e1ximo nos treinamentos e, mesmo sendo a mais experiente, estou ainda buscando ajudar mais a equipe, pois fiquei um tempo afastada devido a uma les\u00e3o e perdi um pouco o ritmo de jogo. Mas o mais importante que o time est\u00e1 pronto e tenho certeza que todas est\u00e3o prontas para dar o m\u00e1ximo!<\/p>\n<p>Passa pela cabe\u00e7a de voc\u00eas que o t\u00edtulo de Americana pode ser conquistado em plena Ilha do Retiro?<br \/>\n<strong>ADRIANINHA<\/strong>: N\u00e3o, o pensamento nosso \u00e9 de que \u00e9 uma s\u00e9rie de tr\u00eas jogos e que temos que ganhar dois para sermos bicampe\u00e3s!<\/p>\n<\/div>\n","protected":false},"excerpt":{"rendered":"<p>A experiente Adrianinha, de 35 anos, sabe o que o Sport-PE precisa para n\u00e3o deixar a Liga de Basquete Feminino terminar neste s\u00e1bado em Recife: cabe\u00e7a no lugar e esquecer o Jogo 1 de s\u00e1bado passado em Americana, quando seu time anotou apenas 55 pontos e perdeu o primeiro jogo da decis\u00e3o. A armadora, c\u00e9rebro [&hellip;]<\/p>\n","protected":false},"author":2,"featured_media":7026,"comment_status":"open","ping_status":"closed","sticky":false,"template":"","format":"standard","meta":{"_acf_changed":false,"footnotes":""},"categories":[31,19],"tags":[],"class_list":["post-7025","post","type-post","status-publish","format-standard","has-post-thumbnail","hentry","category-basquete","category-esportes"],"acf":[],"yoast_head":"<!-- This site is optimized with the Yoast SEO plugin v27.2 - https:\/\/yoast.com\/product\/yoast-seo-wordpress\/ -->\n<title>Adrianinha quer usar experi\u00eancia para levar Sport ao t\u00edtulo - Notibras<\/title>\n<meta name=\"robots\" content=\"index, follow, max-snippet:-1, max-image-preview:large, max-video-preview:-1\" \/>\n<link rel=\"canonical\" href=\"https:\/\/www.notibras.com\/site\/adrianinha-quer-usar-experiencia-para-levar-sport-ao-titulo\/\" \/>\n<meta property=\"og:locale\" content=\"pt_BR\" \/>\n<meta property=\"og:type\" content=\"article\" \/>\n<meta property=\"og:title\" content=\"Adrianinha quer usar experi\u00eancia para levar Sport ao t\u00edtulo - Notibras\" \/>\n<meta property=\"og:description\" content=\"A experiente Adrianinha, de 35 anos, sabe o que o Sport-PE precisa para n\u00e3o deixar a Liga de Basquete Feminino terminar neste s\u00e1bado em Recife: cabe\u00e7a no lugar e esquecer o Jogo 1 de s\u00e1bado passado em Americana, quando seu time anotou apenas 55 pontos e perdeu o primeiro jogo da decis\u00e3o. A armadora, c\u00e9rebro [&hellip;]\" \/>\n<meta property=\"og:url\" content=\"https:\/\/www.notibras.com\/site\/adrianinha-quer-usar-experiencia-para-levar-sport-ao-titulo\/\" \/>\n<meta property=\"og:site_name\" content=\"Notibras\" \/>\n<meta property=\"article:publisher\" content=\"https:\/\/www.facebook.com\/notibras\/\" \/>\n<meta property=\"article:published_time\" content=\"2014-04-18T00:28:21+00:00\" \/>\n<meta property=\"article:modified_time\" content=\"2014-05-08T00:49:46+00:00\" \/>\n<meta property=\"og:image\" content=\"https:\/\/www.notibras.com\/site\/wp-content\/uploads\/2014\/04\/2.jpg\" \/>\n\t<meta property=\"og:image:width\" content=\"620\" \/>\n\t<meta property=\"og:image:height\" content=\"390\" \/>\n\t<meta property=\"og:image:type\" content=\"image\/jpeg\" \/>\n<meta name=\"author\" content=\"Reda\u00e7\u00e3o\" \/>\n<meta name=\"twitter:card\" content=\"summary_large_image\" \/>\n<meta name=\"twitter:creator\" content=\"@Notibras\" \/>\n<meta name=\"twitter:site\" content=\"@Notibras\" \/>\n<meta name=\"twitter:label1\" content=\"Escrito por\" \/>\n\t<meta name=\"twitter:data1\" content=\"Reda\u00e7\u00e3o\" \/>\n\t<meta name=\"twitter:label2\" content=\"Est. tempo de leitura\" \/>\n\t<meta name=\"twitter:data2\" content=\"2 minutos\" \/>\n<script type=\"application\/ld+json\" class=\"yoast-schema-graph\">{\"@context\":\"https:\/\/schema.org\",\"@graph\":[{\"@type\":\"Article\",\"@id\":\"https:\/\/www.notibras.com\/site\/adrianinha-quer-usar-experiencia-para-levar-sport-ao-titulo\/#article\",\"isPartOf\":{\"@id\":\"https:\/\/www.notibras.com\/site\/adrianinha-quer-usar-experiencia-para-levar-sport-ao-titulo\/\"},\"author\":{\"name\":\"Reda\u00e7\u00e3o\",\"@id\":\"https:\/\/www.notibras.com\/site\/#\/schema\/person\/36ab0979449956132d3e5b517ea76ac8\"},\"headline\":\"Adrianinha quer usar experi\u00eancia para levar Sport ao t\u00edtulo\",\"datePublished\":\"2014-04-18T00:28:21+00:00\",\"dateModified\":\"2014-05-08T00:49:46+00:00\",\"mainEntityOfPage\":{\"@id\":\"https:\/\/www.notibras.com\/site\/adrianinha-quer-usar-experiencia-para-levar-sport-ao-titulo\/\"},\"wordCount\":409,\"commentCount\":0,\"publisher\":{\"@id\":\"https:\/\/www.notibras.com\/site\/#organization\"},\"image\":{\"@id\":\"https:\/\/www.notibras.com\/site\/adrianinha-quer-usar-experiencia-para-levar-sport-ao-titulo\/#primaryimage\"},\"thumbnailUrl\":\"https:\/\/www.notibras.com\/site\/wp-content\/uploads\/2014\/04\/2.jpg\",\"articleSection\":[\"Basquete\",\"Esportes\"],\"inLanguage\":\"pt-BR\",\"potentialAction\":[{\"@type\":\"CommentAction\",\"name\":\"Comment\",\"target\":[\"https:\/\/www.notibras.com\/site\/adrianinha-quer-usar-experiencia-para-levar-sport-ao-titulo\/#respond\"]}]},{\"@type\":\"WebPage\",\"@id\":\"https:\/\/www.notibras.com\/site\/adrianinha-quer-usar-experiencia-para-levar-sport-ao-titulo\/\",\"url\":\"https:\/\/www.notibras.com\/site\/adrianinha-quer-usar-experiencia-para-levar-sport-ao-titulo\/\",\"name\":\"Adrianinha quer usar experi\u00eancia para levar Sport ao t\u00edtulo - Notibras\",\"isPartOf\":{\"@id\":\"https:\/\/www.notibras.com\/site\/#website\"},\"primaryImageOfPage\":{\"@id\":\"https:\/\/www.notibras.com\/site\/adrianinha-quer-usar-experiencia-para-levar-sport-ao-titulo\/#primaryimage\"},\"image\":{\"@id\":\"https:\/\/www.notibras.com\/site\/adrianinha-quer-usar-experiencia-para-levar-sport-ao-titulo\/#primaryimage\"},\"thumbnailUrl\":\"https:\/\/www.notibras.com\/site\/wp-content\/uploads\/2014\/04\/2.jpg\",\"datePublished\":\"2014-04-18T00:28:21+00:00\",\"dateModified\":\"2014-05-08T00:49:46+00:00\",\"breadcrumb\":{\"@id\":\"https:\/\/www.notibras.com\/site\/adrianinha-quer-usar-experiencia-para-levar-sport-ao-titulo\/#breadcrumb\"},\"inLanguage\":\"pt-BR\",\"potentialAction\":[{\"@type\":\"ReadAction\",\"target\":[\"https:\/\/www.notibras.com\/site\/adrianinha-quer-usar-experiencia-para-levar-sport-ao-titulo\/\"]}]},{\"@type\":\"ImageObject\",\"inLanguage\":\"pt-BR\",\"@id\":\"https:\/\/www.notibras.com\/site\/adrianinha-quer-usar-experiencia-para-levar-sport-ao-titulo\/#primaryimage\",\"url\":\"https:\/\/www.notibras.com\/site\/wp-content\/uploads\/2014\/04\/2.jpg\",\"contentUrl\":\"https:\/\/www.notibras.com\/site\/wp-content\/uploads\/2014\/04\/2.jpg\",\"width\":620,\"height\":390},{\"@type\":\"BreadcrumbList\",\"@id\":\"https:\/\/www.notibras.com\/site\/adrianinha-quer-usar-experiencia-para-levar-sport-ao-titulo\/#breadcrumb\",\"itemListElement\":[{\"@type\":\"ListItem\",\"position\":1,\"name\":\"In\u00edcio\",\"item\":\"https:\/\/www.notibras.com\/site\/\"},{\"@type\":\"ListItem\",\"position\":2,\"name\":\"Adrianinha quer usar experi\u00eancia para levar Sport ao t\u00edtulo\"}]},{\"@type\":\"WebSite\",\"@id\":\"https:\/\/www.notibras.com\/site\/#website\",\"url\":\"https:\/\/www.notibras.com\/site\/\",\"name\":\"Notibras\",\"description\":\"Not\u00edcias de Bras\u00edlia, do Brasil e do Mundo\",\"publisher\":{\"@id\":\"https:\/\/www.notibras.com\/site\/#organization\"},\"potentialAction\":[{\"@type\":\"SearchAction\",\"target\":{\"@type\":\"EntryPoint\",\"urlTemplate\":\"https:\/\/www.notibras.com\/site\/?s={search_term_string}\"},\"query-input\":{\"@type\":\"PropertyValueSpecification\",\"valueRequired\":true,\"valueName\":\"search_term_string\"}}],\"inLanguage\":\"pt-BR\"},{\"@type\":\"Organization\",\"@id\":\"https:\/\/www.notibras.com\/site\/#organization\",\"name\":\"Grupo Notibras de Comunica\u00e7\u00e3o\",\"url\":\"https:\/\/www.notibras.com\/site\/\",\"logo\":{\"@type\":\"ImageObject\",\"inLanguage\":\"pt-BR\",\"@id\":\"https:\/\/www.notibras.com\/site\/#\/schema\/logo\/image\/\",\"url\":\"https:\/\/www.notibras.com\/site\/wp-content\/uploads\/2023\/01\/notibras23.png\",\"contentUrl\":\"https:\/\/www.notibras.com\/site\/wp-content\/uploads\/2023\/01\/notibras23.png\",\"width\":350,\"height\":87,\"caption\":\"Grupo Notibras de Comunica\u00e7\u00e3o\"},\"image\":{\"@id\":\"https:\/\/www.notibras.com\/site\/#\/schema\/logo\/image\/\"},\"sameAs\":[\"https:\/\/www.facebook.com\/notibras\/\",\"https:\/\/x.com\/Notibras\",\"https:\/\/www.instagram.com\/notibras\/\"]},{\"@type\":\"Person\",\"@id\":\"https:\/\/www.notibras.com\/site\/#\/schema\/person\/36ab0979449956132d3e5b517ea76ac8\",\"name\":\"Reda\u00e7\u00e3o\",\"image\":{\"@type\":\"ImageObject\",\"inLanguage\":\"pt-BR\",\"@id\":\"https:\/\/secure.gravatar.com\/avatar\/e0a867bdedb85fd243eadf09663511f96fc81e0720a4a42581f334ad4303aa6b?s=96&d=mm&r=g\",\"url\":\"https:\/\/secure.gravatar.com\/avatar\/e0a867bdedb85fd243eadf09663511f96fc81e0720a4a42581f334ad4303aa6b?s=96&d=mm&r=g\",\"contentUrl\":\"https:\/\/secure.gravatar.com\/avatar\/e0a867bdedb85fd243eadf09663511f96fc81e0720a4a42581f334ad4303aa6b?s=96&d=mm&r=g\",\"caption\":\"Reda\u00e7\u00e3o\"}}]}<\/script>\n<!-- \/ Yoast SEO plugin. -->","yoast_head_json":{"title":"Adrianinha quer usar experi\u00eancia para levar Sport ao t\u00edtulo - Notibras","robots":{"index":"index","follow":"follow","max-snippet":"max-snippet:-1","max-image-preview":"max-image-preview:large","max-video-preview":"max-video-preview:-1"},"canonical":"https:\/\/www.notibras.com\/site\/adrianinha-quer-usar-experiencia-para-levar-sport-ao-titulo\/","og_locale":"pt_BR","og_type":"article","og_title":"Adrianinha quer usar experi\u00eancia para levar Sport ao t\u00edtulo - Notibras","og_description":"A experiente Adrianinha, de 35 anos, sabe o que o Sport-PE precisa para n\u00e3o deixar a Liga de Basquete Feminino terminar neste s\u00e1bado em Recife: cabe\u00e7a no lugar e esquecer o Jogo 1 de s\u00e1bado passado em Americana, quando seu time anotou apenas 55 pontos e perdeu o primeiro jogo da decis\u00e3o. A armadora, c\u00e9rebro [&hellip;]","og_url":"https:\/\/www.notibras.com\/site\/adrianinha-quer-usar-experiencia-para-levar-sport-ao-titulo\/","og_site_name":"Notibras","article_publisher":"https:\/\/www.facebook.com\/notibras\/","article_published_time":"2014-04-18T00:28:21+00:00","article_modified_time":"2014-05-08T00:49:46+00:00","og_image":[{"width":620,"height":390,"url":"https:\/\/www.notibras.com\/site\/wp-content\/uploads\/2014\/04\/2.jpg","type":"image\/jpeg"}],"author":"Reda\u00e7\u00e3o","twitter_card":"summary_large_image","twitter_creator":"@Notibras","twitter_site":"@Notibras","twitter_misc":{"Escrito por":"Reda\u00e7\u00e3o","Est. tempo de leitura":"2 minutos"},"schema":{"@context":"https:\/\/schema.org","@graph":[{"@type":"Article","@id":"https:\/\/www.notibras.com\/site\/adrianinha-quer-usar-experiencia-para-levar-sport-ao-titulo\/#article","isPartOf":{"@id":"https:\/\/www.notibras.com\/site\/adrianinha-quer-usar-experiencia-para-levar-sport-ao-titulo\/"},"author":{"name":"Reda\u00e7\u00e3o","@id":"https:\/\/www.notibras.com\/site\/#\/schema\/person\/36ab0979449956132d3e5b517ea76ac8"},"headline":"Adrianinha quer usar experi\u00eancia para levar Sport ao t\u00edtulo","datePublished":"2014-04-18T00:28:21+00:00","dateModified":"2014-05-08T00:49:46+00:00","mainEntityOfPage":{"@id":"https:\/\/www.notibras.com\/site\/adrianinha-quer-usar-experiencia-para-levar-sport-ao-titulo\/"},"wordCount":409,"commentCount":0,"publisher":{"@id":"https:\/\/www.notibras.com\/site\/#organization"},"image":{"@id":"https:\/\/www.notibras.com\/site\/adrianinha-quer-usar-experiencia-para-levar-sport-ao-titulo\/#primaryimage"},"thumbnailUrl":"https:\/\/www.notibras.com\/site\/wp-content\/uploads\/2014\/04\/2.jpg","articleSection":["Basquete","Esportes"],"inLanguage":"pt-BR","potentialAction":[{"@type":"CommentAction","name":"Comment","target":["https:\/\/www.notibras.com\/site\/adrianinha-quer-usar-experiencia-para-levar-sport-ao-titulo\/#respond"]}]},{"@type":"WebPage","@id":"https:\/\/www.notibras.com\/site\/adrianinha-quer-usar-experiencia-para-levar-sport-ao-titulo\/","url":"https:\/\/www.notibras.com\/site\/adrianinha-quer-usar-experiencia-para-levar-sport-ao-titulo\/","name":"Adrianinha quer usar experi\u00eancia para levar Sport ao t\u00edtulo - Notibras","isPartOf":{"@id":"https:\/\/www.notibras.com\/site\/#website"},"primaryImageOfPage":{"@id":"https:\/\/www.notibras.com\/site\/adrianinha-quer-usar-experiencia-para-levar-sport-ao-titulo\/#primaryimage"},"image":{"@id":"https:\/\/www.notibras.com\/site\/adrianinha-quer-usar-experiencia-para-levar-sport-ao-titulo\/#primaryimage"},"thumbnailUrl":"https:\/\/www.notibras.com\/site\/wp-content\/uploads\/2014\/04\/2.jpg","datePublished":"2014-04-18T00:28:21+00:00","dateModified":"2014-05-08T00:49:46+00:00","breadcrumb":{"@id":"https:\/\/www.notibras.com\/site\/adrianinha-quer-usar-experiencia-para-levar-sport-ao-titulo\/#breadcrumb"},"inLanguage":"pt-BR","potentialAction":[{"@type":"ReadAction","target":["https:\/\/www.notibras.com\/site\/adrianinha-quer-usar-experiencia-para-levar-sport-ao-titulo\/"]}]},{"@type":"ImageObject","inLanguage":"pt-BR","@id":"https:\/\/www.notibras.com\/site\/adrianinha-quer-usar-experiencia-para-levar-sport-ao-titulo\/#primaryimage","url":"https:\/\/www.notibras.com\/site\/wp-content\/uploads\/2014\/04\/2.jpg","contentUrl":"https:\/\/www.notibras.com\/site\/wp-content\/uploads\/2014\/04\/2.jpg","width":620,"height":390},{"@type":"BreadcrumbList","@id":"https:\/\/www.notibras.com\/site\/adrianinha-quer-usar-experiencia-para-levar-sport-ao-titulo\/#breadcrumb","itemListElement":[{"@type":"ListItem","position":1,"name":"In\u00edcio","item":"https:\/\/www.notibras.com\/site\/"},{"@type":"ListItem","position":2,"name":"Adrianinha quer usar experi\u00eancia para levar Sport ao t\u00edtulo"}]},{"@type":"WebSite","@id":"https:\/\/www.notibras.com\/site\/#website","url":"https:\/\/www.notibras.com\/site\/","name":"Notibras","description":"Not\u00edcias de Bras\u00edlia, do Brasil e do Mundo","publisher":{"@id":"https:\/\/www.notibras.com\/site\/#organization"},"potentialAction":[{"@type":"SearchAction","target":{"@type":"EntryPoint","urlTemplate":"https:\/\/www.notibras.com\/site\/?s={search_term_string}"},"query-input":{"@type":"PropertyValueSpecification","valueRequired":true,"valueName":"search_term_string"}}],"inLanguage":"pt-BR"},{"@type":"Organization","@id":"https:\/\/www.notibras.com\/site\/#organization","name":"Grupo Notibras de Comunica\u00e7\u00e3o","url":"https:\/\/www.notibras.com\/site\/","logo":{"@type":"ImageObject","inLanguage":"pt-BR","@id":"https:\/\/www.notibras.com\/site\/#\/schema\/logo\/image\/","url":"https:\/\/www.notibras.com\/site\/wp-content\/uploads\/2023\/01\/notibras23.png","contentUrl":"https:\/\/www.notibras.com\/site\/wp-content\/uploads\/2023\/01\/notibras23.png","width":350,"height":87,"caption":"Grupo Notibras de Comunica\u00e7\u00e3o"},"image":{"@id":"https:\/\/www.notibras.com\/site\/#\/schema\/logo\/image\/"},"sameAs":["https:\/\/www.facebook.com\/notibras\/","https:\/\/x.com\/Notibras","https:\/\/www.instagram.com\/notibras\/"]},{"@type":"Person","@id":"https:\/\/www.notibras.com\/site\/#\/schema\/person\/36ab0979449956132d3e5b517ea76ac8","name":"Reda\u00e7\u00e3o","image":{"@type":"ImageObject","inLanguage":"pt-BR","@id":"https:\/\/secure.gravatar.com\/avatar\/e0a867bdedb85fd243eadf09663511f96fc81e0720a4a42581f334ad4303aa6b?s=96&d=mm&r=g","url":"https:\/\/secure.gravatar.com\/avatar\/e0a867bdedb85fd243eadf09663511f96fc81e0720a4a42581f334ad4303aa6b?s=96&d=mm&r=g","contentUrl":"https:\/\/secure.gravatar.com\/avatar\/e0a867bdedb85fd243eadf09663511f96fc81e0720a4a42581f334ad4303aa6b?s=96&d=mm&r=g","caption":"Reda\u00e7\u00e3o"}}]}},"amp_enabled":true,"_links":{"self":[{"href":"https:\/\/www.notibras.com\/site\/wp-json\/wp\/v2\/posts\/7025","targetHints":{"allow":["GET"]}}],"collection":[{"href":"https:\/\/www.notibras.com\/site\/wp-json\/wp\/v2\/posts"}],"about":[{"href":"https:\/\/www.notibras.com\/site\/wp-json\/wp\/v2\/types\/post"}],"author":[{"embeddable":true,"href":"https:\/\/www.notibras.com\/site\/wp-json\/wp\/v2\/users\/2"}],"replies":[{"embeddable":true,"href":"https:\/\/www.notibras.com\/site\/wp-json\/wp\/v2\/comments?post=7025"}],"version-history":[{"count":0,"href":"https:\/\/www.notibras.com\/site\/wp-json\/wp\/v2\/posts\/7025\/revisions"}],"wp:featuredmedia":[{"embeddable":true,"href":"https:\/\/www.notibras.com\/site\/wp-json\/wp\/v2\/media\/7026"}],"wp:attachment":[{"href":"https:\/\/www.notibras.com\/site\/wp-json\/wp\/v2\/media?parent=7025"}],"wp:term":[{"taxonomy":"category","embeddable":true,"href":"https:\/\/www.notibras.com\/site\/wp-json\/wp\/v2\/categories?post=7025"},{"taxonomy":"post_tag","embeddable":true,"href":"https:\/\/www.notibras.com\/site\/wp-json\/wp\/v2\/tags?post=7025"}],"curies":[{"name":"wp","href":"https:\/\/api.w.org\/{rel}","templated":true}]}}