{"id":70343,"date":"2015-10-04T13:57:12","date_gmt":"2015-10-04T16:57:12","guid":{"rendered":"http:\/\/www.notibras.com\/site\/?p=70343"},"modified":"2015-10-04T13:57:58","modified_gmt":"2015-10-04T16:57:58","slug":"encare-os-livros-porque-estudar-nao-e-chato-chato-mesmo-e-ser-burro","status":"publish","type":"post","link":"https:\/\/www.notibras.com\/site\/encare-os-livros-porque-estudar-nao-e-chato-chato-mesmo-e-ser-burro\/","title":{"rendered":"Encare os livros, porque estudar n\u00e3o \u00e9 chato; chato \u00e9 ser burro"},"content":{"rendered":"<p>A hist\u00f3ria da educa\u00e7\u00e3o no Brasil \u00e9 um ac\u00famulo de omiss\u00f5es e at\u00e9 mesmo de a\u00e7\u00f5es propositais que resultaram numa situa\u00e7\u00e3o de extrema desigualdade social, com um analfabetismo ou um analfabetismo funcional end\u00eamicos, um vergonhoso estado geral de ignor\u00e2ncia e de desprezo pelo conhecimento.<\/p>\n<p>Para quem analisar nossa hist\u00f3ria, fica claro que a proibi\u00e7\u00e3o do voto aos analfabetos sempre foi intencional, pois o governante somente tinha de prestar satisfa\u00e7\u00f5es a uma minoria privilegiada, da qual esse mesmo governante provinha. Como a maioria era analfabeta, e n\u00e3o tinha voz nem voto, o governante s\u00f3 poderia ser alijado do poder pela \u00ednfima minoria para quem governava, e podia desprezar solenemente as necessidades da imensa maioria dos brasileiros, aumentando assim, ano a ano, s\u00e9culo a s\u00e9culo, o abismo social que nos define.<\/p>\n<p>A exclus\u00e3o brasileira foi criada propositalmente pela reserva do acesso \u00e0 educa\u00e7\u00e3o somente a uma parcela dos brasileiros, porque s\u00f3 h\u00e1 uma riqueza a distribuir, e essa riqueza \u00e9 o acesso a uma educa\u00e7\u00e3o de qualidade.<\/p>\n<p>Felizmente, depois de tr\u00eas s\u00e9culos de dom\u00ednio e de espolia\u00e7\u00e3o colonial, mais quase outros dois s\u00e9culos de manuten\u00e7\u00e3o do mesmo estado de exclus\u00e3o, primeiro imperial, depois de republiquetas e\/ou de ditaduras em que a reserva da educa\u00e7\u00e3o para poucos continuava a ser usada com fator de &#8220;prote\u00e7\u00e3o&#8221; da elite, o Brasil vem tentando construir um estado democr\u00e1tico h\u00e1 cerca de trinta anos.<\/p>\n<p>Pela primeira vez em nossa hist\u00f3ria, o voto foi estendido a todos os brasileiros, e o direito \u00e0 escolariza\u00e7\u00e3o tornou-se universal, com a oferta de vagas no ensino fundamental a todas as nossas crian\u00e7as. Agora, em pleno s\u00e9culo 21, consolidar essa democracia afinal conquistada \u00e9 um trabalho herc\u00faleo, uma obriga\u00e7\u00e3o de todos os brasileiros. Sabemos que, mais que nunca, o passaporte para um futuro feliz e realizado \u00e9 o acesso a uma educa\u00e7\u00e3o de qualidade.<\/p>\n<p>Agora, finalmente, conseguimos oferecer vagas na escola p\u00fablica para cada crian\u00e7a, mas essa cultura do atraso faz com que os despossu\u00eddos encarem a frequ\u00eancia escolar n\u00e3o como um direito libertador, mas como uma obriga\u00e7\u00e3o. Tantos s\u00e9culos de atraso acabaram por fazer com que a maioria de n\u00f3s, os despossu\u00eddos da hist\u00f3ria, sequer tenhamos ganas de reivindicar nosso direito \u00e0 educa\u00e7\u00e3o.<\/p>\n<p>Muitas fam\u00edlias enviam seus filhos \u00e0 escola de m\u00e1 vontade, alguns somente para cumprir as exig\u00eancias das bolsas-fam\u00edlia, e as pr\u00f3prias crian\u00e7as festejam quando algum professor falta \u00e0 aula e elas podem ficar brincando \u00e0 vontade no recreio. S\u00e9culos de exclus\u00e3o n\u00e3o criaram um anseio por este direito por parte dos pr\u00f3prios exclu\u00eddos!<\/p>\n<p>A maioria dos pais dessas crian\u00e7as est\u00e1 disposta a fazer sacrif\u00edcios para comprar um t\u00eanis de grife para seu filho, mas protesta quando tem de gastar qualquer quantia para comprar-lhe um livrinho sequer. Isso significa que a fam\u00edlia brasileira acha mais importante investir no p\u00e9 do que na cabe\u00e7a do seu pr\u00f3prio filho&#8230;<\/p>\n<p>Como reverter esse quadro? Como incutir na consci\u00eancia das fam\u00edlias que a felicidade e a riqueza s\u00f3 podem ser conquistadas pelo conhecimento, pelo acesso \u00e0 ci\u00eancia, \u00e0 tecnologia? Como poderemos obrigar o brasileiro a ser feliz?<\/p>\n<p>Acredito que obrigar \u00e9 imposs\u00edvel. Enquanto tentarmos enfiar o conhecimento goela abaixo de nossas crian\u00e7as como um purgante, utilizando as puni\u00e7\u00f5es, as suspens\u00f5es e as reprova\u00e7\u00f5es como instrumentos de persuas\u00e3o, s\u00f3 teremos fracassos pela frente.<\/p>\n<p>Nossa escola tem de ser fascinante, atraente, cheirosa, utilizando como fator de atra\u00e7\u00e3o a literatura infantil e juvenil hoje produzida por centenas de \u00f3timos autores, para que os sonhos e a alegria desses livros possam fazer com que os alunos anseiem por estar na escola, n\u00e3o comemorem os feriados. N\u00e3o basta que tenhamos criado vagas para todo mundo. \u00c9 preciso que a porta da sala de aula seja o p\u00f3rtico da felicidade.<\/p>\n<p>Os brasileiros t\u00eam de compreender que estudar n\u00e3o \u00e9 chato; chato \u00e9 ser burro!<\/p>\n<p><strong>Pedro Bandeira<\/strong><\/p>\n","protected":false},"excerpt":{"rendered":"<p>A hist\u00f3ria da educa\u00e7\u00e3o no Brasil \u00e9 um ac\u00famulo de omiss\u00f5es e at\u00e9 mesmo de a\u00e7\u00f5es propositais que resultaram numa situa\u00e7\u00e3o de extrema desigualdade social, com um analfabetismo ou um analfabetismo funcional end\u00eamicos, um vergonhoso estado geral de ignor\u00e2ncia e de desprezo pelo conhecimento. Para quem analisar nossa hist\u00f3ria, fica claro que a proibi\u00e7\u00e3o do [&hellip;]<\/p>\n","protected":false},"author":2,"featured_media":70344,"comment_status":"open","ping_status":"closed","sticky":false,"template":"","format":"standard","meta":{"_acf_changed":false,"footnotes":""},"categories":[25],"tags":[],"class_list":["post-70343","post","type-post","status-publish","format-standard","has-post-thumbnail","hentry","category-opina-ai"],"acf":[],"yoast_head":"<!-- This site is optimized with the Yoast SEO plugin v27.2 - https:\/\/yoast.com\/product\/yoast-seo-wordpress\/ -->\n<title>Encare os livros, porque estudar n\u00e3o \u00e9 chato; chato \u00e9 ser burro - Notibras<\/title>\n<meta name=\"robots\" content=\"index, follow, max-snippet:-1, max-image-preview:large, max-video-preview:-1\" \/>\n<link rel=\"canonical\" href=\"https:\/\/www.notibras.com\/site\/encare-os-livros-porque-estudar-nao-e-chato-chato-mesmo-e-ser-burro\/\" \/>\n<meta property=\"og:locale\" content=\"pt_BR\" \/>\n<meta property=\"og:type\" content=\"article\" \/>\n<meta property=\"og:title\" content=\"Encare os livros, porque estudar n\u00e3o \u00e9 chato; chato \u00e9 ser burro - Notibras\" \/>\n<meta property=\"og:description\" content=\"A hist\u00f3ria da educa\u00e7\u00e3o no Brasil \u00e9 um ac\u00famulo de omiss\u00f5es e at\u00e9 mesmo de a\u00e7\u00f5es propositais que resultaram numa situa\u00e7\u00e3o de extrema desigualdade social, com um analfabetismo ou um analfabetismo funcional end\u00eamicos, um vergonhoso estado geral de ignor\u00e2ncia e de desprezo pelo conhecimento. Para quem analisar nossa hist\u00f3ria, fica claro que a proibi\u00e7\u00e3o do [&hellip;]\" \/>\n<meta property=\"og:url\" content=\"https:\/\/www.notibras.com\/site\/encare-os-livros-porque-estudar-nao-e-chato-chato-mesmo-e-ser-burro\/\" \/>\n<meta property=\"og:site_name\" content=\"Notibras\" \/>\n<meta property=\"article:publisher\" content=\"https:\/\/www.facebook.com\/notibras\/\" \/>\n<meta property=\"article:published_time\" content=\"2015-10-04T16:57:12+00:00\" \/>\n<meta property=\"article:modified_time\" content=\"2015-10-04T16:57:58+00:00\" \/>\n<meta property=\"og:image\" content=\"https:\/\/www.notibras.com\/site\/wp-content\/uploads\/2015\/10\/estu..png\" \/>\n\t<meta property=\"og:image:width\" content=\"572\" \/>\n\t<meta property=\"og:image:height\" content=\"374\" \/>\n\t<meta property=\"og:image:type\" content=\"image\/png\" \/>\n<meta name=\"author\" content=\"Reda\u00e7\u00e3o\" \/>\n<meta name=\"twitter:card\" content=\"summary_large_image\" \/>\n<meta name=\"twitter:creator\" content=\"@Notibras\" \/>\n<meta name=\"twitter:site\" content=\"@Notibras\" \/>\n<meta name=\"twitter:label1\" content=\"Escrito por\" \/>\n\t<meta name=\"twitter:data1\" content=\"Reda\u00e7\u00e3o\" \/>\n\t<meta name=\"twitter:label2\" content=\"Est. tempo de leitura\" \/>\n\t<meta name=\"twitter:data2\" content=\"3 minutos\" \/>\n<script type=\"application\/ld+json\" class=\"yoast-schema-graph\">{\"@context\":\"https:\/\/schema.org\",\"@graph\":[{\"@type\":\"Article\",\"@id\":\"https:\/\/www.notibras.com\/site\/encare-os-livros-porque-estudar-nao-e-chato-chato-mesmo-e-ser-burro\/#article\",\"isPartOf\":{\"@id\":\"https:\/\/www.notibras.com\/site\/encare-os-livros-porque-estudar-nao-e-chato-chato-mesmo-e-ser-burro\/\"},\"author\":{\"name\":\"Reda\u00e7\u00e3o\",\"@id\":\"https:\/\/www.notibras.com\/site\/#\/schema\/person\/36ab0979449956132d3e5b517ea76ac8\"},\"headline\":\"Encare os livros, porque estudar n\u00e3o \u00e9 chato; chato \u00e9 ser burro\",\"datePublished\":\"2015-10-04T16:57:12+00:00\",\"dateModified\":\"2015-10-04T16:57:58+00:00\",\"mainEntityOfPage\":{\"@id\":\"https:\/\/www.notibras.com\/site\/encare-os-livros-porque-estudar-nao-e-chato-chato-mesmo-e-ser-burro\/\"},\"wordCount\":698,\"commentCount\":0,\"publisher\":{\"@id\":\"https:\/\/www.notibras.com\/site\/#organization\"},\"image\":{\"@id\":\"https:\/\/www.notibras.com\/site\/encare-os-livros-porque-estudar-nao-e-chato-chato-mesmo-e-ser-burro\/#primaryimage\"},\"thumbnailUrl\":\"https:\/\/www.notibras.com\/site\/wp-content\/uploads\/2015\/10\/estu..png\",\"articleSection\":[\"Opina a\u00ed\"],\"inLanguage\":\"pt-BR\",\"potentialAction\":[{\"@type\":\"CommentAction\",\"name\":\"Comment\",\"target\":[\"https:\/\/www.notibras.com\/site\/encare-os-livros-porque-estudar-nao-e-chato-chato-mesmo-e-ser-burro\/#respond\"]}]},{\"@type\":\"WebPage\",\"@id\":\"https:\/\/www.notibras.com\/site\/encare-os-livros-porque-estudar-nao-e-chato-chato-mesmo-e-ser-burro\/\",\"url\":\"https:\/\/www.notibras.com\/site\/encare-os-livros-porque-estudar-nao-e-chato-chato-mesmo-e-ser-burro\/\",\"name\":\"Encare os livros, porque estudar n\u00e3o \u00e9 chato; chato \u00e9 ser burro - Notibras\",\"isPartOf\":{\"@id\":\"https:\/\/www.notibras.com\/site\/#website\"},\"primaryImageOfPage\":{\"@id\":\"https:\/\/www.notibras.com\/site\/encare-os-livros-porque-estudar-nao-e-chato-chato-mesmo-e-ser-burro\/#primaryimage\"},\"image\":{\"@id\":\"https:\/\/www.notibras.com\/site\/encare-os-livros-porque-estudar-nao-e-chato-chato-mesmo-e-ser-burro\/#primaryimage\"},\"thumbnailUrl\":\"https:\/\/www.notibras.com\/site\/wp-content\/uploads\/2015\/10\/estu..png\",\"datePublished\":\"2015-10-04T16:57:12+00:00\",\"dateModified\":\"2015-10-04T16:57:58+00:00\",\"breadcrumb\":{\"@id\":\"https:\/\/www.notibras.com\/site\/encare-os-livros-porque-estudar-nao-e-chato-chato-mesmo-e-ser-burro\/#breadcrumb\"},\"inLanguage\":\"pt-BR\",\"potentialAction\":[{\"@type\":\"ReadAction\",\"target\":[\"https:\/\/www.notibras.com\/site\/encare-os-livros-porque-estudar-nao-e-chato-chato-mesmo-e-ser-burro\/\"]}]},{\"@type\":\"ImageObject\",\"inLanguage\":\"pt-BR\",\"@id\":\"https:\/\/www.notibras.com\/site\/encare-os-livros-porque-estudar-nao-e-chato-chato-mesmo-e-ser-burro\/#primaryimage\",\"url\":\"https:\/\/www.notibras.com\/site\/wp-content\/uploads\/2015\/10\/estu..png\",\"contentUrl\":\"https:\/\/www.notibras.com\/site\/wp-content\/uploads\/2015\/10\/estu..png\",\"width\":572,\"height\":374},{\"@type\":\"BreadcrumbList\",\"@id\":\"https:\/\/www.notibras.com\/site\/encare-os-livros-porque-estudar-nao-e-chato-chato-mesmo-e-ser-burro\/#breadcrumb\",\"itemListElement\":[{\"@type\":\"ListItem\",\"position\":1,\"name\":\"In\u00edcio\",\"item\":\"https:\/\/www.notibras.com\/site\/\"},{\"@type\":\"ListItem\",\"position\":2,\"name\":\"Encare os livros, porque estudar n\u00e3o \u00e9 chato; chato \u00e9 ser burro\"}]},{\"@type\":\"WebSite\",\"@id\":\"https:\/\/www.notibras.com\/site\/#website\",\"url\":\"https:\/\/www.notibras.com\/site\/\",\"name\":\"Notibras\",\"description\":\"Not\u00edcias de Bras\u00edlia, do Brasil e do Mundo\",\"publisher\":{\"@id\":\"https:\/\/www.notibras.com\/site\/#organization\"},\"potentialAction\":[{\"@type\":\"SearchAction\",\"target\":{\"@type\":\"EntryPoint\",\"urlTemplate\":\"https:\/\/www.notibras.com\/site\/?s={search_term_string}\"},\"query-input\":{\"@type\":\"PropertyValueSpecification\",\"valueRequired\":true,\"valueName\":\"search_term_string\"}}],\"inLanguage\":\"pt-BR\"},{\"@type\":\"Organization\",\"@id\":\"https:\/\/www.notibras.com\/site\/#organization\",\"name\":\"Grupo Notibras de Comunica\u00e7\u00e3o\",\"url\":\"https:\/\/www.notibras.com\/site\/\",\"logo\":{\"@type\":\"ImageObject\",\"inLanguage\":\"pt-BR\",\"@id\":\"https:\/\/www.notibras.com\/site\/#\/schema\/logo\/image\/\",\"url\":\"https:\/\/www.notibras.com\/site\/wp-content\/uploads\/2023\/01\/notibras23.png\",\"contentUrl\":\"https:\/\/www.notibras.com\/site\/wp-content\/uploads\/2023\/01\/notibras23.png\",\"width\":350,\"height\":87,\"caption\":\"Grupo Notibras de Comunica\u00e7\u00e3o\"},\"image\":{\"@id\":\"https:\/\/www.notibras.com\/site\/#\/schema\/logo\/image\/\"},\"sameAs\":[\"https:\/\/www.facebook.com\/notibras\/\",\"https:\/\/x.com\/Notibras\",\"https:\/\/www.instagram.com\/notibras\/\"]},{\"@type\":\"Person\",\"@id\":\"https:\/\/www.notibras.com\/site\/#\/schema\/person\/36ab0979449956132d3e5b517ea76ac8\",\"name\":\"Reda\u00e7\u00e3o\",\"image\":{\"@type\":\"ImageObject\",\"inLanguage\":\"pt-BR\",\"@id\":\"https:\/\/secure.gravatar.com\/avatar\/e0a867bdedb85fd243eadf09663511f96fc81e0720a4a42581f334ad4303aa6b?s=96&d=mm&r=g\",\"url\":\"https:\/\/secure.gravatar.com\/avatar\/e0a867bdedb85fd243eadf09663511f96fc81e0720a4a42581f334ad4303aa6b?s=96&d=mm&r=g\",\"contentUrl\":\"https:\/\/secure.gravatar.com\/avatar\/e0a867bdedb85fd243eadf09663511f96fc81e0720a4a42581f334ad4303aa6b?s=96&d=mm&r=g\",\"caption\":\"Reda\u00e7\u00e3o\"}}]}<\/script>\n<!-- \/ Yoast SEO plugin. -->","yoast_head_json":{"title":"Encare os livros, porque estudar n\u00e3o \u00e9 chato; chato \u00e9 ser burro - Notibras","robots":{"index":"index","follow":"follow","max-snippet":"max-snippet:-1","max-image-preview":"max-image-preview:large","max-video-preview":"max-video-preview:-1"},"canonical":"https:\/\/www.notibras.com\/site\/encare-os-livros-porque-estudar-nao-e-chato-chato-mesmo-e-ser-burro\/","og_locale":"pt_BR","og_type":"article","og_title":"Encare os livros, porque estudar n\u00e3o \u00e9 chato; chato \u00e9 ser burro - Notibras","og_description":"A hist\u00f3ria da educa\u00e7\u00e3o no Brasil \u00e9 um ac\u00famulo de omiss\u00f5es e at\u00e9 mesmo de a\u00e7\u00f5es propositais que resultaram numa situa\u00e7\u00e3o de extrema desigualdade social, com um analfabetismo ou um analfabetismo funcional end\u00eamicos, um vergonhoso estado geral de ignor\u00e2ncia e de desprezo pelo conhecimento. Para quem analisar nossa hist\u00f3ria, fica claro que a proibi\u00e7\u00e3o do [&hellip;]","og_url":"https:\/\/www.notibras.com\/site\/encare-os-livros-porque-estudar-nao-e-chato-chato-mesmo-e-ser-burro\/","og_site_name":"Notibras","article_publisher":"https:\/\/www.facebook.com\/notibras\/","article_published_time":"2015-10-04T16:57:12+00:00","article_modified_time":"2015-10-04T16:57:58+00:00","og_image":[{"width":572,"height":374,"url":"https:\/\/www.notibras.com\/site\/wp-content\/uploads\/2015\/10\/estu..png","type":"image\/png"}],"author":"Reda\u00e7\u00e3o","twitter_card":"summary_large_image","twitter_creator":"@Notibras","twitter_site":"@Notibras","twitter_misc":{"Escrito por":"Reda\u00e7\u00e3o","Est. tempo de leitura":"3 minutos"},"schema":{"@context":"https:\/\/schema.org","@graph":[{"@type":"Article","@id":"https:\/\/www.notibras.com\/site\/encare-os-livros-porque-estudar-nao-e-chato-chato-mesmo-e-ser-burro\/#article","isPartOf":{"@id":"https:\/\/www.notibras.com\/site\/encare-os-livros-porque-estudar-nao-e-chato-chato-mesmo-e-ser-burro\/"},"author":{"name":"Reda\u00e7\u00e3o","@id":"https:\/\/www.notibras.com\/site\/#\/schema\/person\/36ab0979449956132d3e5b517ea76ac8"},"headline":"Encare os livros, porque estudar n\u00e3o \u00e9 chato; chato \u00e9 ser burro","datePublished":"2015-10-04T16:57:12+00:00","dateModified":"2015-10-04T16:57:58+00:00","mainEntityOfPage":{"@id":"https:\/\/www.notibras.com\/site\/encare-os-livros-porque-estudar-nao-e-chato-chato-mesmo-e-ser-burro\/"},"wordCount":698,"commentCount":0,"publisher":{"@id":"https:\/\/www.notibras.com\/site\/#organization"},"image":{"@id":"https:\/\/www.notibras.com\/site\/encare-os-livros-porque-estudar-nao-e-chato-chato-mesmo-e-ser-burro\/#primaryimage"},"thumbnailUrl":"https:\/\/www.notibras.com\/site\/wp-content\/uploads\/2015\/10\/estu..png","articleSection":["Opina a\u00ed"],"inLanguage":"pt-BR","potentialAction":[{"@type":"CommentAction","name":"Comment","target":["https:\/\/www.notibras.com\/site\/encare-os-livros-porque-estudar-nao-e-chato-chato-mesmo-e-ser-burro\/#respond"]}]},{"@type":"WebPage","@id":"https:\/\/www.notibras.com\/site\/encare-os-livros-porque-estudar-nao-e-chato-chato-mesmo-e-ser-burro\/","url":"https:\/\/www.notibras.com\/site\/encare-os-livros-porque-estudar-nao-e-chato-chato-mesmo-e-ser-burro\/","name":"Encare os livros, porque estudar n\u00e3o \u00e9 chato; chato \u00e9 ser burro - Notibras","isPartOf":{"@id":"https:\/\/www.notibras.com\/site\/#website"},"primaryImageOfPage":{"@id":"https:\/\/www.notibras.com\/site\/encare-os-livros-porque-estudar-nao-e-chato-chato-mesmo-e-ser-burro\/#primaryimage"},"image":{"@id":"https:\/\/www.notibras.com\/site\/encare-os-livros-porque-estudar-nao-e-chato-chato-mesmo-e-ser-burro\/#primaryimage"},"thumbnailUrl":"https:\/\/www.notibras.com\/site\/wp-content\/uploads\/2015\/10\/estu..png","datePublished":"2015-10-04T16:57:12+00:00","dateModified":"2015-10-04T16:57:58+00:00","breadcrumb":{"@id":"https:\/\/www.notibras.com\/site\/encare-os-livros-porque-estudar-nao-e-chato-chato-mesmo-e-ser-burro\/#breadcrumb"},"inLanguage":"pt-BR","potentialAction":[{"@type":"ReadAction","target":["https:\/\/www.notibras.com\/site\/encare-os-livros-porque-estudar-nao-e-chato-chato-mesmo-e-ser-burro\/"]}]},{"@type":"ImageObject","inLanguage":"pt-BR","@id":"https:\/\/www.notibras.com\/site\/encare-os-livros-porque-estudar-nao-e-chato-chato-mesmo-e-ser-burro\/#primaryimage","url":"https:\/\/www.notibras.com\/site\/wp-content\/uploads\/2015\/10\/estu..png","contentUrl":"https:\/\/www.notibras.com\/site\/wp-content\/uploads\/2015\/10\/estu..png","width":572,"height":374},{"@type":"BreadcrumbList","@id":"https:\/\/www.notibras.com\/site\/encare-os-livros-porque-estudar-nao-e-chato-chato-mesmo-e-ser-burro\/#breadcrumb","itemListElement":[{"@type":"ListItem","position":1,"name":"In\u00edcio","item":"https:\/\/www.notibras.com\/site\/"},{"@type":"ListItem","position":2,"name":"Encare os livros, porque estudar n\u00e3o \u00e9 chato; chato \u00e9 ser burro"}]},{"@type":"WebSite","@id":"https:\/\/www.notibras.com\/site\/#website","url":"https:\/\/www.notibras.com\/site\/","name":"Notibras","description":"Not\u00edcias de Bras\u00edlia, do Brasil e do Mundo","publisher":{"@id":"https:\/\/www.notibras.com\/site\/#organization"},"potentialAction":[{"@type":"SearchAction","target":{"@type":"EntryPoint","urlTemplate":"https:\/\/www.notibras.com\/site\/?s={search_term_string}"},"query-input":{"@type":"PropertyValueSpecification","valueRequired":true,"valueName":"search_term_string"}}],"inLanguage":"pt-BR"},{"@type":"Organization","@id":"https:\/\/www.notibras.com\/site\/#organization","name":"Grupo Notibras de Comunica\u00e7\u00e3o","url":"https:\/\/www.notibras.com\/site\/","logo":{"@type":"ImageObject","inLanguage":"pt-BR","@id":"https:\/\/www.notibras.com\/site\/#\/schema\/logo\/image\/","url":"https:\/\/www.notibras.com\/site\/wp-content\/uploads\/2023\/01\/notibras23.png","contentUrl":"https:\/\/www.notibras.com\/site\/wp-content\/uploads\/2023\/01\/notibras23.png","width":350,"height":87,"caption":"Grupo Notibras de Comunica\u00e7\u00e3o"},"image":{"@id":"https:\/\/www.notibras.com\/site\/#\/schema\/logo\/image\/"},"sameAs":["https:\/\/www.facebook.com\/notibras\/","https:\/\/x.com\/Notibras","https:\/\/www.instagram.com\/notibras\/"]},{"@type":"Person","@id":"https:\/\/www.notibras.com\/site\/#\/schema\/person\/36ab0979449956132d3e5b517ea76ac8","name":"Reda\u00e7\u00e3o","image":{"@type":"ImageObject","inLanguage":"pt-BR","@id":"https:\/\/secure.gravatar.com\/avatar\/e0a867bdedb85fd243eadf09663511f96fc81e0720a4a42581f334ad4303aa6b?s=96&d=mm&r=g","url":"https:\/\/secure.gravatar.com\/avatar\/e0a867bdedb85fd243eadf09663511f96fc81e0720a4a42581f334ad4303aa6b?s=96&d=mm&r=g","contentUrl":"https:\/\/secure.gravatar.com\/avatar\/e0a867bdedb85fd243eadf09663511f96fc81e0720a4a42581f334ad4303aa6b?s=96&d=mm&r=g","caption":"Reda\u00e7\u00e3o"}}]}},"amp_enabled":true,"_links":{"self":[{"href":"https:\/\/www.notibras.com\/site\/wp-json\/wp\/v2\/posts\/70343","targetHints":{"allow":["GET"]}}],"collection":[{"href":"https:\/\/www.notibras.com\/site\/wp-json\/wp\/v2\/posts"}],"about":[{"href":"https:\/\/www.notibras.com\/site\/wp-json\/wp\/v2\/types\/post"}],"author":[{"embeddable":true,"href":"https:\/\/www.notibras.com\/site\/wp-json\/wp\/v2\/users\/2"}],"replies":[{"embeddable":true,"href":"https:\/\/www.notibras.com\/site\/wp-json\/wp\/v2\/comments?post=70343"}],"version-history":[{"count":2,"href":"https:\/\/www.notibras.com\/site\/wp-json\/wp\/v2\/posts\/70343\/revisions"}],"predecessor-version":[{"id":70346,"href":"https:\/\/www.notibras.com\/site\/wp-json\/wp\/v2\/posts\/70343\/revisions\/70346"}],"wp:featuredmedia":[{"embeddable":true,"href":"https:\/\/www.notibras.com\/site\/wp-json\/wp\/v2\/media\/70344"}],"wp:attachment":[{"href":"https:\/\/www.notibras.com\/site\/wp-json\/wp\/v2\/media?parent=70343"}],"wp:term":[{"taxonomy":"category","embeddable":true,"href":"https:\/\/www.notibras.com\/site\/wp-json\/wp\/v2\/categories?post=70343"},{"taxonomy":"post_tag","embeddable":true,"href":"https:\/\/www.notibras.com\/site\/wp-json\/wp\/v2\/tags?post=70343"}],"curies":[{"name":"wp","href":"https:\/\/api.w.org\/{rel}","templated":true}]}}