{"id":7041,"date":"2014-04-18T07:53:35","date_gmt":"2014-04-18T10:53:35","guid":{"rendered":"http:\/\/www.notibras.com\/site\/?p=7041"},"modified":"2014-04-18T07:54:13","modified_gmt":"2014-04-18T10:54:13","slug":"hamilton-repoe-a-verdade-e-mercedes-continua-na-frente-nos-treinos","status":"publish","type":"post","link":"https:\/\/www.notibras.com\/site\/hamilton-repoe-a-verdade-e-mercedes-continua-na-frente-nos-treinos\/","title":{"rendered":"Hamilton rep\u00f5e a verdade e Mercedes continua na frente"},"content":{"rendered":"<p>O brit\u00e2nico Lewis Hamilton (Mercedes) dominou o segundo treino livre para o Grande Pr\u00eamio da China, realizado na madrugada desta sexta-feira. Assim, o piloto da equipe alem\u00e3 superou o espanhol Fernando Alonso (Ferrari), o mais r\u00e1pido da primeira sess\u00e3o.<\/p>\n<p class=\"text\">Embora tenha reclamado de seu carro, Hamilton terminou no topo da tabela de tempos ao fazer 1min38s315. Alonso, por sua vez, acabou na segunda coloca\u00e7\u00e3o com 1min38s456. O alem\u00e3o Nico Rosberg (Mercedes) completou o grupo dos tr\u00eas primeiros ao registrar 1min38s726.<\/p>\n<p class=\"text\">O australiano Daniel Ricciardo (Red Bull), em mais uma performance consistente, ficou na quarta coloca\u00e7\u00e3o. O alem\u00e3o Sebastian Vettel (Red Bull), tetracampe\u00e3o mundial, acabou superado pelo novo companheiro de equipe e ficou apenas na quinta posi\u00e7\u00e3o.<\/p>\n<p class=\"text\">O brasileiro Felipe Massa (Williams) foi o sexto colocado na segunda sess\u00e3o de treinos livres. O finland\u00eas Valtteri Bottas (Williams), companheiro e rival do piloto sul-americano, ficou apenas no 14\u00ba posto &#8211; no primeiro treino livre, ele foi substitu\u00eddo pelo tamb\u00e9m brasileiro Felipe Nasr.<\/p>\n<p class=\"text\">Kimi Raikkonen (Ferrari), mais um representante da Finl\u00e2ndia, foi o s\u00e9timo mais r\u00e1pido, logo atr\u00e1s do ex-parceiro Felipe Massa. O brit\u00e2nico Jenson Button (McLaren), o franc\u00eas Romain Grosjean (Lotus) e o russo Daniil Kvyat (Toro Rosso) completaram o grupo dos 10 melhores.<\/p>\n<p class=\"text\">O terceiro e \u00faltimo treino livre para o Grande Pr\u00eamio da China, com 60 minutos de dura\u00e7\u00e3o, est\u00e1 previsto para as 0 hora (de Bras\u00edlia) deste s\u00e1bado, enquanto a tomada de tempos classificat\u00f3ria ocorre \u00e0s 3 horas. A corrida ser\u00e1 no domingo, tamb\u00e9m \u00e0s 3 horas.<\/p>\n<p class=\"text\">Enquanto Romain Grosjean foi o piloto que mais andou na sess\u00e3o (36 voltas), o venezuelano Pastor Maldonado (Lotus) teve um desempenho desastroso. A 58 minutos do final do tempo regulamentar, o piloto sul-americano bateu na entrada dos boxes e abandonou a atividade.<\/p>\n","protected":false},"excerpt":{"rendered":"<p>O brit\u00e2nico Lewis Hamilton (Mercedes) dominou o segundo treino livre para o Grande Pr\u00eamio da China, realizado na madrugada desta sexta-feira. Assim, o piloto da equipe alem\u00e3 superou o espanhol Fernando Alonso (Ferrari), o mais r\u00e1pido da primeira sess\u00e3o. Embora tenha reclamado de seu carro, Hamilton terminou no topo da tabela de tempos ao fazer [&hellip;]<\/p>\n","protected":false},"author":2,"featured_media":7042,"comment_status":"open","ping_status":"closed","sticky":false,"template":"","format":"standard","meta":{"_acf_changed":false,"footnotes":""},"categories":[19],"tags":[],"class_list":["post-7041","post","type-post","status-publish","format-standard","has-post-thumbnail","hentry","category-esportes"],"acf":[],"yoast_head":"<!-- This site is optimized with the Yoast SEO plugin v27.2 - https:\/\/yoast.com\/product\/yoast-seo-wordpress\/ -->\n<title>Hamilton rep\u00f5e a verdade e Mercedes continua na frente  - Notibras<\/title>\n<meta name=\"robots\" content=\"index, follow, max-snippet:-1, max-image-preview:large, max-video-preview:-1\" \/>\n<link rel=\"canonical\" href=\"https:\/\/www.notibras.com\/site\/hamilton-repoe-a-verdade-e-mercedes-continua-na-frente-nos-treinos\/\" \/>\n<meta property=\"og:locale\" content=\"pt_BR\" \/>\n<meta property=\"og:type\" content=\"article\" \/>\n<meta property=\"og:title\" content=\"Hamilton rep\u00f5e a verdade e Mercedes continua na frente  - Notibras\" \/>\n<meta property=\"og:description\" content=\"O brit\u00e2nico Lewis Hamilton (Mercedes) dominou o segundo treino livre para o Grande Pr\u00eamio da China, realizado na madrugada desta sexta-feira. Assim, o piloto da equipe alem\u00e3 superou o espanhol Fernando Alonso (Ferrari), o mais r\u00e1pido da primeira sess\u00e3o. Embora tenha reclamado de seu carro, Hamilton terminou no topo da tabela de tempos ao fazer [&hellip;]\" \/>\n<meta property=\"og:url\" content=\"https:\/\/www.notibras.com\/site\/hamilton-repoe-a-verdade-e-mercedes-continua-na-frente-nos-treinos\/\" \/>\n<meta property=\"og:site_name\" content=\"Notibras\" \/>\n<meta property=\"article:publisher\" content=\"https:\/\/www.facebook.com\/notibras\/\" \/>\n<meta property=\"article:published_time\" content=\"2014-04-18T10:53:35+00:00\" \/>\n<meta property=\"article:modified_time\" content=\"2014-04-18T10:54:13+00:00\" \/>\n<meta property=\"og:image\" content=\"https:\/\/www.notibras.com\/site\/wp-content\/uploads\/2014\/04\/ha.jpg\" \/>\n\t<meta property=\"og:image:width\" content=\"460\" \/>\n\t<meta property=\"og:image:height\" content=\"340\" \/>\n\t<meta property=\"og:image:type\" content=\"image\/jpeg\" \/>\n<meta name=\"author\" content=\"Reda\u00e7\u00e3o\" \/>\n<meta name=\"twitter:card\" content=\"summary_large_image\" \/>\n<meta name=\"twitter:creator\" content=\"@Notibras\" \/>\n<meta name=\"twitter:site\" content=\"@Notibras\" \/>\n<meta name=\"twitter:label1\" content=\"Escrito por\" \/>\n\t<meta name=\"twitter:data1\" content=\"Reda\u00e7\u00e3o\" \/>\n\t<meta name=\"twitter:label2\" content=\"Est. tempo de leitura\" \/>\n\t<meta name=\"twitter:data2\" content=\"2 minutos\" \/>\n<script type=\"application\/ld+json\" class=\"yoast-schema-graph\">{\"@context\":\"https:\/\/schema.org\",\"@graph\":[{\"@type\":\"Article\",\"@id\":\"https:\/\/www.notibras.com\/site\/hamilton-repoe-a-verdade-e-mercedes-continua-na-frente-nos-treinos\/#article\",\"isPartOf\":{\"@id\":\"https:\/\/www.notibras.com\/site\/hamilton-repoe-a-verdade-e-mercedes-continua-na-frente-nos-treinos\/\"},\"author\":{\"name\":\"Reda\u00e7\u00e3o\",\"@id\":\"https:\/\/www.notibras.com\/site\/#\/schema\/person\/36ab0979449956132d3e5b517ea76ac8\"},\"headline\":\"Hamilton rep\u00f5e a verdade e Mercedes continua na frente\",\"datePublished\":\"2014-04-18T10:53:35+00:00\",\"dateModified\":\"2014-04-18T10:54:13+00:00\",\"mainEntityOfPage\":{\"@id\":\"https:\/\/www.notibras.com\/site\/hamilton-repoe-a-verdade-e-mercedes-continua-na-frente-nos-treinos\/\"},\"wordCount\":323,\"commentCount\":0,\"publisher\":{\"@id\":\"https:\/\/www.notibras.com\/site\/#organization\"},\"image\":{\"@id\":\"https:\/\/www.notibras.com\/site\/hamilton-repoe-a-verdade-e-mercedes-continua-na-frente-nos-treinos\/#primaryimage\"},\"thumbnailUrl\":\"https:\/\/www.notibras.com\/site\/wp-content\/uploads\/2014\/04\/ha.jpg\",\"articleSection\":[\"Esportes\"],\"inLanguage\":\"pt-BR\",\"potentialAction\":[{\"@type\":\"CommentAction\",\"name\":\"Comment\",\"target\":[\"https:\/\/www.notibras.com\/site\/hamilton-repoe-a-verdade-e-mercedes-continua-na-frente-nos-treinos\/#respond\"]}]},{\"@type\":\"WebPage\",\"@id\":\"https:\/\/www.notibras.com\/site\/hamilton-repoe-a-verdade-e-mercedes-continua-na-frente-nos-treinos\/\",\"url\":\"https:\/\/www.notibras.com\/site\/hamilton-repoe-a-verdade-e-mercedes-continua-na-frente-nos-treinos\/\",\"name\":\"Hamilton rep\u00f5e a verdade e Mercedes continua na frente - Notibras\",\"isPartOf\":{\"@id\":\"https:\/\/www.notibras.com\/site\/#website\"},\"primaryImageOfPage\":{\"@id\":\"https:\/\/www.notibras.com\/site\/hamilton-repoe-a-verdade-e-mercedes-continua-na-frente-nos-treinos\/#primaryimage\"},\"image\":{\"@id\":\"https:\/\/www.notibras.com\/site\/hamilton-repoe-a-verdade-e-mercedes-continua-na-frente-nos-treinos\/#primaryimage\"},\"thumbnailUrl\":\"https:\/\/www.notibras.com\/site\/wp-content\/uploads\/2014\/04\/ha.jpg\",\"datePublished\":\"2014-04-18T10:53:35+00:00\",\"dateModified\":\"2014-04-18T10:54:13+00:00\",\"breadcrumb\":{\"@id\":\"https:\/\/www.notibras.com\/site\/hamilton-repoe-a-verdade-e-mercedes-continua-na-frente-nos-treinos\/#breadcrumb\"},\"inLanguage\":\"pt-BR\",\"potentialAction\":[{\"@type\":\"ReadAction\",\"target\":[\"https:\/\/www.notibras.com\/site\/hamilton-repoe-a-verdade-e-mercedes-continua-na-frente-nos-treinos\/\"]}]},{\"@type\":\"ImageObject\",\"inLanguage\":\"pt-BR\",\"@id\":\"https:\/\/www.notibras.com\/site\/hamilton-repoe-a-verdade-e-mercedes-continua-na-frente-nos-treinos\/#primaryimage\",\"url\":\"https:\/\/www.notibras.com\/site\/wp-content\/uploads\/2014\/04\/ha.jpg\",\"contentUrl\":\"https:\/\/www.notibras.com\/site\/wp-content\/uploads\/2014\/04\/ha.jpg\",\"width\":460,\"height\":340},{\"@type\":\"BreadcrumbList\",\"@id\":\"https:\/\/www.notibras.com\/site\/hamilton-repoe-a-verdade-e-mercedes-continua-na-frente-nos-treinos\/#breadcrumb\",\"itemListElement\":[{\"@type\":\"ListItem\",\"position\":1,\"name\":\"In\u00edcio\",\"item\":\"https:\/\/www.notibras.com\/site\/\"},{\"@type\":\"ListItem\",\"position\":2,\"name\":\"Hamilton rep\u00f5e a verdade e Mercedes continua na frente\"}]},{\"@type\":\"WebSite\",\"@id\":\"https:\/\/www.notibras.com\/site\/#website\",\"url\":\"https:\/\/www.notibras.com\/site\/\",\"name\":\"Notibras\",\"description\":\"Not\u00edcias de Bras\u00edlia, do Brasil e do Mundo\",\"publisher\":{\"@id\":\"https:\/\/www.notibras.com\/site\/#organization\"},\"potentialAction\":[{\"@type\":\"SearchAction\",\"target\":{\"@type\":\"EntryPoint\",\"urlTemplate\":\"https:\/\/www.notibras.com\/site\/?s={search_term_string}\"},\"query-input\":{\"@type\":\"PropertyValueSpecification\",\"valueRequired\":true,\"valueName\":\"search_term_string\"}}],\"inLanguage\":\"pt-BR\"},{\"@type\":\"Organization\",\"@id\":\"https:\/\/www.notibras.com\/site\/#organization\",\"name\":\"Grupo Notibras de Comunica\u00e7\u00e3o\",\"url\":\"https:\/\/www.notibras.com\/site\/\",\"logo\":{\"@type\":\"ImageObject\",\"inLanguage\":\"pt-BR\",\"@id\":\"https:\/\/www.notibras.com\/site\/#\/schema\/logo\/image\/\",\"url\":\"https:\/\/www.notibras.com\/site\/wp-content\/uploads\/2023\/01\/notibras23.png\",\"contentUrl\":\"https:\/\/www.notibras.com\/site\/wp-content\/uploads\/2023\/01\/notibras23.png\",\"width\":350,\"height\":87,\"caption\":\"Grupo Notibras de Comunica\u00e7\u00e3o\"},\"image\":{\"@id\":\"https:\/\/www.notibras.com\/site\/#\/schema\/logo\/image\/\"},\"sameAs\":[\"https:\/\/www.facebook.com\/notibras\/\",\"https:\/\/x.com\/Notibras\",\"https:\/\/www.instagram.com\/notibras\/\"]},{\"@type\":\"Person\",\"@id\":\"https:\/\/www.notibras.com\/site\/#\/schema\/person\/36ab0979449956132d3e5b517ea76ac8\",\"name\":\"Reda\u00e7\u00e3o\",\"image\":{\"@type\":\"ImageObject\",\"inLanguage\":\"pt-BR\",\"@id\":\"https:\/\/secure.gravatar.com\/avatar\/e0a867bdedb85fd243eadf09663511f96fc81e0720a4a42581f334ad4303aa6b?s=96&d=mm&r=g\",\"url\":\"https:\/\/secure.gravatar.com\/avatar\/e0a867bdedb85fd243eadf09663511f96fc81e0720a4a42581f334ad4303aa6b?s=96&d=mm&r=g\",\"contentUrl\":\"https:\/\/secure.gravatar.com\/avatar\/e0a867bdedb85fd243eadf09663511f96fc81e0720a4a42581f334ad4303aa6b?s=96&d=mm&r=g\",\"caption\":\"Reda\u00e7\u00e3o\"}}]}<\/script>\n<!-- \/ Yoast SEO plugin. -->","yoast_head_json":{"title":"Hamilton rep\u00f5e a verdade e Mercedes continua na frente  - Notibras","robots":{"index":"index","follow":"follow","max-snippet":"max-snippet:-1","max-image-preview":"max-image-preview:large","max-video-preview":"max-video-preview:-1"},"canonical":"https:\/\/www.notibras.com\/site\/hamilton-repoe-a-verdade-e-mercedes-continua-na-frente-nos-treinos\/","og_locale":"pt_BR","og_type":"article","og_title":"Hamilton rep\u00f5e a verdade e Mercedes continua na frente  - Notibras","og_description":"O brit\u00e2nico Lewis Hamilton (Mercedes) dominou o segundo treino livre para o Grande Pr\u00eamio da China, realizado na madrugada desta sexta-feira. Assim, o piloto da equipe alem\u00e3 superou o espanhol Fernando Alonso (Ferrari), o mais r\u00e1pido da primeira sess\u00e3o. Embora tenha reclamado de seu carro, Hamilton terminou no topo da tabela de tempos ao fazer [&hellip;]","og_url":"https:\/\/www.notibras.com\/site\/hamilton-repoe-a-verdade-e-mercedes-continua-na-frente-nos-treinos\/","og_site_name":"Notibras","article_publisher":"https:\/\/www.facebook.com\/notibras\/","article_published_time":"2014-04-18T10:53:35+00:00","article_modified_time":"2014-04-18T10:54:13+00:00","og_image":[{"width":460,"height":340,"url":"https:\/\/www.notibras.com\/site\/wp-content\/uploads\/2014\/04\/ha.jpg","type":"image\/jpeg"}],"author":"Reda\u00e7\u00e3o","twitter_card":"summary_large_image","twitter_creator":"@Notibras","twitter_site":"@Notibras","twitter_misc":{"Escrito por":"Reda\u00e7\u00e3o","Est. tempo de leitura":"2 minutos"},"schema":{"@context":"https:\/\/schema.org","@graph":[{"@type":"Article","@id":"https:\/\/www.notibras.com\/site\/hamilton-repoe-a-verdade-e-mercedes-continua-na-frente-nos-treinos\/#article","isPartOf":{"@id":"https:\/\/www.notibras.com\/site\/hamilton-repoe-a-verdade-e-mercedes-continua-na-frente-nos-treinos\/"},"author":{"name":"Reda\u00e7\u00e3o","@id":"https:\/\/www.notibras.com\/site\/#\/schema\/person\/36ab0979449956132d3e5b517ea76ac8"},"headline":"Hamilton rep\u00f5e a verdade e Mercedes continua na frente","datePublished":"2014-04-18T10:53:35+00:00","dateModified":"2014-04-18T10:54:13+00:00","mainEntityOfPage":{"@id":"https:\/\/www.notibras.com\/site\/hamilton-repoe-a-verdade-e-mercedes-continua-na-frente-nos-treinos\/"},"wordCount":323,"commentCount":0,"publisher":{"@id":"https:\/\/www.notibras.com\/site\/#organization"},"image":{"@id":"https:\/\/www.notibras.com\/site\/hamilton-repoe-a-verdade-e-mercedes-continua-na-frente-nos-treinos\/#primaryimage"},"thumbnailUrl":"https:\/\/www.notibras.com\/site\/wp-content\/uploads\/2014\/04\/ha.jpg","articleSection":["Esportes"],"inLanguage":"pt-BR","potentialAction":[{"@type":"CommentAction","name":"Comment","target":["https:\/\/www.notibras.com\/site\/hamilton-repoe-a-verdade-e-mercedes-continua-na-frente-nos-treinos\/#respond"]}]},{"@type":"WebPage","@id":"https:\/\/www.notibras.com\/site\/hamilton-repoe-a-verdade-e-mercedes-continua-na-frente-nos-treinos\/","url":"https:\/\/www.notibras.com\/site\/hamilton-repoe-a-verdade-e-mercedes-continua-na-frente-nos-treinos\/","name":"Hamilton rep\u00f5e a verdade e Mercedes continua na frente - Notibras","isPartOf":{"@id":"https:\/\/www.notibras.com\/site\/#website"},"primaryImageOfPage":{"@id":"https:\/\/www.notibras.com\/site\/hamilton-repoe-a-verdade-e-mercedes-continua-na-frente-nos-treinos\/#primaryimage"},"image":{"@id":"https:\/\/www.notibras.com\/site\/hamilton-repoe-a-verdade-e-mercedes-continua-na-frente-nos-treinos\/#primaryimage"},"thumbnailUrl":"https:\/\/www.notibras.com\/site\/wp-content\/uploads\/2014\/04\/ha.jpg","datePublished":"2014-04-18T10:53:35+00:00","dateModified":"2014-04-18T10:54:13+00:00","breadcrumb":{"@id":"https:\/\/www.notibras.com\/site\/hamilton-repoe-a-verdade-e-mercedes-continua-na-frente-nos-treinos\/#breadcrumb"},"inLanguage":"pt-BR","potentialAction":[{"@type":"ReadAction","target":["https:\/\/www.notibras.com\/site\/hamilton-repoe-a-verdade-e-mercedes-continua-na-frente-nos-treinos\/"]}]},{"@type":"ImageObject","inLanguage":"pt-BR","@id":"https:\/\/www.notibras.com\/site\/hamilton-repoe-a-verdade-e-mercedes-continua-na-frente-nos-treinos\/#primaryimage","url":"https:\/\/www.notibras.com\/site\/wp-content\/uploads\/2014\/04\/ha.jpg","contentUrl":"https:\/\/www.notibras.com\/site\/wp-content\/uploads\/2014\/04\/ha.jpg","width":460,"height":340},{"@type":"BreadcrumbList","@id":"https:\/\/www.notibras.com\/site\/hamilton-repoe-a-verdade-e-mercedes-continua-na-frente-nos-treinos\/#breadcrumb","itemListElement":[{"@type":"ListItem","position":1,"name":"In\u00edcio","item":"https:\/\/www.notibras.com\/site\/"},{"@type":"ListItem","position":2,"name":"Hamilton rep\u00f5e a verdade e Mercedes continua na frente"}]},{"@type":"WebSite","@id":"https:\/\/www.notibras.com\/site\/#website","url":"https:\/\/www.notibras.com\/site\/","name":"Notibras","description":"Not\u00edcias de Bras\u00edlia, do Brasil e do Mundo","publisher":{"@id":"https:\/\/www.notibras.com\/site\/#organization"},"potentialAction":[{"@type":"SearchAction","target":{"@type":"EntryPoint","urlTemplate":"https:\/\/www.notibras.com\/site\/?s={search_term_string}"},"query-input":{"@type":"PropertyValueSpecification","valueRequired":true,"valueName":"search_term_string"}}],"inLanguage":"pt-BR"},{"@type":"Organization","@id":"https:\/\/www.notibras.com\/site\/#organization","name":"Grupo Notibras de Comunica\u00e7\u00e3o","url":"https:\/\/www.notibras.com\/site\/","logo":{"@type":"ImageObject","inLanguage":"pt-BR","@id":"https:\/\/www.notibras.com\/site\/#\/schema\/logo\/image\/","url":"https:\/\/www.notibras.com\/site\/wp-content\/uploads\/2023\/01\/notibras23.png","contentUrl":"https:\/\/www.notibras.com\/site\/wp-content\/uploads\/2023\/01\/notibras23.png","width":350,"height":87,"caption":"Grupo Notibras de Comunica\u00e7\u00e3o"},"image":{"@id":"https:\/\/www.notibras.com\/site\/#\/schema\/logo\/image\/"},"sameAs":["https:\/\/www.facebook.com\/notibras\/","https:\/\/x.com\/Notibras","https:\/\/www.instagram.com\/notibras\/"]},{"@type":"Person","@id":"https:\/\/www.notibras.com\/site\/#\/schema\/person\/36ab0979449956132d3e5b517ea76ac8","name":"Reda\u00e7\u00e3o","image":{"@type":"ImageObject","inLanguage":"pt-BR","@id":"https:\/\/secure.gravatar.com\/avatar\/e0a867bdedb85fd243eadf09663511f96fc81e0720a4a42581f334ad4303aa6b?s=96&d=mm&r=g","url":"https:\/\/secure.gravatar.com\/avatar\/e0a867bdedb85fd243eadf09663511f96fc81e0720a4a42581f334ad4303aa6b?s=96&d=mm&r=g","contentUrl":"https:\/\/secure.gravatar.com\/avatar\/e0a867bdedb85fd243eadf09663511f96fc81e0720a4a42581f334ad4303aa6b?s=96&d=mm&r=g","caption":"Reda\u00e7\u00e3o"}}]}},"amp_enabled":true,"_links":{"self":[{"href":"https:\/\/www.notibras.com\/site\/wp-json\/wp\/v2\/posts\/7041","targetHints":{"allow":["GET"]}}],"collection":[{"href":"https:\/\/www.notibras.com\/site\/wp-json\/wp\/v2\/posts"}],"about":[{"href":"https:\/\/www.notibras.com\/site\/wp-json\/wp\/v2\/types\/post"}],"author":[{"embeddable":true,"href":"https:\/\/www.notibras.com\/site\/wp-json\/wp\/v2\/users\/2"}],"replies":[{"embeddable":true,"href":"https:\/\/www.notibras.com\/site\/wp-json\/wp\/v2\/comments?post=7041"}],"version-history":[{"count":0,"href":"https:\/\/www.notibras.com\/site\/wp-json\/wp\/v2\/posts\/7041\/revisions"}],"wp:featuredmedia":[{"embeddable":true,"href":"https:\/\/www.notibras.com\/site\/wp-json\/wp\/v2\/media\/7042"}],"wp:attachment":[{"href":"https:\/\/www.notibras.com\/site\/wp-json\/wp\/v2\/media?parent=7041"}],"wp:term":[{"taxonomy":"category","embeddable":true,"href":"https:\/\/www.notibras.com\/site\/wp-json\/wp\/v2\/categories?post=7041"},{"taxonomy":"post_tag","embeddable":true,"href":"https:\/\/www.notibras.com\/site\/wp-json\/wp\/v2\/tags?post=7041"}],"curies":[{"name":"wp","href":"https:\/\/api.w.org\/{rel}","templated":true}]}}