{"id":7050,"date":"2014-04-18T08:52:45","date_gmt":"2014-04-18T11:52:45","guid":{"rendered":"http:\/\/www.notibras.com\/site\/?p=7050"},"modified":"2014-04-18T08:58:05","modified_gmt":"2014-04-18T11:58:05","slug":"planalto-admite-que-pacto-da-reforma-politica-falhou-e-agora-o-que-fazer","status":"publish","type":"post","link":"https:\/\/www.notibras.com\/site\/planalto-admite-que-pacto-da-reforma-politica-falhou-e-agora-o-que-fazer\/","title":{"rendered":"Planalto admite que pacto da reforma pol\u00edtica de Dilma falhou. E agora, fazer o qu\u00ea?"},"content":{"rendered":"<p>Ao fazer um balan\u00e7o dos cinco pactos prometidos no ano passado a uma plateia de empres\u00e1rios e representantes do governo e da sociedade civil, a presidente Dilma Rousseff admitiu que houve um \u201cinsucesso\u201d na proposta de reforma pol\u00edtica. Para ela, \u00e9 necess\u00e1rio que haja uma mobiliza\u00e7\u00e3o social nos moldes da luta pelo voto direto, o movimento das Diretas J\u00e1.<\/p>\n<p class=\"text\">\u201cN\u00f3s tivemos um efetivo insucesso. Mas, recentemente, falando numa discuss\u00e3o com v\u00e1rias entidades da juventude, assim como no caso das Diretas, o sucesso n\u00e3o foi imediato, mas todo o movimento implicou em maior proximidade do Pa\u00eds \u00e0 plena democracia\u201d, disse a presidente. \u201cAssim tamb\u00e9m, toda essa movimenta\u00e7\u00e3o de governo e da sociedade nos aproximaram nessa transforma\u00e7\u00e3o que \u00e9 a reforma pol\u00edtica brasileira.\u201d<\/p>\n<p class=\"text\">O plano de Dilma no ano passado era o de fazer uma consulta direta \u00e0 popula\u00e7\u00e3o com propostas de mudan\u00e7as para a pol\u00edtica eleitoral brasileira a ser v\u00e1lida j\u00e1 no pleito de 2014. O assunto tramitou no Congresso Nacional, mas a falta de acordo esvaziou a proposta. Al\u00e9m disso, o calend\u00e1rio eleitoral impediu que mudan\u00e7as fossem aprovadas a tempo das elei\u00e7\u00f5es deste ano \u2013 altera\u00e7\u00f5es s\u00f3 podem ser feitas em, no m\u00e1ximo, um ano antes da ida da popula\u00e7\u00e3o \u00e0s urnas.<\/p>\n<p class=\"text\">\u201cSe quisermos uma reforma pol\u00edtica efetiva, temos todos de nos engajar nessa proposta. O governo manda a proposta, mas muitas vezes n\u00e3o tem correla\u00e7\u00e3o de for\u00e7as para aprov\u00e1-la\u201d, disse a presidente. \u201cA sociedade, nas diferentes inst\u00e2ncias, tem de se manifestar\u201d, conclamou.<\/p>\n<p class=\"text\">Dilma fez refer\u00eancia aos chamados cinco pactos, uma marca das respostas do governo \u00e0 onda de protestos ocorridos em junho do ano passado por melhorias de servi\u00e7os p\u00fablicos. \u00c0 \u00e9poca, a presidente prometeu responsabilidade fiscal, melhoria do sistema de sa\u00fade do Pa\u00eds, pol\u00edticas de incentivo ao transporte p\u00fablico e melhora da mobilidade urbana, incremento aos investimento em educa\u00e7\u00e3o, al\u00e9m de proposta de reforma pol\u00edtica.<\/p>\n<p class=\"text\">Al\u00e9m da reforma pol\u00edtica e responsabilidade fiscal, a presidente mencionou os <a href=\"http:\/\/noticias.terra.com.br\/infograficos\/pactos-dilma\/\" target=\"_blank\">demais pactos<\/a> feitos no ano passado em tom de balan\u00e7o. Ela elencou uma s\u00e9rie de obras do governo federal na\u00a0\u00e1rea\u00a0de mobilidade urbana &#8211;\u00a0em parceria com Estados e munic\u00edpios &#8211;\u00a0e tamb\u00e9m mencionou programas federais em sa\u00fade e educa\u00e7\u00e3o.<\/p>\n<p class=\"text\">Sobre sa\u00fade, a presidente destacou o programa Mais M\u00e9dicos e, em educa\u00e7\u00e3o, ela mencionou o direcionamento de recursos dos royalties do petr\u00f3leo e tamb\u00e9m fundos provenientes do pr\u00e9-sal para os investimentos no ensino. Segunda a presidente, \u201cn\u00e3o se faz educa\u00e7\u00e3o de qualidade sem dinheiro\u201d e \u201c\u00e9 uma temeridade n\u00e3o discutir primeiro de onde v\u00eam os recursos&#8221;.<\/p>\n","protected":false},"excerpt":{"rendered":"<p>Ao fazer um balan\u00e7o dos cinco pactos prometidos no ano passado a uma plateia de empres\u00e1rios e representantes do governo e da sociedade civil, a presidente Dilma Rousseff admitiu que houve um \u201cinsucesso\u201d na proposta de reforma pol\u00edtica. Para ela, \u00e9 necess\u00e1rio que haja uma mobiliza\u00e7\u00e3o social nos moldes da luta pelo voto direto, o [&hellip;]<\/p>\n","protected":false},"author":2,"featured_media":7051,"comment_status":"open","ping_status":"closed","sticky":false,"template":"","format":"standard","meta":{"_acf_changed":false,"footnotes":""},"categories":[16],"tags":[],"class_list":["post-7050","post","type-post","status-publish","format-standard","has-post-thumbnail","hentry","category-brasil"],"acf":[],"yoast_head":"<!-- This site is optimized with the Yoast SEO plugin v27.2 - https:\/\/yoast.com\/product\/yoast-seo-wordpress\/ -->\n<title>Planalto admite que pacto da reforma pol\u00edtica de Dilma falhou. E agora, fazer o qu\u00ea? - Notibras<\/title>\n<meta name=\"robots\" content=\"index, follow, max-snippet:-1, max-image-preview:large, max-video-preview:-1\" \/>\n<link rel=\"canonical\" href=\"https:\/\/www.notibras.com\/site\/planalto-admite-que-pacto-da-reforma-politica-falhou-e-agora-o-que-fazer\/\" \/>\n<meta property=\"og:locale\" content=\"pt_BR\" \/>\n<meta property=\"og:type\" content=\"article\" \/>\n<meta property=\"og:title\" content=\"Planalto admite que pacto da reforma pol\u00edtica de Dilma falhou. E agora, fazer o qu\u00ea? - Notibras\" \/>\n<meta property=\"og:description\" content=\"Ao fazer um balan\u00e7o dos cinco pactos prometidos no ano passado a uma plateia de empres\u00e1rios e representantes do governo e da sociedade civil, a presidente Dilma Rousseff admitiu que houve um \u201cinsucesso\u201d na proposta de reforma pol\u00edtica. Para ela, \u00e9 necess\u00e1rio que haja uma mobiliza\u00e7\u00e3o social nos moldes da luta pelo voto direto, o [&hellip;]\" \/>\n<meta property=\"og:url\" content=\"https:\/\/www.notibras.com\/site\/planalto-admite-que-pacto-da-reforma-politica-falhou-e-agora-o-que-fazer\/\" \/>\n<meta property=\"og:site_name\" content=\"Notibras\" \/>\n<meta property=\"article:publisher\" content=\"https:\/\/www.facebook.com\/notibras\/\" \/>\n<meta property=\"article:published_time\" content=\"2014-04-18T11:52:45+00:00\" \/>\n<meta property=\"article:modified_time\" content=\"2014-04-18T11:58:05+00:00\" \/>\n<meta property=\"og:image\" content=\"https:\/\/www.notibras.com\/site\/wp-content\/uploads\/2014\/04\/reforma-politica1.jpg\" \/>\n\t<meta property=\"og:image:width\" content=\"470\" \/>\n\t<meta property=\"og:image:height\" content=\"322\" \/>\n\t<meta property=\"og:image:type\" content=\"image\/jpeg\" \/>\n<meta name=\"author\" content=\"Reda\u00e7\u00e3o\" \/>\n<meta name=\"twitter:card\" content=\"summary_large_image\" \/>\n<meta name=\"twitter:creator\" content=\"@Notibras\" \/>\n<meta name=\"twitter:site\" content=\"@Notibras\" \/>\n<meta name=\"twitter:label1\" content=\"Escrito por\" \/>\n\t<meta name=\"twitter:data1\" content=\"Reda\u00e7\u00e3o\" \/>\n\t<meta name=\"twitter:label2\" content=\"Est. tempo de leitura\" \/>\n\t<meta name=\"twitter:data2\" content=\"2 minutos\" \/>\n<script type=\"application\/ld+json\" class=\"yoast-schema-graph\">{\"@context\":\"https:\/\/schema.org\",\"@graph\":[{\"@type\":\"Article\",\"@id\":\"https:\/\/www.notibras.com\/site\/planalto-admite-que-pacto-da-reforma-politica-falhou-e-agora-o-que-fazer\/#article\",\"isPartOf\":{\"@id\":\"https:\/\/www.notibras.com\/site\/planalto-admite-que-pacto-da-reforma-politica-falhou-e-agora-o-que-fazer\/\"},\"author\":{\"name\":\"Reda\u00e7\u00e3o\",\"@id\":\"https:\/\/www.notibras.com\/site\/#\/schema\/person\/36ab0979449956132d3e5b517ea76ac8\"},\"headline\":\"Planalto admite que pacto da reforma pol\u00edtica de Dilma falhou. E agora, fazer o qu\u00ea?\",\"datePublished\":\"2014-04-18T11:52:45+00:00\",\"dateModified\":\"2014-04-18T11:58:05+00:00\",\"mainEntityOfPage\":{\"@id\":\"https:\/\/www.notibras.com\/site\/planalto-admite-que-pacto-da-reforma-politica-falhou-e-agora-o-que-fazer\/\"},\"wordCount\":481,\"commentCount\":0,\"publisher\":{\"@id\":\"https:\/\/www.notibras.com\/site\/#organization\"},\"image\":{\"@id\":\"https:\/\/www.notibras.com\/site\/planalto-admite-que-pacto-da-reforma-politica-falhou-e-agora-o-que-fazer\/#primaryimage\"},\"thumbnailUrl\":\"https:\/\/www.notibras.com\/site\/wp-content\/uploads\/2014\/04\/reforma-politica1.jpg\",\"articleSection\":[\"Brasil\"],\"inLanguage\":\"pt-BR\",\"potentialAction\":[{\"@type\":\"CommentAction\",\"name\":\"Comment\",\"target\":[\"https:\/\/www.notibras.com\/site\/planalto-admite-que-pacto-da-reforma-politica-falhou-e-agora-o-que-fazer\/#respond\"]}]},{\"@type\":\"WebPage\",\"@id\":\"https:\/\/www.notibras.com\/site\/planalto-admite-que-pacto-da-reforma-politica-falhou-e-agora-o-que-fazer\/\",\"url\":\"https:\/\/www.notibras.com\/site\/planalto-admite-que-pacto-da-reforma-politica-falhou-e-agora-o-que-fazer\/\",\"name\":\"Planalto admite que pacto da reforma pol\u00edtica de Dilma falhou. E agora, fazer o qu\u00ea? - Notibras\",\"isPartOf\":{\"@id\":\"https:\/\/www.notibras.com\/site\/#website\"},\"primaryImageOfPage\":{\"@id\":\"https:\/\/www.notibras.com\/site\/planalto-admite-que-pacto-da-reforma-politica-falhou-e-agora-o-que-fazer\/#primaryimage\"},\"image\":{\"@id\":\"https:\/\/www.notibras.com\/site\/planalto-admite-que-pacto-da-reforma-politica-falhou-e-agora-o-que-fazer\/#primaryimage\"},\"thumbnailUrl\":\"https:\/\/www.notibras.com\/site\/wp-content\/uploads\/2014\/04\/reforma-politica1.jpg\",\"datePublished\":\"2014-04-18T11:52:45+00:00\",\"dateModified\":\"2014-04-18T11:58:05+00:00\",\"breadcrumb\":{\"@id\":\"https:\/\/www.notibras.com\/site\/planalto-admite-que-pacto-da-reforma-politica-falhou-e-agora-o-que-fazer\/#breadcrumb\"},\"inLanguage\":\"pt-BR\",\"potentialAction\":[{\"@type\":\"ReadAction\",\"target\":[\"https:\/\/www.notibras.com\/site\/planalto-admite-que-pacto-da-reforma-politica-falhou-e-agora-o-que-fazer\/\"]}]},{\"@type\":\"ImageObject\",\"inLanguage\":\"pt-BR\",\"@id\":\"https:\/\/www.notibras.com\/site\/planalto-admite-que-pacto-da-reforma-politica-falhou-e-agora-o-que-fazer\/#primaryimage\",\"url\":\"https:\/\/www.notibras.com\/site\/wp-content\/uploads\/2014\/04\/reforma-politica1.jpg\",\"contentUrl\":\"https:\/\/www.notibras.com\/site\/wp-content\/uploads\/2014\/04\/reforma-politica1.jpg\",\"width\":470,\"height\":322},{\"@type\":\"BreadcrumbList\",\"@id\":\"https:\/\/www.notibras.com\/site\/planalto-admite-que-pacto-da-reforma-politica-falhou-e-agora-o-que-fazer\/#breadcrumb\",\"itemListElement\":[{\"@type\":\"ListItem\",\"position\":1,\"name\":\"In\u00edcio\",\"item\":\"https:\/\/www.notibras.com\/site\/\"},{\"@type\":\"ListItem\",\"position\":2,\"name\":\"Planalto admite que pacto da reforma pol\u00edtica de Dilma falhou. E agora, fazer o qu\u00ea?\"}]},{\"@type\":\"WebSite\",\"@id\":\"https:\/\/www.notibras.com\/site\/#website\",\"url\":\"https:\/\/www.notibras.com\/site\/\",\"name\":\"Notibras\",\"description\":\"Not\u00edcias de Bras\u00edlia, do Brasil e do Mundo\",\"publisher\":{\"@id\":\"https:\/\/www.notibras.com\/site\/#organization\"},\"potentialAction\":[{\"@type\":\"SearchAction\",\"target\":{\"@type\":\"EntryPoint\",\"urlTemplate\":\"https:\/\/www.notibras.com\/site\/?s={search_term_string}\"},\"query-input\":{\"@type\":\"PropertyValueSpecification\",\"valueRequired\":true,\"valueName\":\"search_term_string\"}}],\"inLanguage\":\"pt-BR\"},{\"@type\":\"Organization\",\"@id\":\"https:\/\/www.notibras.com\/site\/#organization\",\"name\":\"Grupo Notibras de Comunica\u00e7\u00e3o\",\"url\":\"https:\/\/www.notibras.com\/site\/\",\"logo\":{\"@type\":\"ImageObject\",\"inLanguage\":\"pt-BR\",\"@id\":\"https:\/\/www.notibras.com\/site\/#\/schema\/logo\/image\/\",\"url\":\"https:\/\/www.notibras.com\/site\/wp-content\/uploads\/2023\/01\/notibras23.png\",\"contentUrl\":\"https:\/\/www.notibras.com\/site\/wp-content\/uploads\/2023\/01\/notibras23.png\",\"width\":350,\"height\":87,\"caption\":\"Grupo Notibras de Comunica\u00e7\u00e3o\"},\"image\":{\"@id\":\"https:\/\/www.notibras.com\/site\/#\/schema\/logo\/image\/\"},\"sameAs\":[\"https:\/\/www.facebook.com\/notibras\/\",\"https:\/\/x.com\/Notibras\",\"https:\/\/www.instagram.com\/notibras\/\"]},{\"@type\":\"Person\",\"@id\":\"https:\/\/www.notibras.com\/site\/#\/schema\/person\/36ab0979449956132d3e5b517ea76ac8\",\"name\":\"Reda\u00e7\u00e3o\",\"image\":{\"@type\":\"ImageObject\",\"inLanguage\":\"pt-BR\",\"@id\":\"https:\/\/secure.gravatar.com\/avatar\/e0a867bdedb85fd243eadf09663511f96fc81e0720a4a42581f334ad4303aa6b?s=96&d=mm&r=g\",\"url\":\"https:\/\/secure.gravatar.com\/avatar\/e0a867bdedb85fd243eadf09663511f96fc81e0720a4a42581f334ad4303aa6b?s=96&d=mm&r=g\",\"contentUrl\":\"https:\/\/secure.gravatar.com\/avatar\/e0a867bdedb85fd243eadf09663511f96fc81e0720a4a42581f334ad4303aa6b?s=96&d=mm&r=g\",\"caption\":\"Reda\u00e7\u00e3o\"}}]}<\/script>\n<!-- \/ Yoast SEO plugin. -->","yoast_head_json":{"title":"Planalto admite que pacto da reforma pol\u00edtica de Dilma falhou. E agora, fazer o qu\u00ea? - Notibras","robots":{"index":"index","follow":"follow","max-snippet":"max-snippet:-1","max-image-preview":"max-image-preview:large","max-video-preview":"max-video-preview:-1"},"canonical":"https:\/\/www.notibras.com\/site\/planalto-admite-que-pacto-da-reforma-politica-falhou-e-agora-o-que-fazer\/","og_locale":"pt_BR","og_type":"article","og_title":"Planalto admite que pacto da reforma pol\u00edtica de Dilma falhou. E agora, fazer o qu\u00ea? - Notibras","og_description":"Ao fazer um balan\u00e7o dos cinco pactos prometidos no ano passado a uma plateia de empres\u00e1rios e representantes do governo e da sociedade civil, a presidente Dilma Rousseff admitiu que houve um \u201cinsucesso\u201d na proposta de reforma pol\u00edtica. Para ela, \u00e9 necess\u00e1rio que haja uma mobiliza\u00e7\u00e3o social nos moldes da luta pelo voto direto, o [&hellip;]","og_url":"https:\/\/www.notibras.com\/site\/planalto-admite-que-pacto-da-reforma-politica-falhou-e-agora-o-que-fazer\/","og_site_name":"Notibras","article_publisher":"https:\/\/www.facebook.com\/notibras\/","article_published_time":"2014-04-18T11:52:45+00:00","article_modified_time":"2014-04-18T11:58:05+00:00","og_image":[{"width":470,"height":322,"url":"https:\/\/www.notibras.com\/site\/wp-content\/uploads\/2014\/04\/reforma-politica1.jpg","type":"image\/jpeg"}],"author":"Reda\u00e7\u00e3o","twitter_card":"summary_large_image","twitter_creator":"@Notibras","twitter_site":"@Notibras","twitter_misc":{"Escrito por":"Reda\u00e7\u00e3o","Est. tempo de leitura":"2 minutos"},"schema":{"@context":"https:\/\/schema.org","@graph":[{"@type":"Article","@id":"https:\/\/www.notibras.com\/site\/planalto-admite-que-pacto-da-reforma-politica-falhou-e-agora-o-que-fazer\/#article","isPartOf":{"@id":"https:\/\/www.notibras.com\/site\/planalto-admite-que-pacto-da-reforma-politica-falhou-e-agora-o-que-fazer\/"},"author":{"name":"Reda\u00e7\u00e3o","@id":"https:\/\/www.notibras.com\/site\/#\/schema\/person\/36ab0979449956132d3e5b517ea76ac8"},"headline":"Planalto admite que pacto da reforma pol\u00edtica de Dilma falhou. E agora, fazer o qu\u00ea?","datePublished":"2014-04-18T11:52:45+00:00","dateModified":"2014-04-18T11:58:05+00:00","mainEntityOfPage":{"@id":"https:\/\/www.notibras.com\/site\/planalto-admite-que-pacto-da-reforma-politica-falhou-e-agora-o-que-fazer\/"},"wordCount":481,"commentCount":0,"publisher":{"@id":"https:\/\/www.notibras.com\/site\/#organization"},"image":{"@id":"https:\/\/www.notibras.com\/site\/planalto-admite-que-pacto-da-reforma-politica-falhou-e-agora-o-que-fazer\/#primaryimage"},"thumbnailUrl":"https:\/\/www.notibras.com\/site\/wp-content\/uploads\/2014\/04\/reforma-politica1.jpg","articleSection":["Brasil"],"inLanguage":"pt-BR","potentialAction":[{"@type":"CommentAction","name":"Comment","target":["https:\/\/www.notibras.com\/site\/planalto-admite-que-pacto-da-reforma-politica-falhou-e-agora-o-que-fazer\/#respond"]}]},{"@type":"WebPage","@id":"https:\/\/www.notibras.com\/site\/planalto-admite-que-pacto-da-reforma-politica-falhou-e-agora-o-que-fazer\/","url":"https:\/\/www.notibras.com\/site\/planalto-admite-que-pacto-da-reforma-politica-falhou-e-agora-o-que-fazer\/","name":"Planalto admite que pacto da reforma pol\u00edtica de Dilma falhou. E agora, fazer o qu\u00ea? - Notibras","isPartOf":{"@id":"https:\/\/www.notibras.com\/site\/#website"},"primaryImageOfPage":{"@id":"https:\/\/www.notibras.com\/site\/planalto-admite-que-pacto-da-reforma-politica-falhou-e-agora-o-que-fazer\/#primaryimage"},"image":{"@id":"https:\/\/www.notibras.com\/site\/planalto-admite-que-pacto-da-reforma-politica-falhou-e-agora-o-que-fazer\/#primaryimage"},"thumbnailUrl":"https:\/\/www.notibras.com\/site\/wp-content\/uploads\/2014\/04\/reforma-politica1.jpg","datePublished":"2014-04-18T11:52:45+00:00","dateModified":"2014-04-18T11:58:05+00:00","breadcrumb":{"@id":"https:\/\/www.notibras.com\/site\/planalto-admite-que-pacto-da-reforma-politica-falhou-e-agora-o-que-fazer\/#breadcrumb"},"inLanguage":"pt-BR","potentialAction":[{"@type":"ReadAction","target":["https:\/\/www.notibras.com\/site\/planalto-admite-que-pacto-da-reforma-politica-falhou-e-agora-o-que-fazer\/"]}]},{"@type":"ImageObject","inLanguage":"pt-BR","@id":"https:\/\/www.notibras.com\/site\/planalto-admite-que-pacto-da-reforma-politica-falhou-e-agora-o-que-fazer\/#primaryimage","url":"https:\/\/www.notibras.com\/site\/wp-content\/uploads\/2014\/04\/reforma-politica1.jpg","contentUrl":"https:\/\/www.notibras.com\/site\/wp-content\/uploads\/2014\/04\/reforma-politica1.jpg","width":470,"height":322},{"@type":"BreadcrumbList","@id":"https:\/\/www.notibras.com\/site\/planalto-admite-que-pacto-da-reforma-politica-falhou-e-agora-o-que-fazer\/#breadcrumb","itemListElement":[{"@type":"ListItem","position":1,"name":"In\u00edcio","item":"https:\/\/www.notibras.com\/site\/"},{"@type":"ListItem","position":2,"name":"Planalto admite que pacto da reforma pol\u00edtica de Dilma falhou. E agora, fazer o qu\u00ea?"}]},{"@type":"WebSite","@id":"https:\/\/www.notibras.com\/site\/#website","url":"https:\/\/www.notibras.com\/site\/","name":"Notibras","description":"Not\u00edcias de Bras\u00edlia, do Brasil e do Mundo","publisher":{"@id":"https:\/\/www.notibras.com\/site\/#organization"},"potentialAction":[{"@type":"SearchAction","target":{"@type":"EntryPoint","urlTemplate":"https:\/\/www.notibras.com\/site\/?s={search_term_string}"},"query-input":{"@type":"PropertyValueSpecification","valueRequired":true,"valueName":"search_term_string"}}],"inLanguage":"pt-BR"},{"@type":"Organization","@id":"https:\/\/www.notibras.com\/site\/#organization","name":"Grupo Notibras de Comunica\u00e7\u00e3o","url":"https:\/\/www.notibras.com\/site\/","logo":{"@type":"ImageObject","inLanguage":"pt-BR","@id":"https:\/\/www.notibras.com\/site\/#\/schema\/logo\/image\/","url":"https:\/\/www.notibras.com\/site\/wp-content\/uploads\/2023\/01\/notibras23.png","contentUrl":"https:\/\/www.notibras.com\/site\/wp-content\/uploads\/2023\/01\/notibras23.png","width":350,"height":87,"caption":"Grupo Notibras de Comunica\u00e7\u00e3o"},"image":{"@id":"https:\/\/www.notibras.com\/site\/#\/schema\/logo\/image\/"},"sameAs":["https:\/\/www.facebook.com\/notibras\/","https:\/\/x.com\/Notibras","https:\/\/www.instagram.com\/notibras\/"]},{"@type":"Person","@id":"https:\/\/www.notibras.com\/site\/#\/schema\/person\/36ab0979449956132d3e5b517ea76ac8","name":"Reda\u00e7\u00e3o","image":{"@type":"ImageObject","inLanguage":"pt-BR","@id":"https:\/\/secure.gravatar.com\/avatar\/e0a867bdedb85fd243eadf09663511f96fc81e0720a4a42581f334ad4303aa6b?s=96&d=mm&r=g","url":"https:\/\/secure.gravatar.com\/avatar\/e0a867bdedb85fd243eadf09663511f96fc81e0720a4a42581f334ad4303aa6b?s=96&d=mm&r=g","contentUrl":"https:\/\/secure.gravatar.com\/avatar\/e0a867bdedb85fd243eadf09663511f96fc81e0720a4a42581f334ad4303aa6b?s=96&d=mm&r=g","caption":"Reda\u00e7\u00e3o"}}]}},"amp_enabled":true,"_links":{"self":[{"href":"https:\/\/www.notibras.com\/site\/wp-json\/wp\/v2\/posts\/7050","targetHints":{"allow":["GET"]}}],"collection":[{"href":"https:\/\/www.notibras.com\/site\/wp-json\/wp\/v2\/posts"}],"about":[{"href":"https:\/\/www.notibras.com\/site\/wp-json\/wp\/v2\/types\/post"}],"author":[{"embeddable":true,"href":"https:\/\/www.notibras.com\/site\/wp-json\/wp\/v2\/users\/2"}],"replies":[{"embeddable":true,"href":"https:\/\/www.notibras.com\/site\/wp-json\/wp\/v2\/comments?post=7050"}],"version-history":[{"count":0,"href":"https:\/\/www.notibras.com\/site\/wp-json\/wp\/v2\/posts\/7050\/revisions"}],"wp:featuredmedia":[{"embeddable":true,"href":"https:\/\/www.notibras.com\/site\/wp-json\/wp\/v2\/media\/7051"}],"wp:attachment":[{"href":"https:\/\/www.notibras.com\/site\/wp-json\/wp\/v2\/media?parent=7050"}],"wp:term":[{"taxonomy":"category","embeddable":true,"href":"https:\/\/www.notibras.com\/site\/wp-json\/wp\/v2\/categories?post=7050"},{"taxonomy":"post_tag","embeddable":true,"href":"https:\/\/www.notibras.com\/site\/wp-json\/wp\/v2\/tags?post=7050"}],"curies":[{"name":"wp","href":"https:\/\/api.w.org\/{rel}","templated":true}]}}