{"id":7054,"date":"2014-04-18T08:56:25","date_gmt":"2014-04-18T11:56:25","guid":{"rendered":"http:\/\/www.notibras.com\/site\/?p=7054"},"modified":"2014-04-18T18:33:57","modified_gmt":"2014-04-18T21:33:57","slug":"eduardo-ve-reforma-tributaria-e-corte-de-gastos-como-alternativa-para-crise","status":"publish","type":"post","link":"https:\/\/www.notibras.com\/site\/eduardo-ve-reforma-tributaria-e-corte-de-gastos-como-alternativa-para-crise\/","title":{"rendered":"Eduardo v\u00ea reforma tribut\u00e1ria e corte de gastos como alternativa contra crise"},"content":{"rendered":"<p>O Brasil precisa cortar gastos ruins de custeio da m\u00e1quina p\u00fablica e de uma reforma tribut\u00e1ria fatiada, sem perder conquistas sociais ou reduzir direitos trabalhistas, disse o pr\u00e9-candidato do PSB \u00e0 Presid\u00eancia, Eduardo Campos. Para ele, isso depende fundamentalmente de uma mudan\u00e7a na governan\u00e7a pol\u00edtica.<\/p>\n<p>O socialista de 48 anos defendeu, em entrevista exclusiva \u00e0 Reuters nesta quinta-feira em S\u00e3o Paulo, que a Petrobras tenha uma pol\u00edtica clara e p\u00fablica de reajustes dos pre\u00e7os dos combust\u00edveis, a exemplo do que ocorre com tarifas de energia e telefonia.<\/p>\n<p>&#8220;N\u00f3s vamos conter a infla\u00e7\u00e3o, n\u00f3s vamos fazer o Brasil crescer, n\u00f3s vamos alavancar os investimentos no Brasil, n\u00f3s vamos conter o gasto ruim, n\u00f3s vamos fazer o dever de casa que precisa ser feito&#8221;, prometeu.<\/p>\n<p>&#8220;N\u00e3o vamos fazer isso perdendo conquistas sociais, n\u00e3o vamos fazer isso sacrificando o direito dos trabalhadores. Vamos fazer isso com uma governan\u00e7a inteligente, passando confian\u00e7a aos investidores, tendo coragem de fazer os cortes que a m\u00e1quina p\u00fablica precisa.&#8221;<\/p>\n<p>Tudo isso, na vis\u00e3o de Campos, s\u00f3 ser\u00e1 poss\u00edvel com a mudan\u00e7a na rela\u00e7\u00e3o pol\u00edtica, considerada por ele a barreira mais importante a ser vencida.<\/p>\n<p>&#8220;Agora \u00e9 um novo ciclo, o padr\u00e3o pol\u00edtico brasileiro est\u00e1 vencido, o padr\u00e3o de governan\u00e7a do Estado est\u00e1 vencido&#8221;, disse ele, que luta para ser conhecido pelo eleitorado brasileiro e para quebrar a polariza\u00e7\u00e3o de PT e PSDB, que governam o pa\u00eds h\u00e1 19 anos.<\/p>\n<p>&#8220;Quem falar isso para o Brasil vai encantar a vida brasileira e vai ter o apoio da sociedade para fazer mudan\u00e7as&#8221;, disse o pernambucano, que anunciou na semana passada a chapa com a ex-senadora Marina Silva para disputar a Presid\u00eancia.<\/p>\n<p>Segundo ele, se o Brasil p\u00f4de derrotar a ditadura, n\u00e3o h\u00e1 por que duvidar que \u00e9 poss\u00edvel vencer &#8220;a velha pol\u00edtica que est\u00e1 em Bras\u00edlia&#8221;. &#8220;Essa \u00e9 a trincheira que tem que ser derrotada para abrir um novo tempo e um novo ciclo (no pa\u00eds)&#8221;, disse Campos.<\/p>\n<p>&#8220;Para mim \u00e9 muito claro o diagn\u00f3stico de que a primeira das mudan\u00e7as&#8230; \u00e9 uma mudan\u00e7a na pol\u00edtica&#8221;, insistiu o ex-governador de Pernambuco, que numa conversa de quase uma hora evitou se comprometer com metas fiscais.<\/p>\n<p>Campos disse que a &#8220;velha governan\u00e7a pol\u00edtica&#8221; ter\u00e1 que ser vencida com a ajuda da sociedade, que pode pressionar o Congresso Nacional a votar o que os candidatos pactuaram durante a campanha eleitoral.<\/p>\n<p>&#8220;N\u00f3s estamos dizendo agora, n\u00f3s estamos dizendo \u00e0 sociedade, \u00e9 poss\u00edvel fazer uma governan\u00e7a diferente. A sociedade tem um papel agora, que \u00e9 mandar para o Congresso parlamentares que tenham a ver com essa vis\u00e3o&#8221;, argumentou.<\/p>\n<p>Questionado sobre o que far\u00e1 para vencer a desconfian\u00e7a dos investidores com o Brasil e para enfrentar as dificuldades econ\u00f4micas previstas para 2015, Campos aposta que sua vit\u00f3ria j\u00e1 solucionaria parte das preocupa\u00e7\u00f5es dos mercados.<\/p>\n<p>&#8220;Eu acho que a gente vai come\u00e7ar a ajustar a economia antes de janeiro de 2015. A gente vai come\u00e7ar a ajustar a economia ganhando a elei\u00e7\u00e3o&#8221;, afirmou confiante.<\/p>\n<p>&#8220;N\u00f3s temos problemas nos fundamentos macroecon\u00f4micos, mas esses problemas n\u00e3o s\u00e3o nem maiores do que j\u00e1 foram no passado e nem s\u00e3o maiores do que os problemas que outros pa\u00edses do mundo da mesma dimens\u00e3o do Brasil t\u00eam&#8221;, disse.<\/p>\n<p>PETROBRAS<\/p>\n<p>Se eleito, Campos disse que determinar\u00e1 que a Petrobras tenha uma pol\u00edtica clara de reajuste para os combust\u00edveis, semelhante ao que ocorre com outros segmentos da economia.<\/p>\n<p>&#8220;O setor de energia tem uma regra, telefonia tem uma regra, a passagem de \u00f4nibus tem uma regra. H\u00e1 um pre\u00e7o transversal na economia em quest\u00e3o que \u00e9 o pre\u00e7o do combust\u00edvel. Ele tem que ter uma regra. E essa regra tem que estar na equa\u00e7\u00e3o da pol\u00edtica macroecon\u00f4mica&#8221;, afirmou o pr\u00e9-candidato. &#8220;N\u00e3o \u00e9 a pol\u00edtica macroecon\u00f4mica definir a regra (de reajuste dos combust\u00edveis) em fun\u00e7\u00e3o de sua conveni\u00eancia.&#8221;<\/p>\n<p>A Petrobras vem enfrentando deteriora\u00e7\u00e3o de sua sa\u00fade financeira nos \u00faltimos anos, entre outras raz\u00f5es pela defasagem dos pre\u00e7os dos combust\u00edveis no mercado interno em rela\u00e7\u00e3o ao valor do petr\u00f3leo no exterior e diante de seu ambicioso plano de investimentos.<\/p>\n<p>Campos tamb\u00e9m promete profissionalizar a gest\u00e3o da estatal para blind\u00e1-la da inger\u00eancia pol\u00edtica.<\/p>\n<p>REDU\u00c7\u00c3O DA CARGA TRIBUT\u00c1RIA<\/p>\n<p>Campos deseja que a reforma tribut\u00e1ria seja feita de forma fatiada e acredita que ter\u00e1 condi\u00e7\u00f5es de avan\u00e7ar rapidamente com as mudan\u00e7as, se eleito, porque &#8220;j\u00e1 est\u00e1 tudo debatido&#8221;. Ele pretende enfrentar as resist\u00eancias estabelecendo mudan\u00e7as num horizonte de at\u00e9 12 anos.<\/p>\n<p>&#8220;Eu acho que simplificando (a cobran\u00e7a de tributos) e tornando o sistema mais inteligente, temos como reduzir a carga tribut\u00e1ria&#8221;, afirmou, evitando se comprometer com um percentual de redu\u00e7\u00e3o.<\/p>\n<p>A carga tribut\u00e1ria brasileira gira em torno de 37 por cento e \u00e9 apontada como um dos entraves para o crescimento da economia.<\/p>\n<p>Campos disse ainda que, se eleito, vai manter a l\u00f3gica de conceder reajustes reais ao sal\u00e1rio m\u00ednimo, mas pretende discutir a atual f\u00f3rmula.<\/p>\n<p>PESQUISAS<\/p>\n<p>Campos minimizou o desempenho que vem tendo nas pesquisas de inten\u00e7\u00e3o de voto e argumentou que as pessoas ainda n\u00e3o est\u00e3o pensando na elei\u00e7\u00e3o. Por isso, segundo ele, os candidatos de oposi\u00e7\u00e3o n\u00e3o se aproximam da presidente Dilma Rousseff, candidata \u00e0 reelei\u00e7\u00e3o.<\/p>\n<p>O socialista est\u00e1 em terceiro, com 10 por cento das inten\u00e7\u00f5es de voto, atr\u00e1s do pr\u00e9-candidato do PSDB, o senador A\u00e9cio Neves (MG), que registrou 16 por cento no \u00faltimo levantamento Datafolha, e de Dilma, que tem 38 por cento.<\/p>\n<p>&#8220;O humor do eleitorado \u00e9 de inquieta\u00e7\u00e3o&#8230; E qual o vento que sopra? 73 por cento dizem que querem mudan\u00e7as. Esse \u00e9 o dado importante&#8221;, argumentou Campos, que acredita ter mais chances de capitalizar esse sentimento por representar uma quebra da polariza\u00e7\u00e3o entre petistas e tucanos, da qual as pessoas estariam fartas.<\/p>\n<p>O ex-governador de Pernambuco afirmou ainda que chegou a hora de ter uma vis\u00e3o de longo prazo sobre o pa\u00eds, sem pensar apenas em uma gest\u00e3o. &#8220;Isso \u00e9 uma vis\u00e3o med\u00edocre que tem que ser superada&#8221;, disse.<\/p>\n<p>&#8220;N\u00e3o \u00e9 um debate gerencial, \u00e9 um debate de lideran\u00e7a, sobre qual o novo pacto que precisa ser constru\u00eddo&#8221;, afirmou.<\/p>\n","protected":false},"excerpt":{"rendered":"<p>O Brasil precisa cortar gastos ruins de custeio da m\u00e1quina p\u00fablica e de uma reforma tribut\u00e1ria fatiada, sem perder conquistas sociais ou reduzir direitos trabalhistas, disse o pr\u00e9-candidato do PSB \u00e0 Presid\u00eancia, Eduardo Campos. Para ele, isso depende fundamentalmente de uma mudan\u00e7a na governan\u00e7a pol\u00edtica. O socialista de 48 anos defendeu, em entrevista exclusiva \u00e0 [&hellip;]<\/p>\n","protected":false},"author":2,"featured_media":7055,"comment_status":"open","ping_status":"closed","sticky":false,"template":"","format":"standard","meta":{"_acf_changed":false,"footnotes":""},"categories":[16],"tags":[],"class_list":["post-7054","post","type-post","status-publish","format-standard","has-post-thumbnail","hentry","category-brasil"],"acf":[],"yoast_head":"<!-- This site is optimized with the Yoast SEO plugin v27.2 - https:\/\/yoast.com\/product\/yoast-seo-wordpress\/ -->\n<title>Eduardo v\u00ea reforma tribut\u00e1ria e corte de gastos como alternativa contra crise - Notibras<\/title>\n<meta name=\"robots\" content=\"index, follow, max-snippet:-1, max-image-preview:large, max-video-preview:-1\" \/>\n<link rel=\"canonical\" href=\"https:\/\/www.notibras.com\/site\/eduardo-ve-reforma-tributaria-e-corte-de-gastos-como-alternativa-para-crise\/\" \/>\n<meta property=\"og:locale\" content=\"pt_BR\" \/>\n<meta property=\"og:type\" content=\"article\" \/>\n<meta property=\"og:title\" content=\"Eduardo v\u00ea reforma tribut\u00e1ria e corte de gastos como alternativa contra crise - Notibras\" \/>\n<meta property=\"og:description\" content=\"O Brasil precisa cortar gastos ruins de custeio da m\u00e1quina p\u00fablica e de uma reforma tribut\u00e1ria fatiada, sem perder conquistas sociais ou reduzir direitos trabalhistas, disse o pr\u00e9-candidato do PSB \u00e0 Presid\u00eancia, Eduardo Campos. Para ele, isso depende fundamentalmente de uma mudan\u00e7a na governan\u00e7a pol\u00edtica. O socialista de 48 anos defendeu, em entrevista exclusiva \u00e0 [&hellip;]\" \/>\n<meta property=\"og:url\" content=\"https:\/\/www.notibras.com\/site\/eduardo-ve-reforma-tributaria-e-corte-de-gastos-como-alternativa-para-crise\/\" \/>\n<meta property=\"og:site_name\" content=\"Notibras\" \/>\n<meta property=\"article:publisher\" content=\"https:\/\/www.facebook.com\/notibras\/\" \/>\n<meta property=\"article:published_time\" content=\"2014-04-18T11:56:25+00:00\" \/>\n<meta property=\"article:modified_time\" content=\"2014-04-18T21:33:57+00:00\" \/>\n<meta property=\"og:image\" content=\"https:\/\/www.notibras.com\/site\/wp-content\/uploads\/2014\/04\/manchetes-politica-campos-entrevista.jpg\" \/>\n\t<meta property=\"og:image:width\" content=\"460\" \/>\n\t<meta property=\"og:image:height\" content=\"340\" \/>\n\t<meta property=\"og:image:type\" content=\"image\/jpeg\" \/>\n<meta name=\"author\" content=\"Reda\u00e7\u00e3o\" \/>\n<meta name=\"twitter:card\" content=\"summary_large_image\" \/>\n<meta name=\"twitter:creator\" content=\"@Notibras\" \/>\n<meta name=\"twitter:site\" content=\"@Notibras\" \/>\n<meta name=\"twitter:label1\" content=\"Escrito por\" \/>\n\t<meta name=\"twitter:data1\" content=\"Reda\u00e7\u00e3o\" \/>\n\t<meta name=\"twitter:label2\" content=\"Est. tempo de leitura\" \/>\n\t<meta name=\"twitter:data2\" content=\"5 minutos\" \/>\n<script type=\"application\/ld+json\" class=\"yoast-schema-graph\">{\"@context\":\"https:\/\/schema.org\",\"@graph\":[{\"@type\":\"Article\",\"@id\":\"https:\/\/www.notibras.com\/site\/eduardo-ve-reforma-tributaria-e-corte-de-gastos-como-alternativa-para-crise\/#article\",\"isPartOf\":{\"@id\":\"https:\/\/www.notibras.com\/site\/eduardo-ve-reforma-tributaria-e-corte-de-gastos-como-alternativa-para-crise\/\"},\"author\":{\"name\":\"Reda\u00e7\u00e3o\",\"@id\":\"https:\/\/www.notibras.com\/site\/#\/schema\/person\/36ab0979449956132d3e5b517ea76ac8\"},\"headline\":\"Eduardo v\u00ea reforma tribut\u00e1ria e corte de gastos como alternativa contra crise\",\"datePublished\":\"2014-04-18T11:56:25+00:00\",\"dateModified\":\"2014-04-18T21:33:57+00:00\",\"mainEntityOfPage\":{\"@id\":\"https:\/\/www.notibras.com\/site\/eduardo-ve-reforma-tributaria-e-corte-de-gastos-como-alternativa-para-crise\/\"},\"wordCount\":1109,\"commentCount\":0,\"publisher\":{\"@id\":\"https:\/\/www.notibras.com\/site\/#organization\"},\"image\":{\"@id\":\"https:\/\/www.notibras.com\/site\/eduardo-ve-reforma-tributaria-e-corte-de-gastos-como-alternativa-para-crise\/#primaryimage\"},\"thumbnailUrl\":\"https:\/\/www.notibras.com\/site\/wp-content\/uploads\/2014\/04\/manchetes-politica-campos-entrevista.jpg\",\"articleSection\":[\"Brasil\"],\"inLanguage\":\"pt-BR\",\"potentialAction\":[{\"@type\":\"CommentAction\",\"name\":\"Comment\",\"target\":[\"https:\/\/www.notibras.com\/site\/eduardo-ve-reforma-tributaria-e-corte-de-gastos-como-alternativa-para-crise\/#respond\"]}]},{\"@type\":\"WebPage\",\"@id\":\"https:\/\/www.notibras.com\/site\/eduardo-ve-reforma-tributaria-e-corte-de-gastos-como-alternativa-para-crise\/\",\"url\":\"https:\/\/www.notibras.com\/site\/eduardo-ve-reforma-tributaria-e-corte-de-gastos-como-alternativa-para-crise\/\",\"name\":\"Eduardo v\u00ea reforma tribut\u00e1ria e corte de gastos como alternativa contra crise - Notibras\",\"isPartOf\":{\"@id\":\"https:\/\/www.notibras.com\/site\/#website\"},\"primaryImageOfPage\":{\"@id\":\"https:\/\/www.notibras.com\/site\/eduardo-ve-reforma-tributaria-e-corte-de-gastos-como-alternativa-para-crise\/#primaryimage\"},\"image\":{\"@id\":\"https:\/\/www.notibras.com\/site\/eduardo-ve-reforma-tributaria-e-corte-de-gastos-como-alternativa-para-crise\/#primaryimage\"},\"thumbnailUrl\":\"https:\/\/www.notibras.com\/site\/wp-content\/uploads\/2014\/04\/manchetes-politica-campos-entrevista.jpg\",\"datePublished\":\"2014-04-18T11:56:25+00:00\",\"dateModified\":\"2014-04-18T21:33:57+00:00\",\"breadcrumb\":{\"@id\":\"https:\/\/www.notibras.com\/site\/eduardo-ve-reforma-tributaria-e-corte-de-gastos-como-alternativa-para-crise\/#breadcrumb\"},\"inLanguage\":\"pt-BR\",\"potentialAction\":[{\"@type\":\"ReadAction\",\"target\":[\"https:\/\/www.notibras.com\/site\/eduardo-ve-reforma-tributaria-e-corte-de-gastos-como-alternativa-para-crise\/\"]}]},{\"@type\":\"ImageObject\",\"inLanguage\":\"pt-BR\",\"@id\":\"https:\/\/www.notibras.com\/site\/eduardo-ve-reforma-tributaria-e-corte-de-gastos-como-alternativa-para-crise\/#primaryimage\",\"url\":\"https:\/\/www.notibras.com\/site\/wp-content\/uploads\/2014\/04\/manchetes-politica-campos-entrevista.jpg\",\"contentUrl\":\"https:\/\/www.notibras.com\/site\/wp-content\/uploads\/2014\/04\/manchetes-politica-campos-entrevista.jpg\",\"width\":460,\"height\":340},{\"@type\":\"BreadcrumbList\",\"@id\":\"https:\/\/www.notibras.com\/site\/eduardo-ve-reforma-tributaria-e-corte-de-gastos-como-alternativa-para-crise\/#breadcrumb\",\"itemListElement\":[{\"@type\":\"ListItem\",\"position\":1,\"name\":\"In\u00edcio\",\"item\":\"https:\/\/www.notibras.com\/site\/\"},{\"@type\":\"ListItem\",\"position\":2,\"name\":\"Eduardo v\u00ea reforma tribut\u00e1ria e corte de gastos como alternativa contra crise\"}]},{\"@type\":\"WebSite\",\"@id\":\"https:\/\/www.notibras.com\/site\/#website\",\"url\":\"https:\/\/www.notibras.com\/site\/\",\"name\":\"Notibras\",\"description\":\"Not\u00edcias de Bras\u00edlia, do Brasil e do Mundo\",\"publisher\":{\"@id\":\"https:\/\/www.notibras.com\/site\/#organization\"},\"potentialAction\":[{\"@type\":\"SearchAction\",\"target\":{\"@type\":\"EntryPoint\",\"urlTemplate\":\"https:\/\/www.notibras.com\/site\/?s={search_term_string}\"},\"query-input\":{\"@type\":\"PropertyValueSpecification\",\"valueRequired\":true,\"valueName\":\"search_term_string\"}}],\"inLanguage\":\"pt-BR\"},{\"@type\":\"Organization\",\"@id\":\"https:\/\/www.notibras.com\/site\/#organization\",\"name\":\"Grupo Notibras de Comunica\u00e7\u00e3o\",\"url\":\"https:\/\/www.notibras.com\/site\/\",\"logo\":{\"@type\":\"ImageObject\",\"inLanguage\":\"pt-BR\",\"@id\":\"https:\/\/www.notibras.com\/site\/#\/schema\/logo\/image\/\",\"url\":\"https:\/\/www.notibras.com\/site\/wp-content\/uploads\/2023\/01\/notibras23.png\",\"contentUrl\":\"https:\/\/www.notibras.com\/site\/wp-content\/uploads\/2023\/01\/notibras23.png\",\"width\":350,\"height\":87,\"caption\":\"Grupo Notibras de Comunica\u00e7\u00e3o\"},\"image\":{\"@id\":\"https:\/\/www.notibras.com\/site\/#\/schema\/logo\/image\/\"},\"sameAs\":[\"https:\/\/www.facebook.com\/notibras\/\",\"https:\/\/x.com\/Notibras\",\"https:\/\/www.instagram.com\/notibras\/\"]},{\"@type\":\"Person\",\"@id\":\"https:\/\/www.notibras.com\/site\/#\/schema\/person\/36ab0979449956132d3e5b517ea76ac8\",\"name\":\"Reda\u00e7\u00e3o\",\"image\":{\"@type\":\"ImageObject\",\"inLanguage\":\"pt-BR\",\"@id\":\"https:\/\/secure.gravatar.com\/avatar\/e0a867bdedb85fd243eadf09663511f96fc81e0720a4a42581f334ad4303aa6b?s=96&d=mm&r=g\",\"url\":\"https:\/\/secure.gravatar.com\/avatar\/e0a867bdedb85fd243eadf09663511f96fc81e0720a4a42581f334ad4303aa6b?s=96&d=mm&r=g\",\"contentUrl\":\"https:\/\/secure.gravatar.com\/avatar\/e0a867bdedb85fd243eadf09663511f96fc81e0720a4a42581f334ad4303aa6b?s=96&d=mm&r=g\",\"caption\":\"Reda\u00e7\u00e3o\"}}]}<\/script>\n<!-- \/ Yoast SEO plugin. -->","yoast_head_json":{"title":"Eduardo v\u00ea reforma tribut\u00e1ria e corte de gastos como alternativa contra crise - Notibras","robots":{"index":"index","follow":"follow","max-snippet":"max-snippet:-1","max-image-preview":"max-image-preview:large","max-video-preview":"max-video-preview:-1"},"canonical":"https:\/\/www.notibras.com\/site\/eduardo-ve-reforma-tributaria-e-corte-de-gastos-como-alternativa-para-crise\/","og_locale":"pt_BR","og_type":"article","og_title":"Eduardo v\u00ea reforma tribut\u00e1ria e corte de gastos como alternativa contra crise - Notibras","og_description":"O Brasil precisa cortar gastos ruins de custeio da m\u00e1quina p\u00fablica e de uma reforma tribut\u00e1ria fatiada, sem perder conquistas sociais ou reduzir direitos trabalhistas, disse o pr\u00e9-candidato do PSB \u00e0 Presid\u00eancia, Eduardo Campos. Para ele, isso depende fundamentalmente de uma mudan\u00e7a na governan\u00e7a pol\u00edtica. O socialista de 48 anos defendeu, em entrevista exclusiva \u00e0 [&hellip;]","og_url":"https:\/\/www.notibras.com\/site\/eduardo-ve-reforma-tributaria-e-corte-de-gastos-como-alternativa-para-crise\/","og_site_name":"Notibras","article_publisher":"https:\/\/www.facebook.com\/notibras\/","article_published_time":"2014-04-18T11:56:25+00:00","article_modified_time":"2014-04-18T21:33:57+00:00","og_image":[{"width":460,"height":340,"url":"https:\/\/www.notibras.com\/site\/wp-content\/uploads\/2014\/04\/manchetes-politica-campos-entrevista.jpg","type":"image\/jpeg"}],"author":"Reda\u00e7\u00e3o","twitter_card":"summary_large_image","twitter_creator":"@Notibras","twitter_site":"@Notibras","twitter_misc":{"Escrito por":"Reda\u00e7\u00e3o","Est. tempo de leitura":"5 minutos"},"schema":{"@context":"https:\/\/schema.org","@graph":[{"@type":"Article","@id":"https:\/\/www.notibras.com\/site\/eduardo-ve-reforma-tributaria-e-corte-de-gastos-como-alternativa-para-crise\/#article","isPartOf":{"@id":"https:\/\/www.notibras.com\/site\/eduardo-ve-reforma-tributaria-e-corte-de-gastos-como-alternativa-para-crise\/"},"author":{"name":"Reda\u00e7\u00e3o","@id":"https:\/\/www.notibras.com\/site\/#\/schema\/person\/36ab0979449956132d3e5b517ea76ac8"},"headline":"Eduardo v\u00ea reforma tribut\u00e1ria e corte de gastos como alternativa contra crise","datePublished":"2014-04-18T11:56:25+00:00","dateModified":"2014-04-18T21:33:57+00:00","mainEntityOfPage":{"@id":"https:\/\/www.notibras.com\/site\/eduardo-ve-reforma-tributaria-e-corte-de-gastos-como-alternativa-para-crise\/"},"wordCount":1109,"commentCount":0,"publisher":{"@id":"https:\/\/www.notibras.com\/site\/#organization"},"image":{"@id":"https:\/\/www.notibras.com\/site\/eduardo-ve-reforma-tributaria-e-corte-de-gastos-como-alternativa-para-crise\/#primaryimage"},"thumbnailUrl":"https:\/\/www.notibras.com\/site\/wp-content\/uploads\/2014\/04\/manchetes-politica-campos-entrevista.jpg","articleSection":["Brasil"],"inLanguage":"pt-BR","potentialAction":[{"@type":"CommentAction","name":"Comment","target":["https:\/\/www.notibras.com\/site\/eduardo-ve-reforma-tributaria-e-corte-de-gastos-como-alternativa-para-crise\/#respond"]}]},{"@type":"WebPage","@id":"https:\/\/www.notibras.com\/site\/eduardo-ve-reforma-tributaria-e-corte-de-gastos-como-alternativa-para-crise\/","url":"https:\/\/www.notibras.com\/site\/eduardo-ve-reforma-tributaria-e-corte-de-gastos-como-alternativa-para-crise\/","name":"Eduardo v\u00ea reforma tribut\u00e1ria e corte de gastos como alternativa contra crise - Notibras","isPartOf":{"@id":"https:\/\/www.notibras.com\/site\/#website"},"primaryImageOfPage":{"@id":"https:\/\/www.notibras.com\/site\/eduardo-ve-reforma-tributaria-e-corte-de-gastos-como-alternativa-para-crise\/#primaryimage"},"image":{"@id":"https:\/\/www.notibras.com\/site\/eduardo-ve-reforma-tributaria-e-corte-de-gastos-como-alternativa-para-crise\/#primaryimage"},"thumbnailUrl":"https:\/\/www.notibras.com\/site\/wp-content\/uploads\/2014\/04\/manchetes-politica-campos-entrevista.jpg","datePublished":"2014-04-18T11:56:25+00:00","dateModified":"2014-04-18T21:33:57+00:00","breadcrumb":{"@id":"https:\/\/www.notibras.com\/site\/eduardo-ve-reforma-tributaria-e-corte-de-gastos-como-alternativa-para-crise\/#breadcrumb"},"inLanguage":"pt-BR","potentialAction":[{"@type":"ReadAction","target":["https:\/\/www.notibras.com\/site\/eduardo-ve-reforma-tributaria-e-corte-de-gastos-como-alternativa-para-crise\/"]}]},{"@type":"ImageObject","inLanguage":"pt-BR","@id":"https:\/\/www.notibras.com\/site\/eduardo-ve-reforma-tributaria-e-corte-de-gastos-como-alternativa-para-crise\/#primaryimage","url":"https:\/\/www.notibras.com\/site\/wp-content\/uploads\/2014\/04\/manchetes-politica-campos-entrevista.jpg","contentUrl":"https:\/\/www.notibras.com\/site\/wp-content\/uploads\/2014\/04\/manchetes-politica-campos-entrevista.jpg","width":460,"height":340},{"@type":"BreadcrumbList","@id":"https:\/\/www.notibras.com\/site\/eduardo-ve-reforma-tributaria-e-corte-de-gastos-como-alternativa-para-crise\/#breadcrumb","itemListElement":[{"@type":"ListItem","position":1,"name":"In\u00edcio","item":"https:\/\/www.notibras.com\/site\/"},{"@type":"ListItem","position":2,"name":"Eduardo v\u00ea reforma tribut\u00e1ria e corte de gastos como alternativa contra crise"}]},{"@type":"WebSite","@id":"https:\/\/www.notibras.com\/site\/#website","url":"https:\/\/www.notibras.com\/site\/","name":"Notibras","description":"Not\u00edcias de Bras\u00edlia, do Brasil e do Mundo","publisher":{"@id":"https:\/\/www.notibras.com\/site\/#organization"},"potentialAction":[{"@type":"SearchAction","target":{"@type":"EntryPoint","urlTemplate":"https:\/\/www.notibras.com\/site\/?s={search_term_string}"},"query-input":{"@type":"PropertyValueSpecification","valueRequired":true,"valueName":"search_term_string"}}],"inLanguage":"pt-BR"},{"@type":"Organization","@id":"https:\/\/www.notibras.com\/site\/#organization","name":"Grupo Notibras de Comunica\u00e7\u00e3o","url":"https:\/\/www.notibras.com\/site\/","logo":{"@type":"ImageObject","inLanguage":"pt-BR","@id":"https:\/\/www.notibras.com\/site\/#\/schema\/logo\/image\/","url":"https:\/\/www.notibras.com\/site\/wp-content\/uploads\/2023\/01\/notibras23.png","contentUrl":"https:\/\/www.notibras.com\/site\/wp-content\/uploads\/2023\/01\/notibras23.png","width":350,"height":87,"caption":"Grupo Notibras de Comunica\u00e7\u00e3o"},"image":{"@id":"https:\/\/www.notibras.com\/site\/#\/schema\/logo\/image\/"},"sameAs":["https:\/\/www.facebook.com\/notibras\/","https:\/\/x.com\/Notibras","https:\/\/www.instagram.com\/notibras\/"]},{"@type":"Person","@id":"https:\/\/www.notibras.com\/site\/#\/schema\/person\/36ab0979449956132d3e5b517ea76ac8","name":"Reda\u00e7\u00e3o","image":{"@type":"ImageObject","inLanguage":"pt-BR","@id":"https:\/\/secure.gravatar.com\/avatar\/e0a867bdedb85fd243eadf09663511f96fc81e0720a4a42581f334ad4303aa6b?s=96&d=mm&r=g","url":"https:\/\/secure.gravatar.com\/avatar\/e0a867bdedb85fd243eadf09663511f96fc81e0720a4a42581f334ad4303aa6b?s=96&d=mm&r=g","contentUrl":"https:\/\/secure.gravatar.com\/avatar\/e0a867bdedb85fd243eadf09663511f96fc81e0720a4a42581f334ad4303aa6b?s=96&d=mm&r=g","caption":"Reda\u00e7\u00e3o"}}]}},"amp_enabled":true,"_links":{"self":[{"href":"https:\/\/www.notibras.com\/site\/wp-json\/wp\/v2\/posts\/7054","targetHints":{"allow":["GET"]}}],"collection":[{"href":"https:\/\/www.notibras.com\/site\/wp-json\/wp\/v2\/posts"}],"about":[{"href":"https:\/\/www.notibras.com\/site\/wp-json\/wp\/v2\/types\/post"}],"author":[{"embeddable":true,"href":"https:\/\/www.notibras.com\/site\/wp-json\/wp\/v2\/users\/2"}],"replies":[{"embeddable":true,"href":"https:\/\/www.notibras.com\/site\/wp-json\/wp\/v2\/comments?post=7054"}],"version-history":[{"count":0,"href":"https:\/\/www.notibras.com\/site\/wp-json\/wp\/v2\/posts\/7054\/revisions"}],"wp:featuredmedia":[{"embeddable":true,"href":"https:\/\/www.notibras.com\/site\/wp-json\/wp\/v2\/media\/7055"}],"wp:attachment":[{"href":"https:\/\/www.notibras.com\/site\/wp-json\/wp\/v2\/media?parent=7054"}],"wp:term":[{"taxonomy":"category","embeddable":true,"href":"https:\/\/www.notibras.com\/site\/wp-json\/wp\/v2\/categories?post=7054"},{"taxonomy":"post_tag","embeddable":true,"href":"https:\/\/www.notibras.com\/site\/wp-json\/wp\/v2\/tags?post=7054"}],"curies":[{"name":"wp","href":"https:\/\/api.w.org\/{rel}","templated":true}]}}