{"id":7066,"date":"2014-04-18T12:16:33","date_gmt":"2014-04-18T15:16:33","guid":{"rendered":"http:\/\/www.notibras.com\/site\/?p=7066"},"modified":"2014-04-18T23:03:22","modified_gmt":"2014-04-19T02:03:22","slug":"classe-media-corre-para-o-campo-para-evitar-a-rotina-do-caos-urbano","status":"publish","type":"post","link":"https:\/\/www.notibras.com\/site\/classe-media-corre-para-o-campo-para-evitar-a-rotina-do-caos-urbano\/","title":{"rendered":"Classe m\u00e9dia corre para o campo para evitar a triste rotina do caos urbano"},"content":{"rendered":"<p>Trocar o campo pela cidade \u00e0 procura de uma vida melhor sempre foi a op\u00e7\u00e3o mais comum. Por\u00e9m, algumas fam\u00edlias, cansadas do caos urbano, est\u00e3o fazendo o caminho inverso, deixando os grandes centros para viver literalmente no meio do mato, segundo revela reportagem do Uol.<\/p>\n<p>S\u00e3o pessoas que cursaram faculdade, desfrutavam de um certo conforto na cidade, mas n\u00e3o aguentavam mais a correria, falta de liberdade, o tr\u00e2nsito e o excesso de consumo. Em busca de uma vida mais simples e saud\u00e1vel, elas n\u00e3o t\u00eam medo de encarar a enxada e descobrir um novo modo de sobreviver.<\/p>\n<p>Para a mineira Manuella Melo Franco, 34, a chegada do primeiro filho foi o empurr\u00e3o que faltava para deixar a cidade e, finalmente, experimentar uma vida mais tranquila e autossustent\u00e1vel, ao lado do companheiro Hugo Ruax. &#8220;O nascimento do Tom\u00e9 refor\u00e7ou esse nosso desejo. Quer\u00edamos oferecer a ele uma inf\u00e2ncia mais pr\u00f3xima da natureza, longe dos valores consumistas e da loucura da cidade&#8221;, diz a fot\u00f3grafa e jornalista.<\/p>\n<p>A mudan\u00e7a da fam\u00edlia de Lagoa Santa (MG) para uma fazenda em Piat\u00e3, na Chapada Diamantina (BA), aconteceu em agosto do ano passado, quando Manuella estava gr\u00e1vida de sete meses de Nina, a segunda filha do casal. Por\u00e9m, esse fato n\u00e3o foi motivo de preocupa\u00e7\u00e3o.<\/p>\n<p>O que mais pesava na decis\u00e3o era a falta de dinheiro. O casal trabalhava para juntar o m\u00e1ximo poss\u00edvel, entretanto nunca parecia suficiente, j\u00e1 que os gastos n\u00e3o diminu\u00edam. &#8220;Era como correr atr\u00e1s do rabo. Ent\u00e3o decidimos vender o carro, os m\u00f3veis da casa, tudo o que t\u00ednhamos e ir embora. Porque se a gente ficasse esperando o dinheiro ele n\u00e3o ia chegar nunca&#8221;, conta Manuella.<\/p>\n<p>O catarinense Marinaldo Pegoraro, 54, tamb\u00e9m n\u00e3o demorou muito para deixar o apartamento em Curitiba (PR), onde residiu nos \u00faltimos 11 anos, para ir viver com a mulher e as duas filhas adolescentes no S\u00edtio Serra Dourada em Delfim Moreira, no extremo sul de Minas Gerais. Depois de decidir pela mudan\u00e7a, a fam\u00edlia organizou tudo em 13 dias.<\/p>\n<p>Pegoraro vendeu sua parte na sociedade de uma empresa do ramo imobili\u00e1rio e passou a cultivar oliveiras, morangos e hortali\u00e7as. &#8220;N\u00e3o queria passar a vida inteira fazendo a mesma coisa. E tamb\u00e9m tinha essa vontade de produzir meu pr\u00f3prio alimento, de viver mais em contato com a natureza&#8221;, conta o empres\u00e1rio que virou agricultor org\u00e2nico.<\/p>\n<p>A viol\u00eancia e a desigualdade tamb\u00e9m o incomodavam. &#8220;N\u00e3o permitia que minhas filhas sa\u00edssem do pr\u00e9dio. Existe um esgotamento desse modelo de vida urbano&#8221;, diz Marinaldo Pegoraro, sem sentir falta dos shoppings e feliz de poder trabalhar na terra e ouvir o canto dos p\u00e1ssaros.<\/p>\n<p>Mais de 80% dos brasileiros moram na zona urbana. Entretanto, segundo o IBGE (Instituto Brasileiro de Geografia e Estat\u00edstica), o \u00eaxodo rural para a cidade vem diminuindo nas \u00faltimas d\u00e9cadas. Entre 2000 e 2010, cerca de 2 milh\u00f5es de pessoas deixaram a zona rural, metade da quantidade da d\u00e9cada anterior.<\/p>\n<p>Para quem sonha com a vida no campo, \u00e9 importante conhecer um pouco mais dessa realidade antes de se mudar, j\u00e1 que o dia a dia pode n\u00e3o ser t\u00e3o tranquilo como muitos imaginam. As facilidades e os servi\u00e7os da cidade grande costumam ficar a quil\u00f4metros de dist\u00e2ncia. Abra\u00e7ar esse novo estilo de vida significa dizer adeus ao disque pizza e \u00e0s coisas prontas.<\/p>\n<p>&#8220;Se a gente precisa de alguma coisa, \u00e9 mais f\u00e1cil tentar construir, adaptar, substituir ou simplesmente abandonar do que comprar&#8221;, explica Manuella. Ela conta no blog <a href=\"http:\/\/notasobreumaescolha.wordpress.com\/\" target=\"_blank\">&#8220;Notas Sobre uma Escolha&#8221;<\/a> os obst\u00e1culos que a fam\u00edlia enfrenta e as alegrias da vida na fazenda.<\/p>\n<p>Tamb\u00e9m \u00e9 preciso lidar com as intemp\u00e9ries da natureza, com a colheita que n\u00e3o vem no momento planejado, entre outras dificuldades. &#8220;Dependemos do clima, lidamos com a falta de recursos, n\u00e3o \u00e9 f\u00e1cil&#8221;, diz Marinaldo Pegoraro, que ainda n\u00e3o teve retorno dos seus investimentos.<\/p>\n<p>Por outro lado, os gastos com o cotidiano s\u00e3o reduzidos quando se vive longe da oferta intermin\u00e1vel de produtos, servi\u00e7os e lazer da cidade. &#8220;O custo de viver aqui \u00e9 menor, pois consegui um n\u00edvel de consumo bem menor, com menos deslocamentos di\u00e1rios e dispers\u00e3o com atividades cujo custo \u00e9 maior do que a benfeitoria&#8221;, relata Giuliana Capello, moradora da Ecovila Clareando, a 100 km de S\u00e3o Paulo (SP), formada em design de comunidades sustent\u00e1veis e autora do livro &#8220;Meio Ambiente &amp; Ecovilas&#8221; (Senac S\u00e3o Paulo).<\/p>\n<p>Apesar de acreditar que vale muito a pena trocar a cidade pelo campo, Giuliana diz que o processo de adapta\u00e7\u00e3o \u00e9 grande, longo e dif\u00edcil. Ela aconselha que a mudan\u00e7a seja feita aos poucos, ainda na cidade, com a introdu\u00e7\u00e3o de novos h\u00e1bitos, como ter uma composteira e horta em casa. &#8220;Mudar o CEP n\u00e3o torna ningu\u00e9m caipira de uma hora para outra. Desacelerar na cidade \u00e9 t\u00e3o desafiante que ajuda muito quem quer mudar para a zona rural&#8221;, acrescenta.<\/p>\n<p>Giuliana tamb\u00e9m observa que a tranquilidade t\u00e3o desejada est\u00e1 relacionada ao grau de autonomia e independ\u00eancia que se tem da metr\u00f3pole. &#8220;N\u00e3o adianta morar no campo se o seu sustento continuar vindo do estresse da cidade&#8221;.<\/p>\n<p>Para Manuella, para viver bem no campo, tamb\u00e9m \u00e9 essencial saber lidar com os problemas de outra maneira. &#8220;N\u00e3o \u00e9 s\u00f3 uma mudan\u00e7a geogr\u00e1fica. De nada resolve querer morar no meio do mato, para ter uma vida mais tranquila, se voc\u00ea se estressa da mesma forma que na cidade&#8221;, diz a mineira, que ainda est\u00e1 aprendendo a colocar isso em pr\u00e1tica.<\/p>\n","protected":false},"excerpt":{"rendered":"<p>Trocar o campo pela cidade \u00e0 procura de uma vida melhor sempre foi a op\u00e7\u00e3o mais comum. Por\u00e9m, algumas fam\u00edlias, cansadas do caos urbano, est\u00e3o fazendo o caminho inverso, deixando os grandes centros para viver literalmente no meio do mato, segundo revela reportagem do Uol. S\u00e3o pessoas que cursaram faculdade, desfrutavam de um certo conforto [&hellip;]<\/p>\n","protected":false},"author":2,"featured_media":7067,"comment_status":"open","ping_status":"closed","sticky":false,"template":"","format":"standard","meta":{"_acf_changed":false,"footnotes":""},"categories":[16],"tags":[],"class_list":["post-7066","post","type-post","status-publish","format-standard","has-post-thumbnail","hentry","category-brasil"],"acf":[],"yoast_head":"<!-- This site is optimized with the Yoast SEO plugin v27.2 - https:\/\/yoast.com\/product\/yoast-seo-wordpress\/ -->\n<title>Classe m\u00e9dia corre para o campo para evitar a triste rotina do caos urbano - Notibras<\/title>\n<meta name=\"robots\" content=\"index, follow, max-snippet:-1, max-image-preview:large, max-video-preview:-1\" \/>\n<link rel=\"canonical\" href=\"https:\/\/www.notibras.com\/site\/classe-media-corre-para-o-campo-para-evitar-a-rotina-do-caos-urbano\/\" \/>\n<meta property=\"og:locale\" content=\"pt_BR\" \/>\n<meta property=\"og:type\" content=\"article\" \/>\n<meta property=\"og:title\" content=\"Classe m\u00e9dia corre para o campo para evitar a triste rotina do caos urbano - Notibras\" \/>\n<meta property=\"og:description\" content=\"Trocar o campo pela cidade \u00e0 procura de uma vida melhor sempre foi a op\u00e7\u00e3o mais comum. Por\u00e9m, algumas fam\u00edlias, cansadas do caos urbano, est\u00e3o fazendo o caminho inverso, deixando os grandes centros para viver literalmente no meio do mato, segundo revela reportagem do Uol. S\u00e3o pessoas que cursaram faculdade, desfrutavam de um certo conforto [&hellip;]\" \/>\n<meta property=\"og:url\" content=\"https:\/\/www.notibras.com\/site\/classe-media-corre-para-o-campo-para-evitar-a-rotina-do-caos-urbano\/\" \/>\n<meta property=\"og:site_name\" content=\"Notibras\" \/>\n<meta property=\"article:publisher\" content=\"https:\/\/www.facebook.com\/notibras\/\" \/>\n<meta property=\"article:published_time\" content=\"2014-04-18T15:16:33+00:00\" \/>\n<meta property=\"article:modified_time\" content=\"2014-04-19T02:03:22+00:00\" \/>\n<meta property=\"og:image\" content=\"https:\/\/www.notibras.com\/site\/wp-content\/uploads\/2014\/04\/manchete.jpg\" \/>\n\t<meta property=\"og:image:width\" content=\"615\" \/>\n\t<meta property=\"og:image:height\" content=\"470\" \/>\n\t<meta property=\"og:image:type\" content=\"image\/jpeg\" \/>\n<meta name=\"author\" content=\"Reda\u00e7\u00e3o\" \/>\n<meta name=\"twitter:card\" content=\"summary_large_image\" \/>\n<meta name=\"twitter:creator\" content=\"@Notibras\" \/>\n<meta name=\"twitter:site\" content=\"@Notibras\" \/>\n<meta name=\"twitter:label1\" content=\"Escrito por\" \/>\n\t<meta name=\"twitter:data1\" content=\"Reda\u00e7\u00e3o\" \/>\n\t<meta name=\"twitter:label2\" content=\"Est. tempo de leitura\" \/>\n\t<meta name=\"twitter:data2\" content=\"5 minutos\" \/>\n<script type=\"application\/ld+json\" class=\"yoast-schema-graph\">{\"@context\":\"https:\/\/schema.org\",\"@graph\":[{\"@type\":\"Article\",\"@id\":\"https:\/\/www.notibras.com\/site\/classe-media-corre-para-o-campo-para-evitar-a-rotina-do-caos-urbano\/#article\",\"isPartOf\":{\"@id\":\"https:\/\/www.notibras.com\/site\/classe-media-corre-para-o-campo-para-evitar-a-rotina-do-caos-urbano\/\"},\"author\":{\"name\":\"Reda\u00e7\u00e3o\",\"@id\":\"https:\/\/www.notibras.com\/site\/#\/schema\/person\/36ab0979449956132d3e5b517ea76ac8\"},\"headline\":\"Classe m\u00e9dia corre para o campo para evitar a triste rotina do caos urbano\",\"datePublished\":\"2014-04-18T15:16:33+00:00\",\"dateModified\":\"2014-04-19T02:03:22+00:00\",\"mainEntityOfPage\":{\"@id\":\"https:\/\/www.notibras.com\/site\/classe-media-corre-para-o-campo-para-evitar-a-rotina-do-caos-urbano\/\"},\"wordCount\":990,\"commentCount\":0,\"publisher\":{\"@id\":\"https:\/\/www.notibras.com\/site\/#organization\"},\"image\":{\"@id\":\"https:\/\/www.notibras.com\/site\/classe-media-corre-para-o-campo-para-evitar-a-rotina-do-caos-urbano\/#primaryimage\"},\"thumbnailUrl\":\"https:\/\/www.notibras.com\/site\/wp-content\/uploads\/2014\/04\/manchete.jpg\",\"articleSection\":[\"Brasil\"],\"inLanguage\":\"pt-BR\",\"potentialAction\":[{\"@type\":\"CommentAction\",\"name\":\"Comment\",\"target\":[\"https:\/\/www.notibras.com\/site\/classe-media-corre-para-o-campo-para-evitar-a-rotina-do-caos-urbano\/#respond\"]}]},{\"@type\":\"WebPage\",\"@id\":\"https:\/\/www.notibras.com\/site\/classe-media-corre-para-o-campo-para-evitar-a-rotina-do-caos-urbano\/\",\"url\":\"https:\/\/www.notibras.com\/site\/classe-media-corre-para-o-campo-para-evitar-a-rotina-do-caos-urbano\/\",\"name\":\"Classe m\u00e9dia corre para o campo para evitar a triste rotina do caos urbano - Notibras\",\"isPartOf\":{\"@id\":\"https:\/\/www.notibras.com\/site\/#website\"},\"primaryImageOfPage\":{\"@id\":\"https:\/\/www.notibras.com\/site\/classe-media-corre-para-o-campo-para-evitar-a-rotina-do-caos-urbano\/#primaryimage\"},\"image\":{\"@id\":\"https:\/\/www.notibras.com\/site\/classe-media-corre-para-o-campo-para-evitar-a-rotina-do-caos-urbano\/#primaryimage\"},\"thumbnailUrl\":\"https:\/\/www.notibras.com\/site\/wp-content\/uploads\/2014\/04\/manchete.jpg\",\"datePublished\":\"2014-04-18T15:16:33+00:00\",\"dateModified\":\"2014-04-19T02:03:22+00:00\",\"breadcrumb\":{\"@id\":\"https:\/\/www.notibras.com\/site\/classe-media-corre-para-o-campo-para-evitar-a-rotina-do-caos-urbano\/#breadcrumb\"},\"inLanguage\":\"pt-BR\",\"potentialAction\":[{\"@type\":\"ReadAction\",\"target\":[\"https:\/\/www.notibras.com\/site\/classe-media-corre-para-o-campo-para-evitar-a-rotina-do-caos-urbano\/\"]}]},{\"@type\":\"ImageObject\",\"inLanguage\":\"pt-BR\",\"@id\":\"https:\/\/www.notibras.com\/site\/classe-media-corre-para-o-campo-para-evitar-a-rotina-do-caos-urbano\/#primaryimage\",\"url\":\"https:\/\/www.notibras.com\/site\/wp-content\/uploads\/2014\/04\/manchete.jpg\",\"contentUrl\":\"https:\/\/www.notibras.com\/site\/wp-content\/uploads\/2014\/04\/manchete.jpg\",\"width\":615,\"height\":470},{\"@type\":\"BreadcrumbList\",\"@id\":\"https:\/\/www.notibras.com\/site\/classe-media-corre-para-o-campo-para-evitar-a-rotina-do-caos-urbano\/#breadcrumb\",\"itemListElement\":[{\"@type\":\"ListItem\",\"position\":1,\"name\":\"In\u00edcio\",\"item\":\"https:\/\/www.notibras.com\/site\/\"},{\"@type\":\"ListItem\",\"position\":2,\"name\":\"Classe m\u00e9dia corre para o campo para evitar a triste rotina do caos urbano\"}]},{\"@type\":\"WebSite\",\"@id\":\"https:\/\/www.notibras.com\/site\/#website\",\"url\":\"https:\/\/www.notibras.com\/site\/\",\"name\":\"Notibras\",\"description\":\"Not\u00edcias de Bras\u00edlia, do Brasil e do Mundo\",\"publisher\":{\"@id\":\"https:\/\/www.notibras.com\/site\/#organization\"},\"potentialAction\":[{\"@type\":\"SearchAction\",\"target\":{\"@type\":\"EntryPoint\",\"urlTemplate\":\"https:\/\/www.notibras.com\/site\/?s={search_term_string}\"},\"query-input\":{\"@type\":\"PropertyValueSpecification\",\"valueRequired\":true,\"valueName\":\"search_term_string\"}}],\"inLanguage\":\"pt-BR\"},{\"@type\":\"Organization\",\"@id\":\"https:\/\/www.notibras.com\/site\/#organization\",\"name\":\"Grupo Notibras de Comunica\u00e7\u00e3o\",\"url\":\"https:\/\/www.notibras.com\/site\/\",\"logo\":{\"@type\":\"ImageObject\",\"inLanguage\":\"pt-BR\",\"@id\":\"https:\/\/www.notibras.com\/site\/#\/schema\/logo\/image\/\",\"url\":\"https:\/\/www.notibras.com\/site\/wp-content\/uploads\/2023\/01\/notibras23.png\",\"contentUrl\":\"https:\/\/www.notibras.com\/site\/wp-content\/uploads\/2023\/01\/notibras23.png\",\"width\":350,\"height\":87,\"caption\":\"Grupo Notibras de Comunica\u00e7\u00e3o\"},\"image\":{\"@id\":\"https:\/\/www.notibras.com\/site\/#\/schema\/logo\/image\/\"},\"sameAs\":[\"https:\/\/www.facebook.com\/notibras\/\",\"https:\/\/x.com\/Notibras\",\"https:\/\/www.instagram.com\/notibras\/\"]},{\"@type\":\"Person\",\"@id\":\"https:\/\/www.notibras.com\/site\/#\/schema\/person\/36ab0979449956132d3e5b517ea76ac8\",\"name\":\"Reda\u00e7\u00e3o\",\"image\":{\"@type\":\"ImageObject\",\"inLanguage\":\"pt-BR\",\"@id\":\"https:\/\/secure.gravatar.com\/avatar\/e0a867bdedb85fd243eadf09663511f96fc81e0720a4a42581f334ad4303aa6b?s=96&d=mm&r=g\",\"url\":\"https:\/\/secure.gravatar.com\/avatar\/e0a867bdedb85fd243eadf09663511f96fc81e0720a4a42581f334ad4303aa6b?s=96&d=mm&r=g\",\"contentUrl\":\"https:\/\/secure.gravatar.com\/avatar\/e0a867bdedb85fd243eadf09663511f96fc81e0720a4a42581f334ad4303aa6b?s=96&d=mm&r=g\",\"caption\":\"Reda\u00e7\u00e3o\"}}]}<\/script>\n<!-- \/ Yoast SEO plugin. -->","yoast_head_json":{"title":"Classe m\u00e9dia corre para o campo para evitar a triste rotina do caos urbano - Notibras","robots":{"index":"index","follow":"follow","max-snippet":"max-snippet:-1","max-image-preview":"max-image-preview:large","max-video-preview":"max-video-preview:-1"},"canonical":"https:\/\/www.notibras.com\/site\/classe-media-corre-para-o-campo-para-evitar-a-rotina-do-caos-urbano\/","og_locale":"pt_BR","og_type":"article","og_title":"Classe m\u00e9dia corre para o campo para evitar a triste rotina do caos urbano - Notibras","og_description":"Trocar o campo pela cidade \u00e0 procura de uma vida melhor sempre foi a op\u00e7\u00e3o mais comum. Por\u00e9m, algumas fam\u00edlias, cansadas do caos urbano, est\u00e3o fazendo o caminho inverso, deixando os grandes centros para viver literalmente no meio do mato, segundo revela reportagem do Uol. S\u00e3o pessoas que cursaram faculdade, desfrutavam de um certo conforto [&hellip;]","og_url":"https:\/\/www.notibras.com\/site\/classe-media-corre-para-o-campo-para-evitar-a-rotina-do-caos-urbano\/","og_site_name":"Notibras","article_publisher":"https:\/\/www.facebook.com\/notibras\/","article_published_time":"2014-04-18T15:16:33+00:00","article_modified_time":"2014-04-19T02:03:22+00:00","og_image":[{"width":615,"height":470,"url":"https:\/\/www.notibras.com\/site\/wp-content\/uploads\/2014\/04\/manchete.jpg","type":"image\/jpeg"}],"author":"Reda\u00e7\u00e3o","twitter_card":"summary_large_image","twitter_creator":"@Notibras","twitter_site":"@Notibras","twitter_misc":{"Escrito por":"Reda\u00e7\u00e3o","Est. tempo de leitura":"5 minutos"},"schema":{"@context":"https:\/\/schema.org","@graph":[{"@type":"Article","@id":"https:\/\/www.notibras.com\/site\/classe-media-corre-para-o-campo-para-evitar-a-rotina-do-caos-urbano\/#article","isPartOf":{"@id":"https:\/\/www.notibras.com\/site\/classe-media-corre-para-o-campo-para-evitar-a-rotina-do-caos-urbano\/"},"author":{"name":"Reda\u00e7\u00e3o","@id":"https:\/\/www.notibras.com\/site\/#\/schema\/person\/36ab0979449956132d3e5b517ea76ac8"},"headline":"Classe m\u00e9dia corre para o campo para evitar a triste rotina do caos urbano","datePublished":"2014-04-18T15:16:33+00:00","dateModified":"2014-04-19T02:03:22+00:00","mainEntityOfPage":{"@id":"https:\/\/www.notibras.com\/site\/classe-media-corre-para-o-campo-para-evitar-a-rotina-do-caos-urbano\/"},"wordCount":990,"commentCount":0,"publisher":{"@id":"https:\/\/www.notibras.com\/site\/#organization"},"image":{"@id":"https:\/\/www.notibras.com\/site\/classe-media-corre-para-o-campo-para-evitar-a-rotina-do-caos-urbano\/#primaryimage"},"thumbnailUrl":"https:\/\/www.notibras.com\/site\/wp-content\/uploads\/2014\/04\/manchete.jpg","articleSection":["Brasil"],"inLanguage":"pt-BR","potentialAction":[{"@type":"CommentAction","name":"Comment","target":["https:\/\/www.notibras.com\/site\/classe-media-corre-para-o-campo-para-evitar-a-rotina-do-caos-urbano\/#respond"]}]},{"@type":"WebPage","@id":"https:\/\/www.notibras.com\/site\/classe-media-corre-para-o-campo-para-evitar-a-rotina-do-caos-urbano\/","url":"https:\/\/www.notibras.com\/site\/classe-media-corre-para-o-campo-para-evitar-a-rotina-do-caos-urbano\/","name":"Classe m\u00e9dia corre para o campo para evitar a triste rotina do caos urbano - Notibras","isPartOf":{"@id":"https:\/\/www.notibras.com\/site\/#website"},"primaryImageOfPage":{"@id":"https:\/\/www.notibras.com\/site\/classe-media-corre-para-o-campo-para-evitar-a-rotina-do-caos-urbano\/#primaryimage"},"image":{"@id":"https:\/\/www.notibras.com\/site\/classe-media-corre-para-o-campo-para-evitar-a-rotina-do-caos-urbano\/#primaryimage"},"thumbnailUrl":"https:\/\/www.notibras.com\/site\/wp-content\/uploads\/2014\/04\/manchete.jpg","datePublished":"2014-04-18T15:16:33+00:00","dateModified":"2014-04-19T02:03:22+00:00","breadcrumb":{"@id":"https:\/\/www.notibras.com\/site\/classe-media-corre-para-o-campo-para-evitar-a-rotina-do-caos-urbano\/#breadcrumb"},"inLanguage":"pt-BR","potentialAction":[{"@type":"ReadAction","target":["https:\/\/www.notibras.com\/site\/classe-media-corre-para-o-campo-para-evitar-a-rotina-do-caos-urbano\/"]}]},{"@type":"ImageObject","inLanguage":"pt-BR","@id":"https:\/\/www.notibras.com\/site\/classe-media-corre-para-o-campo-para-evitar-a-rotina-do-caos-urbano\/#primaryimage","url":"https:\/\/www.notibras.com\/site\/wp-content\/uploads\/2014\/04\/manchete.jpg","contentUrl":"https:\/\/www.notibras.com\/site\/wp-content\/uploads\/2014\/04\/manchete.jpg","width":615,"height":470},{"@type":"BreadcrumbList","@id":"https:\/\/www.notibras.com\/site\/classe-media-corre-para-o-campo-para-evitar-a-rotina-do-caos-urbano\/#breadcrumb","itemListElement":[{"@type":"ListItem","position":1,"name":"In\u00edcio","item":"https:\/\/www.notibras.com\/site\/"},{"@type":"ListItem","position":2,"name":"Classe m\u00e9dia corre para o campo para evitar a triste rotina do caos urbano"}]},{"@type":"WebSite","@id":"https:\/\/www.notibras.com\/site\/#website","url":"https:\/\/www.notibras.com\/site\/","name":"Notibras","description":"Not\u00edcias de Bras\u00edlia, do Brasil e do Mundo","publisher":{"@id":"https:\/\/www.notibras.com\/site\/#organization"},"potentialAction":[{"@type":"SearchAction","target":{"@type":"EntryPoint","urlTemplate":"https:\/\/www.notibras.com\/site\/?s={search_term_string}"},"query-input":{"@type":"PropertyValueSpecification","valueRequired":true,"valueName":"search_term_string"}}],"inLanguage":"pt-BR"},{"@type":"Organization","@id":"https:\/\/www.notibras.com\/site\/#organization","name":"Grupo Notibras de Comunica\u00e7\u00e3o","url":"https:\/\/www.notibras.com\/site\/","logo":{"@type":"ImageObject","inLanguage":"pt-BR","@id":"https:\/\/www.notibras.com\/site\/#\/schema\/logo\/image\/","url":"https:\/\/www.notibras.com\/site\/wp-content\/uploads\/2023\/01\/notibras23.png","contentUrl":"https:\/\/www.notibras.com\/site\/wp-content\/uploads\/2023\/01\/notibras23.png","width":350,"height":87,"caption":"Grupo Notibras de Comunica\u00e7\u00e3o"},"image":{"@id":"https:\/\/www.notibras.com\/site\/#\/schema\/logo\/image\/"},"sameAs":["https:\/\/www.facebook.com\/notibras\/","https:\/\/x.com\/Notibras","https:\/\/www.instagram.com\/notibras\/"]},{"@type":"Person","@id":"https:\/\/www.notibras.com\/site\/#\/schema\/person\/36ab0979449956132d3e5b517ea76ac8","name":"Reda\u00e7\u00e3o","image":{"@type":"ImageObject","inLanguage":"pt-BR","@id":"https:\/\/secure.gravatar.com\/avatar\/e0a867bdedb85fd243eadf09663511f96fc81e0720a4a42581f334ad4303aa6b?s=96&d=mm&r=g","url":"https:\/\/secure.gravatar.com\/avatar\/e0a867bdedb85fd243eadf09663511f96fc81e0720a4a42581f334ad4303aa6b?s=96&d=mm&r=g","contentUrl":"https:\/\/secure.gravatar.com\/avatar\/e0a867bdedb85fd243eadf09663511f96fc81e0720a4a42581f334ad4303aa6b?s=96&d=mm&r=g","caption":"Reda\u00e7\u00e3o"}}]}},"amp_enabled":true,"_links":{"self":[{"href":"https:\/\/www.notibras.com\/site\/wp-json\/wp\/v2\/posts\/7066","targetHints":{"allow":["GET"]}}],"collection":[{"href":"https:\/\/www.notibras.com\/site\/wp-json\/wp\/v2\/posts"}],"about":[{"href":"https:\/\/www.notibras.com\/site\/wp-json\/wp\/v2\/types\/post"}],"author":[{"embeddable":true,"href":"https:\/\/www.notibras.com\/site\/wp-json\/wp\/v2\/users\/2"}],"replies":[{"embeddable":true,"href":"https:\/\/www.notibras.com\/site\/wp-json\/wp\/v2\/comments?post=7066"}],"version-history":[{"count":0,"href":"https:\/\/www.notibras.com\/site\/wp-json\/wp\/v2\/posts\/7066\/revisions"}],"wp:featuredmedia":[{"embeddable":true,"href":"https:\/\/www.notibras.com\/site\/wp-json\/wp\/v2\/media\/7067"}],"wp:attachment":[{"href":"https:\/\/www.notibras.com\/site\/wp-json\/wp\/v2\/media?parent=7066"}],"wp:term":[{"taxonomy":"category","embeddable":true,"href":"https:\/\/www.notibras.com\/site\/wp-json\/wp\/v2\/categories?post=7066"},{"taxonomy":"post_tag","embeddable":true,"href":"https:\/\/www.notibras.com\/site\/wp-json\/wp\/v2\/tags?post=7066"}],"curies":[{"name":"wp","href":"https:\/\/api.w.org\/{rel}","templated":true}]}}