{"id":70855,"date":"2015-10-08T16:53:38","date_gmt":"2015-10-08T19:53:38","guid":{"rendered":"http:\/\/www.notibras.com\/site\/?p=70855"},"modified":"2015-10-09T03:05:31","modified_gmt":"2015-10-09T06:05:31","slug":"dilma-entrega-brincos-aneis-dedos-e-ate-governo-para-o-pmdb","status":"publish","type":"post","link":"https:\/\/www.notibras.com\/site\/dilma-entrega-brincos-aneis-dedos-e-ate-governo-para-o-pmdb\/","title":{"rendered":"Dilma entrega brincos, an\u00e9is, dedos e at\u00e9 governo para o comando do PMDB"},"content":{"rendered":"<p>A presidente Dilma Rousseff, pressionada pela crise em que o Brasil est\u00e1 atolado, optou por uma ren\u00fancia branca para tentar a travessia do seu governo, at\u00e9 2018. Criar condi\u00e7\u00f5es para levar o pa\u00eds a um porto seguro.<\/p>\n<p>Aconselhada pelo seu guia, o ex-presidente Lula, Dilma entregou ao PMDB seus an\u00e9is, dedos e at\u00e9 brincos. Foram sete minist\u00e9rios, entre eles as poderosas pastas da Sa\u00fade, Minas e Energia e Agricultura. E com as porteiras fechadas.<\/p>\n<p>Na vis\u00e3o do Pal\u00e1cio do Planalto e do ex-presidente Lula, sem o apoio dos peemedebistas, Dilma jamais conseguiria barrar o pedido de seu impeachment, e n\u00e3o conseguiria aprovar a recria\u00e7\u00e3o da CPMF e o pacote de maldades idealizado para o ajuste das contas p\u00fablicas. Sem essas medidas, o governo ficaria inviabilizado at\u00e9 o fim desse ano.<\/p>\n<p>Pergunta-se: \u201cEssas medidas anti-crise ser\u00e3o suficientes para alcan\u00e7ar tal objetivo?\u201d. Para a oposi\u00e7\u00e3o, n\u00e3o. Elas demoraram a chegar. E o governo n\u00e3o cortou na pr\u00f3pria carne como seria necess\u00e1rio.<\/p>\n<p>Analistas pol\u00edticos e de economia tamb\u00e9m se mostram c\u00e9ticos quanto ao avan\u00e7o de tais medidas. Foram consideradas p\u00edfias. N\u00e3o est\u00e3o \u00e0 altura da gravidade da crise brasileira. No pr\u00f3prio PMDB, um grupo de 22 deputados, um ter\u00e7o da bancada, manifestou-se contra o acordo do partido com o governo.<\/p>\n<p>Para o presidente da C\u00e2mara, deputado Eduardo Cunha (PMDB-RJ), foi mais um furo na \u00e1gua do governo: \u201cA CPMF, que mais o governo quer n\u00e3o ser\u00e1 aprovada\u201d- detonou Cunha. Com tantas incertezas, aos brasileiros s\u00f3 resta ajoelharem, levantarem as m\u00e3os para o c\u00e9u, e rezarem.<\/p>\n","protected":false},"excerpt":{"rendered":"<p>A presidente Dilma Rousseff, pressionada pela crise em que o Brasil est\u00e1 atolado, optou por uma ren\u00fancia branca para tentar a travessia do seu governo, at\u00e9 2018. Criar condi\u00e7\u00f5es para levar o pa\u00eds a um porto seguro. Aconselhada pelo seu guia, o ex-presidente Lula, Dilma entregou ao PMDB seus an\u00e9is, dedos e at\u00e9 brincos. Foram [&hellip;]<\/p>\n","protected":false},"author":2,"featured_media":70856,"comment_status":"open","ping_status":"closed","sticky":false,"template":"","format":"standard","meta":{"_acf_changed":false,"footnotes":""},"categories":[42],"tags":[],"class_list":["post-70855","post","type-post","status-publish","format-standard","has-post-thumbnail","hentry","category-coletti"],"acf":[],"yoast_head":"<!-- This site is optimized with the Yoast SEO plugin v27.2 - https:\/\/yoast.com\/product\/yoast-seo-wordpress\/ -->\n<title>Dilma entrega brincos, an\u00e9is, dedos e at\u00e9 governo para o comando do PMDB - Notibras<\/title>\n<meta name=\"robots\" content=\"index, follow, max-snippet:-1, max-image-preview:large, max-video-preview:-1\" \/>\n<link rel=\"canonical\" href=\"https:\/\/www.notibras.com\/site\/dilma-entrega-brincos-aneis-dedos-e-ate-governo-para-o-pmdb\/\" \/>\n<meta property=\"og:locale\" content=\"pt_BR\" \/>\n<meta property=\"og:type\" content=\"article\" \/>\n<meta property=\"og:title\" content=\"Dilma entrega brincos, an\u00e9is, dedos e at\u00e9 governo para o comando do PMDB - Notibras\" \/>\n<meta property=\"og:description\" content=\"A presidente Dilma Rousseff, pressionada pela crise em que o Brasil est\u00e1 atolado, optou por uma ren\u00fancia branca para tentar a travessia do seu governo, at\u00e9 2018. Criar condi\u00e7\u00f5es para levar o pa\u00eds a um porto seguro. Aconselhada pelo seu guia, o ex-presidente Lula, Dilma entregou ao PMDB seus an\u00e9is, dedos e at\u00e9 brincos. Foram [&hellip;]\" \/>\n<meta property=\"og:url\" content=\"https:\/\/www.notibras.com\/site\/dilma-entrega-brincos-aneis-dedos-e-ate-governo-para-o-pmdb\/\" \/>\n<meta property=\"og:site_name\" content=\"Notibras\" \/>\n<meta property=\"article:publisher\" content=\"https:\/\/www.facebook.com\/notibras\/\" \/>\n<meta property=\"article:published_time\" content=\"2015-10-08T19:53:38+00:00\" \/>\n<meta property=\"article:modified_time\" content=\"2015-10-09T06:05:31+00:00\" \/>\n<meta property=\"og:image\" content=\"https:\/\/www.notibras.com\/site\/wp-content\/uploads\/2015\/10\/cebd528f277255a428b7ff0f57c58aa2.jpg\" \/>\n\t<meta property=\"og:image:width\" content=\"520\" \/>\n\t<meta property=\"og:image:height\" content=\"367\" \/>\n\t<meta property=\"og:image:type\" content=\"image\/jpeg\" \/>\n<meta name=\"author\" content=\"Reda\u00e7\u00e3o\" \/>\n<meta name=\"twitter:card\" content=\"summary_large_image\" \/>\n<meta name=\"twitter:creator\" content=\"@Notibras\" \/>\n<meta name=\"twitter:site\" content=\"@Notibras\" \/>\n<meta name=\"twitter:label1\" content=\"Escrito por\" \/>\n\t<meta name=\"twitter:data1\" content=\"Reda\u00e7\u00e3o\" \/>\n\t<meta name=\"twitter:label2\" content=\"Est. tempo de leitura\" \/>\n\t<meta name=\"twitter:data2\" content=\"1 minuto\" \/>\n<script type=\"application\/ld+json\" class=\"yoast-schema-graph\">{\"@context\":\"https:\/\/schema.org\",\"@graph\":[{\"@type\":\"Article\",\"@id\":\"https:\/\/www.notibras.com\/site\/dilma-entrega-brincos-aneis-dedos-e-ate-governo-para-o-pmdb\/#article\",\"isPartOf\":{\"@id\":\"https:\/\/www.notibras.com\/site\/dilma-entrega-brincos-aneis-dedos-e-ate-governo-para-o-pmdb\/\"},\"author\":{\"name\":\"Reda\u00e7\u00e3o\",\"@id\":\"https:\/\/www.notibras.com\/site\/#\/schema\/person\/36ab0979449956132d3e5b517ea76ac8\"},\"headline\":\"Dilma entrega brincos, an\u00e9is, dedos e at\u00e9 governo para o comando do PMDB\",\"datePublished\":\"2015-10-08T19:53:38+00:00\",\"dateModified\":\"2015-10-09T06:05:31+00:00\",\"mainEntityOfPage\":{\"@id\":\"https:\/\/www.notibras.com\/site\/dilma-entrega-brincos-aneis-dedos-e-ate-governo-para-o-pmdb\/\"},\"wordCount\":295,\"commentCount\":0,\"publisher\":{\"@id\":\"https:\/\/www.notibras.com\/site\/#organization\"},\"image\":{\"@id\":\"https:\/\/www.notibras.com\/site\/dilma-entrega-brincos-aneis-dedos-e-ate-governo-para-o-pmdb\/#primaryimage\"},\"thumbnailUrl\":\"https:\/\/www.notibras.com\/site\/wp-content\/uploads\/2015\/10\/cebd528f277255a428b7ff0f57c58aa2.jpg\",\"articleSection\":[\"Cl\u00e1udio Coletti\"],\"inLanguage\":\"pt-BR\",\"potentialAction\":[{\"@type\":\"CommentAction\",\"name\":\"Comment\",\"target\":[\"https:\/\/www.notibras.com\/site\/dilma-entrega-brincos-aneis-dedos-e-ate-governo-para-o-pmdb\/#respond\"]}]},{\"@type\":\"WebPage\",\"@id\":\"https:\/\/www.notibras.com\/site\/dilma-entrega-brincos-aneis-dedos-e-ate-governo-para-o-pmdb\/\",\"url\":\"https:\/\/www.notibras.com\/site\/dilma-entrega-brincos-aneis-dedos-e-ate-governo-para-o-pmdb\/\",\"name\":\"Dilma entrega brincos, an\u00e9is, dedos e at\u00e9 governo para o comando do PMDB - Notibras\",\"isPartOf\":{\"@id\":\"https:\/\/www.notibras.com\/site\/#website\"},\"primaryImageOfPage\":{\"@id\":\"https:\/\/www.notibras.com\/site\/dilma-entrega-brincos-aneis-dedos-e-ate-governo-para-o-pmdb\/#primaryimage\"},\"image\":{\"@id\":\"https:\/\/www.notibras.com\/site\/dilma-entrega-brincos-aneis-dedos-e-ate-governo-para-o-pmdb\/#primaryimage\"},\"thumbnailUrl\":\"https:\/\/www.notibras.com\/site\/wp-content\/uploads\/2015\/10\/cebd528f277255a428b7ff0f57c58aa2.jpg\",\"datePublished\":\"2015-10-08T19:53:38+00:00\",\"dateModified\":\"2015-10-09T06:05:31+00:00\",\"breadcrumb\":{\"@id\":\"https:\/\/www.notibras.com\/site\/dilma-entrega-brincos-aneis-dedos-e-ate-governo-para-o-pmdb\/#breadcrumb\"},\"inLanguage\":\"pt-BR\",\"potentialAction\":[{\"@type\":\"ReadAction\",\"target\":[\"https:\/\/www.notibras.com\/site\/dilma-entrega-brincos-aneis-dedos-e-ate-governo-para-o-pmdb\/\"]}]},{\"@type\":\"ImageObject\",\"inLanguage\":\"pt-BR\",\"@id\":\"https:\/\/www.notibras.com\/site\/dilma-entrega-brincos-aneis-dedos-e-ate-governo-para-o-pmdb\/#primaryimage\",\"url\":\"https:\/\/www.notibras.com\/site\/wp-content\/uploads\/2015\/10\/cebd528f277255a428b7ff0f57c58aa2.jpg\",\"contentUrl\":\"https:\/\/www.notibras.com\/site\/wp-content\/uploads\/2015\/10\/cebd528f277255a428b7ff0f57c58aa2.jpg\",\"width\":520,\"height\":367},{\"@type\":\"BreadcrumbList\",\"@id\":\"https:\/\/www.notibras.com\/site\/dilma-entrega-brincos-aneis-dedos-e-ate-governo-para-o-pmdb\/#breadcrumb\",\"itemListElement\":[{\"@type\":\"ListItem\",\"position\":1,\"name\":\"In\u00edcio\",\"item\":\"https:\/\/www.notibras.com\/site\/\"},{\"@type\":\"ListItem\",\"position\":2,\"name\":\"Dilma entrega brincos, an\u00e9is, dedos e at\u00e9 governo para o comando do PMDB\"}]},{\"@type\":\"WebSite\",\"@id\":\"https:\/\/www.notibras.com\/site\/#website\",\"url\":\"https:\/\/www.notibras.com\/site\/\",\"name\":\"Notibras\",\"description\":\"Not\u00edcias de Bras\u00edlia, do Brasil e do Mundo\",\"publisher\":{\"@id\":\"https:\/\/www.notibras.com\/site\/#organization\"},\"potentialAction\":[{\"@type\":\"SearchAction\",\"target\":{\"@type\":\"EntryPoint\",\"urlTemplate\":\"https:\/\/www.notibras.com\/site\/?s={search_term_string}\"},\"query-input\":{\"@type\":\"PropertyValueSpecification\",\"valueRequired\":true,\"valueName\":\"search_term_string\"}}],\"inLanguage\":\"pt-BR\"},{\"@type\":\"Organization\",\"@id\":\"https:\/\/www.notibras.com\/site\/#organization\",\"name\":\"Grupo Notibras de Comunica\u00e7\u00e3o\",\"url\":\"https:\/\/www.notibras.com\/site\/\",\"logo\":{\"@type\":\"ImageObject\",\"inLanguage\":\"pt-BR\",\"@id\":\"https:\/\/www.notibras.com\/site\/#\/schema\/logo\/image\/\",\"url\":\"https:\/\/www.notibras.com\/site\/wp-content\/uploads\/2023\/01\/notibras23.png\",\"contentUrl\":\"https:\/\/www.notibras.com\/site\/wp-content\/uploads\/2023\/01\/notibras23.png\",\"width\":350,\"height\":87,\"caption\":\"Grupo Notibras de Comunica\u00e7\u00e3o\"},\"image\":{\"@id\":\"https:\/\/www.notibras.com\/site\/#\/schema\/logo\/image\/\"},\"sameAs\":[\"https:\/\/www.facebook.com\/notibras\/\",\"https:\/\/x.com\/Notibras\",\"https:\/\/www.instagram.com\/notibras\/\"]},{\"@type\":\"Person\",\"@id\":\"https:\/\/www.notibras.com\/site\/#\/schema\/person\/36ab0979449956132d3e5b517ea76ac8\",\"name\":\"Reda\u00e7\u00e3o\",\"image\":{\"@type\":\"ImageObject\",\"inLanguage\":\"pt-BR\",\"@id\":\"https:\/\/secure.gravatar.com\/avatar\/e0a867bdedb85fd243eadf09663511f96fc81e0720a4a42581f334ad4303aa6b?s=96&d=mm&r=g\",\"url\":\"https:\/\/secure.gravatar.com\/avatar\/e0a867bdedb85fd243eadf09663511f96fc81e0720a4a42581f334ad4303aa6b?s=96&d=mm&r=g\",\"contentUrl\":\"https:\/\/secure.gravatar.com\/avatar\/e0a867bdedb85fd243eadf09663511f96fc81e0720a4a42581f334ad4303aa6b?s=96&d=mm&r=g\",\"caption\":\"Reda\u00e7\u00e3o\"}}]}<\/script>\n<!-- \/ Yoast SEO plugin. -->","yoast_head_json":{"title":"Dilma entrega brincos, an\u00e9is, dedos e at\u00e9 governo para o comando do PMDB - Notibras","robots":{"index":"index","follow":"follow","max-snippet":"max-snippet:-1","max-image-preview":"max-image-preview:large","max-video-preview":"max-video-preview:-1"},"canonical":"https:\/\/www.notibras.com\/site\/dilma-entrega-brincos-aneis-dedos-e-ate-governo-para-o-pmdb\/","og_locale":"pt_BR","og_type":"article","og_title":"Dilma entrega brincos, an\u00e9is, dedos e at\u00e9 governo para o comando do PMDB - Notibras","og_description":"A presidente Dilma Rousseff, pressionada pela crise em que o Brasil est\u00e1 atolado, optou por uma ren\u00fancia branca para tentar a travessia do seu governo, at\u00e9 2018. Criar condi\u00e7\u00f5es para levar o pa\u00eds a um porto seguro. Aconselhada pelo seu guia, o ex-presidente Lula, Dilma entregou ao PMDB seus an\u00e9is, dedos e at\u00e9 brincos. Foram [&hellip;]","og_url":"https:\/\/www.notibras.com\/site\/dilma-entrega-brincos-aneis-dedos-e-ate-governo-para-o-pmdb\/","og_site_name":"Notibras","article_publisher":"https:\/\/www.facebook.com\/notibras\/","article_published_time":"2015-10-08T19:53:38+00:00","article_modified_time":"2015-10-09T06:05:31+00:00","og_image":[{"width":520,"height":367,"url":"https:\/\/www.notibras.com\/site\/wp-content\/uploads\/2015\/10\/cebd528f277255a428b7ff0f57c58aa2.jpg","type":"image\/jpeg"}],"author":"Reda\u00e7\u00e3o","twitter_card":"summary_large_image","twitter_creator":"@Notibras","twitter_site":"@Notibras","twitter_misc":{"Escrito por":"Reda\u00e7\u00e3o","Est. tempo de leitura":"1 minuto"},"schema":{"@context":"https:\/\/schema.org","@graph":[{"@type":"Article","@id":"https:\/\/www.notibras.com\/site\/dilma-entrega-brincos-aneis-dedos-e-ate-governo-para-o-pmdb\/#article","isPartOf":{"@id":"https:\/\/www.notibras.com\/site\/dilma-entrega-brincos-aneis-dedos-e-ate-governo-para-o-pmdb\/"},"author":{"name":"Reda\u00e7\u00e3o","@id":"https:\/\/www.notibras.com\/site\/#\/schema\/person\/36ab0979449956132d3e5b517ea76ac8"},"headline":"Dilma entrega brincos, an\u00e9is, dedos e at\u00e9 governo para o comando do PMDB","datePublished":"2015-10-08T19:53:38+00:00","dateModified":"2015-10-09T06:05:31+00:00","mainEntityOfPage":{"@id":"https:\/\/www.notibras.com\/site\/dilma-entrega-brincos-aneis-dedos-e-ate-governo-para-o-pmdb\/"},"wordCount":295,"commentCount":0,"publisher":{"@id":"https:\/\/www.notibras.com\/site\/#organization"},"image":{"@id":"https:\/\/www.notibras.com\/site\/dilma-entrega-brincos-aneis-dedos-e-ate-governo-para-o-pmdb\/#primaryimage"},"thumbnailUrl":"https:\/\/www.notibras.com\/site\/wp-content\/uploads\/2015\/10\/cebd528f277255a428b7ff0f57c58aa2.jpg","articleSection":["Cl\u00e1udio Coletti"],"inLanguage":"pt-BR","potentialAction":[{"@type":"CommentAction","name":"Comment","target":["https:\/\/www.notibras.com\/site\/dilma-entrega-brincos-aneis-dedos-e-ate-governo-para-o-pmdb\/#respond"]}]},{"@type":"WebPage","@id":"https:\/\/www.notibras.com\/site\/dilma-entrega-brincos-aneis-dedos-e-ate-governo-para-o-pmdb\/","url":"https:\/\/www.notibras.com\/site\/dilma-entrega-brincos-aneis-dedos-e-ate-governo-para-o-pmdb\/","name":"Dilma entrega brincos, an\u00e9is, dedos e at\u00e9 governo para o comando do PMDB - Notibras","isPartOf":{"@id":"https:\/\/www.notibras.com\/site\/#website"},"primaryImageOfPage":{"@id":"https:\/\/www.notibras.com\/site\/dilma-entrega-brincos-aneis-dedos-e-ate-governo-para-o-pmdb\/#primaryimage"},"image":{"@id":"https:\/\/www.notibras.com\/site\/dilma-entrega-brincos-aneis-dedos-e-ate-governo-para-o-pmdb\/#primaryimage"},"thumbnailUrl":"https:\/\/www.notibras.com\/site\/wp-content\/uploads\/2015\/10\/cebd528f277255a428b7ff0f57c58aa2.jpg","datePublished":"2015-10-08T19:53:38+00:00","dateModified":"2015-10-09T06:05:31+00:00","breadcrumb":{"@id":"https:\/\/www.notibras.com\/site\/dilma-entrega-brincos-aneis-dedos-e-ate-governo-para-o-pmdb\/#breadcrumb"},"inLanguage":"pt-BR","potentialAction":[{"@type":"ReadAction","target":["https:\/\/www.notibras.com\/site\/dilma-entrega-brincos-aneis-dedos-e-ate-governo-para-o-pmdb\/"]}]},{"@type":"ImageObject","inLanguage":"pt-BR","@id":"https:\/\/www.notibras.com\/site\/dilma-entrega-brincos-aneis-dedos-e-ate-governo-para-o-pmdb\/#primaryimage","url":"https:\/\/www.notibras.com\/site\/wp-content\/uploads\/2015\/10\/cebd528f277255a428b7ff0f57c58aa2.jpg","contentUrl":"https:\/\/www.notibras.com\/site\/wp-content\/uploads\/2015\/10\/cebd528f277255a428b7ff0f57c58aa2.jpg","width":520,"height":367},{"@type":"BreadcrumbList","@id":"https:\/\/www.notibras.com\/site\/dilma-entrega-brincos-aneis-dedos-e-ate-governo-para-o-pmdb\/#breadcrumb","itemListElement":[{"@type":"ListItem","position":1,"name":"In\u00edcio","item":"https:\/\/www.notibras.com\/site\/"},{"@type":"ListItem","position":2,"name":"Dilma entrega brincos, an\u00e9is, dedos e at\u00e9 governo para o comando do PMDB"}]},{"@type":"WebSite","@id":"https:\/\/www.notibras.com\/site\/#website","url":"https:\/\/www.notibras.com\/site\/","name":"Notibras","description":"Not\u00edcias de Bras\u00edlia, do Brasil e do Mundo","publisher":{"@id":"https:\/\/www.notibras.com\/site\/#organization"},"potentialAction":[{"@type":"SearchAction","target":{"@type":"EntryPoint","urlTemplate":"https:\/\/www.notibras.com\/site\/?s={search_term_string}"},"query-input":{"@type":"PropertyValueSpecification","valueRequired":true,"valueName":"search_term_string"}}],"inLanguage":"pt-BR"},{"@type":"Organization","@id":"https:\/\/www.notibras.com\/site\/#organization","name":"Grupo Notibras de Comunica\u00e7\u00e3o","url":"https:\/\/www.notibras.com\/site\/","logo":{"@type":"ImageObject","inLanguage":"pt-BR","@id":"https:\/\/www.notibras.com\/site\/#\/schema\/logo\/image\/","url":"https:\/\/www.notibras.com\/site\/wp-content\/uploads\/2023\/01\/notibras23.png","contentUrl":"https:\/\/www.notibras.com\/site\/wp-content\/uploads\/2023\/01\/notibras23.png","width":350,"height":87,"caption":"Grupo Notibras de Comunica\u00e7\u00e3o"},"image":{"@id":"https:\/\/www.notibras.com\/site\/#\/schema\/logo\/image\/"},"sameAs":["https:\/\/www.facebook.com\/notibras\/","https:\/\/x.com\/Notibras","https:\/\/www.instagram.com\/notibras\/"]},{"@type":"Person","@id":"https:\/\/www.notibras.com\/site\/#\/schema\/person\/36ab0979449956132d3e5b517ea76ac8","name":"Reda\u00e7\u00e3o","image":{"@type":"ImageObject","inLanguage":"pt-BR","@id":"https:\/\/secure.gravatar.com\/avatar\/e0a867bdedb85fd243eadf09663511f96fc81e0720a4a42581f334ad4303aa6b?s=96&d=mm&r=g","url":"https:\/\/secure.gravatar.com\/avatar\/e0a867bdedb85fd243eadf09663511f96fc81e0720a4a42581f334ad4303aa6b?s=96&d=mm&r=g","contentUrl":"https:\/\/secure.gravatar.com\/avatar\/e0a867bdedb85fd243eadf09663511f96fc81e0720a4a42581f334ad4303aa6b?s=96&d=mm&r=g","caption":"Reda\u00e7\u00e3o"}}]}},"amp_enabled":true,"_links":{"self":[{"href":"https:\/\/www.notibras.com\/site\/wp-json\/wp\/v2\/posts\/70855","targetHints":{"allow":["GET"]}}],"collection":[{"href":"https:\/\/www.notibras.com\/site\/wp-json\/wp\/v2\/posts"}],"about":[{"href":"https:\/\/www.notibras.com\/site\/wp-json\/wp\/v2\/types\/post"}],"author":[{"embeddable":true,"href":"https:\/\/www.notibras.com\/site\/wp-json\/wp\/v2\/users\/2"}],"replies":[{"embeddable":true,"href":"https:\/\/www.notibras.com\/site\/wp-json\/wp\/v2\/comments?post=70855"}],"version-history":[{"count":4,"href":"https:\/\/www.notibras.com\/site\/wp-json\/wp\/v2\/posts\/70855\/revisions"}],"predecessor-version":[{"id":70930,"href":"https:\/\/www.notibras.com\/site\/wp-json\/wp\/v2\/posts\/70855\/revisions\/70930"}],"wp:featuredmedia":[{"embeddable":true,"href":"https:\/\/www.notibras.com\/site\/wp-json\/wp\/v2\/media\/70856"}],"wp:attachment":[{"href":"https:\/\/www.notibras.com\/site\/wp-json\/wp\/v2\/media?parent=70855"}],"wp:term":[{"taxonomy":"category","embeddable":true,"href":"https:\/\/www.notibras.com\/site\/wp-json\/wp\/v2\/categories?post=70855"},{"taxonomy":"post_tag","embeddable":true,"href":"https:\/\/www.notibras.com\/site\/wp-json\/wp\/v2\/tags?post=70855"}],"curies":[{"name":"wp","href":"https:\/\/api.w.org\/{rel}","templated":true}]}}