{"id":70883,"date":"2015-10-08T22:56:44","date_gmt":"2015-10-09T01:56:44","guid":{"rendered":"http:\/\/www.notibras.com\/site\/?p=70883"},"modified":"2015-10-09T17:31:45","modified_gmt":"2015-10-09T20:31:45","slug":"chile-impoe-primeira-derrota-do-brasil-em-estreia-de-eliminatorias","status":"publish","type":"post","link":"https:\/\/www.notibras.com\/site\/chile-impoe-primeira-derrota-do-brasil-em-estreia-de-eliminatorias\/","title":{"rendered":"Chile imp\u00f5e primeira derrota do Brasil na estreia em eliminat\u00f3rias"},"content":{"rendered":"<p>O Brasil caiu feio na estreia nas Eliminat\u00f3rias Sul-Americanas da Copa do Mundo de 2018, que ser\u00e1 na R\u00fassia. Nesta quinta-feira, perdeu por 2 a 0 para o Chile, no est\u00e1dio Nacional, em Santiago, em uma partida em que fez um primeiro tempo razo\u00e1vel, mas foi engolido no segundo. A derrota p\u00f4s fim a 15 anos e 14 jogos de invencibilidade da sele\u00e7\u00e3o em cima dos chilenos e \u00e9 a primeira do Pa\u00eds em estreia nas Eliminat\u00f3rias.<\/p>\n<p>O t\u00e9cnico Dunga perdeu tamb\u00e9m a sua invencibilidade pessoal contra os chilenos, ap\u00f3s sete vit\u00f3rias seguidas. Na ter\u00e7a-feira, a sele\u00e7\u00e3o tentar\u00e1 a reabilita\u00e7\u00e3o contra a Venezuela na Arena Castel\u00e3o, em Fortaleza, pela segunda rodada.<\/p>\n<p>A sele\u00e7\u00e3o brasileira teve o m\u00e9rito de refrear o entusiasmo do Chile no primeiro tempo, impedindo os donos da casa de exercer grande press\u00e3o, como normalmente faz quando atua diante de sua torcida. Os chilenos buscavam o ataque, \u00f3bvio. Mas sem grande \u00edmpeto.<\/p>\n<p>A principal op\u00e7\u00e3o do Chile era pelo lado direito, na tentativa de explorar as costas de Marcelo, com investidas de Alexis Sanchez e as subidas em alta velocidade de Isla. Nos primeiros 10 minutos, foram tr\u00eas tentativas. Mas logo a marca\u00e7\u00e3o se acertou e a fonte secou.<\/p>\n<p>O Brasil n\u00e3o se limitava apenas a n\u00e3o deixar o Chile jogar. Com a bola, procurava ir \u00e0 frente, atacar, inclusive com Marcelo e Daniel Alves do outro lado. Em alguns momentos, ambos chegaram a participar da arma\u00e7\u00e3o do jogo.<\/p>\n<p>O comportamento dos brasileiros incomodou os chilenos, que talvez n\u00e3o esperassem uma marca\u00e7\u00e3o em seu campo quando tinham a bola, nem um advers\u00e1rio muito disposto a pression\u00e1-los. Mas Dunga havia dito na v\u00e9spera que a sele\u00e7\u00e3o n\u00e3o iria ficar apenas se defendendo. Nervosos, os chilenos erravam muitos passes na sa\u00edda de bola.<\/p>\n<p>O Brasil estava bem e at\u00e9 criou algumas chances. Nada, por\u00e9m, muito empolgante. E a sele\u00e7\u00e3o tamb\u00e9m cometia erros bobos de passe. E, em um deles, quase ao fim do primeiro tempo, o Chile acertou a trave de Jefferson com Mark Gonz\u00e1lez, que acabara de entrar no lugar de D\u00edaz. O lance animou o time da casa e o jogo, que estava morno. O primeiro tempo terminou com as duas sele\u00e7\u00f5es mais abertas, atacando.<\/p>\n<p>No segundo tempo, o que j\u00e1 se previra nos minutos finais do primeiro, ficou claro: com Gonz\u00e1lez, o Chile ficou mais exposto. O Brasil continuou concentrado na marca\u00e7\u00e3o e, quando tomava a bola, contava com muito espa\u00e7o para contra-atacar.<\/p>\n<p>Marcelo conseguiu armar duas jogadas ofensivas seguidas. Oscar tamb\u00e9m teve boa participa\u00e7\u00e3o nos lances. Mas o meia pecou por tentar o passe em vez de finalizar. Ali\u00e1s, o vacilo no momento de concluir foi um defeito da sele\u00e7\u00e3o. O Chile se expunha, mas em compensa\u00e7\u00e3o tamb\u00e9m atacava bastante. Colocou outra bola na trave de Jefferson, em um chute de Isla, e criou boas chances.<\/p>\n<p>Os donos da casa acabaram chegando ao gol ap\u00f3s falta cometida por Luiz Gustavo. Mathias Fernandez se antecipou \u00e0 zaga e desviou. Jefferson ainda tocou na bola, mas n\u00e3o conseguiu evitar o gol.<\/p>\n<p>Ao se ver em desvantagem, Dunga trocou Hulk por Ricardo Oliveira. A sele\u00e7\u00e3o foi para cima do Chile, mas a\u00ed encontrou um advers\u00e1rio que j\u00e1 se preocupava em se fechar. Lucas Lima no lugar de Luiz Gustavo foi outra tentativa de se chegar ao empate. N\u00e3o deu certo. A sele\u00e7\u00e3o atacava desordenada e deixava espa\u00e7os.<\/p>\n<p>A consequ\u00eancia \u00e9 que acabou sofrendo o segundo gol, marcado por Alexis Sanchez, e ainda levou ol\u00e9 no final. As Eliminat\u00f3rias ser\u00e3o duras.<\/p>\n<p><img loading=\"lazy\" decoding=\"async\" class=\"alignnone size-full wp-image-70065\" src=\"http:\/\/www.notibras.com\/site\/wp-content\/uploads\/2015\/10\/estadao.png\" alt=\"estadao\" width=\"99\" height=\"16\" \/><\/p>\n","protected":false},"excerpt":{"rendered":"<p>O Brasil caiu feio na estreia nas Eliminat\u00f3rias Sul-Americanas da Copa do Mundo de 2018, que ser\u00e1 na R\u00fassia. Nesta quinta-feira, perdeu por 2 a 0 para o Chile, no est\u00e1dio Nacional, em Santiago, em uma partida em que fez um primeiro tempo razo\u00e1vel, mas foi engolido no segundo. A derrota p\u00f4s fim a 15 [&hellip;]<\/p>\n","protected":false},"author":2,"featured_media":70884,"comment_status":"open","ping_status":"closed","sticky":false,"template":"","format":"standard","meta":{"_acf_changed":false,"footnotes":""},"categories":[29],"tags":[],"class_list":["post-70883","post","type-post","status-publish","format-standard","has-post-thumbnail","hentry","category-futebol"],"acf":[],"yoast_head":"<!-- This site is optimized with the Yoast SEO plugin v27.2 - https:\/\/yoast.com\/product\/yoast-seo-wordpress\/ -->\n<title>Chile imp\u00f5e primeira derrota do Brasil na estreia em eliminat\u00f3rias - Notibras<\/title>\n<meta name=\"robots\" content=\"index, follow, max-snippet:-1, max-image-preview:large, max-video-preview:-1\" \/>\n<link rel=\"canonical\" href=\"https:\/\/www.notibras.com\/site\/chile-impoe-primeira-derrota-do-brasil-em-estreia-de-eliminatorias\/\" \/>\n<meta property=\"og:locale\" content=\"pt_BR\" \/>\n<meta property=\"og:type\" content=\"article\" \/>\n<meta property=\"og:title\" content=\"Chile imp\u00f5e primeira derrota do Brasil na estreia em eliminat\u00f3rias - Notibras\" \/>\n<meta property=\"og:description\" content=\"O Brasil caiu feio na estreia nas Eliminat\u00f3rias Sul-Americanas da Copa do Mundo de 2018, que ser\u00e1 na R\u00fassia. Nesta quinta-feira, perdeu por 2 a 0 para o Chile, no est\u00e1dio Nacional, em Santiago, em uma partida em que fez um primeiro tempo razo\u00e1vel, mas foi engolido no segundo. A derrota p\u00f4s fim a 15 [&hellip;]\" \/>\n<meta property=\"og:url\" content=\"https:\/\/www.notibras.com\/site\/chile-impoe-primeira-derrota-do-brasil-em-estreia-de-eliminatorias\/\" \/>\n<meta property=\"og:site_name\" content=\"Notibras\" \/>\n<meta property=\"article:publisher\" content=\"https:\/\/www.facebook.com\/notibras\/\" \/>\n<meta property=\"article:published_time\" content=\"2015-10-09T01:56:44+00:00\" \/>\n<meta property=\"article:modified_time\" content=\"2015-10-09T20:31:45+00:00\" \/>\n<meta property=\"og:image\" content=\"https:\/\/www.notibras.com\/site\/wp-content\/uploads\/2015\/10\/chi2.jpg\" \/>\n\t<meta property=\"og:image:width\" content=\"645\" \/>\n\t<meta property=\"og:image:height\" content=\"429\" \/>\n\t<meta property=\"og:image:type\" content=\"image\/jpeg\" \/>\n<meta name=\"author\" content=\"Reda\u00e7\u00e3o\" \/>\n<meta name=\"twitter:card\" content=\"summary_large_image\" \/>\n<meta name=\"twitter:creator\" content=\"@Notibras\" \/>\n<meta name=\"twitter:site\" content=\"@Notibras\" \/>\n<meta name=\"twitter:label1\" content=\"Escrito por\" \/>\n\t<meta name=\"twitter:data1\" content=\"Reda\u00e7\u00e3o\" \/>\n\t<meta name=\"twitter:label2\" content=\"Est. tempo de leitura\" \/>\n\t<meta name=\"twitter:data2\" content=\"3 minutos\" \/>\n<script type=\"application\/ld+json\" class=\"yoast-schema-graph\">{\"@context\":\"https:\/\/schema.org\",\"@graph\":[{\"@type\":\"Article\",\"@id\":\"https:\/\/www.notibras.com\/site\/chile-impoe-primeira-derrota-do-brasil-em-estreia-de-eliminatorias\/#article\",\"isPartOf\":{\"@id\":\"https:\/\/www.notibras.com\/site\/chile-impoe-primeira-derrota-do-brasil-em-estreia-de-eliminatorias\/\"},\"author\":{\"name\":\"Reda\u00e7\u00e3o\",\"@id\":\"https:\/\/www.notibras.com\/site\/#\/schema\/person\/36ab0979449956132d3e5b517ea76ac8\"},\"headline\":\"Chile imp\u00f5e primeira derrota do Brasil na estreia em eliminat\u00f3rias\",\"datePublished\":\"2015-10-09T01:56:44+00:00\",\"dateModified\":\"2015-10-09T20:31:45+00:00\",\"mainEntityOfPage\":{\"@id\":\"https:\/\/www.notibras.com\/site\/chile-impoe-primeira-derrota-do-brasil-em-estreia-de-eliminatorias\/\"},\"wordCount\":641,\"commentCount\":0,\"publisher\":{\"@id\":\"https:\/\/www.notibras.com\/site\/#organization\"},\"image\":{\"@id\":\"https:\/\/www.notibras.com\/site\/chile-impoe-primeira-derrota-do-brasil-em-estreia-de-eliminatorias\/#primaryimage\"},\"thumbnailUrl\":\"https:\/\/www.notibras.com\/site\/wp-content\/uploads\/2015\/10\/chi2.jpg\",\"articleSection\":[\"Futebol\"],\"inLanguage\":\"pt-BR\",\"potentialAction\":[{\"@type\":\"CommentAction\",\"name\":\"Comment\",\"target\":[\"https:\/\/www.notibras.com\/site\/chile-impoe-primeira-derrota-do-brasil-em-estreia-de-eliminatorias\/#respond\"]}]},{\"@type\":\"WebPage\",\"@id\":\"https:\/\/www.notibras.com\/site\/chile-impoe-primeira-derrota-do-brasil-em-estreia-de-eliminatorias\/\",\"url\":\"https:\/\/www.notibras.com\/site\/chile-impoe-primeira-derrota-do-brasil-em-estreia-de-eliminatorias\/\",\"name\":\"Chile imp\u00f5e primeira derrota do Brasil na estreia em eliminat\u00f3rias - Notibras\",\"isPartOf\":{\"@id\":\"https:\/\/www.notibras.com\/site\/#website\"},\"primaryImageOfPage\":{\"@id\":\"https:\/\/www.notibras.com\/site\/chile-impoe-primeira-derrota-do-brasil-em-estreia-de-eliminatorias\/#primaryimage\"},\"image\":{\"@id\":\"https:\/\/www.notibras.com\/site\/chile-impoe-primeira-derrota-do-brasil-em-estreia-de-eliminatorias\/#primaryimage\"},\"thumbnailUrl\":\"https:\/\/www.notibras.com\/site\/wp-content\/uploads\/2015\/10\/chi2.jpg\",\"datePublished\":\"2015-10-09T01:56:44+00:00\",\"dateModified\":\"2015-10-09T20:31:45+00:00\",\"breadcrumb\":{\"@id\":\"https:\/\/www.notibras.com\/site\/chile-impoe-primeira-derrota-do-brasil-em-estreia-de-eliminatorias\/#breadcrumb\"},\"inLanguage\":\"pt-BR\",\"potentialAction\":[{\"@type\":\"ReadAction\",\"target\":[\"https:\/\/www.notibras.com\/site\/chile-impoe-primeira-derrota-do-brasil-em-estreia-de-eliminatorias\/\"]}]},{\"@type\":\"ImageObject\",\"inLanguage\":\"pt-BR\",\"@id\":\"https:\/\/www.notibras.com\/site\/chile-impoe-primeira-derrota-do-brasil-em-estreia-de-eliminatorias\/#primaryimage\",\"url\":\"https:\/\/www.notibras.com\/site\/wp-content\/uploads\/2015\/10\/chi2.jpg\",\"contentUrl\":\"https:\/\/www.notibras.com\/site\/wp-content\/uploads\/2015\/10\/chi2.jpg\",\"width\":645,\"height\":429},{\"@type\":\"BreadcrumbList\",\"@id\":\"https:\/\/www.notibras.com\/site\/chile-impoe-primeira-derrota-do-brasil-em-estreia-de-eliminatorias\/#breadcrumb\",\"itemListElement\":[{\"@type\":\"ListItem\",\"position\":1,\"name\":\"In\u00edcio\",\"item\":\"https:\/\/www.notibras.com\/site\/\"},{\"@type\":\"ListItem\",\"position\":2,\"name\":\"Chile imp\u00f5e primeira derrota do Brasil na estreia em eliminat\u00f3rias\"}]},{\"@type\":\"WebSite\",\"@id\":\"https:\/\/www.notibras.com\/site\/#website\",\"url\":\"https:\/\/www.notibras.com\/site\/\",\"name\":\"Notibras\",\"description\":\"Not\u00edcias de Bras\u00edlia, do Brasil e do Mundo\",\"publisher\":{\"@id\":\"https:\/\/www.notibras.com\/site\/#organization\"},\"potentialAction\":[{\"@type\":\"SearchAction\",\"target\":{\"@type\":\"EntryPoint\",\"urlTemplate\":\"https:\/\/www.notibras.com\/site\/?s={search_term_string}\"},\"query-input\":{\"@type\":\"PropertyValueSpecification\",\"valueRequired\":true,\"valueName\":\"search_term_string\"}}],\"inLanguage\":\"pt-BR\"},{\"@type\":\"Organization\",\"@id\":\"https:\/\/www.notibras.com\/site\/#organization\",\"name\":\"Grupo Notibras de Comunica\u00e7\u00e3o\",\"url\":\"https:\/\/www.notibras.com\/site\/\",\"logo\":{\"@type\":\"ImageObject\",\"inLanguage\":\"pt-BR\",\"@id\":\"https:\/\/www.notibras.com\/site\/#\/schema\/logo\/image\/\",\"url\":\"https:\/\/www.notibras.com\/site\/wp-content\/uploads\/2023\/01\/notibras23.png\",\"contentUrl\":\"https:\/\/www.notibras.com\/site\/wp-content\/uploads\/2023\/01\/notibras23.png\",\"width\":350,\"height\":87,\"caption\":\"Grupo Notibras de Comunica\u00e7\u00e3o\"},\"image\":{\"@id\":\"https:\/\/www.notibras.com\/site\/#\/schema\/logo\/image\/\"},\"sameAs\":[\"https:\/\/www.facebook.com\/notibras\/\",\"https:\/\/x.com\/Notibras\",\"https:\/\/www.instagram.com\/notibras\/\"]},{\"@type\":\"Person\",\"@id\":\"https:\/\/www.notibras.com\/site\/#\/schema\/person\/36ab0979449956132d3e5b517ea76ac8\",\"name\":\"Reda\u00e7\u00e3o\",\"image\":{\"@type\":\"ImageObject\",\"inLanguage\":\"pt-BR\",\"@id\":\"https:\/\/secure.gravatar.com\/avatar\/e0a867bdedb85fd243eadf09663511f96fc81e0720a4a42581f334ad4303aa6b?s=96&d=mm&r=g\",\"url\":\"https:\/\/secure.gravatar.com\/avatar\/e0a867bdedb85fd243eadf09663511f96fc81e0720a4a42581f334ad4303aa6b?s=96&d=mm&r=g\",\"contentUrl\":\"https:\/\/secure.gravatar.com\/avatar\/e0a867bdedb85fd243eadf09663511f96fc81e0720a4a42581f334ad4303aa6b?s=96&d=mm&r=g\",\"caption\":\"Reda\u00e7\u00e3o\"}}]}<\/script>\n<!-- \/ Yoast SEO plugin. -->","yoast_head_json":{"title":"Chile imp\u00f5e primeira derrota do Brasil na estreia em eliminat\u00f3rias - Notibras","robots":{"index":"index","follow":"follow","max-snippet":"max-snippet:-1","max-image-preview":"max-image-preview:large","max-video-preview":"max-video-preview:-1"},"canonical":"https:\/\/www.notibras.com\/site\/chile-impoe-primeira-derrota-do-brasil-em-estreia-de-eliminatorias\/","og_locale":"pt_BR","og_type":"article","og_title":"Chile imp\u00f5e primeira derrota do Brasil na estreia em eliminat\u00f3rias - Notibras","og_description":"O Brasil caiu feio na estreia nas Eliminat\u00f3rias Sul-Americanas da Copa do Mundo de 2018, que ser\u00e1 na R\u00fassia. Nesta quinta-feira, perdeu por 2 a 0 para o Chile, no est\u00e1dio Nacional, em Santiago, em uma partida em que fez um primeiro tempo razo\u00e1vel, mas foi engolido no segundo. A derrota p\u00f4s fim a 15 [&hellip;]","og_url":"https:\/\/www.notibras.com\/site\/chile-impoe-primeira-derrota-do-brasil-em-estreia-de-eliminatorias\/","og_site_name":"Notibras","article_publisher":"https:\/\/www.facebook.com\/notibras\/","article_published_time":"2015-10-09T01:56:44+00:00","article_modified_time":"2015-10-09T20:31:45+00:00","og_image":[{"width":645,"height":429,"url":"https:\/\/www.notibras.com\/site\/wp-content\/uploads\/2015\/10\/chi2.jpg","type":"image\/jpeg"}],"author":"Reda\u00e7\u00e3o","twitter_card":"summary_large_image","twitter_creator":"@Notibras","twitter_site":"@Notibras","twitter_misc":{"Escrito por":"Reda\u00e7\u00e3o","Est. tempo de leitura":"3 minutos"},"schema":{"@context":"https:\/\/schema.org","@graph":[{"@type":"Article","@id":"https:\/\/www.notibras.com\/site\/chile-impoe-primeira-derrota-do-brasil-em-estreia-de-eliminatorias\/#article","isPartOf":{"@id":"https:\/\/www.notibras.com\/site\/chile-impoe-primeira-derrota-do-brasil-em-estreia-de-eliminatorias\/"},"author":{"name":"Reda\u00e7\u00e3o","@id":"https:\/\/www.notibras.com\/site\/#\/schema\/person\/36ab0979449956132d3e5b517ea76ac8"},"headline":"Chile imp\u00f5e primeira derrota do Brasil na estreia em eliminat\u00f3rias","datePublished":"2015-10-09T01:56:44+00:00","dateModified":"2015-10-09T20:31:45+00:00","mainEntityOfPage":{"@id":"https:\/\/www.notibras.com\/site\/chile-impoe-primeira-derrota-do-brasil-em-estreia-de-eliminatorias\/"},"wordCount":641,"commentCount":0,"publisher":{"@id":"https:\/\/www.notibras.com\/site\/#organization"},"image":{"@id":"https:\/\/www.notibras.com\/site\/chile-impoe-primeira-derrota-do-brasil-em-estreia-de-eliminatorias\/#primaryimage"},"thumbnailUrl":"https:\/\/www.notibras.com\/site\/wp-content\/uploads\/2015\/10\/chi2.jpg","articleSection":["Futebol"],"inLanguage":"pt-BR","potentialAction":[{"@type":"CommentAction","name":"Comment","target":["https:\/\/www.notibras.com\/site\/chile-impoe-primeira-derrota-do-brasil-em-estreia-de-eliminatorias\/#respond"]}]},{"@type":"WebPage","@id":"https:\/\/www.notibras.com\/site\/chile-impoe-primeira-derrota-do-brasil-em-estreia-de-eliminatorias\/","url":"https:\/\/www.notibras.com\/site\/chile-impoe-primeira-derrota-do-brasil-em-estreia-de-eliminatorias\/","name":"Chile imp\u00f5e primeira derrota do Brasil na estreia em eliminat\u00f3rias - Notibras","isPartOf":{"@id":"https:\/\/www.notibras.com\/site\/#website"},"primaryImageOfPage":{"@id":"https:\/\/www.notibras.com\/site\/chile-impoe-primeira-derrota-do-brasil-em-estreia-de-eliminatorias\/#primaryimage"},"image":{"@id":"https:\/\/www.notibras.com\/site\/chile-impoe-primeira-derrota-do-brasil-em-estreia-de-eliminatorias\/#primaryimage"},"thumbnailUrl":"https:\/\/www.notibras.com\/site\/wp-content\/uploads\/2015\/10\/chi2.jpg","datePublished":"2015-10-09T01:56:44+00:00","dateModified":"2015-10-09T20:31:45+00:00","breadcrumb":{"@id":"https:\/\/www.notibras.com\/site\/chile-impoe-primeira-derrota-do-brasil-em-estreia-de-eliminatorias\/#breadcrumb"},"inLanguage":"pt-BR","potentialAction":[{"@type":"ReadAction","target":["https:\/\/www.notibras.com\/site\/chile-impoe-primeira-derrota-do-brasil-em-estreia-de-eliminatorias\/"]}]},{"@type":"ImageObject","inLanguage":"pt-BR","@id":"https:\/\/www.notibras.com\/site\/chile-impoe-primeira-derrota-do-brasil-em-estreia-de-eliminatorias\/#primaryimage","url":"https:\/\/www.notibras.com\/site\/wp-content\/uploads\/2015\/10\/chi2.jpg","contentUrl":"https:\/\/www.notibras.com\/site\/wp-content\/uploads\/2015\/10\/chi2.jpg","width":645,"height":429},{"@type":"BreadcrumbList","@id":"https:\/\/www.notibras.com\/site\/chile-impoe-primeira-derrota-do-brasil-em-estreia-de-eliminatorias\/#breadcrumb","itemListElement":[{"@type":"ListItem","position":1,"name":"In\u00edcio","item":"https:\/\/www.notibras.com\/site\/"},{"@type":"ListItem","position":2,"name":"Chile imp\u00f5e primeira derrota do Brasil na estreia em eliminat\u00f3rias"}]},{"@type":"WebSite","@id":"https:\/\/www.notibras.com\/site\/#website","url":"https:\/\/www.notibras.com\/site\/","name":"Notibras","description":"Not\u00edcias de Bras\u00edlia, do Brasil e do Mundo","publisher":{"@id":"https:\/\/www.notibras.com\/site\/#organization"},"potentialAction":[{"@type":"SearchAction","target":{"@type":"EntryPoint","urlTemplate":"https:\/\/www.notibras.com\/site\/?s={search_term_string}"},"query-input":{"@type":"PropertyValueSpecification","valueRequired":true,"valueName":"search_term_string"}}],"inLanguage":"pt-BR"},{"@type":"Organization","@id":"https:\/\/www.notibras.com\/site\/#organization","name":"Grupo Notibras de Comunica\u00e7\u00e3o","url":"https:\/\/www.notibras.com\/site\/","logo":{"@type":"ImageObject","inLanguage":"pt-BR","@id":"https:\/\/www.notibras.com\/site\/#\/schema\/logo\/image\/","url":"https:\/\/www.notibras.com\/site\/wp-content\/uploads\/2023\/01\/notibras23.png","contentUrl":"https:\/\/www.notibras.com\/site\/wp-content\/uploads\/2023\/01\/notibras23.png","width":350,"height":87,"caption":"Grupo Notibras de Comunica\u00e7\u00e3o"},"image":{"@id":"https:\/\/www.notibras.com\/site\/#\/schema\/logo\/image\/"},"sameAs":["https:\/\/www.facebook.com\/notibras\/","https:\/\/x.com\/Notibras","https:\/\/www.instagram.com\/notibras\/"]},{"@type":"Person","@id":"https:\/\/www.notibras.com\/site\/#\/schema\/person\/36ab0979449956132d3e5b517ea76ac8","name":"Reda\u00e7\u00e3o","image":{"@type":"ImageObject","inLanguage":"pt-BR","@id":"https:\/\/secure.gravatar.com\/avatar\/e0a867bdedb85fd243eadf09663511f96fc81e0720a4a42581f334ad4303aa6b?s=96&d=mm&r=g","url":"https:\/\/secure.gravatar.com\/avatar\/e0a867bdedb85fd243eadf09663511f96fc81e0720a4a42581f334ad4303aa6b?s=96&d=mm&r=g","contentUrl":"https:\/\/secure.gravatar.com\/avatar\/e0a867bdedb85fd243eadf09663511f96fc81e0720a4a42581f334ad4303aa6b?s=96&d=mm&r=g","caption":"Reda\u00e7\u00e3o"}}]}},"amp_enabled":true,"_links":{"self":[{"href":"https:\/\/www.notibras.com\/site\/wp-json\/wp\/v2\/posts\/70883","targetHints":{"allow":["GET"]}}],"collection":[{"href":"https:\/\/www.notibras.com\/site\/wp-json\/wp\/v2\/posts"}],"about":[{"href":"https:\/\/www.notibras.com\/site\/wp-json\/wp\/v2\/types\/post"}],"author":[{"embeddable":true,"href":"https:\/\/www.notibras.com\/site\/wp-json\/wp\/v2\/users\/2"}],"replies":[{"embeddable":true,"href":"https:\/\/www.notibras.com\/site\/wp-json\/wp\/v2\/comments?post=70883"}],"version-history":[{"count":4,"href":"https:\/\/www.notibras.com\/site\/wp-json\/wp\/v2\/posts\/70883\/revisions"}],"predecessor-version":[{"id":70998,"href":"https:\/\/www.notibras.com\/site\/wp-json\/wp\/v2\/posts\/70883\/revisions\/70998"}],"wp:featuredmedia":[{"embeddable":true,"href":"https:\/\/www.notibras.com\/site\/wp-json\/wp\/v2\/media\/70884"}],"wp:attachment":[{"href":"https:\/\/www.notibras.com\/site\/wp-json\/wp\/v2\/media?parent=70883"}],"wp:term":[{"taxonomy":"category","embeddable":true,"href":"https:\/\/www.notibras.com\/site\/wp-json\/wp\/v2\/categories?post=70883"},{"taxonomy":"post_tag","embeddable":true,"href":"https:\/\/www.notibras.com\/site\/wp-json\/wp\/v2\/tags?post=70883"}],"curies":[{"name":"wp","href":"https:\/\/api.w.org\/{rel}","templated":true}]}}