{"id":70887,"date":"2015-10-08T22:50:50","date_gmt":"2015-10-09T01:50:50","guid":{"rendered":"http:\/\/www.notibras.com\/site\/?p=70887"},"modified":"2015-10-09T00:25:22","modified_gmt":"2015-10-09T03:25:22","slug":"70887-2","status":"publish","type":"post","link":"https:\/\/www.notibras.com\/site\/70887-2\/","title":{"rendered":"Equador surpreende Argentina e faz 2&#215;0 no Monumental de N\u00fa\u00f1ez"},"content":{"rendered":"<p>Assim como a sele\u00e7\u00e3o brasileira, a Argentina decepcionou em sua estreia nas Eliminat\u00f3rias Sul-Americanas da Copa do Mundo de 2018. Jogando em casa, no Monumental de N\u00fa\u00f1ez, o time comandado por Tata Martino sentiu falta de Lionel Messi, machucado, e foi derrotado pelo Equador por 2 a 0, nesta abertura da competi\u00e7\u00e3o.<\/p>\n<p>Fora da lista de favoritos para ficar com a vaga ao fim das Eliminat\u00f3rias, o Equador decidiu a partida em apenas dois minutos no segundo tempo. Em dois r\u00e1pidos lances, marcou dois gols, com Erazo, zagueiro do Gr\u00eamio, e com o atacante Caicedo, aos 35 e aos 37 minutos.<\/p>\n<p>O resultado coroou o bom desempenho dos visitantes ao longo de todo o jogo. O Equador foi ligeiramente melhor na partida e criou as melhores chances de gol, apesar de ter jogadores como Di Mar\u00eda e Ag&amp;#252;ero do outro lado do campo. Di Mar\u00eda foi um dos poucos argentinos que se salvaram neste duelo e Ag&amp;#252;ero se machucou ainda no primeiro tempo. Foi substitu\u00eddo por Tevez, tamb\u00e9m apagado nesta noite.<\/p>\n<p>Agora a Argentina se prepara para enfrentar um rival mais complicado. Na ter\u00e7a-feira, o advers\u00e1rio ser\u00e1 o Paraguai, fora de casa. J\u00e1 o Equador ter\u00e1, em tese, uma tarefa mais f\u00e1cil. Enfrentar\u00e1 a Bol\u00edvia, em casa, no mesmo dia.<\/p>\n<p>O JOGO &#8211; Sem Messi, Tata Martino manteve a forma\u00e7\u00e3o ofensiva da Argentina, com \u00c1ngel Correa complementando o quarteto, ao lado de Di Mar\u00eda, Ag&amp;#252;ero e Pastore. Mas, naturalmente, n\u00e3o poderia ser t\u00e3o f\u00e1cil substituir o atacante do Barcelona assim. A aus\u00eancia dele esvaziou o meio-campo argentino, que n\u00e3o tinha transi\u00e7\u00e3o.<\/p>\n<p>A equipe de Martino n\u00e3o jogou nesta noite como fazia sob o comando de Alejandro Sabella, de forma compactada e coesa ao longo de toda a partida. Como resultado, foi o Equador quem levou maior perigo, embora sem uma chance mais clara de gol. Bola\u00f1os tentou em dois lance seguidos. Aos 24, mandou por cima do travess\u00e3o. E, dois minutos depois, cabeceou para fora.<\/p>\n<p>Enquanto o Equador se sentia \u00e0 vontade no ataque, a Argentina fazia esfor\u00e7o para se acertar no setor ofensivo, ap\u00f3s perder nova pe\u00e7a importante no ataque. Ag&amp;#252;ero sentiu dores musculares e precisou deixar o gramado aos 22 minutos.<\/p>\n<p>Tevez entrou em seu lugar, o que s\u00f3 aumentou a dist\u00e2ncia entre a defesa e o ataque argentino. Di Maria era quem se esfor\u00e7ava para dar combust\u00edvel ao ataque, geralmente disparando pela direita, sem maiores consequ\u00eancias. Antes do intervalo, a Argentina teve sua melhor chance em cobran\u00e7a de escanteio em que a zaga equatoriana quase marcou contra, aos 44.<\/p>\n<p>No intervalo, Martino n\u00e3o conseguiu fazer os ajustes necess\u00e1rios no time argentino. E o Equador seguiu ligeiramente melhor. Chegando com mais facilidade, quase abriu o placar em chute de longe de Noboa, que quase encobriu o goleiro Romero, aos 12 minutos. A resposta da Argentina veio aos 16, em finaliza\u00e7\u00e3o perigosa de Di Maria, um dos poucos que se salvavam no jogo. Ele desperdi\u00e7ou outro bom lance aos 22.<\/p>\n<p>Os raros suspiros do time da casa no ataque foram totalmente ofuscados em dois lances do Equador. Os visitantes, que haviam amea\u00e7ado em cobran\u00e7a de falta que exigira linda defesa de Romero aos 23, definiram o jogo em apenas dois minutos. Aos 35, o zagueiro Erazo, do Gr\u00eamio, aproveitou cobran\u00e7a de escanteio na \u00e1rea e mandou para as redes. Aos 37, Valencia disparou pela direita e cruzou rasteiro da direita para Caicedo s\u00f3 escorar, sacramentando a vit\u00f3ria.<\/p>\n<p><img loading=\"lazy\" decoding=\"async\" class=\"alignnone size-full wp-image-70065\" src=\"http:\/\/www.notibras.com\/site\/wp-content\/uploads\/2015\/10\/estadao.png\" alt=\"estadao\" width=\"99\" height=\"16\" \/><\/p>\n","protected":false},"excerpt":{"rendered":"<p>Assim como a sele\u00e7\u00e3o brasileira, a Argentina decepcionou em sua estreia nas Eliminat\u00f3rias Sul-Americanas da Copa do Mundo de 2018. Jogando em casa, no Monumental de N\u00fa\u00f1ez, o time comandado por Tata Martino sentiu falta de Lionel Messi, machucado, e foi derrotado pelo Equador por 2 a 0, nesta abertura da competi\u00e7\u00e3o. Fora da lista [&hellip;]<\/p>\n","protected":false},"author":2,"featured_media":70888,"comment_status":"open","ping_status":"closed","sticky":false,"template":"","format":"standard","meta":{"_acf_changed":false,"footnotes":""},"categories":[29],"tags":[],"class_list":["post-70887","post","type-post","status-publish","format-standard","has-post-thumbnail","hentry","category-futebol"],"acf":[],"yoast_head":"<!-- This site is optimized with the Yoast SEO plugin v27.2 - https:\/\/yoast.com\/product\/yoast-seo-wordpress\/ -->\n<title>Equador surpreende Argentina e faz 2x0 no Monumental de N\u00fa\u00f1ez - Notibras<\/title>\n<meta name=\"robots\" content=\"index, follow, max-snippet:-1, max-image-preview:large, max-video-preview:-1\" \/>\n<link rel=\"canonical\" href=\"https:\/\/www.notibras.com\/site\/70887-2\/\" \/>\n<meta property=\"og:locale\" content=\"pt_BR\" \/>\n<meta property=\"og:type\" content=\"article\" \/>\n<meta property=\"og:title\" content=\"Equador surpreende Argentina e faz 2x0 no Monumental de N\u00fa\u00f1ez - Notibras\" \/>\n<meta property=\"og:description\" content=\"Assim como a sele\u00e7\u00e3o brasileira, a Argentina decepcionou em sua estreia nas Eliminat\u00f3rias Sul-Americanas da Copa do Mundo de 2018. Jogando em casa, no Monumental de N\u00fa\u00f1ez, o time comandado por Tata Martino sentiu falta de Lionel Messi, machucado, e foi derrotado pelo Equador por 2 a 0, nesta abertura da competi\u00e7\u00e3o. Fora da lista [&hellip;]\" \/>\n<meta property=\"og:url\" content=\"https:\/\/www.notibras.com\/site\/70887-2\/\" \/>\n<meta property=\"og:site_name\" content=\"Notibras\" \/>\n<meta property=\"article:publisher\" content=\"https:\/\/www.facebook.com\/notibras\/\" \/>\n<meta property=\"article:published_time\" content=\"2015-10-09T01:50:50+00:00\" \/>\n<meta property=\"article:modified_time\" content=\"2015-10-09T03:25:22+00:00\" \/>\n<meta property=\"og:image\" content=\"https:\/\/www.notibras.com\/site\/wp-content\/uploads\/2015\/10\/eq8.jpg\" \/>\n\t<meta property=\"og:image:width\" content=\"645\" \/>\n\t<meta property=\"og:image:height\" content=\"372\" \/>\n\t<meta property=\"og:image:type\" content=\"image\/jpeg\" \/>\n<meta name=\"author\" content=\"Reda\u00e7\u00e3o\" \/>\n<meta name=\"twitter:card\" content=\"summary_large_image\" \/>\n<meta name=\"twitter:creator\" content=\"@Notibras\" \/>\n<meta name=\"twitter:site\" content=\"@Notibras\" \/>\n<meta name=\"twitter:label1\" content=\"Escrito por\" \/>\n\t<meta name=\"twitter:data1\" content=\"Reda\u00e7\u00e3o\" \/>\n\t<meta name=\"twitter:label2\" content=\"Est. tempo de leitura\" \/>\n\t<meta name=\"twitter:data2\" content=\"3 minutos\" \/>\n<script type=\"application\/ld+json\" class=\"yoast-schema-graph\">{\"@context\":\"https:\/\/schema.org\",\"@graph\":[{\"@type\":\"Article\",\"@id\":\"https:\/\/www.notibras.com\/site\/70887-2\/#article\",\"isPartOf\":{\"@id\":\"https:\/\/www.notibras.com\/site\/70887-2\/\"},\"author\":{\"name\":\"Reda\u00e7\u00e3o\",\"@id\":\"https:\/\/www.notibras.com\/site\/#\/schema\/person\/36ab0979449956132d3e5b517ea76ac8\"},\"headline\":\"Equador surpreende Argentina e faz 2&#215;0 no Monumental de N\u00fa\u00f1ez\",\"datePublished\":\"2015-10-09T01:50:50+00:00\",\"dateModified\":\"2015-10-09T03:25:22+00:00\",\"mainEntityOfPage\":{\"@id\":\"https:\/\/www.notibras.com\/site\/70887-2\/\"},\"wordCount\":615,\"commentCount\":0,\"publisher\":{\"@id\":\"https:\/\/www.notibras.com\/site\/#organization\"},\"image\":{\"@id\":\"https:\/\/www.notibras.com\/site\/70887-2\/#primaryimage\"},\"thumbnailUrl\":\"https:\/\/www.notibras.com\/site\/wp-content\/uploads\/2015\/10\/eq8.jpg\",\"articleSection\":[\"Futebol\"],\"inLanguage\":\"pt-BR\",\"potentialAction\":[{\"@type\":\"CommentAction\",\"name\":\"Comment\",\"target\":[\"https:\/\/www.notibras.com\/site\/70887-2\/#respond\"]}]},{\"@type\":\"WebPage\",\"@id\":\"https:\/\/www.notibras.com\/site\/70887-2\/\",\"url\":\"https:\/\/www.notibras.com\/site\/70887-2\/\",\"name\":\"Equador surpreende Argentina e faz 2x0 no Monumental de N\u00fa\u00f1ez - Notibras\",\"isPartOf\":{\"@id\":\"https:\/\/www.notibras.com\/site\/#website\"},\"primaryImageOfPage\":{\"@id\":\"https:\/\/www.notibras.com\/site\/70887-2\/#primaryimage\"},\"image\":{\"@id\":\"https:\/\/www.notibras.com\/site\/70887-2\/#primaryimage\"},\"thumbnailUrl\":\"https:\/\/www.notibras.com\/site\/wp-content\/uploads\/2015\/10\/eq8.jpg\",\"datePublished\":\"2015-10-09T01:50:50+00:00\",\"dateModified\":\"2015-10-09T03:25:22+00:00\",\"breadcrumb\":{\"@id\":\"https:\/\/www.notibras.com\/site\/70887-2\/#breadcrumb\"},\"inLanguage\":\"pt-BR\",\"potentialAction\":[{\"@type\":\"ReadAction\",\"target\":[\"https:\/\/www.notibras.com\/site\/70887-2\/\"]}]},{\"@type\":\"ImageObject\",\"inLanguage\":\"pt-BR\",\"@id\":\"https:\/\/www.notibras.com\/site\/70887-2\/#primaryimage\",\"url\":\"https:\/\/www.notibras.com\/site\/wp-content\/uploads\/2015\/10\/eq8.jpg\",\"contentUrl\":\"https:\/\/www.notibras.com\/site\/wp-content\/uploads\/2015\/10\/eq8.jpg\",\"width\":645,\"height\":372},{\"@type\":\"BreadcrumbList\",\"@id\":\"https:\/\/www.notibras.com\/site\/70887-2\/#breadcrumb\",\"itemListElement\":[{\"@type\":\"ListItem\",\"position\":1,\"name\":\"In\u00edcio\",\"item\":\"https:\/\/www.notibras.com\/site\/\"},{\"@type\":\"ListItem\",\"position\":2,\"name\":\"Equador surpreende Argentina e faz 2&#215;0 no Monumental de N\u00fa\u00f1ez\"}]},{\"@type\":\"WebSite\",\"@id\":\"https:\/\/www.notibras.com\/site\/#website\",\"url\":\"https:\/\/www.notibras.com\/site\/\",\"name\":\"Notibras\",\"description\":\"Not\u00edcias de Bras\u00edlia, do Brasil e do Mundo\",\"publisher\":{\"@id\":\"https:\/\/www.notibras.com\/site\/#organization\"},\"potentialAction\":[{\"@type\":\"SearchAction\",\"target\":{\"@type\":\"EntryPoint\",\"urlTemplate\":\"https:\/\/www.notibras.com\/site\/?s={search_term_string}\"},\"query-input\":{\"@type\":\"PropertyValueSpecification\",\"valueRequired\":true,\"valueName\":\"search_term_string\"}}],\"inLanguage\":\"pt-BR\"},{\"@type\":\"Organization\",\"@id\":\"https:\/\/www.notibras.com\/site\/#organization\",\"name\":\"Grupo Notibras de Comunica\u00e7\u00e3o\",\"url\":\"https:\/\/www.notibras.com\/site\/\",\"logo\":{\"@type\":\"ImageObject\",\"inLanguage\":\"pt-BR\",\"@id\":\"https:\/\/www.notibras.com\/site\/#\/schema\/logo\/image\/\",\"url\":\"https:\/\/www.notibras.com\/site\/wp-content\/uploads\/2023\/01\/notibras23.png\",\"contentUrl\":\"https:\/\/www.notibras.com\/site\/wp-content\/uploads\/2023\/01\/notibras23.png\",\"width\":350,\"height\":87,\"caption\":\"Grupo Notibras de Comunica\u00e7\u00e3o\"},\"image\":{\"@id\":\"https:\/\/www.notibras.com\/site\/#\/schema\/logo\/image\/\"},\"sameAs\":[\"https:\/\/www.facebook.com\/notibras\/\",\"https:\/\/x.com\/Notibras\",\"https:\/\/www.instagram.com\/notibras\/\"]},{\"@type\":\"Person\",\"@id\":\"https:\/\/www.notibras.com\/site\/#\/schema\/person\/36ab0979449956132d3e5b517ea76ac8\",\"name\":\"Reda\u00e7\u00e3o\",\"image\":{\"@type\":\"ImageObject\",\"inLanguage\":\"pt-BR\",\"@id\":\"https:\/\/secure.gravatar.com\/avatar\/e0a867bdedb85fd243eadf09663511f96fc81e0720a4a42581f334ad4303aa6b?s=96&d=mm&r=g\",\"url\":\"https:\/\/secure.gravatar.com\/avatar\/e0a867bdedb85fd243eadf09663511f96fc81e0720a4a42581f334ad4303aa6b?s=96&d=mm&r=g\",\"contentUrl\":\"https:\/\/secure.gravatar.com\/avatar\/e0a867bdedb85fd243eadf09663511f96fc81e0720a4a42581f334ad4303aa6b?s=96&d=mm&r=g\",\"caption\":\"Reda\u00e7\u00e3o\"}}]}<\/script>\n<!-- \/ Yoast SEO plugin. -->","yoast_head_json":{"title":"Equador surpreende Argentina e faz 2x0 no Monumental de N\u00fa\u00f1ez - Notibras","robots":{"index":"index","follow":"follow","max-snippet":"max-snippet:-1","max-image-preview":"max-image-preview:large","max-video-preview":"max-video-preview:-1"},"canonical":"https:\/\/www.notibras.com\/site\/70887-2\/","og_locale":"pt_BR","og_type":"article","og_title":"Equador surpreende Argentina e faz 2x0 no Monumental de N\u00fa\u00f1ez - Notibras","og_description":"Assim como a sele\u00e7\u00e3o brasileira, a Argentina decepcionou em sua estreia nas Eliminat\u00f3rias Sul-Americanas da Copa do Mundo de 2018. Jogando em casa, no Monumental de N\u00fa\u00f1ez, o time comandado por Tata Martino sentiu falta de Lionel Messi, machucado, e foi derrotado pelo Equador por 2 a 0, nesta abertura da competi\u00e7\u00e3o. Fora da lista [&hellip;]","og_url":"https:\/\/www.notibras.com\/site\/70887-2\/","og_site_name":"Notibras","article_publisher":"https:\/\/www.facebook.com\/notibras\/","article_published_time":"2015-10-09T01:50:50+00:00","article_modified_time":"2015-10-09T03:25:22+00:00","og_image":[{"width":645,"height":372,"url":"https:\/\/www.notibras.com\/site\/wp-content\/uploads\/2015\/10\/eq8.jpg","type":"image\/jpeg"}],"author":"Reda\u00e7\u00e3o","twitter_card":"summary_large_image","twitter_creator":"@Notibras","twitter_site":"@Notibras","twitter_misc":{"Escrito por":"Reda\u00e7\u00e3o","Est. tempo de leitura":"3 minutos"},"schema":{"@context":"https:\/\/schema.org","@graph":[{"@type":"Article","@id":"https:\/\/www.notibras.com\/site\/70887-2\/#article","isPartOf":{"@id":"https:\/\/www.notibras.com\/site\/70887-2\/"},"author":{"name":"Reda\u00e7\u00e3o","@id":"https:\/\/www.notibras.com\/site\/#\/schema\/person\/36ab0979449956132d3e5b517ea76ac8"},"headline":"Equador surpreende Argentina e faz 2&#215;0 no Monumental de N\u00fa\u00f1ez","datePublished":"2015-10-09T01:50:50+00:00","dateModified":"2015-10-09T03:25:22+00:00","mainEntityOfPage":{"@id":"https:\/\/www.notibras.com\/site\/70887-2\/"},"wordCount":615,"commentCount":0,"publisher":{"@id":"https:\/\/www.notibras.com\/site\/#organization"},"image":{"@id":"https:\/\/www.notibras.com\/site\/70887-2\/#primaryimage"},"thumbnailUrl":"https:\/\/www.notibras.com\/site\/wp-content\/uploads\/2015\/10\/eq8.jpg","articleSection":["Futebol"],"inLanguage":"pt-BR","potentialAction":[{"@type":"CommentAction","name":"Comment","target":["https:\/\/www.notibras.com\/site\/70887-2\/#respond"]}]},{"@type":"WebPage","@id":"https:\/\/www.notibras.com\/site\/70887-2\/","url":"https:\/\/www.notibras.com\/site\/70887-2\/","name":"Equador surpreende Argentina e faz 2x0 no Monumental de N\u00fa\u00f1ez - Notibras","isPartOf":{"@id":"https:\/\/www.notibras.com\/site\/#website"},"primaryImageOfPage":{"@id":"https:\/\/www.notibras.com\/site\/70887-2\/#primaryimage"},"image":{"@id":"https:\/\/www.notibras.com\/site\/70887-2\/#primaryimage"},"thumbnailUrl":"https:\/\/www.notibras.com\/site\/wp-content\/uploads\/2015\/10\/eq8.jpg","datePublished":"2015-10-09T01:50:50+00:00","dateModified":"2015-10-09T03:25:22+00:00","breadcrumb":{"@id":"https:\/\/www.notibras.com\/site\/70887-2\/#breadcrumb"},"inLanguage":"pt-BR","potentialAction":[{"@type":"ReadAction","target":["https:\/\/www.notibras.com\/site\/70887-2\/"]}]},{"@type":"ImageObject","inLanguage":"pt-BR","@id":"https:\/\/www.notibras.com\/site\/70887-2\/#primaryimage","url":"https:\/\/www.notibras.com\/site\/wp-content\/uploads\/2015\/10\/eq8.jpg","contentUrl":"https:\/\/www.notibras.com\/site\/wp-content\/uploads\/2015\/10\/eq8.jpg","width":645,"height":372},{"@type":"BreadcrumbList","@id":"https:\/\/www.notibras.com\/site\/70887-2\/#breadcrumb","itemListElement":[{"@type":"ListItem","position":1,"name":"In\u00edcio","item":"https:\/\/www.notibras.com\/site\/"},{"@type":"ListItem","position":2,"name":"Equador surpreende Argentina e faz 2&#215;0 no Monumental de N\u00fa\u00f1ez"}]},{"@type":"WebSite","@id":"https:\/\/www.notibras.com\/site\/#website","url":"https:\/\/www.notibras.com\/site\/","name":"Notibras","description":"Not\u00edcias de Bras\u00edlia, do Brasil e do Mundo","publisher":{"@id":"https:\/\/www.notibras.com\/site\/#organization"},"potentialAction":[{"@type":"SearchAction","target":{"@type":"EntryPoint","urlTemplate":"https:\/\/www.notibras.com\/site\/?s={search_term_string}"},"query-input":{"@type":"PropertyValueSpecification","valueRequired":true,"valueName":"search_term_string"}}],"inLanguage":"pt-BR"},{"@type":"Organization","@id":"https:\/\/www.notibras.com\/site\/#organization","name":"Grupo Notibras de Comunica\u00e7\u00e3o","url":"https:\/\/www.notibras.com\/site\/","logo":{"@type":"ImageObject","inLanguage":"pt-BR","@id":"https:\/\/www.notibras.com\/site\/#\/schema\/logo\/image\/","url":"https:\/\/www.notibras.com\/site\/wp-content\/uploads\/2023\/01\/notibras23.png","contentUrl":"https:\/\/www.notibras.com\/site\/wp-content\/uploads\/2023\/01\/notibras23.png","width":350,"height":87,"caption":"Grupo Notibras de Comunica\u00e7\u00e3o"},"image":{"@id":"https:\/\/www.notibras.com\/site\/#\/schema\/logo\/image\/"},"sameAs":["https:\/\/www.facebook.com\/notibras\/","https:\/\/x.com\/Notibras","https:\/\/www.instagram.com\/notibras\/"]},{"@type":"Person","@id":"https:\/\/www.notibras.com\/site\/#\/schema\/person\/36ab0979449956132d3e5b517ea76ac8","name":"Reda\u00e7\u00e3o","image":{"@type":"ImageObject","inLanguage":"pt-BR","@id":"https:\/\/secure.gravatar.com\/avatar\/e0a867bdedb85fd243eadf09663511f96fc81e0720a4a42581f334ad4303aa6b?s=96&d=mm&r=g","url":"https:\/\/secure.gravatar.com\/avatar\/e0a867bdedb85fd243eadf09663511f96fc81e0720a4a42581f334ad4303aa6b?s=96&d=mm&r=g","contentUrl":"https:\/\/secure.gravatar.com\/avatar\/e0a867bdedb85fd243eadf09663511f96fc81e0720a4a42581f334ad4303aa6b?s=96&d=mm&r=g","caption":"Reda\u00e7\u00e3o"}}]}},"amp_enabled":true,"_links":{"self":[{"href":"https:\/\/www.notibras.com\/site\/wp-json\/wp\/v2\/posts\/70887","targetHints":{"allow":["GET"]}}],"collection":[{"href":"https:\/\/www.notibras.com\/site\/wp-json\/wp\/v2\/posts"}],"about":[{"href":"https:\/\/www.notibras.com\/site\/wp-json\/wp\/v2\/types\/post"}],"author":[{"embeddable":true,"href":"https:\/\/www.notibras.com\/site\/wp-json\/wp\/v2\/users\/2"}],"replies":[{"embeddable":true,"href":"https:\/\/www.notibras.com\/site\/wp-json\/wp\/v2\/comments?post=70887"}],"version-history":[{"count":3,"href":"https:\/\/www.notibras.com\/site\/wp-json\/wp\/v2\/posts\/70887\/revisions"}],"predecessor-version":[{"id":70891,"href":"https:\/\/www.notibras.com\/site\/wp-json\/wp\/v2\/posts\/70887\/revisions\/70891"}],"wp:featuredmedia":[{"embeddable":true,"href":"https:\/\/www.notibras.com\/site\/wp-json\/wp\/v2\/media\/70888"}],"wp:attachment":[{"href":"https:\/\/www.notibras.com\/site\/wp-json\/wp\/v2\/media?parent=70887"}],"wp:term":[{"taxonomy":"category","embeddable":true,"href":"https:\/\/www.notibras.com\/site\/wp-json\/wp\/v2\/categories?post=70887"},{"taxonomy":"post_tag","embeddable":true,"href":"https:\/\/www.notibras.com\/site\/wp-json\/wp\/v2\/tags?post=70887"}],"curies":[{"name":"wp","href":"https:\/\/api.w.org\/{rel}","templated":true}]}}