{"id":70892,"date":"2015-10-08T22:48:50","date_gmt":"2015-10-09T01:48:50","guid":{"rendered":"http:\/\/www.notibras.com\/site\/?p=70892"},"modified":"2015-10-09T00:29:16","modified_gmt":"2015-10-09T03:29:16","slug":"colombia-abre-vantagem-se-fecha-na-defesa-e-garante-vitoria-contra-o-peru","status":"publish","type":"post","link":"https:\/\/www.notibras.com\/site\/colombia-abre-vantagem-se-fecha-na-defesa-e-garante-vitoria-contra-o-peru\/","title":{"rendered":"Col\u00f4mbia abre vantagem, se fecha na defesa e garante vit\u00f3ria contra o Peru"},"content":{"rendered":"<p>Depois de cair nos p\u00eanaltis diante da Argentina nas quartas de final da Copa Am\u00e9rica deste ano, no Chile, a Col\u00f4mbia abriu de forma vitoriosa a sua campanha nas Eliminat\u00f3rias Sul-Americanas da Copa do Mundo de 2018. Jogando em casa, no est\u00e1dio Metropolitano, em Barranquilla, os colombianos derrotaram o Peru por 2 a 0.<\/p>\n<p>Os gols do triunfo foram marcados por Te\u00f3filo Gutierrez, no primeiro tempo, e Edwin Cardona, j\u00e1 no finalzinho da partida, quando os peruanos estavam imprimindo forte press\u00e3o em busca do empate.<\/p>\n<p>O resultado acabou esfriando um pouco a empolga\u00e7\u00e3o da sele\u00e7\u00e3o peruana, que fez bonito na \u00faltima Copa Am\u00e9rica com a conquista da terceira coloca\u00e7\u00e3o e com Paolo Guerrero, ex-Corinthians e hoje no Flamengo, terminando a competi\u00e7\u00e3o como artilheiro ao lado do chileno Eduardo Vargas.<\/p>\n<p>O primeiro gol da vit\u00f3ria colombiana saiu aos 32 minutos do primeiro tempo. Ap\u00f3s escanteio batido pela direita, Zapata cabeceou em dire\u00e7\u00e3o ao gol. E no caminho da bola estava Te\u00f3filo Gutierrez, que desviou tamb\u00e9m de cabe\u00e7a para balan\u00e7ar as redes.<\/p>\n<p>Sem poder contar com o meia James Rodr\u00edguez, que acabou sendo cortado da lista de convocados para os dois primeiros jogos das Eliminat\u00f3rias por ainda n\u00e3o estar em condi\u00e7\u00f5es ideais ap\u00f3s se recuperar de les\u00e3o, a Col\u00f4mbia sofreu para criar jogadas ofensivas no segundo tempo da partida. E, para piorar, ainda teve de segurar as investidas do ataque peruano.<\/p>\n<p>Na primeira melhor delas, aos 4 minutos, Guerrero n\u00e3o marcou por pouco ap\u00f3s receber cruzamento da direita e chutar de primeira para acertar a trave esquerda de Ospina. J\u00e1 aos 29, cinco minutos ap\u00f3s Bacca desperdi\u00e7ar boa oportunidade de ampliar para a sele\u00e7\u00e3o da casa, o Peru voltou a ficar perto do gol em cobran\u00e7a de falta de Cueva que exigiu boa defesa de Ospina.<\/p>\n<p>E, aos 48 minutos, quando o Peru tentava encurralar os colombianos para chegar ao empate, a Col\u00f4mbia matou o jogo em um r\u00e1pido contra-ataque. Cardona recebeu pela esquerda, invadiu a \u00e1rea e chutou cruzado na sa\u00edda do goleiro para fazer 2 a 0.<\/p>\n<p>Ap\u00f3s a vit\u00f3ria na estreia, a Col\u00f4mbia voltar\u00e1 a campo na pr\u00f3xima ter\u00e7a-feira para encarar o Uruguai, no Centen\u00e1rio, em Montevid\u00e9u, pela segunda rodada das Eliminat\u00f3rias. No mesmo dia, o Peru tentar\u00e1 se redimir da derrota desta quinta contra o Chile, em Lima, onde ir\u00e1 reencontrar o rival que o eliminou nas semifinal da Copa Am\u00e9rica.<\/p>\n<p><img loading=\"lazy\" decoding=\"async\" class=\"alignnone size-full wp-image-70065\" src=\"http:\/\/www.notibras.com\/site\/wp-content\/uploads\/2015\/10\/estadao.png\" alt=\"estadao\" width=\"99\" height=\"16\" \/><\/p>\n","protected":false},"excerpt":{"rendered":"<p>Depois de cair nos p\u00eanaltis diante da Argentina nas quartas de final da Copa Am\u00e9rica deste ano, no Chile, a Col\u00f4mbia abriu de forma vitoriosa a sua campanha nas Eliminat\u00f3rias Sul-Americanas da Copa do Mundo de 2018. Jogando em casa, no est\u00e1dio Metropolitano, em Barranquilla, os colombianos derrotaram o Peru por 2 a 0. Os [&hellip;]<\/p>\n","protected":false},"author":2,"featured_media":70893,"comment_status":"open","ping_status":"closed","sticky":false,"template":"","format":"standard","meta":{"_acf_changed":false,"footnotes":""},"categories":[29],"tags":[],"class_list":["post-70892","post","type-post","status-publish","format-standard","has-post-thumbnail","hentry","category-futebol"],"acf":[],"yoast_head":"<!-- This site is optimized with the Yoast SEO plugin v27.2 - https:\/\/yoast.com\/product\/yoast-seo-wordpress\/ -->\n<title>Col\u00f4mbia abre vantagem, se fecha na defesa e garante vit\u00f3ria contra o Peru - Notibras<\/title>\n<meta name=\"robots\" content=\"index, follow, max-snippet:-1, max-image-preview:large, max-video-preview:-1\" \/>\n<link rel=\"canonical\" href=\"https:\/\/www.notibras.com\/site\/colombia-abre-vantagem-se-fecha-na-defesa-e-garante-vitoria-contra-o-peru\/\" \/>\n<meta property=\"og:locale\" content=\"pt_BR\" \/>\n<meta property=\"og:type\" content=\"article\" \/>\n<meta property=\"og:title\" content=\"Col\u00f4mbia abre vantagem, se fecha na defesa e garante vit\u00f3ria contra o Peru - Notibras\" \/>\n<meta property=\"og:description\" content=\"Depois de cair nos p\u00eanaltis diante da Argentina nas quartas de final da Copa Am\u00e9rica deste ano, no Chile, a Col\u00f4mbia abriu de forma vitoriosa a sua campanha nas Eliminat\u00f3rias Sul-Americanas da Copa do Mundo de 2018. Jogando em casa, no est\u00e1dio Metropolitano, em Barranquilla, os colombianos derrotaram o Peru por 2 a 0. Os [&hellip;]\" \/>\n<meta property=\"og:url\" content=\"https:\/\/www.notibras.com\/site\/colombia-abre-vantagem-se-fecha-na-defesa-e-garante-vitoria-contra-o-peru\/\" \/>\n<meta property=\"og:site_name\" content=\"Notibras\" \/>\n<meta property=\"article:publisher\" content=\"https:\/\/www.facebook.com\/notibras\/\" \/>\n<meta property=\"article:published_time\" content=\"2015-10-09T01:48:50+00:00\" \/>\n<meta property=\"article:modified_time\" content=\"2015-10-09T03:29:16+00:00\" \/>\n<meta property=\"og:image\" content=\"https:\/\/www.notibras.com\/site\/wp-content\/uploads\/2015\/10\/co8.jpg\" \/>\n\t<meta property=\"og:image:width\" content=\"646\" \/>\n\t<meta property=\"og:image:height\" content=\"376\" \/>\n\t<meta property=\"og:image:type\" content=\"image\/jpeg\" \/>\n<meta name=\"author\" content=\"Reda\u00e7\u00e3o\" \/>\n<meta name=\"twitter:card\" content=\"summary_large_image\" \/>\n<meta name=\"twitter:creator\" content=\"@Notibras\" \/>\n<meta name=\"twitter:site\" content=\"@Notibras\" \/>\n<meta name=\"twitter:label1\" content=\"Escrito por\" \/>\n\t<meta name=\"twitter:data1\" content=\"Reda\u00e7\u00e3o\" \/>\n\t<meta name=\"twitter:label2\" content=\"Est. tempo de leitura\" \/>\n\t<meta name=\"twitter:data2\" content=\"2 minutos\" \/>\n<script type=\"application\/ld+json\" class=\"yoast-schema-graph\">{\"@context\":\"https:\/\/schema.org\",\"@graph\":[{\"@type\":\"Article\",\"@id\":\"https:\/\/www.notibras.com\/site\/colombia-abre-vantagem-se-fecha-na-defesa-e-garante-vitoria-contra-o-peru\/#article\",\"isPartOf\":{\"@id\":\"https:\/\/www.notibras.com\/site\/colombia-abre-vantagem-se-fecha-na-defesa-e-garante-vitoria-contra-o-peru\/\"},\"author\":{\"name\":\"Reda\u00e7\u00e3o\",\"@id\":\"https:\/\/www.notibras.com\/site\/#\/schema\/person\/36ab0979449956132d3e5b517ea76ac8\"},\"headline\":\"Col\u00f4mbia abre vantagem, se fecha na defesa e garante vit\u00f3ria contra o Peru\",\"datePublished\":\"2015-10-09T01:48:50+00:00\",\"dateModified\":\"2015-10-09T03:29:16+00:00\",\"mainEntityOfPage\":{\"@id\":\"https:\/\/www.notibras.com\/site\/colombia-abre-vantagem-se-fecha-na-defesa-e-garante-vitoria-contra-o-peru\/\"},\"wordCount\":443,\"commentCount\":0,\"publisher\":{\"@id\":\"https:\/\/www.notibras.com\/site\/#organization\"},\"image\":{\"@id\":\"https:\/\/www.notibras.com\/site\/colombia-abre-vantagem-se-fecha-na-defesa-e-garante-vitoria-contra-o-peru\/#primaryimage\"},\"thumbnailUrl\":\"https:\/\/www.notibras.com\/site\/wp-content\/uploads\/2015\/10\/co8.jpg\",\"articleSection\":[\"Futebol\"],\"inLanguage\":\"pt-BR\",\"potentialAction\":[{\"@type\":\"CommentAction\",\"name\":\"Comment\",\"target\":[\"https:\/\/www.notibras.com\/site\/colombia-abre-vantagem-se-fecha-na-defesa-e-garante-vitoria-contra-o-peru\/#respond\"]}]},{\"@type\":\"WebPage\",\"@id\":\"https:\/\/www.notibras.com\/site\/colombia-abre-vantagem-se-fecha-na-defesa-e-garante-vitoria-contra-o-peru\/\",\"url\":\"https:\/\/www.notibras.com\/site\/colombia-abre-vantagem-se-fecha-na-defesa-e-garante-vitoria-contra-o-peru\/\",\"name\":\"Col\u00f4mbia abre vantagem, se fecha na defesa e garante vit\u00f3ria contra o Peru - Notibras\",\"isPartOf\":{\"@id\":\"https:\/\/www.notibras.com\/site\/#website\"},\"primaryImageOfPage\":{\"@id\":\"https:\/\/www.notibras.com\/site\/colombia-abre-vantagem-se-fecha-na-defesa-e-garante-vitoria-contra-o-peru\/#primaryimage\"},\"image\":{\"@id\":\"https:\/\/www.notibras.com\/site\/colombia-abre-vantagem-se-fecha-na-defesa-e-garante-vitoria-contra-o-peru\/#primaryimage\"},\"thumbnailUrl\":\"https:\/\/www.notibras.com\/site\/wp-content\/uploads\/2015\/10\/co8.jpg\",\"datePublished\":\"2015-10-09T01:48:50+00:00\",\"dateModified\":\"2015-10-09T03:29:16+00:00\",\"breadcrumb\":{\"@id\":\"https:\/\/www.notibras.com\/site\/colombia-abre-vantagem-se-fecha-na-defesa-e-garante-vitoria-contra-o-peru\/#breadcrumb\"},\"inLanguage\":\"pt-BR\",\"potentialAction\":[{\"@type\":\"ReadAction\",\"target\":[\"https:\/\/www.notibras.com\/site\/colombia-abre-vantagem-se-fecha-na-defesa-e-garante-vitoria-contra-o-peru\/\"]}]},{\"@type\":\"ImageObject\",\"inLanguage\":\"pt-BR\",\"@id\":\"https:\/\/www.notibras.com\/site\/colombia-abre-vantagem-se-fecha-na-defesa-e-garante-vitoria-contra-o-peru\/#primaryimage\",\"url\":\"https:\/\/www.notibras.com\/site\/wp-content\/uploads\/2015\/10\/co8.jpg\",\"contentUrl\":\"https:\/\/www.notibras.com\/site\/wp-content\/uploads\/2015\/10\/co8.jpg\",\"width\":646,\"height\":376},{\"@type\":\"BreadcrumbList\",\"@id\":\"https:\/\/www.notibras.com\/site\/colombia-abre-vantagem-se-fecha-na-defesa-e-garante-vitoria-contra-o-peru\/#breadcrumb\",\"itemListElement\":[{\"@type\":\"ListItem\",\"position\":1,\"name\":\"In\u00edcio\",\"item\":\"https:\/\/www.notibras.com\/site\/\"},{\"@type\":\"ListItem\",\"position\":2,\"name\":\"Col\u00f4mbia abre vantagem, se fecha na defesa e garante vit\u00f3ria contra o Peru\"}]},{\"@type\":\"WebSite\",\"@id\":\"https:\/\/www.notibras.com\/site\/#website\",\"url\":\"https:\/\/www.notibras.com\/site\/\",\"name\":\"Notibras\",\"description\":\"Not\u00edcias de Bras\u00edlia, do Brasil e do Mundo\",\"publisher\":{\"@id\":\"https:\/\/www.notibras.com\/site\/#organization\"},\"potentialAction\":[{\"@type\":\"SearchAction\",\"target\":{\"@type\":\"EntryPoint\",\"urlTemplate\":\"https:\/\/www.notibras.com\/site\/?s={search_term_string}\"},\"query-input\":{\"@type\":\"PropertyValueSpecification\",\"valueRequired\":true,\"valueName\":\"search_term_string\"}}],\"inLanguage\":\"pt-BR\"},{\"@type\":\"Organization\",\"@id\":\"https:\/\/www.notibras.com\/site\/#organization\",\"name\":\"Grupo Notibras de Comunica\u00e7\u00e3o\",\"url\":\"https:\/\/www.notibras.com\/site\/\",\"logo\":{\"@type\":\"ImageObject\",\"inLanguage\":\"pt-BR\",\"@id\":\"https:\/\/www.notibras.com\/site\/#\/schema\/logo\/image\/\",\"url\":\"https:\/\/www.notibras.com\/site\/wp-content\/uploads\/2023\/01\/notibras23.png\",\"contentUrl\":\"https:\/\/www.notibras.com\/site\/wp-content\/uploads\/2023\/01\/notibras23.png\",\"width\":350,\"height\":87,\"caption\":\"Grupo Notibras de Comunica\u00e7\u00e3o\"},\"image\":{\"@id\":\"https:\/\/www.notibras.com\/site\/#\/schema\/logo\/image\/\"},\"sameAs\":[\"https:\/\/www.facebook.com\/notibras\/\",\"https:\/\/x.com\/Notibras\",\"https:\/\/www.instagram.com\/notibras\/\"]},{\"@type\":\"Person\",\"@id\":\"https:\/\/www.notibras.com\/site\/#\/schema\/person\/36ab0979449956132d3e5b517ea76ac8\",\"name\":\"Reda\u00e7\u00e3o\",\"image\":{\"@type\":\"ImageObject\",\"inLanguage\":\"pt-BR\",\"@id\":\"https:\/\/secure.gravatar.com\/avatar\/e0a867bdedb85fd243eadf09663511f96fc81e0720a4a42581f334ad4303aa6b?s=96&d=mm&r=g\",\"url\":\"https:\/\/secure.gravatar.com\/avatar\/e0a867bdedb85fd243eadf09663511f96fc81e0720a4a42581f334ad4303aa6b?s=96&d=mm&r=g\",\"contentUrl\":\"https:\/\/secure.gravatar.com\/avatar\/e0a867bdedb85fd243eadf09663511f96fc81e0720a4a42581f334ad4303aa6b?s=96&d=mm&r=g\",\"caption\":\"Reda\u00e7\u00e3o\"}}]}<\/script>\n<!-- \/ Yoast SEO plugin. -->","yoast_head_json":{"title":"Col\u00f4mbia abre vantagem, se fecha na defesa e garante vit\u00f3ria contra o Peru - Notibras","robots":{"index":"index","follow":"follow","max-snippet":"max-snippet:-1","max-image-preview":"max-image-preview:large","max-video-preview":"max-video-preview:-1"},"canonical":"https:\/\/www.notibras.com\/site\/colombia-abre-vantagem-se-fecha-na-defesa-e-garante-vitoria-contra-o-peru\/","og_locale":"pt_BR","og_type":"article","og_title":"Col\u00f4mbia abre vantagem, se fecha na defesa e garante vit\u00f3ria contra o Peru - Notibras","og_description":"Depois de cair nos p\u00eanaltis diante da Argentina nas quartas de final da Copa Am\u00e9rica deste ano, no Chile, a Col\u00f4mbia abriu de forma vitoriosa a sua campanha nas Eliminat\u00f3rias Sul-Americanas da Copa do Mundo de 2018. Jogando em casa, no est\u00e1dio Metropolitano, em Barranquilla, os colombianos derrotaram o Peru por 2 a 0. Os [&hellip;]","og_url":"https:\/\/www.notibras.com\/site\/colombia-abre-vantagem-se-fecha-na-defesa-e-garante-vitoria-contra-o-peru\/","og_site_name":"Notibras","article_publisher":"https:\/\/www.facebook.com\/notibras\/","article_published_time":"2015-10-09T01:48:50+00:00","article_modified_time":"2015-10-09T03:29:16+00:00","og_image":[{"width":646,"height":376,"url":"https:\/\/www.notibras.com\/site\/wp-content\/uploads\/2015\/10\/co8.jpg","type":"image\/jpeg"}],"author":"Reda\u00e7\u00e3o","twitter_card":"summary_large_image","twitter_creator":"@Notibras","twitter_site":"@Notibras","twitter_misc":{"Escrito por":"Reda\u00e7\u00e3o","Est. tempo de leitura":"2 minutos"},"schema":{"@context":"https:\/\/schema.org","@graph":[{"@type":"Article","@id":"https:\/\/www.notibras.com\/site\/colombia-abre-vantagem-se-fecha-na-defesa-e-garante-vitoria-contra-o-peru\/#article","isPartOf":{"@id":"https:\/\/www.notibras.com\/site\/colombia-abre-vantagem-se-fecha-na-defesa-e-garante-vitoria-contra-o-peru\/"},"author":{"name":"Reda\u00e7\u00e3o","@id":"https:\/\/www.notibras.com\/site\/#\/schema\/person\/36ab0979449956132d3e5b517ea76ac8"},"headline":"Col\u00f4mbia abre vantagem, se fecha na defesa e garante vit\u00f3ria contra o Peru","datePublished":"2015-10-09T01:48:50+00:00","dateModified":"2015-10-09T03:29:16+00:00","mainEntityOfPage":{"@id":"https:\/\/www.notibras.com\/site\/colombia-abre-vantagem-se-fecha-na-defesa-e-garante-vitoria-contra-o-peru\/"},"wordCount":443,"commentCount":0,"publisher":{"@id":"https:\/\/www.notibras.com\/site\/#organization"},"image":{"@id":"https:\/\/www.notibras.com\/site\/colombia-abre-vantagem-se-fecha-na-defesa-e-garante-vitoria-contra-o-peru\/#primaryimage"},"thumbnailUrl":"https:\/\/www.notibras.com\/site\/wp-content\/uploads\/2015\/10\/co8.jpg","articleSection":["Futebol"],"inLanguage":"pt-BR","potentialAction":[{"@type":"CommentAction","name":"Comment","target":["https:\/\/www.notibras.com\/site\/colombia-abre-vantagem-se-fecha-na-defesa-e-garante-vitoria-contra-o-peru\/#respond"]}]},{"@type":"WebPage","@id":"https:\/\/www.notibras.com\/site\/colombia-abre-vantagem-se-fecha-na-defesa-e-garante-vitoria-contra-o-peru\/","url":"https:\/\/www.notibras.com\/site\/colombia-abre-vantagem-se-fecha-na-defesa-e-garante-vitoria-contra-o-peru\/","name":"Col\u00f4mbia abre vantagem, se fecha na defesa e garante vit\u00f3ria contra o Peru - Notibras","isPartOf":{"@id":"https:\/\/www.notibras.com\/site\/#website"},"primaryImageOfPage":{"@id":"https:\/\/www.notibras.com\/site\/colombia-abre-vantagem-se-fecha-na-defesa-e-garante-vitoria-contra-o-peru\/#primaryimage"},"image":{"@id":"https:\/\/www.notibras.com\/site\/colombia-abre-vantagem-se-fecha-na-defesa-e-garante-vitoria-contra-o-peru\/#primaryimage"},"thumbnailUrl":"https:\/\/www.notibras.com\/site\/wp-content\/uploads\/2015\/10\/co8.jpg","datePublished":"2015-10-09T01:48:50+00:00","dateModified":"2015-10-09T03:29:16+00:00","breadcrumb":{"@id":"https:\/\/www.notibras.com\/site\/colombia-abre-vantagem-se-fecha-na-defesa-e-garante-vitoria-contra-o-peru\/#breadcrumb"},"inLanguage":"pt-BR","potentialAction":[{"@type":"ReadAction","target":["https:\/\/www.notibras.com\/site\/colombia-abre-vantagem-se-fecha-na-defesa-e-garante-vitoria-contra-o-peru\/"]}]},{"@type":"ImageObject","inLanguage":"pt-BR","@id":"https:\/\/www.notibras.com\/site\/colombia-abre-vantagem-se-fecha-na-defesa-e-garante-vitoria-contra-o-peru\/#primaryimage","url":"https:\/\/www.notibras.com\/site\/wp-content\/uploads\/2015\/10\/co8.jpg","contentUrl":"https:\/\/www.notibras.com\/site\/wp-content\/uploads\/2015\/10\/co8.jpg","width":646,"height":376},{"@type":"BreadcrumbList","@id":"https:\/\/www.notibras.com\/site\/colombia-abre-vantagem-se-fecha-na-defesa-e-garante-vitoria-contra-o-peru\/#breadcrumb","itemListElement":[{"@type":"ListItem","position":1,"name":"In\u00edcio","item":"https:\/\/www.notibras.com\/site\/"},{"@type":"ListItem","position":2,"name":"Col\u00f4mbia abre vantagem, se fecha na defesa e garante vit\u00f3ria contra o Peru"}]},{"@type":"WebSite","@id":"https:\/\/www.notibras.com\/site\/#website","url":"https:\/\/www.notibras.com\/site\/","name":"Notibras","description":"Not\u00edcias de Bras\u00edlia, do Brasil e do Mundo","publisher":{"@id":"https:\/\/www.notibras.com\/site\/#organization"},"potentialAction":[{"@type":"SearchAction","target":{"@type":"EntryPoint","urlTemplate":"https:\/\/www.notibras.com\/site\/?s={search_term_string}"},"query-input":{"@type":"PropertyValueSpecification","valueRequired":true,"valueName":"search_term_string"}}],"inLanguage":"pt-BR"},{"@type":"Organization","@id":"https:\/\/www.notibras.com\/site\/#organization","name":"Grupo Notibras de Comunica\u00e7\u00e3o","url":"https:\/\/www.notibras.com\/site\/","logo":{"@type":"ImageObject","inLanguage":"pt-BR","@id":"https:\/\/www.notibras.com\/site\/#\/schema\/logo\/image\/","url":"https:\/\/www.notibras.com\/site\/wp-content\/uploads\/2023\/01\/notibras23.png","contentUrl":"https:\/\/www.notibras.com\/site\/wp-content\/uploads\/2023\/01\/notibras23.png","width":350,"height":87,"caption":"Grupo Notibras de Comunica\u00e7\u00e3o"},"image":{"@id":"https:\/\/www.notibras.com\/site\/#\/schema\/logo\/image\/"},"sameAs":["https:\/\/www.facebook.com\/notibras\/","https:\/\/x.com\/Notibras","https:\/\/www.instagram.com\/notibras\/"]},{"@type":"Person","@id":"https:\/\/www.notibras.com\/site\/#\/schema\/person\/36ab0979449956132d3e5b517ea76ac8","name":"Reda\u00e7\u00e3o","image":{"@type":"ImageObject","inLanguage":"pt-BR","@id":"https:\/\/secure.gravatar.com\/avatar\/e0a867bdedb85fd243eadf09663511f96fc81e0720a4a42581f334ad4303aa6b?s=96&d=mm&r=g","url":"https:\/\/secure.gravatar.com\/avatar\/e0a867bdedb85fd243eadf09663511f96fc81e0720a4a42581f334ad4303aa6b?s=96&d=mm&r=g","contentUrl":"https:\/\/secure.gravatar.com\/avatar\/e0a867bdedb85fd243eadf09663511f96fc81e0720a4a42581f334ad4303aa6b?s=96&d=mm&r=g","caption":"Reda\u00e7\u00e3o"}}]}},"amp_enabled":true,"_links":{"self":[{"href":"https:\/\/www.notibras.com\/site\/wp-json\/wp\/v2\/posts\/70892","targetHints":{"allow":["GET"]}}],"collection":[{"href":"https:\/\/www.notibras.com\/site\/wp-json\/wp\/v2\/posts"}],"about":[{"href":"https:\/\/www.notibras.com\/site\/wp-json\/wp\/v2\/types\/post"}],"author":[{"embeddable":true,"href":"https:\/\/www.notibras.com\/site\/wp-json\/wp\/v2\/users\/2"}],"replies":[{"embeddable":true,"href":"https:\/\/www.notibras.com\/site\/wp-json\/wp\/v2\/comments?post=70892"}],"version-history":[{"count":1,"href":"https:\/\/www.notibras.com\/site\/wp-json\/wp\/v2\/posts\/70892\/revisions"}],"predecessor-version":[{"id":70894,"href":"https:\/\/www.notibras.com\/site\/wp-json\/wp\/v2\/posts\/70892\/revisions\/70894"}],"wp:featuredmedia":[{"embeddable":true,"href":"https:\/\/www.notibras.com\/site\/wp-json\/wp\/v2\/media\/70893"}],"wp:attachment":[{"href":"https:\/\/www.notibras.com\/site\/wp-json\/wp\/v2\/media?parent=70892"}],"wp:term":[{"taxonomy":"category","embeddable":true,"href":"https:\/\/www.notibras.com\/site\/wp-json\/wp\/v2\/categories?post=70892"},{"taxonomy":"post_tag","embeddable":true,"href":"https:\/\/www.notibras.com\/site\/wp-json\/wp\/v2\/tags?post=70892"}],"curies":[{"name":"wp","href":"https:\/\/api.w.org\/{rel}","templated":true}]}}