{"id":7090,"date":"2014-04-18T23:02:34","date_gmt":"2014-04-19T02:02:34","guid":{"rendered":"http:\/\/www.notibras.com\/site\/?p=7090"},"modified":"2014-04-19T17:42:54","modified_gmt":"2014-04-19T20:42:54","slug":"caminhao-desgovernado-atropela-procissao-mata-tres-e-deixa-20-feridos","status":"publish","type":"post","link":"https:\/\/www.notibras.com\/site\/caminhao-desgovernado-atropela-procissao-mata-tres-e-deixa-20-feridos\/","title":{"rendered":"Caminh\u00e3o sem freios atropela prociss\u00e3o, mata tr\u00eas e fere 20"},"content":{"rendered":"<p style=\"text-align: justify;\">Uma prociss\u00e3o cat\u00f3lica da\u00a0Par\u00f3quia Rainha Dos Ap\u00f3stolos,\u00a0que ocorria por volta das 17h desta sexta-feira Santa (18), na rua Francisco Orellana, no Dom Pedro, zona Centro-oeste de Manaus, terminou em trag\u00e9dia ap\u00f3s fi\u00e9is serem atropelados por um caminh\u00e3o que perdeu o controle da dire\u00e7\u00e3o.<\/p>\n<p style=\"text-align: justify;\">Ao menos tr\u00eas pessoas morreram e outras 20 ficaram feridas, de acordo com informa\u00e7\u00f5es fornecidas pelo Centro Integrado de Opera\u00e7\u00f5es de Seguran\u00e7a (Ciops).<\/p>\n<p>Entre os mortos est\u00e3o Cleida Bastos Antela e T\u00e2nia Magalh\u00e3es Gomes. Um terceiro \u00f3bito ocorreu no SPA do Alvorada, o mais pr\u00f3ximo ao local do acidente.<\/p>\n<p style=\"text-align: justify;\">A prociss\u00e3o, da qual participavam cerca de 300 pessoas, estava descendo a ladeira da Funda\u00e7\u00e3o Centro de Controle de Oncologia do Estado do Amazonas (FCecon), no Dom Pedro, quando o motorista do caminh\u00e3o que levava a aparelhagem de som, contratado pela par\u00f3quia, n\u00e3o conseguiu acionar o freio e saiu atropelando a multid\u00e3o que estava na frente, conforme informa\u00e7\u00e3o de um familiar de duas v\u00edtimas, que seguem em estado grave.<\/p>\n<p style=\"text-align: justify;\">Os primeiros socorros \u00e0s v\u00edtimas do acidente foram feitos pela equipe de m\u00e9dicos e enfermeiros da FCecon, antes da chegada do Samu.<\/p>\n","protected":false},"excerpt":{"rendered":"<p>Uma prociss\u00e3o cat\u00f3lica da\u00a0Par\u00f3quia Rainha Dos Ap\u00f3stolos,\u00a0que ocorria por volta das 17h desta sexta-feira Santa (18), na rua Francisco Orellana, no Dom Pedro, zona Centro-oeste de Manaus, terminou em trag\u00e9dia ap\u00f3s fi\u00e9is serem atropelados por um caminh\u00e3o que perdeu o controle da dire\u00e7\u00e3o. Ao menos tr\u00eas pessoas morreram e outras 20 ficaram feridas, de acordo [&hellip;]<\/p>\n","protected":false},"author":2,"featured_media":7091,"comment_status":"open","ping_status":"closed","sticky":false,"template":"","format":"standard","meta":{"_acf_changed":false,"footnotes":""},"categories":[16],"tags":[],"class_list":["post-7090","post","type-post","status-publish","format-standard","has-post-thumbnail","hentry","category-brasil"],"acf":[],"yoast_head":"<!-- This site is optimized with the Yoast SEO plugin v27.2 - https:\/\/yoast.com\/product\/yoast-seo-wordpress\/ -->\n<title>Caminh\u00e3o sem freios atropela prociss\u00e3o, mata tr\u00eas e fere 20 - Notibras<\/title>\n<meta name=\"robots\" content=\"index, follow, max-snippet:-1, max-image-preview:large, max-video-preview:-1\" \/>\n<link rel=\"canonical\" href=\"https:\/\/www.notibras.com\/site\/caminhao-desgovernado-atropela-procissao-mata-tres-e-deixa-20-feridos\/\" \/>\n<meta property=\"og:locale\" content=\"pt_BR\" \/>\n<meta property=\"og:type\" content=\"article\" \/>\n<meta property=\"og:title\" content=\"Caminh\u00e3o sem freios atropela prociss\u00e3o, mata tr\u00eas e fere 20 - Notibras\" \/>\n<meta property=\"og:description\" content=\"Uma prociss\u00e3o cat\u00f3lica da\u00a0Par\u00f3quia Rainha Dos Ap\u00f3stolos,\u00a0que ocorria por volta das 17h desta sexta-feira Santa (18), na rua Francisco Orellana, no Dom Pedro, zona Centro-oeste de Manaus, terminou em trag\u00e9dia ap\u00f3s fi\u00e9is serem atropelados por um caminh\u00e3o que perdeu o controle da dire\u00e7\u00e3o. Ao menos tr\u00eas pessoas morreram e outras 20 ficaram feridas, de acordo [&hellip;]\" \/>\n<meta property=\"og:url\" content=\"https:\/\/www.notibras.com\/site\/caminhao-desgovernado-atropela-procissao-mata-tres-e-deixa-20-feridos\/\" \/>\n<meta property=\"og:site_name\" content=\"Notibras\" \/>\n<meta property=\"article:publisher\" content=\"https:\/\/www.facebook.com\/notibras\/\" \/>\n<meta property=\"article:published_time\" content=\"2014-04-19T02:02:34+00:00\" \/>\n<meta property=\"article:modified_time\" content=\"2014-04-19T20:42:54+00:00\" \/>\n<meta property=\"og:image\" content=\"https:\/\/www.notibras.com\/site\/wp-content\/uploads\/2014\/04\/Imagens-procissao-Dom-Pedro-sexta-feira_ACRIMA20140418_0021_24.jpg\" \/>\n\t<meta property=\"og:image:width\" content=\"473\" \/>\n\t<meta property=\"og:image:height\" content=\"335\" \/>\n\t<meta property=\"og:image:type\" content=\"image\/jpeg\" \/>\n<meta name=\"author\" content=\"Reda\u00e7\u00e3o\" \/>\n<meta name=\"twitter:card\" content=\"summary_large_image\" \/>\n<meta name=\"twitter:creator\" content=\"@Notibras\" \/>\n<meta name=\"twitter:site\" content=\"@Notibras\" \/>\n<meta name=\"twitter:label1\" content=\"Escrito por\" \/>\n\t<meta name=\"twitter:data1\" content=\"Reda\u00e7\u00e3o\" \/>\n\t<meta name=\"twitter:label2\" content=\"Est. tempo de leitura\" \/>\n\t<meta name=\"twitter:data2\" content=\"1 minuto\" \/>\n<script type=\"application\/ld+json\" class=\"yoast-schema-graph\">{\"@context\":\"https:\/\/schema.org\",\"@graph\":[{\"@type\":\"Article\",\"@id\":\"https:\/\/www.notibras.com\/site\/caminhao-desgovernado-atropela-procissao-mata-tres-e-deixa-20-feridos\/#article\",\"isPartOf\":{\"@id\":\"https:\/\/www.notibras.com\/site\/caminhao-desgovernado-atropela-procissao-mata-tres-e-deixa-20-feridos\/\"},\"author\":{\"name\":\"Reda\u00e7\u00e3o\",\"@id\":\"https:\/\/www.notibras.com\/site\/#\/schema\/person\/36ab0979449956132d3e5b517ea76ac8\"},\"headline\":\"Caminh\u00e3o sem freios atropela prociss\u00e3o, mata tr\u00eas e fere 20\",\"datePublished\":\"2014-04-19T02:02:34+00:00\",\"dateModified\":\"2014-04-19T20:42:54+00:00\",\"mainEntityOfPage\":{\"@id\":\"https:\/\/www.notibras.com\/site\/caminhao-desgovernado-atropela-procissao-mata-tres-e-deixa-20-feridos\/\"},\"wordCount\":221,\"commentCount\":0,\"publisher\":{\"@id\":\"https:\/\/www.notibras.com\/site\/#organization\"},\"image\":{\"@id\":\"https:\/\/www.notibras.com\/site\/caminhao-desgovernado-atropela-procissao-mata-tres-e-deixa-20-feridos\/#primaryimage\"},\"thumbnailUrl\":\"https:\/\/www.notibras.com\/site\/wp-content\/uploads\/2014\/04\/Imagens-procissao-Dom-Pedro-sexta-feira_ACRIMA20140418_0021_24.jpg\",\"articleSection\":[\"Brasil\"],\"inLanguage\":\"pt-BR\",\"potentialAction\":[{\"@type\":\"CommentAction\",\"name\":\"Comment\",\"target\":[\"https:\/\/www.notibras.com\/site\/caminhao-desgovernado-atropela-procissao-mata-tres-e-deixa-20-feridos\/#respond\"]}]},{\"@type\":\"WebPage\",\"@id\":\"https:\/\/www.notibras.com\/site\/caminhao-desgovernado-atropela-procissao-mata-tres-e-deixa-20-feridos\/\",\"url\":\"https:\/\/www.notibras.com\/site\/caminhao-desgovernado-atropela-procissao-mata-tres-e-deixa-20-feridos\/\",\"name\":\"Caminh\u00e3o sem freios atropela prociss\u00e3o, mata tr\u00eas e fere 20 - Notibras\",\"isPartOf\":{\"@id\":\"https:\/\/www.notibras.com\/site\/#website\"},\"primaryImageOfPage\":{\"@id\":\"https:\/\/www.notibras.com\/site\/caminhao-desgovernado-atropela-procissao-mata-tres-e-deixa-20-feridos\/#primaryimage\"},\"image\":{\"@id\":\"https:\/\/www.notibras.com\/site\/caminhao-desgovernado-atropela-procissao-mata-tres-e-deixa-20-feridos\/#primaryimage\"},\"thumbnailUrl\":\"https:\/\/www.notibras.com\/site\/wp-content\/uploads\/2014\/04\/Imagens-procissao-Dom-Pedro-sexta-feira_ACRIMA20140418_0021_24.jpg\",\"datePublished\":\"2014-04-19T02:02:34+00:00\",\"dateModified\":\"2014-04-19T20:42:54+00:00\",\"breadcrumb\":{\"@id\":\"https:\/\/www.notibras.com\/site\/caminhao-desgovernado-atropela-procissao-mata-tres-e-deixa-20-feridos\/#breadcrumb\"},\"inLanguage\":\"pt-BR\",\"potentialAction\":[{\"@type\":\"ReadAction\",\"target\":[\"https:\/\/www.notibras.com\/site\/caminhao-desgovernado-atropela-procissao-mata-tres-e-deixa-20-feridos\/\"]}]},{\"@type\":\"ImageObject\",\"inLanguage\":\"pt-BR\",\"@id\":\"https:\/\/www.notibras.com\/site\/caminhao-desgovernado-atropela-procissao-mata-tres-e-deixa-20-feridos\/#primaryimage\",\"url\":\"https:\/\/www.notibras.com\/site\/wp-content\/uploads\/2014\/04\/Imagens-procissao-Dom-Pedro-sexta-feira_ACRIMA20140418_0021_24.jpg\",\"contentUrl\":\"https:\/\/www.notibras.com\/site\/wp-content\/uploads\/2014\/04\/Imagens-procissao-Dom-Pedro-sexta-feira_ACRIMA20140418_0021_24.jpg\",\"width\":473,\"height\":335},{\"@type\":\"BreadcrumbList\",\"@id\":\"https:\/\/www.notibras.com\/site\/caminhao-desgovernado-atropela-procissao-mata-tres-e-deixa-20-feridos\/#breadcrumb\",\"itemListElement\":[{\"@type\":\"ListItem\",\"position\":1,\"name\":\"In\u00edcio\",\"item\":\"https:\/\/www.notibras.com\/site\/\"},{\"@type\":\"ListItem\",\"position\":2,\"name\":\"Caminh\u00e3o sem freios atropela prociss\u00e3o, mata tr\u00eas e fere 20\"}]},{\"@type\":\"WebSite\",\"@id\":\"https:\/\/www.notibras.com\/site\/#website\",\"url\":\"https:\/\/www.notibras.com\/site\/\",\"name\":\"Notibras\",\"description\":\"Not\u00edcias de Bras\u00edlia, do Brasil e do Mundo\",\"publisher\":{\"@id\":\"https:\/\/www.notibras.com\/site\/#organization\"},\"potentialAction\":[{\"@type\":\"SearchAction\",\"target\":{\"@type\":\"EntryPoint\",\"urlTemplate\":\"https:\/\/www.notibras.com\/site\/?s={search_term_string}\"},\"query-input\":{\"@type\":\"PropertyValueSpecification\",\"valueRequired\":true,\"valueName\":\"search_term_string\"}}],\"inLanguage\":\"pt-BR\"},{\"@type\":\"Organization\",\"@id\":\"https:\/\/www.notibras.com\/site\/#organization\",\"name\":\"Grupo Notibras de Comunica\u00e7\u00e3o\",\"url\":\"https:\/\/www.notibras.com\/site\/\",\"logo\":{\"@type\":\"ImageObject\",\"inLanguage\":\"pt-BR\",\"@id\":\"https:\/\/www.notibras.com\/site\/#\/schema\/logo\/image\/\",\"url\":\"https:\/\/www.notibras.com\/site\/wp-content\/uploads\/2023\/01\/notibras23.png\",\"contentUrl\":\"https:\/\/www.notibras.com\/site\/wp-content\/uploads\/2023\/01\/notibras23.png\",\"width\":350,\"height\":87,\"caption\":\"Grupo Notibras de Comunica\u00e7\u00e3o\"},\"image\":{\"@id\":\"https:\/\/www.notibras.com\/site\/#\/schema\/logo\/image\/\"},\"sameAs\":[\"https:\/\/www.facebook.com\/notibras\/\",\"https:\/\/x.com\/Notibras\",\"https:\/\/www.instagram.com\/notibras\/\"]},{\"@type\":\"Person\",\"@id\":\"https:\/\/www.notibras.com\/site\/#\/schema\/person\/36ab0979449956132d3e5b517ea76ac8\",\"name\":\"Reda\u00e7\u00e3o\",\"image\":{\"@type\":\"ImageObject\",\"inLanguage\":\"pt-BR\",\"@id\":\"https:\/\/secure.gravatar.com\/avatar\/e0a867bdedb85fd243eadf09663511f96fc81e0720a4a42581f334ad4303aa6b?s=96&d=mm&r=g\",\"url\":\"https:\/\/secure.gravatar.com\/avatar\/e0a867bdedb85fd243eadf09663511f96fc81e0720a4a42581f334ad4303aa6b?s=96&d=mm&r=g\",\"contentUrl\":\"https:\/\/secure.gravatar.com\/avatar\/e0a867bdedb85fd243eadf09663511f96fc81e0720a4a42581f334ad4303aa6b?s=96&d=mm&r=g\",\"caption\":\"Reda\u00e7\u00e3o\"}}]}<\/script>\n<!-- \/ Yoast SEO plugin. -->","yoast_head_json":{"title":"Caminh\u00e3o sem freios atropela prociss\u00e3o, mata tr\u00eas e fere 20 - Notibras","robots":{"index":"index","follow":"follow","max-snippet":"max-snippet:-1","max-image-preview":"max-image-preview:large","max-video-preview":"max-video-preview:-1"},"canonical":"https:\/\/www.notibras.com\/site\/caminhao-desgovernado-atropela-procissao-mata-tres-e-deixa-20-feridos\/","og_locale":"pt_BR","og_type":"article","og_title":"Caminh\u00e3o sem freios atropela prociss\u00e3o, mata tr\u00eas e fere 20 - Notibras","og_description":"Uma prociss\u00e3o cat\u00f3lica da\u00a0Par\u00f3quia Rainha Dos Ap\u00f3stolos,\u00a0que ocorria por volta das 17h desta sexta-feira Santa (18), na rua Francisco Orellana, no Dom Pedro, zona Centro-oeste de Manaus, terminou em trag\u00e9dia ap\u00f3s fi\u00e9is serem atropelados por um caminh\u00e3o que perdeu o controle da dire\u00e7\u00e3o. Ao menos tr\u00eas pessoas morreram e outras 20 ficaram feridas, de acordo [&hellip;]","og_url":"https:\/\/www.notibras.com\/site\/caminhao-desgovernado-atropela-procissao-mata-tres-e-deixa-20-feridos\/","og_site_name":"Notibras","article_publisher":"https:\/\/www.facebook.com\/notibras\/","article_published_time":"2014-04-19T02:02:34+00:00","article_modified_time":"2014-04-19T20:42:54+00:00","og_image":[{"width":473,"height":335,"url":"https:\/\/www.notibras.com\/site\/wp-content\/uploads\/2014\/04\/Imagens-procissao-Dom-Pedro-sexta-feira_ACRIMA20140418_0021_24.jpg","type":"image\/jpeg"}],"author":"Reda\u00e7\u00e3o","twitter_card":"summary_large_image","twitter_creator":"@Notibras","twitter_site":"@Notibras","twitter_misc":{"Escrito por":"Reda\u00e7\u00e3o","Est. tempo de leitura":"1 minuto"},"schema":{"@context":"https:\/\/schema.org","@graph":[{"@type":"Article","@id":"https:\/\/www.notibras.com\/site\/caminhao-desgovernado-atropela-procissao-mata-tres-e-deixa-20-feridos\/#article","isPartOf":{"@id":"https:\/\/www.notibras.com\/site\/caminhao-desgovernado-atropela-procissao-mata-tres-e-deixa-20-feridos\/"},"author":{"name":"Reda\u00e7\u00e3o","@id":"https:\/\/www.notibras.com\/site\/#\/schema\/person\/36ab0979449956132d3e5b517ea76ac8"},"headline":"Caminh\u00e3o sem freios atropela prociss\u00e3o, mata tr\u00eas e fere 20","datePublished":"2014-04-19T02:02:34+00:00","dateModified":"2014-04-19T20:42:54+00:00","mainEntityOfPage":{"@id":"https:\/\/www.notibras.com\/site\/caminhao-desgovernado-atropela-procissao-mata-tres-e-deixa-20-feridos\/"},"wordCount":221,"commentCount":0,"publisher":{"@id":"https:\/\/www.notibras.com\/site\/#organization"},"image":{"@id":"https:\/\/www.notibras.com\/site\/caminhao-desgovernado-atropela-procissao-mata-tres-e-deixa-20-feridos\/#primaryimage"},"thumbnailUrl":"https:\/\/www.notibras.com\/site\/wp-content\/uploads\/2014\/04\/Imagens-procissao-Dom-Pedro-sexta-feira_ACRIMA20140418_0021_24.jpg","articleSection":["Brasil"],"inLanguage":"pt-BR","potentialAction":[{"@type":"CommentAction","name":"Comment","target":["https:\/\/www.notibras.com\/site\/caminhao-desgovernado-atropela-procissao-mata-tres-e-deixa-20-feridos\/#respond"]}]},{"@type":"WebPage","@id":"https:\/\/www.notibras.com\/site\/caminhao-desgovernado-atropela-procissao-mata-tres-e-deixa-20-feridos\/","url":"https:\/\/www.notibras.com\/site\/caminhao-desgovernado-atropela-procissao-mata-tres-e-deixa-20-feridos\/","name":"Caminh\u00e3o sem freios atropela prociss\u00e3o, mata tr\u00eas e fere 20 - Notibras","isPartOf":{"@id":"https:\/\/www.notibras.com\/site\/#website"},"primaryImageOfPage":{"@id":"https:\/\/www.notibras.com\/site\/caminhao-desgovernado-atropela-procissao-mata-tres-e-deixa-20-feridos\/#primaryimage"},"image":{"@id":"https:\/\/www.notibras.com\/site\/caminhao-desgovernado-atropela-procissao-mata-tres-e-deixa-20-feridos\/#primaryimage"},"thumbnailUrl":"https:\/\/www.notibras.com\/site\/wp-content\/uploads\/2014\/04\/Imagens-procissao-Dom-Pedro-sexta-feira_ACRIMA20140418_0021_24.jpg","datePublished":"2014-04-19T02:02:34+00:00","dateModified":"2014-04-19T20:42:54+00:00","breadcrumb":{"@id":"https:\/\/www.notibras.com\/site\/caminhao-desgovernado-atropela-procissao-mata-tres-e-deixa-20-feridos\/#breadcrumb"},"inLanguage":"pt-BR","potentialAction":[{"@type":"ReadAction","target":["https:\/\/www.notibras.com\/site\/caminhao-desgovernado-atropela-procissao-mata-tres-e-deixa-20-feridos\/"]}]},{"@type":"ImageObject","inLanguage":"pt-BR","@id":"https:\/\/www.notibras.com\/site\/caminhao-desgovernado-atropela-procissao-mata-tres-e-deixa-20-feridos\/#primaryimage","url":"https:\/\/www.notibras.com\/site\/wp-content\/uploads\/2014\/04\/Imagens-procissao-Dom-Pedro-sexta-feira_ACRIMA20140418_0021_24.jpg","contentUrl":"https:\/\/www.notibras.com\/site\/wp-content\/uploads\/2014\/04\/Imagens-procissao-Dom-Pedro-sexta-feira_ACRIMA20140418_0021_24.jpg","width":473,"height":335},{"@type":"BreadcrumbList","@id":"https:\/\/www.notibras.com\/site\/caminhao-desgovernado-atropela-procissao-mata-tres-e-deixa-20-feridos\/#breadcrumb","itemListElement":[{"@type":"ListItem","position":1,"name":"In\u00edcio","item":"https:\/\/www.notibras.com\/site\/"},{"@type":"ListItem","position":2,"name":"Caminh\u00e3o sem freios atropela prociss\u00e3o, mata tr\u00eas e fere 20"}]},{"@type":"WebSite","@id":"https:\/\/www.notibras.com\/site\/#website","url":"https:\/\/www.notibras.com\/site\/","name":"Notibras","description":"Not\u00edcias de Bras\u00edlia, do Brasil e do Mundo","publisher":{"@id":"https:\/\/www.notibras.com\/site\/#organization"},"potentialAction":[{"@type":"SearchAction","target":{"@type":"EntryPoint","urlTemplate":"https:\/\/www.notibras.com\/site\/?s={search_term_string}"},"query-input":{"@type":"PropertyValueSpecification","valueRequired":true,"valueName":"search_term_string"}}],"inLanguage":"pt-BR"},{"@type":"Organization","@id":"https:\/\/www.notibras.com\/site\/#organization","name":"Grupo Notibras de Comunica\u00e7\u00e3o","url":"https:\/\/www.notibras.com\/site\/","logo":{"@type":"ImageObject","inLanguage":"pt-BR","@id":"https:\/\/www.notibras.com\/site\/#\/schema\/logo\/image\/","url":"https:\/\/www.notibras.com\/site\/wp-content\/uploads\/2023\/01\/notibras23.png","contentUrl":"https:\/\/www.notibras.com\/site\/wp-content\/uploads\/2023\/01\/notibras23.png","width":350,"height":87,"caption":"Grupo Notibras de Comunica\u00e7\u00e3o"},"image":{"@id":"https:\/\/www.notibras.com\/site\/#\/schema\/logo\/image\/"},"sameAs":["https:\/\/www.facebook.com\/notibras\/","https:\/\/x.com\/Notibras","https:\/\/www.instagram.com\/notibras\/"]},{"@type":"Person","@id":"https:\/\/www.notibras.com\/site\/#\/schema\/person\/36ab0979449956132d3e5b517ea76ac8","name":"Reda\u00e7\u00e3o","image":{"@type":"ImageObject","inLanguage":"pt-BR","@id":"https:\/\/secure.gravatar.com\/avatar\/e0a867bdedb85fd243eadf09663511f96fc81e0720a4a42581f334ad4303aa6b?s=96&d=mm&r=g","url":"https:\/\/secure.gravatar.com\/avatar\/e0a867bdedb85fd243eadf09663511f96fc81e0720a4a42581f334ad4303aa6b?s=96&d=mm&r=g","contentUrl":"https:\/\/secure.gravatar.com\/avatar\/e0a867bdedb85fd243eadf09663511f96fc81e0720a4a42581f334ad4303aa6b?s=96&d=mm&r=g","caption":"Reda\u00e7\u00e3o"}}]}},"amp_enabled":true,"_links":{"self":[{"href":"https:\/\/www.notibras.com\/site\/wp-json\/wp\/v2\/posts\/7090","targetHints":{"allow":["GET"]}}],"collection":[{"href":"https:\/\/www.notibras.com\/site\/wp-json\/wp\/v2\/posts"}],"about":[{"href":"https:\/\/www.notibras.com\/site\/wp-json\/wp\/v2\/types\/post"}],"author":[{"embeddable":true,"href":"https:\/\/www.notibras.com\/site\/wp-json\/wp\/v2\/users\/2"}],"replies":[{"embeddable":true,"href":"https:\/\/www.notibras.com\/site\/wp-json\/wp\/v2\/comments?post=7090"}],"version-history":[{"count":0,"href":"https:\/\/www.notibras.com\/site\/wp-json\/wp\/v2\/posts\/7090\/revisions"}],"wp:featuredmedia":[{"embeddable":true,"href":"https:\/\/www.notibras.com\/site\/wp-json\/wp\/v2\/media\/7091"}],"wp:attachment":[{"href":"https:\/\/www.notibras.com\/site\/wp-json\/wp\/v2\/media?parent=7090"}],"wp:term":[{"taxonomy":"category","embeddable":true,"href":"https:\/\/www.notibras.com\/site\/wp-json\/wp\/v2\/categories?post=7090"},{"taxonomy":"post_tag","embeddable":true,"href":"https:\/\/www.notibras.com\/site\/wp-json\/wp\/v2\/tags?post=7090"}],"curies":[{"name":"wp","href":"https:\/\/api.w.org\/{rel}","templated":true}]}}