{"id":7093,"date":"2014-04-19T00:17:53","date_gmt":"2014-04-19T03:17:53","guid":{"rendered":"http:\/\/www.notibras.com\/site\/?p=7093"},"modified":"2014-04-19T10:39:21","modified_gmt":"2014-04-19T13:39:21","slug":"com-liminar-na-mao-lusa-deixa-campo-aos-17-na-abertura-da-serie-b","status":"publish","type":"post","link":"https:\/\/www.notibras.com\/site\/com-liminar-na-mao-lusa-deixa-campo-aos-17-na-abertura-da-serie-b\/","title":{"rendered":"Com liminar na m\u00e3o, Lusa deixa campo na abertura da S\u00e9rie B"},"content":{"rendered":"<p>Por uma intima\u00e7\u00e3o\u00a0judicial que exigiu o cumprimento da liminar que impedia a Portuguesa de disputar a S\u00e9rie B, a equipe paulista deixou o gramado e paralisou a partida contra o Joinville, na noite desta sexta-feira, em Santa Catarina. O documento foi entregue pelo\u00a0filho do presidente da Portuguesa, Il\u00eddio Lico, ao delegado da partida, Laudir Zarmiani.<\/p>\n<p class=\"text\">&#8220;N\u00e3o foi cassada a liminar. A Portuguesa quer que pare o jogo. O filho do presidente da Portuguesa trouxe aqui e disse que tem que parar o jogo&#8221;, disse o delegado da partida. O torcedor Renato Azevedo, autor da liminar que favorece a Portuguesa no caso contra a CBF, entrou com queixa-crime ap\u00f3s ver o time paulista entrar em campo mesmo com a determina\u00e7\u00e3o judicial contr\u00e1ria. Assim, a equipe abandonou o gramado imediatamente.<\/p>\n<p class=\"text\">&#8220;O delegado da partida pediu para parar a partida. Ele que tem que falar, n\u00e3o n\u00f3s&#8221;, afirmou o t\u00e9cnico Argel Fucks, logo ap\u00f3s sua equipe abandonar a partida, ainda aos 17min do primeiro tempo.\u00a0Laudir Zermiani, por sua vez, afirmou que a decis\u00e3o de deixar o gramado foi\u00a0fo time rubro-verde e ela deveria continuar a partida.<\/p>\n<p class=\"text\">&#8220;\u00c9 para continuar o jogo. N\u00f3s falamos isso agora para eles.\u00a0A Portuguesa tem de retornar ao jogo em 30 minutos. Se v\u00e3o voltar a\u00ed \u00e9 com eles. O presidente da CBF tem que receber a notifica\u00e7\u00e3o, ele n\u00e3o recebeu e disse que o jogo tem de continuar&#8221;, continuou o delegado.<\/p>\n<p class=\"text\">&#8220;Eu recebi uma liga\u00e7\u00e3o do vice presidente da CBF para o Sul dizendo que a \u00fanica pessoa leg\u00edtima para aceitar a notifica\u00e7\u00e3o \u00e9 o presidente da CBF&#8221;, continuou\u00a0o presidente do Joinville,\u00a0Nereu Martinelli. Ningu\u00e9m da diretoria da Portuguesa se manifestou sobre o ocorrido, enquanto o time rubro-verde seguiu\u00a0preso no vesti\u00e1rio da Arena Joinville. J\u00e1 a\u00a0equipe catarinense permaneceu\u00a0dentro de campo por 30 minutos at\u00e9 o \u00e1rbitro dar o confronto por encerrado. Enquanto isso, torcedores do time local entoaram gritos de &#8220;vergonha&#8221; e mostraram c\u00e9dulas de dinheiro.<\/p>\n<p class=\"text\">Depois de anunciado o t\u00e9rmino da partida, Argel Fucks voltou atr\u00e1s e disse que acatou uma ordem do presidente Il\u00eddio Lico, e n\u00e3o do delegado da partida. &#8220;Eu sou funcion\u00e1rio do clube \u00e9 uma decis\u00e3o do presidente, do departamento de futebol, eu como funcion\u00e1rio do clube tenho que acatar. Foi uma decis\u00e3o do presidente. Me resguardo para qualquer outra coisa. Recebemos essa ordem e como funcion\u00e1rio do clube por isso que a gente saiu da partida&#8221;.<\/p>\n<p class=\"text\">O epis\u00f3dio envolvendo o rebaixamento da Portuguesa\u00a0ainda deve seguir com brigas nos tribunais, uma vez que a liminar obtida pelo torcedor ainda n\u00e3o foi derrubada pelos advogados da CBF. Por outro lado, a entidade j\u00e1 conseguiu vencer diversas outras medidas jur\u00eddicas que favoreciam \u00e0 Portuguesa.<\/p>\n<p>&nbsp;<\/p>\n","protected":false},"excerpt":{"rendered":"<p>Por uma intima\u00e7\u00e3o\u00a0judicial que exigiu o cumprimento da liminar que impedia a Portuguesa de disputar a S\u00e9rie B, a equipe paulista deixou o gramado e paralisou a partida contra o Joinville, na noite desta sexta-feira, em Santa Catarina. O documento foi entregue pelo\u00a0filho do presidente da Portuguesa, Il\u00eddio Lico, ao delegado da partida, Laudir Zarmiani. [&hellip;]<\/p>\n","protected":false},"author":2,"featured_media":7094,"comment_status":"open","ping_status":"closed","sticky":false,"template":"","format":"standard","meta":{"_acf_changed":false,"footnotes":""},"categories":[19],"tags":[],"class_list":["post-7093","post","type-post","status-publish","format-standard","has-post-thumbnail","hentry","category-esportes"],"acf":[],"yoast_head":"<!-- This site is optimized with the Yoast SEO plugin v27.2 - https:\/\/yoast.com\/product\/yoast-seo-wordpress\/ -->\n<title>Com liminar na m\u00e3o, Lusa deixa campo na abertura da S\u00e9rie B - Notibras<\/title>\n<meta name=\"robots\" content=\"index, follow, max-snippet:-1, max-image-preview:large, max-video-preview:-1\" \/>\n<link rel=\"canonical\" href=\"https:\/\/www.notibras.com\/site\/com-liminar-na-mao-lusa-deixa-campo-aos-17-na-abertura-da-serie-b\/\" \/>\n<meta property=\"og:locale\" content=\"pt_BR\" \/>\n<meta property=\"og:type\" content=\"article\" \/>\n<meta property=\"og:title\" content=\"Com liminar na m\u00e3o, Lusa deixa campo na abertura da S\u00e9rie B - Notibras\" \/>\n<meta property=\"og:description\" content=\"Por uma intima\u00e7\u00e3o\u00a0judicial que exigiu o cumprimento da liminar que impedia a Portuguesa de disputar a S\u00e9rie B, a equipe paulista deixou o gramado e paralisou a partida contra o Joinville, na noite desta sexta-feira, em Santa Catarina. O documento foi entregue pelo\u00a0filho do presidente da Portuguesa, Il\u00eddio Lico, ao delegado da partida, Laudir Zarmiani. [&hellip;]\" \/>\n<meta property=\"og:url\" content=\"https:\/\/www.notibras.com\/site\/com-liminar-na-mao-lusa-deixa-campo-aos-17-na-abertura-da-serie-b\/\" \/>\n<meta property=\"og:site_name\" content=\"Notibras\" \/>\n<meta property=\"article:publisher\" content=\"https:\/\/www.facebook.com\/notibras\/\" \/>\n<meta property=\"article:published_time\" content=\"2014-04-19T03:17:53+00:00\" \/>\n<meta property=\"article:modified_time\" content=\"2014-04-19T13:39:21+00:00\" \/>\n<meta property=\"og:image\" content=\"https:\/\/www.notibras.com\/site\/wp-content\/uploads\/2014\/04\/por.jpg\" \/>\n\t<meta property=\"og:image:width\" content=\"460\" \/>\n\t<meta property=\"og:image:height\" content=\"340\" \/>\n\t<meta property=\"og:image:type\" content=\"image\/jpeg\" \/>\n<meta name=\"author\" content=\"Reda\u00e7\u00e3o\" \/>\n<meta name=\"twitter:card\" content=\"summary_large_image\" \/>\n<meta name=\"twitter:creator\" content=\"@Notibras\" \/>\n<meta name=\"twitter:site\" content=\"@Notibras\" \/>\n<meta name=\"twitter:label1\" content=\"Escrito por\" \/>\n\t<meta name=\"twitter:data1\" content=\"Reda\u00e7\u00e3o\" \/>\n\t<meta name=\"twitter:label2\" content=\"Est. tempo de leitura\" \/>\n\t<meta name=\"twitter:data2\" content=\"2 minutos\" \/>\n<script type=\"application\/ld+json\" class=\"yoast-schema-graph\">{\"@context\":\"https:\/\/schema.org\",\"@graph\":[{\"@type\":\"Article\",\"@id\":\"https:\/\/www.notibras.com\/site\/com-liminar-na-mao-lusa-deixa-campo-aos-17-na-abertura-da-serie-b\/#article\",\"isPartOf\":{\"@id\":\"https:\/\/www.notibras.com\/site\/com-liminar-na-mao-lusa-deixa-campo-aos-17-na-abertura-da-serie-b\/\"},\"author\":{\"name\":\"Reda\u00e7\u00e3o\",\"@id\":\"https:\/\/www.notibras.com\/site\/#\/schema\/person\/36ab0979449956132d3e5b517ea76ac8\"},\"headline\":\"Com liminar na m\u00e3o, Lusa deixa campo na abertura da S\u00e9rie B\",\"datePublished\":\"2014-04-19T03:17:53+00:00\",\"dateModified\":\"2014-04-19T13:39:21+00:00\",\"mainEntityOfPage\":{\"@id\":\"https:\/\/www.notibras.com\/site\/com-liminar-na-mao-lusa-deixa-campo-aos-17-na-abertura-da-serie-b\/\"},\"wordCount\":491,\"commentCount\":0,\"publisher\":{\"@id\":\"https:\/\/www.notibras.com\/site\/#organization\"},\"image\":{\"@id\":\"https:\/\/www.notibras.com\/site\/com-liminar-na-mao-lusa-deixa-campo-aos-17-na-abertura-da-serie-b\/#primaryimage\"},\"thumbnailUrl\":\"https:\/\/www.notibras.com\/site\/wp-content\/uploads\/2014\/04\/por.jpg\",\"articleSection\":[\"Esportes\"],\"inLanguage\":\"pt-BR\",\"potentialAction\":[{\"@type\":\"CommentAction\",\"name\":\"Comment\",\"target\":[\"https:\/\/www.notibras.com\/site\/com-liminar-na-mao-lusa-deixa-campo-aos-17-na-abertura-da-serie-b\/#respond\"]}]},{\"@type\":\"WebPage\",\"@id\":\"https:\/\/www.notibras.com\/site\/com-liminar-na-mao-lusa-deixa-campo-aos-17-na-abertura-da-serie-b\/\",\"url\":\"https:\/\/www.notibras.com\/site\/com-liminar-na-mao-lusa-deixa-campo-aos-17-na-abertura-da-serie-b\/\",\"name\":\"Com liminar na m\u00e3o, Lusa deixa campo na abertura da S\u00e9rie B - Notibras\",\"isPartOf\":{\"@id\":\"https:\/\/www.notibras.com\/site\/#website\"},\"primaryImageOfPage\":{\"@id\":\"https:\/\/www.notibras.com\/site\/com-liminar-na-mao-lusa-deixa-campo-aos-17-na-abertura-da-serie-b\/#primaryimage\"},\"image\":{\"@id\":\"https:\/\/www.notibras.com\/site\/com-liminar-na-mao-lusa-deixa-campo-aos-17-na-abertura-da-serie-b\/#primaryimage\"},\"thumbnailUrl\":\"https:\/\/www.notibras.com\/site\/wp-content\/uploads\/2014\/04\/por.jpg\",\"datePublished\":\"2014-04-19T03:17:53+00:00\",\"dateModified\":\"2014-04-19T13:39:21+00:00\",\"breadcrumb\":{\"@id\":\"https:\/\/www.notibras.com\/site\/com-liminar-na-mao-lusa-deixa-campo-aos-17-na-abertura-da-serie-b\/#breadcrumb\"},\"inLanguage\":\"pt-BR\",\"potentialAction\":[{\"@type\":\"ReadAction\",\"target\":[\"https:\/\/www.notibras.com\/site\/com-liminar-na-mao-lusa-deixa-campo-aos-17-na-abertura-da-serie-b\/\"]}]},{\"@type\":\"ImageObject\",\"inLanguage\":\"pt-BR\",\"@id\":\"https:\/\/www.notibras.com\/site\/com-liminar-na-mao-lusa-deixa-campo-aos-17-na-abertura-da-serie-b\/#primaryimage\",\"url\":\"https:\/\/www.notibras.com\/site\/wp-content\/uploads\/2014\/04\/por.jpg\",\"contentUrl\":\"https:\/\/www.notibras.com\/site\/wp-content\/uploads\/2014\/04\/por.jpg\",\"width\":460,\"height\":340},{\"@type\":\"BreadcrumbList\",\"@id\":\"https:\/\/www.notibras.com\/site\/com-liminar-na-mao-lusa-deixa-campo-aos-17-na-abertura-da-serie-b\/#breadcrumb\",\"itemListElement\":[{\"@type\":\"ListItem\",\"position\":1,\"name\":\"In\u00edcio\",\"item\":\"https:\/\/www.notibras.com\/site\/\"},{\"@type\":\"ListItem\",\"position\":2,\"name\":\"Com liminar na m\u00e3o, Lusa deixa campo na abertura da S\u00e9rie B\"}]},{\"@type\":\"WebSite\",\"@id\":\"https:\/\/www.notibras.com\/site\/#website\",\"url\":\"https:\/\/www.notibras.com\/site\/\",\"name\":\"Notibras\",\"description\":\"Not\u00edcias de Bras\u00edlia, do Brasil e do Mundo\",\"publisher\":{\"@id\":\"https:\/\/www.notibras.com\/site\/#organization\"},\"potentialAction\":[{\"@type\":\"SearchAction\",\"target\":{\"@type\":\"EntryPoint\",\"urlTemplate\":\"https:\/\/www.notibras.com\/site\/?s={search_term_string}\"},\"query-input\":{\"@type\":\"PropertyValueSpecification\",\"valueRequired\":true,\"valueName\":\"search_term_string\"}}],\"inLanguage\":\"pt-BR\"},{\"@type\":\"Organization\",\"@id\":\"https:\/\/www.notibras.com\/site\/#organization\",\"name\":\"Grupo Notibras de Comunica\u00e7\u00e3o\",\"url\":\"https:\/\/www.notibras.com\/site\/\",\"logo\":{\"@type\":\"ImageObject\",\"inLanguage\":\"pt-BR\",\"@id\":\"https:\/\/www.notibras.com\/site\/#\/schema\/logo\/image\/\",\"url\":\"https:\/\/www.notibras.com\/site\/wp-content\/uploads\/2023\/01\/notibras23.png\",\"contentUrl\":\"https:\/\/www.notibras.com\/site\/wp-content\/uploads\/2023\/01\/notibras23.png\",\"width\":350,\"height\":87,\"caption\":\"Grupo Notibras de Comunica\u00e7\u00e3o\"},\"image\":{\"@id\":\"https:\/\/www.notibras.com\/site\/#\/schema\/logo\/image\/\"},\"sameAs\":[\"https:\/\/www.facebook.com\/notibras\/\",\"https:\/\/x.com\/Notibras\",\"https:\/\/www.instagram.com\/notibras\/\"]},{\"@type\":\"Person\",\"@id\":\"https:\/\/www.notibras.com\/site\/#\/schema\/person\/36ab0979449956132d3e5b517ea76ac8\",\"name\":\"Reda\u00e7\u00e3o\",\"image\":{\"@type\":\"ImageObject\",\"inLanguage\":\"pt-BR\",\"@id\":\"https:\/\/secure.gravatar.com\/avatar\/e0a867bdedb85fd243eadf09663511f96fc81e0720a4a42581f334ad4303aa6b?s=96&d=mm&r=g\",\"url\":\"https:\/\/secure.gravatar.com\/avatar\/e0a867bdedb85fd243eadf09663511f96fc81e0720a4a42581f334ad4303aa6b?s=96&d=mm&r=g\",\"contentUrl\":\"https:\/\/secure.gravatar.com\/avatar\/e0a867bdedb85fd243eadf09663511f96fc81e0720a4a42581f334ad4303aa6b?s=96&d=mm&r=g\",\"caption\":\"Reda\u00e7\u00e3o\"}}]}<\/script>\n<!-- \/ Yoast SEO plugin. -->","yoast_head_json":{"title":"Com liminar na m\u00e3o, Lusa deixa campo na abertura da S\u00e9rie B - Notibras","robots":{"index":"index","follow":"follow","max-snippet":"max-snippet:-1","max-image-preview":"max-image-preview:large","max-video-preview":"max-video-preview:-1"},"canonical":"https:\/\/www.notibras.com\/site\/com-liminar-na-mao-lusa-deixa-campo-aos-17-na-abertura-da-serie-b\/","og_locale":"pt_BR","og_type":"article","og_title":"Com liminar na m\u00e3o, Lusa deixa campo na abertura da S\u00e9rie B - Notibras","og_description":"Por uma intima\u00e7\u00e3o\u00a0judicial que exigiu o cumprimento da liminar que impedia a Portuguesa de disputar a S\u00e9rie B, a equipe paulista deixou o gramado e paralisou a partida contra o Joinville, na noite desta sexta-feira, em Santa Catarina. O documento foi entregue pelo\u00a0filho do presidente da Portuguesa, Il\u00eddio Lico, ao delegado da partida, Laudir Zarmiani. [&hellip;]","og_url":"https:\/\/www.notibras.com\/site\/com-liminar-na-mao-lusa-deixa-campo-aos-17-na-abertura-da-serie-b\/","og_site_name":"Notibras","article_publisher":"https:\/\/www.facebook.com\/notibras\/","article_published_time":"2014-04-19T03:17:53+00:00","article_modified_time":"2014-04-19T13:39:21+00:00","og_image":[{"width":460,"height":340,"url":"https:\/\/www.notibras.com\/site\/wp-content\/uploads\/2014\/04\/por.jpg","type":"image\/jpeg"}],"author":"Reda\u00e7\u00e3o","twitter_card":"summary_large_image","twitter_creator":"@Notibras","twitter_site":"@Notibras","twitter_misc":{"Escrito por":"Reda\u00e7\u00e3o","Est. tempo de leitura":"2 minutos"},"schema":{"@context":"https:\/\/schema.org","@graph":[{"@type":"Article","@id":"https:\/\/www.notibras.com\/site\/com-liminar-na-mao-lusa-deixa-campo-aos-17-na-abertura-da-serie-b\/#article","isPartOf":{"@id":"https:\/\/www.notibras.com\/site\/com-liminar-na-mao-lusa-deixa-campo-aos-17-na-abertura-da-serie-b\/"},"author":{"name":"Reda\u00e7\u00e3o","@id":"https:\/\/www.notibras.com\/site\/#\/schema\/person\/36ab0979449956132d3e5b517ea76ac8"},"headline":"Com liminar na m\u00e3o, Lusa deixa campo na abertura da S\u00e9rie B","datePublished":"2014-04-19T03:17:53+00:00","dateModified":"2014-04-19T13:39:21+00:00","mainEntityOfPage":{"@id":"https:\/\/www.notibras.com\/site\/com-liminar-na-mao-lusa-deixa-campo-aos-17-na-abertura-da-serie-b\/"},"wordCount":491,"commentCount":0,"publisher":{"@id":"https:\/\/www.notibras.com\/site\/#organization"},"image":{"@id":"https:\/\/www.notibras.com\/site\/com-liminar-na-mao-lusa-deixa-campo-aos-17-na-abertura-da-serie-b\/#primaryimage"},"thumbnailUrl":"https:\/\/www.notibras.com\/site\/wp-content\/uploads\/2014\/04\/por.jpg","articleSection":["Esportes"],"inLanguage":"pt-BR","potentialAction":[{"@type":"CommentAction","name":"Comment","target":["https:\/\/www.notibras.com\/site\/com-liminar-na-mao-lusa-deixa-campo-aos-17-na-abertura-da-serie-b\/#respond"]}]},{"@type":"WebPage","@id":"https:\/\/www.notibras.com\/site\/com-liminar-na-mao-lusa-deixa-campo-aos-17-na-abertura-da-serie-b\/","url":"https:\/\/www.notibras.com\/site\/com-liminar-na-mao-lusa-deixa-campo-aos-17-na-abertura-da-serie-b\/","name":"Com liminar na m\u00e3o, Lusa deixa campo na abertura da S\u00e9rie B - Notibras","isPartOf":{"@id":"https:\/\/www.notibras.com\/site\/#website"},"primaryImageOfPage":{"@id":"https:\/\/www.notibras.com\/site\/com-liminar-na-mao-lusa-deixa-campo-aos-17-na-abertura-da-serie-b\/#primaryimage"},"image":{"@id":"https:\/\/www.notibras.com\/site\/com-liminar-na-mao-lusa-deixa-campo-aos-17-na-abertura-da-serie-b\/#primaryimage"},"thumbnailUrl":"https:\/\/www.notibras.com\/site\/wp-content\/uploads\/2014\/04\/por.jpg","datePublished":"2014-04-19T03:17:53+00:00","dateModified":"2014-04-19T13:39:21+00:00","breadcrumb":{"@id":"https:\/\/www.notibras.com\/site\/com-liminar-na-mao-lusa-deixa-campo-aos-17-na-abertura-da-serie-b\/#breadcrumb"},"inLanguage":"pt-BR","potentialAction":[{"@type":"ReadAction","target":["https:\/\/www.notibras.com\/site\/com-liminar-na-mao-lusa-deixa-campo-aos-17-na-abertura-da-serie-b\/"]}]},{"@type":"ImageObject","inLanguage":"pt-BR","@id":"https:\/\/www.notibras.com\/site\/com-liminar-na-mao-lusa-deixa-campo-aos-17-na-abertura-da-serie-b\/#primaryimage","url":"https:\/\/www.notibras.com\/site\/wp-content\/uploads\/2014\/04\/por.jpg","contentUrl":"https:\/\/www.notibras.com\/site\/wp-content\/uploads\/2014\/04\/por.jpg","width":460,"height":340},{"@type":"BreadcrumbList","@id":"https:\/\/www.notibras.com\/site\/com-liminar-na-mao-lusa-deixa-campo-aos-17-na-abertura-da-serie-b\/#breadcrumb","itemListElement":[{"@type":"ListItem","position":1,"name":"In\u00edcio","item":"https:\/\/www.notibras.com\/site\/"},{"@type":"ListItem","position":2,"name":"Com liminar na m\u00e3o, Lusa deixa campo na abertura da S\u00e9rie B"}]},{"@type":"WebSite","@id":"https:\/\/www.notibras.com\/site\/#website","url":"https:\/\/www.notibras.com\/site\/","name":"Notibras","description":"Not\u00edcias de Bras\u00edlia, do Brasil e do Mundo","publisher":{"@id":"https:\/\/www.notibras.com\/site\/#organization"},"potentialAction":[{"@type":"SearchAction","target":{"@type":"EntryPoint","urlTemplate":"https:\/\/www.notibras.com\/site\/?s={search_term_string}"},"query-input":{"@type":"PropertyValueSpecification","valueRequired":true,"valueName":"search_term_string"}}],"inLanguage":"pt-BR"},{"@type":"Organization","@id":"https:\/\/www.notibras.com\/site\/#organization","name":"Grupo Notibras de Comunica\u00e7\u00e3o","url":"https:\/\/www.notibras.com\/site\/","logo":{"@type":"ImageObject","inLanguage":"pt-BR","@id":"https:\/\/www.notibras.com\/site\/#\/schema\/logo\/image\/","url":"https:\/\/www.notibras.com\/site\/wp-content\/uploads\/2023\/01\/notibras23.png","contentUrl":"https:\/\/www.notibras.com\/site\/wp-content\/uploads\/2023\/01\/notibras23.png","width":350,"height":87,"caption":"Grupo Notibras de Comunica\u00e7\u00e3o"},"image":{"@id":"https:\/\/www.notibras.com\/site\/#\/schema\/logo\/image\/"},"sameAs":["https:\/\/www.facebook.com\/notibras\/","https:\/\/x.com\/Notibras","https:\/\/www.instagram.com\/notibras\/"]},{"@type":"Person","@id":"https:\/\/www.notibras.com\/site\/#\/schema\/person\/36ab0979449956132d3e5b517ea76ac8","name":"Reda\u00e7\u00e3o","image":{"@type":"ImageObject","inLanguage":"pt-BR","@id":"https:\/\/secure.gravatar.com\/avatar\/e0a867bdedb85fd243eadf09663511f96fc81e0720a4a42581f334ad4303aa6b?s=96&d=mm&r=g","url":"https:\/\/secure.gravatar.com\/avatar\/e0a867bdedb85fd243eadf09663511f96fc81e0720a4a42581f334ad4303aa6b?s=96&d=mm&r=g","contentUrl":"https:\/\/secure.gravatar.com\/avatar\/e0a867bdedb85fd243eadf09663511f96fc81e0720a4a42581f334ad4303aa6b?s=96&d=mm&r=g","caption":"Reda\u00e7\u00e3o"}}]}},"amp_enabled":true,"_links":{"self":[{"href":"https:\/\/www.notibras.com\/site\/wp-json\/wp\/v2\/posts\/7093","targetHints":{"allow":["GET"]}}],"collection":[{"href":"https:\/\/www.notibras.com\/site\/wp-json\/wp\/v2\/posts"}],"about":[{"href":"https:\/\/www.notibras.com\/site\/wp-json\/wp\/v2\/types\/post"}],"author":[{"embeddable":true,"href":"https:\/\/www.notibras.com\/site\/wp-json\/wp\/v2\/users\/2"}],"replies":[{"embeddable":true,"href":"https:\/\/www.notibras.com\/site\/wp-json\/wp\/v2\/comments?post=7093"}],"version-history":[{"count":0,"href":"https:\/\/www.notibras.com\/site\/wp-json\/wp\/v2\/posts\/7093\/revisions"}],"wp:featuredmedia":[{"embeddable":true,"href":"https:\/\/www.notibras.com\/site\/wp-json\/wp\/v2\/media\/7094"}],"wp:attachment":[{"href":"https:\/\/www.notibras.com\/site\/wp-json\/wp\/v2\/media?parent=7093"}],"wp:term":[{"taxonomy":"category","embeddable":true,"href":"https:\/\/www.notibras.com\/site\/wp-json\/wp\/v2\/categories?post=7093"},{"taxonomy":"post_tag","embeddable":true,"href":"https:\/\/www.notibras.com\/site\/wp-json\/wp\/v2\/tags?post=7093"}],"curies":[{"name":"wp","href":"https:\/\/api.w.org\/{rel}","templated":true}]}}