{"id":7096,"date":"2014-04-18T23:18:51","date_gmt":"2014-04-19T02:18:51","guid":{"rendered":"http:\/\/www.notibras.com\/site\/?p=7096"},"modified":"2014-04-19T00:22:09","modified_gmt":"2014-04-19T03:22:09","slug":"parana-estreia-na-segundona-batenbdo-o-sampaio-correa","status":"publish","type":"post","link":"https:\/\/www.notibras.com\/site\/parana-estreia-na-segundona-batenbdo-o-sampaio-correa\/","title":{"rendered":"Paran\u00e1 estreia na Segundona batendo o Sampaio Corr\u00eaa"},"content":{"rendered":"<p>Estreando em seu s\u00e9timo ano consecutivo na S\u00e9rie B do Campeonato Brasileiro, o Paran\u00e1 Clube abriu a competi\u00e7\u00e3o com uma boa vit\u00f3ria fora de casa, diante do Sampaio Corr\u00eaa, por 2 a 0, em pleno Est\u00e1dio Castel\u00e3o, em S\u00e3o Lu\u00eds. Com o resultado, a equipe paranista d\u00e1 seu primeiro passo para seu objetivo de somar pontos e ficar entre os l\u00edderes desde o come\u00e7o.<\/p>\n<p class=\"text\">Depois de passar o primeiro tempo em branco, o Paran\u00e1 subiu de produ\u00e7\u00e3o e, aos oito minutos da etapa final, chegou ao gol com Edson Sitta, aos oito minutos, o primeiro da S\u00e9rie B, chutando rasteiro da entrada da \u00e1rea. Aos 34min, Carlinhos, com categoria, tocou na sa\u00edda do goleiro para fechar a contagem.<\/p>\n<p class=\"text\">Na pr\u00f3xima rodada, o Sampaio Correa enfrenta o Icasa, sexta-feira, no Est\u00e1dio Mauro Sampaio, em Juazeiro do Norte. J\u00e1 o Paran\u00e1 Clube volta a campo no mesmo dia para enfrentar o Joinville, na Vila Capanema.<\/p>\n<p class=\"text\">Com um bom p\u00fablico no Castel\u00e3o, a equipe do Bol\u00edvia, como \u00e9 conhecida no Maranh\u00e3o por suas cores, tomou a iniciativa, mas encontrou do outro lado o Paran\u00e1 muito bem postado. A primeira boa finaliza\u00e7\u00e3o veio aos oito minutos, com Edson Sitta, que recebeu na \u00e1rea e bateu \u00e0 esquerda da meta, com perigo. Na resposta, aos 10min, Paulo Ricardo levantou e David desviou fraco.A partida era bem disputada, totalmente equilibrada. Aos 18min, Paulo Ricardo recebeu na \u00e1rea e soltou a bomba pela linha de fundo. Um minuto depois foi a vez de Cleitinho aparecer para testar e obrigar Marcos a fazer boa defesa. O troco veio com Gianrcarlo, aos 24min, desviando de cabe\u00e7a nas m\u00e3os de Rodrigo Ramos.<\/p>\n<p class=\"text\">O Paran\u00e1 se postava no setor defensivo e, com a bola nos p\u00e9s, saia em velocidade, buscando usar o contra-ataque. Aos 30min, Rodrigo Mann tentou o cruzamento e a defesa maranhense apareceu no caminho para tirar. O Tricolor cresceu de produ\u00e7\u00e3o. Aos 41min, Paulinho abriu espa\u00e7o e arrematou por cima da meta.<\/p>\n<p class=\"text\">Depois do intervalo, as equipes retornaram sem nenhuma altera\u00e7\u00e3o. Com a bola rolando, logo no primeiro minuto Paulinho recebeu na \u00e1rea e arrematou para fora. O Paran\u00e1 teve mais uma boa chance para abrir o placar, aos cinco minutos, com Paulinho, que deixou a marca\u00e7\u00e3o para tr\u00e1s e fuzilou por cima da meta. Aos seis minutos, Edgar dividiu com Marcos e pediu p\u00eanalti. O \u00e1rbitro mandou o jogo seguir.<\/p>\n<p class=\"text\">O Paran\u00e1 era melhor no jogo e, aos oito minutos, Edson Sitta recebeu de L\u00facio Fl\u00e1vio e mandou a bomba da entrada da \u00e1rea para balan\u00e7ar as redes e marcar o primeiro gol paranista na competi\u00e7\u00e3o. O gol fez o Sampaio Corr\u00eaa mudar de postura e partir para o ataque. Aos 16 minutos, V\u00e1lber cobrou falta e levou perigo. Estreante da noite, o t\u00e9cnico Claudinei Oliveira fez sua primeira altera\u00e7\u00e3o, com a entrada de Carlinhos no lugar de Juliano.<\/p>\n<p class=\"text\">A equipe da casa chegou mais uma vez no ataque aos 26min, em levantamento para Alex desviar direto para fora. Mas, aos 34min, Paulinho serviu Carlinhos que, com tranquilidade, tocou na sa\u00edda do goleiro para marcar e ampliar a vantagem. O segundo gol praticamente matou as chances de rea\u00e7\u00e3o. Aos 41min, Giancarlo desviou na \u00e1rea e ningu\u00e9m apareceu para completar. Grande come\u00e7o de competi\u00e7\u00e3o para o Paran\u00e1 e de trabalho para Claudinei Oliveira.<\/p>\n","protected":false},"excerpt":{"rendered":"<p>Estreando em seu s\u00e9timo ano consecutivo na S\u00e9rie B do Campeonato Brasileiro, o Paran\u00e1 Clube abriu a competi\u00e7\u00e3o com uma boa vit\u00f3ria fora de casa, diante do Sampaio Corr\u00eaa, por 2 a 0, em pleno Est\u00e1dio Castel\u00e3o, em S\u00e3o Lu\u00eds. Com o resultado, a equipe paranista d\u00e1 seu primeiro passo para seu objetivo de somar [&hellip;]<\/p>\n","protected":false},"author":2,"featured_media":7097,"comment_status":"open","ping_status":"closed","sticky":false,"template":"","format":"standard","meta":{"_acf_changed":false,"footnotes":""},"categories":[19],"tags":[],"class_list":["post-7096","post","type-post","status-publish","format-standard","has-post-thumbnail","hentry","category-esportes"],"acf":[],"yoast_head":"<!-- This site is optimized with the Yoast SEO plugin v27.2 - https:\/\/yoast.com\/product\/yoast-seo-wordpress\/ -->\n<title>Paran\u00e1 estreia na Segundona batendo o Sampaio Corr\u00eaa - Notibras<\/title>\n<meta name=\"robots\" content=\"index, follow, max-snippet:-1, max-image-preview:large, max-video-preview:-1\" \/>\n<link rel=\"canonical\" href=\"https:\/\/www.notibras.com\/site\/parana-estreia-na-segundona-batenbdo-o-sampaio-correa\/\" \/>\n<meta property=\"og:locale\" content=\"pt_BR\" \/>\n<meta property=\"og:type\" content=\"article\" \/>\n<meta property=\"og:title\" content=\"Paran\u00e1 estreia na Segundona batendo o Sampaio Corr\u00eaa - Notibras\" \/>\n<meta property=\"og:description\" content=\"Estreando em seu s\u00e9timo ano consecutivo na S\u00e9rie B do Campeonato Brasileiro, o Paran\u00e1 Clube abriu a competi\u00e7\u00e3o com uma boa vit\u00f3ria fora de casa, diante do Sampaio Corr\u00eaa, por 2 a 0, em pleno Est\u00e1dio Castel\u00e3o, em S\u00e3o Lu\u00eds. Com o resultado, a equipe paranista d\u00e1 seu primeiro passo para seu objetivo de somar [&hellip;]\" \/>\n<meta property=\"og:url\" content=\"https:\/\/www.notibras.com\/site\/parana-estreia-na-segundona-batenbdo-o-sampaio-correa\/\" \/>\n<meta property=\"og:site_name\" content=\"Notibras\" \/>\n<meta property=\"article:publisher\" content=\"https:\/\/www.facebook.com\/notibras\/\" \/>\n<meta property=\"article:published_time\" content=\"2014-04-19T02:18:51+00:00\" \/>\n<meta property=\"article:modified_time\" content=\"2014-04-19T03:22:09+00:00\" \/>\n<meta property=\"og:image\" content=\"https:\/\/www.notibras.com\/site\/wp-content\/uploads\/2014\/04\/Sampaio-Corr\u00eaa-400x300.jpg\" \/>\n\t<meta property=\"og:image:width\" content=\"400\" \/>\n\t<meta property=\"og:image:height\" content=\"300\" \/>\n\t<meta property=\"og:image:type\" content=\"image\/jpeg\" \/>\n<meta name=\"author\" content=\"Reda\u00e7\u00e3o\" \/>\n<meta name=\"twitter:card\" content=\"summary_large_image\" \/>\n<meta name=\"twitter:creator\" content=\"@Notibras\" \/>\n<meta name=\"twitter:site\" content=\"@Notibras\" \/>\n<meta name=\"twitter:label1\" content=\"Escrito por\" \/>\n\t<meta name=\"twitter:data1\" content=\"Reda\u00e7\u00e3o\" \/>\n\t<meta name=\"twitter:label2\" content=\"Est. tempo de leitura\" \/>\n\t<meta name=\"twitter:data2\" content=\"3 minutos\" \/>\n<script type=\"application\/ld+json\" class=\"yoast-schema-graph\">{\"@context\":\"https:\/\/schema.org\",\"@graph\":[{\"@type\":\"Article\",\"@id\":\"https:\/\/www.notibras.com\/site\/parana-estreia-na-segundona-batenbdo-o-sampaio-correa\/#article\",\"isPartOf\":{\"@id\":\"https:\/\/www.notibras.com\/site\/parana-estreia-na-segundona-batenbdo-o-sampaio-correa\/\"},\"author\":{\"name\":\"Reda\u00e7\u00e3o\",\"@id\":\"https:\/\/www.notibras.com\/site\/#\/schema\/person\/36ab0979449956132d3e5b517ea76ac8\"},\"headline\":\"Paran\u00e1 estreia na Segundona batendo o Sampaio Corr\u00eaa\",\"datePublished\":\"2014-04-19T02:18:51+00:00\",\"dateModified\":\"2014-04-19T03:22:09+00:00\",\"mainEntityOfPage\":{\"@id\":\"https:\/\/www.notibras.com\/site\/parana-estreia-na-segundona-batenbdo-o-sampaio-correa\/\"},\"wordCount\":593,\"commentCount\":0,\"publisher\":{\"@id\":\"https:\/\/www.notibras.com\/site\/#organization\"},\"image\":{\"@id\":\"https:\/\/www.notibras.com\/site\/parana-estreia-na-segundona-batenbdo-o-sampaio-correa\/#primaryimage\"},\"thumbnailUrl\":\"https:\/\/www.notibras.com\/site\/wp-content\/uploads\/2014\/04\/Sampaio-Corr\u00eaa-400x300.jpg\",\"articleSection\":[\"Esportes\"],\"inLanguage\":\"pt-BR\",\"potentialAction\":[{\"@type\":\"CommentAction\",\"name\":\"Comment\",\"target\":[\"https:\/\/www.notibras.com\/site\/parana-estreia-na-segundona-batenbdo-o-sampaio-correa\/#respond\"]}]},{\"@type\":\"WebPage\",\"@id\":\"https:\/\/www.notibras.com\/site\/parana-estreia-na-segundona-batenbdo-o-sampaio-correa\/\",\"url\":\"https:\/\/www.notibras.com\/site\/parana-estreia-na-segundona-batenbdo-o-sampaio-correa\/\",\"name\":\"Paran\u00e1 estreia na Segundona batendo o Sampaio Corr\u00eaa - Notibras\",\"isPartOf\":{\"@id\":\"https:\/\/www.notibras.com\/site\/#website\"},\"primaryImageOfPage\":{\"@id\":\"https:\/\/www.notibras.com\/site\/parana-estreia-na-segundona-batenbdo-o-sampaio-correa\/#primaryimage\"},\"image\":{\"@id\":\"https:\/\/www.notibras.com\/site\/parana-estreia-na-segundona-batenbdo-o-sampaio-correa\/#primaryimage\"},\"thumbnailUrl\":\"https:\/\/www.notibras.com\/site\/wp-content\/uploads\/2014\/04\/Sampaio-Corr\u00eaa-400x300.jpg\",\"datePublished\":\"2014-04-19T02:18:51+00:00\",\"dateModified\":\"2014-04-19T03:22:09+00:00\",\"breadcrumb\":{\"@id\":\"https:\/\/www.notibras.com\/site\/parana-estreia-na-segundona-batenbdo-o-sampaio-correa\/#breadcrumb\"},\"inLanguage\":\"pt-BR\",\"potentialAction\":[{\"@type\":\"ReadAction\",\"target\":[\"https:\/\/www.notibras.com\/site\/parana-estreia-na-segundona-batenbdo-o-sampaio-correa\/\"]}]},{\"@type\":\"ImageObject\",\"inLanguage\":\"pt-BR\",\"@id\":\"https:\/\/www.notibras.com\/site\/parana-estreia-na-segundona-batenbdo-o-sampaio-correa\/#primaryimage\",\"url\":\"https:\/\/www.notibras.com\/site\/wp-content\/uploads\/2014\/04\/Sampaio-Corr\u00eaa-400x300.jpg\",\"contentUrl\":\"https:\/\/www.notibras.com\/site\/wp-content\/uploads\/2014\/04\/Sampaio-Corr\u00eaa-400x300.jpg\",\"width\":400,\"height\":300},{\"@type\":\"BreadcrumbList\",\"@id\":\"https:\/\/www.notibras.com\/site\/parana-estreia-na-segundona-batenbdo-o-sampaio-correa\/#breadcrumb\",\"itemListElement\":[{\"@type\":\"ListItem\",\"position\":1,\"name\":\"In\u00edcio\",\"item\":\"https:\/\/www.notibras.com\/site\/\"},{\"@type\":\"ListItem\",\"position\":2,\"name\":\"Paran\u00e1 estreia na Segundona batendo o Sampaio Corr\u00eaa\"}]},{\"@type\":\"WebSite\",\"@id\":\"https:\/\/www.notibras.com\/site\/#website\",\"url\":\"https:\/\/www.notibras.com\/site\/\",\"name\":\"Notibras\",\"description\":\"Not\u00edcias de Bras\u00edlia, do Brasil e do Mundo\",\"publisher\":{\"@id\":\"https:\/\/www.notibras.com\/site\/#organization\"},\"potentialAction\":[{\"@type\":\"SearchAction\",\"target\":{\"@type\":\"EntryPoint\",\"urlTemplate\":\"https:\/\/www.notibras.com\/site\/?s={search_term_string}\"},\"query-input\":{\"@type\":\"PropertyValueSpecification\",\"valueRequired\":true,\"valueName\":\"search_term_string\"}}],\"inLanguage\":\"pt-BR\"},{\"@type\":\"Organization\",\"@id\":\"https:\/\/www.notibras.com\/site\/#organization\",\"name\":\"Grupo Notibras de Comunica\u00e7\u00e3o\",\"url\":\"https:\/\/www.notibras.com\/site\/\",\"logo\":{\"@type\":\"ImageObject\",\"inLanguage\":\"pt-BR\",\"@id\":\"https:\/\/www.notibras.com\/site\/#\/schema\/logo\/image\/\",\"url\":\"https:\/\/www.notibras.com\/site\/wp-content\/uploads\/2023\/01\/notibras23.png\",\"contentUrl\":\"https:\/\/www.notibras.com\/site\/wp-content\/uploads\/2023\/01\/notibras23.png\",\"width\":350,\"height\":87,\"caption\":\"Grupo Notibras de Comunica\u00e7\u00e3o\"},\"image\":{\"@id\":\"https:\/\/www.notibras.com\/site\/#\/schema\/logo\/image\/\"},\"sameAs\":[\"https:\/\/www.facebook.com\/notibras\/\",\"https:\/\/x.com\/Notibras\",\"https:\/\/www.instagram.com\/notibras\/\"]},{\"@type\":\"Person\",\"@id\":\"https:\/\/www.notibras.com\/site\/#\/schema\/person\/36ab0979449956132d3e5b517ea76ac8\",\"name\":\"Reda\u00e7\u00e3o\",\"image\":{\"@type\":\"ImageObject\",\"inLanguage\":\"pt-BR\",\"@id\":\"https:\/\/secure.gravatar.com\/avatar\/e0a867bdedb85fd243eadf09663511f96fc81e0720a4a42581f334ad4303aa6b?s=96&d=mm&r=g\",\"url\":\"https:\/\/secure.gravatar.com\/avatar\/e0a867bdedb85fd243eadf09663511f96fc81e0720a4a42581f334ad4303aa6b?s=96&d=mm&r=g\",\"contentUrl\":\"https:\/\/secure.gravatar.com\/avatar\/e0a867bdedb85fd243eadf09663511f96fc81e0720a4a42581f334ad4303aa6b?s=96&d=mm&r=g\",\"caption\":\"Reda\u00e7\u00e3o\"}}]}<\/script>\n<!-- \/ Yoast SEO plugin. -->","yoast_head_json":{"title":"Paran\u00e1 estreia na Segundona batendo o Sampaio Corr\u00eaa - Notibras","robots":{"index":"index","follow":"follow","max-snippet":"max-snippet:-1","max-image-preview":"max-image-preview:large","max-video-preview":"max-video-preview:-1"},"canonical":"https:\/\/www.notibras.com\/site\/parana-estreia-na-segundona-batenbdo-o-sampaio-correa\/","og_locale":"pt_BR","og_type":"article","og_title":"Paran\u00e1 estreia na Segundona batendo o Sampaio Corr\u00eaa - Notibras","og_description":"Estreando em seu s\u00e9timo ano consecutivo na S\u00e9rie B do Campeonato Brasileiro, o Paran\u00e1 Clube abriu a competi\u00e7\u00e3o com uma boa vit\u00f3ria fora de casa, diante do Sampaio Corr\u00eaa, por 2 a 0, em pleno Est\u00e1dio Castel\u00e3o, em S\u00e3o Lu\u00eds. Com o resultado, a equipe paranista d\u00e1 seu primeiro passo para seu objetivo de somar [&hellip;]","og_url":"https:\/\/www.notibras.com\/site\/parana-estreia-na-segundona-batenbdo-o-sampaio-correa\/","og_site_name":"Notibras","article_publisher":"https:\/\/www.facebook.com\/notibras\/","article_published_time":"2014-04-19T02:18:51+00:00","article_modified_time":"2014-04-19T03:22:09+00:00","og_image":[{"width":400,"height":300,"url":"https:\/\/www.notibras.com\/site\/wp-content\/uploads\/2014\/04\/Sampaio-Corr\u00eaa-400x300.jpg","type":"image\/jpeg"}],"author":"Reda\u00e7\u00e3o","twitter_card":"summary_large_image","twitter_creator":"@Notibras","twitter_site":"@Notibras","twitter_misc":{"Escrito por":"Reda\u00e7\u00e3o","Est. tempo de leitura":"3 minutos"},"schema":{"@context":"https:\/\/schema.org","@graph":[{"@type":"Article","@id":"https:\/\/www.notibras.com\/site\/parana-estreia-na-segundona-batenbdo-o-sampaio-correa\/#article","isPartOf":{"@id":"https:\/\/www.notibras.com\/site\/parana-estreia-na-segundona-batenbdo-o-sampaio-correa\/"},"author":{"name":"Reda\u00e7\u00e3o","@id":"https:\/\/www.notibras.com\/site\/#\/schema\/person\/36ab0979449956132d3e5b517ea76ac8"},"headline":"Paran\u00e1 estreia na Segundona batendo o Sampaio Corr\u00eaa","datePublished":"2014-04-19T02:18:51+00:00","dateModified":"2014-04-19T03:22:09+00:00","mainEntityOfPage":{"@id":"https:\/\/www.notibras.com\/site\/parana-estreia-na-segundona-batenbdo-o-sampaio-correa\/"},"wordCount":593,"commentCount":0,"publisher":{"@id":"https:\/\/www.notibras.com\/site\/#organization"},"image":{"@id":"https:\/\/www.notibras.com\/site\/parana-estreia-na-segundona-batenbdo-o-sampaio-correa\/#primaryimage"},"thumbnailUrl":"https:\/\/www.notibras.com\/site\/wp-content\/uploads\/2014\/04\/Sampaio-Corr\u00eaa-400x300.jpg","articleSection":["Esportes"],"inLanguage":"pt-BR","potentialAction":[{"@type":"CommentAction","name":"Comment","target":["https:\/\/www.notibras.com\/site\/parana-estreia-na-segundona-batenbdo-o-sampaio-correa\/#respond"]}]},{"@type":"WebPage","@id":"https:\/\/www.notibras.com\/site\/parana-estreia-na-segundona-batenbdo-o-sampaio-correa\/","url":"https:\/\/www.notibras.com\/site\/parana-estreia-na-segundona-batenbdo-o-sampaio-correa\/","name":"Paran\u00e1 estreia na Segundona batendo o Sampaio Corr\u00eaa - Notibras","isPartOf":{"@id":"https:\/\/www.notibras.com\/site\/#website"},"primaryImageOfPage":{"@id":"https:\/\/www.notibras.com\/site\/parana-estreia-na-segundona-batenbdo-o-sampaio-correa\/#primaryimage"},"image":{"@id":"https:\/\/www.notibras.com\/site\/parana-estreia-na-segundona-batenbdo-o-sampaio-correa\/#primaryimage"},"thumbnailUrl":"https:\/\/www.notibras.com\/site\/wp-content\/uploads\/2014\/04\/Sampaio-Corr\u00eaa-400x300.jpg","datePublished":"2014-04-19T02:18:51+00:00","dateModified":"2014-04-19T03:22:09+00:00","breadcrumb":{"@id":"https:\/\/www.notibras.com\/site\/parana-estreia-na-segundona-batenbdo-o-sampaio-correa\/#breadcrumb"},"inLanguage":"pt-BR","potentialAction":[{"@type":"ReadAction","target":["https:\/\/www.notibras.com\/site\/parana-estreia-na-segundona-batenbdo-o-sampaio-correa\/"]}]},{"@type":"ImageObject","inLanguage":"pt-BR","@id":"https:\/\/www.notibras.com\/site\/parana-estreia-na-segundona-batenbdo-o-sampaio-correa\/#primaryimage","url":"https:\/\/www.notibras.com\/site\/wp-content\/uploads\/2014\/04\/Sampaio-Corr\u00eaa-400x300.jpg","contentUrl":"https:\/\/www.notibras.com\/site\/wp-content\/uploads\/2014\/04\/Sampaio-Corr\u00eaa-400x300.jpg","width":400,"height":300},{"@type":"BreadcrumbList","@id":"https:\/\/www.notibras.com\/site\/parana-estreia-na-segundona-batenbdo-o-sampaio-correa\/#breadcrumb","itemListElement":[{"@type":"ListItem","position":1,"name":"In\u00edcio","item":"https:\/\/www.notibras.com\/site\/"},{"@type":"ListItem","position":2,"name":"Paran\u00e1 estreia na Segundona batendo o Sampaio Corr\u00eaa"}]},{"@type":"WebSite","@id":"https:\/\/www.notibras.com\/site\/#website","url":"https:\/\/www.notibras.com\/site\/","name":"Notibras","description":"Not\u00edcias de Bras\u00edlia, do Brasil e do Mundo","publisher":{"@id":"https:\/\/www.notibras.com\/site\/#organization"},"potentialAction":[{"@type":"SearchAction","target":{"@type":"EntryPoint","urlTemplate":"https:\/\/www.notibras.com\/site\/?s={search_term_string}"},"query-input":{"@type":"PropertyValueSpecification","valueRequired":true,"valueName":"search_term_string"}}],"inLanguage":"pt-BR"},{"@type":"Organization","@id":"https:\/\/www.notibras.com\/site\/#organization","name":"Grupo Notibras de Comunica\u00e7\u00e3o","url":"https:\/\/www.notibras.com\/site\/","logo":{"@type":"ImageObject","inLanguage":"pt-BR","@id":"https:\/\/www.notibras.com\/site\/#\/schema\/logo\/image\/","url":"https:\/\/www.notibras.com\/site\/wp-content\/uploads\/2023\/01\/notibras23.png","contentUrl":"https:\/\/www.notibras.com\/site\/wp-content\/uploads\/2023\/01\/notibras23.png","width":350,"height":87,"caption":"Grupo Notibras de Comunica\u00e7\u00e3o"},"image":{"@id":"https:\/\/www.notibras.com\/site\/#\/schema\/logo\/image\/"},"sameAs":["https:\/\/www.facebook.com\/notibras\/","https:\/\/x.com\/Notibras","https:\/\/www.instagram.com\/notibras\/"]},{"@type":"Person","@id":"https:\/\/www.notibras.com\/site\/#\/schema\/person\/36ab0979449956132d3e5b517ea76ac8","name":"Reda\u00e7\u00e3o","image":{"@type":"ImageObject","inLanguage":"pt-BR","@id":"https:\/\/secure.gravatar.com\/avatar\/e0a867bdedb85fd243eadf09663511f96fc81e0720a4a42581f334ad4303aa6b?s=96&d=mm&r=g","url":"https:\/\/secure.gravatar.com\/avatar\/e0a867bdedb85fd243eadf09663511f96fc81e0720a4a42581f334ad4303aa6b?s=96&d=mm&r=g","contentUrl":"https:\/\/secure.gravatar.com\/avatar\/e0a867bdedb85fd243eadf09663511f96fc81e0720a4a42581f334ad4303aa6b?s=96&d=mm&r=g","caption":"Reda\u00e7\u00e3o"}}]}},"amp_enabled":true,"_links":{"self":[{"href":"https:\/\/www.notibras.com\/site\/wp-json\/wp\/v2\/posts\/7096","targetHints":{"allow":["GET"]}}],"collection":[{"href":"https:\/\/www.notibras.com\/site\/wp-json\/wp\/v2\/posts"}],"about":[{"href":"https:\/\/www.notibras.com\/site\/wp-json\/wp\/v2\/types\/post"}],"author":[{"embeddable":true,"href":"https:\/\/www.notibras.com\/site\/wp-json\/wp\/v2\/users\/2"}],"replies":[{"embeddable":true,"href":"https:\/\/www.notibras.com\/site\/wp-json\/wp\/v2\/comments?post=7096"}],"version-history":[{"count":0,"href":"https:\/\/www.notibras.com\/site\/wp-json\/wp\/v2\/posts\/7096\/revisions"}],"wp:featuredmedia":[{"embeddable":true,"href":"https:\/\/www.notibras.com\/site\/wp-json\/wp\/v2\/media\/7097"}],"wp:attachment":[{"href":"https:\/\/www.notibras.com\/site\/wp-json\/wp\/v2\/media?parent=7096"}],"wp:term":[{"taxonomy":"category","embeddable":true,"href":"https:\/\/www.notibras.com\/site\/wp-json\/wp\/v2\/categories?post=7096"},{"taxonomy":"post_tag","embeddable":true,"href":"https:\/\/www.notibras.com\/site\/wp-json\/wp\/v2\/tags?post=7096"}],"curies":[{"name":"wp","href":"https:\/\/api.w.org\/{rel}","templated":true}]}}