{"id":71347,"date":"2015-10-13T23:58:47","date_gmt":"2015-10-14T02:58:47","guid":{"rendered":"http:\/\/www.notibras.com\/site\/?p=71347"},"modified":"2015-10-14T11:01:46","modified_gmt":"2015-10-14T14:01:46","slug":"brasil-reage-nas-eliminatorias-e-bate-venezuela-por-3-a-1-no-ceara","status":"publish","type":"post","link":"https:\/\/www.notibras.com\/site\/brasil-reage-nas-eliminatorias-e-bate-venezuela-por-3-a-1-no-ceara\/","title":{"rendered":"Brasil reage nas Eliminat\u00f3rias e bate sele\u00e7\u00e3o da Venezuela por 3 a 1"},"content":{"rendered":"<p>Nada como uma Venezuela pela frente para dar um refresco \u00e0 sele\u00e7\u00e3o brasileira. A equipe entrou em campo sob press\u00e3o nesta ter\u00e7a-feira, na Arena Castel\u00e3o, em Fortaleza, mas a vit\u00f3ria por 3 a 1, a primeira nas Eliminat\u00f3rias Sul-Americanas para a Copa do Mundo de 2018, que ser\u00e1 na R\u00fassia, traz um pouco de tranquilidade ao t\u00e9cnico Dunga e seus comandados. O Brasil novamente esteve longe de empolgar, n\u00e3o cumpriu o desejo de brindar a torcida &#8211; o p\u00fablico, ali\u00e1s, de 38.970 pagantes, decepcionou &#8211; com bom futebol. Chegou a levar susto, mas fez a obriga\u00e7\u00e3o.<\/p>\n<p>O time at\u00e9 melhorou em rela\u00e7\u00e3o \u00e0 desastrosa estreia contra o Chile. Esteve melhor posicionado em campo, pressionou o advers\u00e1rio &#8211; muito mais fraco que os chilenos, ressalte-se &#8211; e movimentou-se mais. No entanto, ter\u00e1 de evoluir muito para o pr\u00f3ximo confronto. Afinal, o advers\u00e1rio do dia 12 de novembro ser\u00e1 a Argentina, em Buenos Aires.<\/p>\n<p>Dunga surpreendeu ao escalar o goleiro Alisson no lugar de Jefferson. O goleiro do Botafogo j\u00e1 vinha desagradando ao treinador desde a Copa Am\u00e9rica e o lance do primeiro gol do Chile na semana passada selou sua sorte. Onze dias depois de completar 23 anos, o goleiro do Internacional fez a sua estreia na sele\u00e7\u00e3o, demonstrou nervosismo, mas n\u00e3o comprometeu.<\/p>\n<p>Filipe Lu\u00eds no lugar de Marcelo era previs\u00edvel, pois tinha o objetivo de liberar Elias para avan\u00e7ar. E Marquinhos no lugar do contundido David Luiz era certo. Ricardo Oliveira na vaga de Hulk, segredo que guardou a sete chaves, deu mais presen\u00e7a de \u00e1rea \u00e0 sele\u00e7\u00e3o. Mas o treinador, que ensaiou colocar Lucas Lima no meio de campo, para tornar o time mais veloz e agressivo, insistiu com Oscar. E Oscar continuou insistindo em jogar mal.<\/p>\n<p>Pode-se dizer que o jogo j\u00e1 come\u00e7ou com 1 a 0 para o Brasil. Foram precisos apenas 36 segundos para Willian penetrar na \u00e1rea, chutar e o goleiro Baroja colaborar, espalmando para dentro do gol. Detalhe: o lance do gol nasceu de uma roubada de bola de Luiz Gustavo na intermedi\u00e1ria venezuelana. Marcar press\u00e3o na sa\u00edda de bola do advers\u00e1rio foi um dos pedidos de Dunga aos seus jogadores.<\/p>\n<p>O gol serviu para eliminar qualquer risco de intranquilidade. Deixou a equipe \u00e0 vontade na Arena Castel\u00e3o. Marcando press\u00e3o na sa\u00edda de bola, jogando no campo do advers\u00e1rio. Os jogadores faziam uma das muitas coisas que faltaram contra o Chile: movimentavam-se. O Brasil pressionava. A press\u00e3o, por\u00e9m, n\u00e3o resultava em muitas chances de gol criadas.<\/p>\n<p>Willian estava muito bem na partida, em um contraste com seu companheiro de Chelsea. Oscar estava apagado, perdido. At\u00e9 teve a solidariedade, em um lance aos 30 minutos em que Douglas Costa poderia ter feito o gol, mas atendeu ao pedido insistente de Oscar e lhe passou a bola. Sozinho, na frente do gol, ele se enrolou a perdeu a chance, tirando Dunga do s\u00e9rio.<\/p>\n<p>Com o passar de bola, o toque de bola brasileiro diante da fechada Venezuela foi irritando a torcida. Menos mal que assim que sa\u00edram as primeiras vaias, t\u00edmidas, aos 41 minutos, Filipe Lu\u00eds fez grande jogada pela esquerda e rolou rasteiro para Willian, ap\u00f3s corta-luz de Oscar (sua \u00fanica boa jogada na etapa), fazer 2 a 0. O esp\u00edrito festeiro da torcida cearense voltou na hora.<\/p>\n<p>A sele\u00e7\u00e3o tentou manter o ritmo na etapa final. Mas encontrava dificuldade de conclus\u00e3o. E quando teve grande chance, n\u00e3o concluiu em gol. Quem vacilou? Oscar, que acabou com a paci\u00eancia da torcida &#8211; pediu Kak\u00e1 &#8211; e de Dunga.<\/p>\n<p>At\u00e9 porque pouco depois de Oscar perder a chance de definir o jogo, a Venezuela fez seu gol, com Christian Santos, ap\u00f3s um escanteio e a mais uma das falhas da zaga brasileira. Dunga, ent\u00e3o, trocou Oscar por Lucas Lima, que deu mais dinamismo ao time. Logo sairia o terceiro: cruzamento de Douglas Costa e gol de cabe\u00e7a de Ricardo Oliveira.<\/p>\n<p>A partida estava decidida e Dunga, quem diria, se preocupou em agradar \u00e0 torcida. Colocou Kak\u00e1 em campo, para del\u00edrio dos torcedores, e depois tamb\u00e9m Hulk, o que fez galera explodir de vez. E tudo terminou em festa, em alegria, com a torcida gritando &#8220;ol\u00e9&#8221;. Mas n\u00e3o \u00e9 demais lembrar: o pr\u00f3ximo desafio \u00e9 na Argentina. Ainda bem que Neymar volta.<\/p>\n<p><img loading=\"lazy\" decoding=\"async\" class=\"alignnone size-full wp-image-70065\" src=\"http:\/\/www.notibras.com\/site\/wp-content\/uploads\/2015\/10\/estadao.png\" alt=\"estadao\" width=\"99\" height=\"16\" \/><\/p>\n","protected":false},"excerpt":{"rendered":"<p>Nada como uma Venezuela pela frente para dar um refresco \u00e0 sele\u00e7\u00e3o brasileira. A equipe entrou em campo sob press\u00e3o nesta ter\u00e7a-feira, na Arena Castel\u00e3o, em Fortaleza, mas a vit\u00f3ria por 3 a 1, a primeira nas Eliminat\u00f3rias Sul-Americanas para a Copa do Mundo de 2018, que ser\u00e1 na R\u00fassia, traz um pouco de tranquilidade [&hellip;]<\/p>\n","protected":false},"author":2,"featured_media":71348,"comment_status":"open","ping_status":"closed","sticky":false,"template":"","format":"standard","meta":{"_acf_changed":false,"footnotes":""},"categories":[29],"tags":[],"class_list":["post-71347","post","type-post","status-publish","format-standard","has-post-thumbnail","hentry","category-futebol"],"acf":[],"yoast_head":"<!-- This site is optimized with the Yoast SEO plugin v27.2 - https:\/\/yoast.com\/product\/yoast-seo-wordpress\/ -->\n<title>Brasil reage nas Eliminat\u00f3rias e bate sele\u00e7\u00e3o da Venezuela por 3 a 1 - Notibras<\/title>\n<meta name=\"robots\" content=\"index, follow, max-snippet:-1, max-image-preview:large, max-video-preview:-1\" \/>\n<link rel=\"canonical\" href=\"https:\/\/www.notibras.com\/site\/brasil-reage-nas-eliminatorias-e-bate-venezuela-por-3-a-1-no-ceara\/\" \/>\n<meta property=\"og:locale\" content=\"pt_BR\" \/>\n<meta property=\"og:type\" content=\"article\" \/>\n<meta property=\"og:title\" content=\"Brasil reage nas Eliminat\u00f3rias e bate sele\u00e7\u00e3o da Venezuela por 3 a 1 - Notibras\" \/>\n<meta property=\"og:description\" content=\"Nada como uma Venezuela pela frente para dar um refresco \u00e0 sele\u00e7\u00e3o brasileira. A equipe entrou em campo sob press\u00e3o nesta ter\u00e7a-feira, na Arena Castel\u00e3o, em Fortaleza, mas a vit\u00f3ria por 3 a 1, a primeira nas Eliminat\u00f3rias Sul-Americanas para a Copa do Mundo de 2018, que ser\u00e1 na R\u00fassia, traz um pouco de tranquilidade [&hellip;]\" \/>\n<meta property=\"og:url\" content=\"https:\/\/www.notibras.com\/site\/brasil-reage-nas-eliminatorias-e-bate-venezuela-por-3-a-1-no-ceara\/\" \/>\n<meta property=\"og:site_name\" content=\"Notibras\" \/>\n<meta property=\"article:publisher\" content=\"https:\/\/www.facebook.com\/notibras\/\" \/>\n<meta property=\"article:published_time\" content=\"2015-10-14T02:58:47+00:00\" \/>\n<meta property=\"article:modified_time\" content=\"2015-10-14T14:01:46+00:00\" \/>\n<meta property=\"og:image\" content=\"https:\/\/www.notibras.com\/site\/wp-content\/uploads\/2015\/10\/br13.jpg\" \/>\n\t<meta property=\"og:image:width\" content=\"645\" \/>\n\t<meta property=\"og:image:height\" content=\"375\" \/>\n\t<meta property=\"og:image:type\" content=\"image\/jpeg\" \/>\n<meta name=\"author\" content=\"Reda\u00e7\u00e3o\" \/>\n<meta name=\"twitter:card\" content=\"summary_large_image\" \/>\n<meta name=\"twitter:creator\" content=\"@Notibras\" \/>\n<meta name=\"twitter:site\" content=\"@Notibras\" \/>\n<meta name=\"twitter:label1\" content=\"Escrito por\" \/>\n\t<meta name=\"twitter:data1\" content=\"Reda\u00e7\u00e3o\" \/>\n\t<meta name=\"twitter:label2\" content=\"Est. tempo de leitura\" \/>\n\t<meta name=\"twitter:data2\" content=\"4 minutos\" \/>\n<script type=\"application\/ld+json\" class=\"yoast-schema-graph\">{\"@context\":\"https:\/\/schema.org\",\"@graph\":[{\"@type\":\"Article\",\"@id\":\"https:\/\/www.notibras.com\/site\/brasil-reage-nas-eliminatorias-e-bate-venezuela-por-3-a-1-no-ceara\/#article\",\"isPartOf\":{\"@id\":\"https:\/\/www.notibras.com\/site\/brasil-reage-nas-eliminatorias-e-bate-venezuela-por-3-a-1-no-ceara\/\"},\"author\":{\"name\":\"Reda\u00e7\u00e3o\",\"@id\":\"https:\/\/www.notibras.com\/site\/#\/schema\/person\/36ab0979449956132d3e5b517ea76ac8\"},\"headline\":\"Brasil reage nas Eliminat\u00f3rias e bate sele\u00e7\u00e3o da Venezuela por 3 a 1\",\"datePublished\":\"2015-10-14T02:58:47+00:00\",\"dateModified\":\"2015-10-14T14:01:46+00:00\",\"mainEntityOfPage\":{\"@id\":\"https:\/\/www.notibras.com\/site\/brasil-reage-nas-eliminatorias-e-bate-venezuela-por-3-a-1-no-ceara\/\"},\"wordCount\":751,\"commentCount\":0,\"publisher\":{\"@id\":\"https:\/\/www.notibras.com\/site\/#organization\"},\"image\":{\"@id\":\"https:\/\/www.notibras.com\/site\/brasil-reage-nas-eliminatorias-e-bate-venezuela-por-3-a-1-no-ceara\/#primaryimage\"},\"thumbnailUrl\":\"https:\/\/www.notibras.com\/site\/wp-content\/uploads\/2015\/10\/br13.jpg\",\"articleSection\":[\"Futebol\"],\"inLanguage\":\"pt-BR\",\"potentialAction\":[{\"@type\":\"CommentAction\",\"name\":\"Comment\",\"target\":[\"https:\/\/www.notibras.com\/site\/brasil-reage-nas-eliminatorias-e-bate-venezuela-por-3-a-1-no-ceara\/#respond\"]}]},{\"@type\":\"WebPage\",\"@id\":\"https:\/\/www.notibras.com\/site\/brasil-reage-nas-eliminatorias-e-bate-venezuela-por-3-a-1-no-ceara\/\",\"url\":\"https:\/\/www.notibras.com\/site\/brasil-reage-nas-eliminatorias-e-bate-venezuela-por-3-a-1-no-ceara\/\",\"name\":\"Brasil reage nas Eliminat\u00f3rias e bate sele\u00e7\u00e3o da Venezuela por 3 a 1 - Notibras\",\"isPartOf\":{\"@id\":\"https:\/\/www.notibras.com\/site\/#website\"},\"primaryImageOfPage\":{\"@id\":\"https:\/\/www.notibras.com\/site\/brasil-reage-nas-eliminatorias-e-bate-venezuela-por-3-a-1-no-ceara\/#primaryimage\"},\"image\":{\"@id\":\"https:\/\/www.notibras.com\/site\/brasil-reage-nas-eliminatorias-e-bate-venezuela-por-3-a-1-no-ceara\/#primaryimage\"},\"thumbnailUrl\":\"https:\/\/www.notibras.com\/site\/wp-content\/uploads\/2015\/10\/br13.jpg\",\"datePublished\":\"2015-10-14T02:58:47+00:00\",\"dateModified\":\"2015-10-14T14:01:46+00:00\",\"breadcrumb\":{\"@id\":\"https:\/\/www.notibras.com\/site\/brasil-reage-nas-eliminatorias-e-bate-venezuela-por-3-a-1-no-ceara\/#breadcrumb\"},\"inLanguage\":\"pt-BR\",\"potentialAction\":[{\"@type\":\"ReadAction\",\"target\":[\"https:\/\/www.notibras.com\/site\/brasil-reage-nas-eliminatorias-e-bate-venezuela-por-3-a-1-no-ceara\/\"]}]},{\"@type\":\"ImageObject\",\"inLanguage\":\"pt-BR\",\"@id\":\"https:\/\/www.notibras.com\/site\/brasil-reage-nas-eliminatorias-e-bate-venezuela-por-3-a-1-no-ceara\/#primaryimage\",\"url\":\"https:\/\/www.notibras.com\/site\/wp-content\/uploads\/2015\/10\/br13.jpg\",\"contentUrl\":\"https:\/\/www.notibras.com\/site\/wp-content\/uploads\/2015\/10\/br13.jpg\",\"width\":645,\"height\":375},{\"@type\":\"BreadcrumbList\",\"@id\":\"https:\/\/www.notibras.com\/site\/brasil-reage-nas-eliminatorias-e-bate-venezuela-por-3-a-1-no-ceara\/#breadcrumb\",\"itemListElement\":[{\"@type\":\"ListItem\",\"position\":1,\"name\":\"In\u00edcio\",\"item\":\"https:\/\/www.notibras.com\/site\/\"},{\"@type\":\"ListItem\",\"position\":2,\"name\":\"Brasil reage nas Eliminat\u00f3rias e bate sele\u00e7\u00e3o da Venezuela por 3 a 1\"}]},{\"@type\":\"WebSite\",\"@id\":\"https:\/\/www.notibras.com\/site\/#website\",\"url\":\"https:\/\/www.notibras.com\/site\/\",\"name\":\"Notibras\",\"description\":\"Not\u00edcias de Bras\u00edlia, do Brasil e do Mundo\",\"publisher\":{\"@id\":\"https:\/\/www.notibras.com\/site\/#organization\"},\"potentialAction\":[{\"@type\":\"SearchAction\",\"target\":{\"@type\":\"EntryPoint\",\"urlTemplate\":\"https:\/\/www.notibras.com\/site\/?s={search_term_string}\"},\"query-input\":{\"@type\":\"PropertyValueSpecification\",\"valueRequired\":true,\"valueName\":\"search_term_string\"}}],\"inLanguage\":\"pt-BR\"},{\"@type\":\"Organization\",\"@id\":\"https:\/\/www.notibras.com\/site\/#organization\",\"name\":\"Grupo Notibras de Comunica\u00e7\u00e3o\",\"url\":\"https:\/\/www.notibras.com\/site\/\",\"logo\":{\"@type\":\"ImageObject\",\"inLanguage\":\"pt-BR\",\"@id\":\"https:\/\/www.notibras.com\/site\/#\/schema\/logo\/image\/\",\"url\":\"https:\/\/www.notibras.com\/site\/wp-content\/uploads\/2023\/01\/notibras23.png\",\"contentUrl\":\"https:\/\/www.notibras.com\/site\/wp-content\/uploads\/2023\/01\/notibras23.png\",\"width\":350,\"height\":87,\"caption\":\"Grupo Notibras de Comunica\u00e7\u00e3o\"},\"image\":{\"@id\":\"https:\/\/www.notibras.com\/site\/#\/schema\/logo\/image\/\"},\"sameAs\":[\"https:\/\/www.facebook.com\/notibras\/\",\"https:\/\/x.com\/Notibras\",\"https:\/\/www.instagram.com\/notibras\/\"]},{\"@type\":\"Person\",\"@id\":\"https:\/\/www.notibras.com\/site\/#\/schema\/person\/36ab0979449956132d3e5b517ea76ac8\",\"name\":\"Reda\u00e7\u00e3o\",\"image\":{\"@type\":\"ImageObject\",\"inLanguage\":\"pt-BR\",\"@id\":\"https:\/\/secure.gravatar.com\/avatar\/e0a867bdedb85fd243eadf09663511f96fc81e0720a4a42581f334ad4303aa6b?s=96&d=mm&r=g\",\"url\":\"https:\/\/secure.gravatar.com\/avatar\/e0a867bdedb85fd243eadf09663511f96fc81e0720a4a42581f334ad4303aa6b?s=96&d=mm&r=g\",\"contentUrl\":\"https:\/\/secure.gravatar.com\/avatar\/e0a867bdedb85fd243eadf09663511f96fc81e0720a4a42581f334ad4303aa6b?s=96&d=mm&r=g\",\"caption\":\"Reda\u00e7\u00e3o\"}}]}<\/script>\n<!-- \/ Yoast SEO plugin. -->","yoast_head_json":{"title":"Brasil reage nas Eliminat\u00f3rias e bate sele\u00e7\u00e3o da Venezuela por 3 a 1 - Notibras","robots":{"index":"index","follow":"follow","max-snippet":"max-snippet:-1","max-image-preview":"max-image-preview:large","max-video-preview":"max-video-preview:-1"},"canonical":"https:\/\/www.notibras.com\/site\/brasil-reage-nas-eliminatorias-e-bate-venezuela-por-3-a-1-no-ceara\/","og_locale":"pt_BR","og_type":"article","og_title":"Brasil reage nas Eliminat\u00f3rias e bate sele\u00e7\u00e3o da Venezuela por 3 a 1 - Notibras","og_description":"Nada como uma Venezuela pela frente para dar um refresco \u00e0 sele\u00e7\u00e3o brasileira. A equipe entrou em campo sob press\u00e3o nesta ter\u00e7a-feira, na Arena Castel\u00e3o, em Fortaleza, mas a vit\u00f3ria por 3 a 1, a primeira nas Eliminat\u00f3rias Sul-Americanas para a Copa do Mundo de 2018, que ser\u00e1 na R\u00fassia, traz um pouco de tranquilidade [&hellip;]","og_url":"https:\/\/www.notibras.com\/site\/brasil-reage-nas-eliminatorias-e-bate-venezuela-por-3-a-1-no-ceara\/","og_site_name":"Notibras","article_publisher":"https:\/\/www.facebook.com\/notibras\/","article_published_time":"2015-10-14T02:58:47+00:00","article_modified_time":"2015-10-14T14:01:46+00:00","og_image":[{"width":645,"height":375,"url":"https:\/\/www.notibras.com\/site\/wp-content\/uploads\/2015\/10\/br13.jpg","type":"image\/jpeg"}],"author":"Reda\u00e7\u00e3o","twitter_card":"summary_large_image","twitter_creator":"@Notibras","twitter_site":"@Notibras","twitter_misc":{"Escrito por":"Reda\u00e7\u00e3o","Est. tempo de leitura":"4 minutos"},"schema":{"@context":"https:\/\/schema.org","@graph":[{"@type":"Article","@id":"https:\/\/www.notibras.com\/site\/brasil-reage-nas-eliminatorias-e-bate-venezuela-por-3-a-1-no-ceara\/#article","isPartOf":{"@id":"https:\/\/www.notibras.com\/site\/brasil-reage-nas-eliminatorias-e-bate-venezuela-por-3-a-1-no-ceara\/"},"author":{"name":"Reda\u00e7\u00e3o","@id":"https:\/\/www.notibras.com\/site\/#\/schema\/person\/36ab0979449956132d3e5b517ea76ac8"},"headline":"Brasil reage nas Eliminat\u00f3rias e bate sele\u00e7\u00e3o da Venezuela por 3 a 1","datePublished":"2015-10-14T02:58:47+00:00","dateModified":"2015-10-14T14:01:46+00:00","mainEntityOfPage":{"@id":"https:\/\/www.notibras.com\/site\/brasil-reage-nas-eliminatorias-e-bate-venezuela-por-3-a-1-no-ceara\/"},"wordCount":751,"commentCount":0,"publisher":{"@id":"https:\/\/www.notibras.com\/site\/#organization"},"image":{"@id":"https:\/\/www.notibras.com\/site\/brasil-reage-nas-eliminatorias-e-bate-venezuela-por-3-a-1-no-ceara\/#primaryimage"},"thumbnailUrl":"https:\/\/www.notibras.com\/site\/wp-content\/uploads\/2015\/10\/br13.jpg","articleSection":["Futebol"],"inLanguage":"pt-BR","potentialAction":[{"@type":"CommentAction","name":"Comment","target":["https:\/\/www.notibras.com\/site\/brasil-reage-nas-eliminatorias-e-bate-venezuela-por-3-a-1-no-ceara\/#respond"]}]},{"@type":"WebPage","@id":"https:\/\/www.notibras.com\/site\/brasil-reage-nas-eliminatorias-e-bate-venezuela-por-3-a-1-no-ceara\/","url":"https:\/\/www.notibras.com\/site\/brasil-reage-nas-eliminatorias-e-bate-venezuela-por-3-a-1-no-ceara\/","name":"Brasil reage nas Eliminat\u00f3rias e bate sele\u00e7\u00e3o da Venezuela por 3 a 1 - Notibras","isPartOf":{"@id":"https:\/\/www.notibras.com\/site\/#website"},"primaryImageOfPage":{"@id":"https:\/\/www.notibras.com\/site\/brasil-reage-nas-eliminatorias-e-bate-venezuela-por-3-a-1-no-ceara\/#primaryimage"},"image":{"@id":"https:\/\/www.notibras.com\/site\/brasil-reage-nas-eliminatorias-e-bate-venezuela-por-3-a-1-no-ceara\/#primaryimage"},"thumbnailUrl":"https:\/\/www.notibras.com\/site\/wp-content\/uploads\/2015\/10\/br13.jpg","datePublished":"2015-10-14T02:58:47+00:00","dateModified":"2015-10-14T14:01:46+00:00","breadcrumb":{"@id":"https:\/\/www.notibras.com\/site\/brasil-reage-nas-eliminatorias-e-bate-venezuela-por-3-a-1-no-ceara\/#breadcrumb"},"inLanguage":"pt-BR","potentialAction":[{"@type":"ReadAction","target":["https:\/\/www.notibras.com\/site\/brasil-reage-nas-eliminatorias-e-bate-venezuela-por-3-a-1-no-ceara\/"]}]},{"@type":"ImageObject","inLanguage":"pt-BR","@id":"https:\/\/www.notibras.com\/site\/brasil-reage-nas-eliminatorias-e-bate-venezuela-por-3-a-1-no-ceara\/#primaryimage","url":"https:\/\/www.notibras.com\/site\/wp-content\/uploads\/2015\/10\/br13.jpg","contentUrl":"https:\/\/www.notibras.com\/site\/wp-content\/uploads\/2015\/10\/br13.jpg","width":645,"height":375},{"@type":"BreadcrumbList","@id":"https:\/\/www.notibras.com\/site\/brasil-reage-nas-eliminatorias-e-bate-venezuela-por-3-a-1-no-ceara\/#breadcrumb","itemListElement":[{"@type":"ListItem","position":1,"name":"In\u00edcio","item":"https:\/\/www.notibras.com\/site\/"},{"@type":"ListItem","position":2,"name":"Brasil reage nas Eliminat\u00f3rias e bate sele\u00e7\u00e3o da Venezuela por 3 a 1"}]},{"@type":"WebSite","@id":"https:\/\/www.notibras.com\/site\/#website","url":"https:\/\/www.notibras.com\/site\/","name":"Notibras","description":"Not\u00edcias de Bras\u00edlia, do Brasil e do Mundo","publisher":{"@id":"https:\/\/www.notibras.com\/site\/#organization"},"potentialAction":[{"@type":"SearchAction","target":{"@type":"EntryPoint","urlTemplate":"https:\/\/www.notibras.com\/site\/?s={search_term_string}"},"query-input":{"@type":"PropertyValueSpecification","valueRequired":true,"valueName":"search_term_string"}}],"inLanguage":"pt-BR"},{"@type":"Organization","@id":"https:\/\/www.notibras.com\/site\/#organization","name":"Grupo Notibras de Comunica\u00e7\u00e3o","url":"https:\/\/www.notibras.com\/site\/","logo":{"@type":"ImageObject","inLanguage":"pt-BR","@id":"https:\/\/www.notibras.com\/site\/#\/schema\/logo\/image\/","url":"https:\/\/www.notibras.com\/site\/wp-content\/uploads\/2023\/01\/notibras23.png","contentUrl":"https:\/\/www.notibras.com\/site\/wp-content\/uploads\/2023\/01\/notibras23.png","width":350,"height":87,"caption":"Grupo Notibras de Comunica\u00e7\u00e3o"},"image":{"@id":"https:\/\/www.notibras.com\/site\/#\/schema\/logo\/image\/"},"sameAs":["https:\/\/www.facebook.com\/notibras\/","https:\/\/x.com\/Notibras","https:\/\/www.instagram.com\/notibras\/"]},{"@type":"Person","@id":"https:\/\/www.notibras.com\/site\/#\/schema\/person\/36ab0979449956132d3e5b517ea76ac8","name":"Reda\u00e7\u00e3o","image":{"@type":"ImageObject","inLanguage":"pt-BR","@id":"https:\/\/secure.gravatar.com\/avatar\/e0a867bdedb85fd243eadf09663511f96fc81e0720a4a42581f334ad4303aa6b?s=96&d=mm&r=g","url":"https:\/\/secure.gravatar.com\/avatar\/e0a867bdedb85fd243eadf09663511f96fc81e0720a4a42581f334ad4303aa6b?s=96&d=mm&r=g","contentUrl":"https:\/\/secure.gravatar.com\/avatar\/e0a867bdedb85fd243eadf09663511f96fc81e0720a4a42581f334ad4303aa6b?s=96&d=mm&r=g","caption":"Reda\u00e7\u00e3o"}}]}},"amp_enabled":true,"_links":{"self":[{"href":"https:\/\/www.notibras.com\/site\/wp-json\/wp\/v2\/posts\/71347","targetHints":{"allow":["GET"]}}],"collection":[{"href":"https:\/\/www.notibras.com\/site\/wp-json\/wp\/v2\/posts"}],"about":[{"href":"https:\/\/www.notibras.com\/site\/wp-json\/wp\/v2\/types\/post"}],"author":[{"embeddable":true,"href":"https:\/\/www.notibras.com\/site\/wp-json\/wp\/v2\/users\/2"}],"replies":[{"embeddable":true,"href":"https:\/\/www.notibras.com\/site\/wp-json\/wp\/v2\/comments?post=71347"}],"version-history":[{"count":3,"href":"https:\/\/www.notibras.com\/site\/wp-json\/wp\/v2\/posts\/71347\/revisions"}],"predecessor-version":[{"id":71397,"href":"https:\/\/www.notibras.com\/site\/wp-json\/wp\/v2\/posts\/71347\/revisions\/71397"}],"wp:featuredmedia":[{"embeddable":true,"href":"https:\/\/www.notibras.com\/site\/wp-json\/wp\/v2\/media\/71348"}],"wp:attachment":[{"href":"https:\/\/www.notibras.com\/site\/wp-json\/wp\/v2\/media?parent=71347"}],"wp:term":[{"taxonomy":"category","embeddable":true,"href":"https:\/\/www.notibras.com\/site\/wp-json\/wp\/v2\/categories?post=71347"},{"taxonomy":"post_tag","embeddable":true,"href":"https:\/\/www.notibras.com\/site\/wp-json\/wp\/v2\/tags?post=71347"}],"curies":[{"name":"wp","href":"https:\/\/api.w.org\/{rel}","templated":true}]}}