{"id":71449,"date":"2015-10-14T21:43:51","date_gmt":"2015-10-15T00:43:51","guid":{"rendered":"http:\/\/www.notibras.com\/site\/?p=71449"},"modified":"2015-10-14T21:43:51","modified_gmt":"2015-10-15T00:43:51","slug":"sport-quebra-bloqueio-e-derrota-o-avai-por-3-a-0-na-ilha-do-retiro","status":"publish","type":"post","link":"https:\/\/www.notibras.com\/site\/sport-quebra-bloqueio-e-derrota-o-avai-por-3-a-0-na-ilha-do-retiro\/","title":{"rendered":"Sport quebra bloqueio e derrota o Ava\u00ed por 3 a 0 na Ilha do Retiro"},"content":{"rendered":"<p>Depois de duas derrotas &#8211; uma no Campeonato Brasileiro e outra na Copa Sul-Americana -, o Sport se reabilitou e voltou a triunfar nesta quarta-feira. Longe de ser brilhante, o time pernambucano foi eficiente, aproveitou os erros da fechada defesa do Ava\u00ed no segundo tempo e definiu o triunfo por 3 a 0, na Ilha do Retiro, pela 30.\u00aa rodada do Brasileir\u00e3o.<\/p>\n<p>O resultado manteve vivo os sonhos do Sport de classifica\u00e7\u00e3o para a Libertadores, j\u00e1 que a equipe chegou a 43 pontos. Na pr\u00f3xima rodada, no entanto, ter\u00e1 a dif\u00edcil tarefa de encarar o vice-l\u00edder Atl\u00e9tico-MG, domingo, novamente na Ilha do Retiro.<\/p>\n<p>O Ava\u00ed, por sua vez, chegou ao terceiro jogo seguido sem vencer, estacionou nos 33 pontos e pode terminar a rodada na zona de rebaixamento. No domingo, volta a atuar fora de casa, desta vez com a Chapecoense, na Arena Cond\u00e1.<\/p>\n<p><strong>O JOGO<\/strong> &#8211; Com tr\u00eas volantes e Marlone e \u00c9lber muito bem marcados, o Sport teve suas primeiras chegadas apenas em jogadas de bola parada. Aos oito minutos, Durval aproveitou sobra de bola na marca do p\u00eanalti, mas bateu muito mal. Dez minutos depois, o zagueiro mostrou mais qualidade e ajeitou para Rithely, que emendou por cima.<\/p>\n<p>O retrato do jogo era claro: o Ava\u00ed bloqueava as principais pe\u00e7as ofensivas do Sport, que, abusava dos lan\u00e7amentos longos. Somente quando um de seus meias se desgarrou, o time pernambucano assustou de verdade. Aos 26 minutos, ap\u00f3s bela triangula\u00e7\u00e3o, \u00c9lber tentou ajeitar para Andr\u00e9. A bola tocou na zaga e ficou com o pr\u00f3prio \u00c9lber, que dominou, ficou de frente para o gol, mas chutou rente \u00e0 trave.<\/p>\n<p>O Ava\u00ed lutava por apenas uma bola, e ela quase veio aos 32 minutos, quando Eltinho fez bela jogada pelo lado esquerdo e tocou para Renan Oliveira, que rolou no meio para Anderson Lopes. O atacante finalizou cruzado e Danilo Fernandes fez grande defesa no primeiro susto para o Sport, que saiu para o vesti\u00e1rio vaiado pela torcida.<\/p>\n<p>Com a entrada de R\u00e9gis no intervalo, o Sport come\u00e7ou pressionando e teve primeiro bom momento aos seis minutos, quando Andr\u00e9 recebeu na entrada da \u00e1rea e bateu com estilo, para grande defesa de Diego. Aos 10, Samuel Xavier encontrou lindo passe para \u00c9lber, que invadiu pela direita, tinha duas boas op\u00e7\u00f5es no centro da \u00e1rea, mas foi fominha.<\/p>\n<p>O Ava\u00ed tamb\u00e9m ganhou mais espa\u00e7o e tentou responder em chute de longe de Anderson Lopes, que parou em Danilo Fernandes. Mas seria mesmo R\u00e9gis quem faria a diferen\u00e7a. Ap\u00f3s levantamento de bola pelo lado direito, Nino Para\u00edba e Antonio Carlos se atrapalharam. A sobra ficou com o meia do Sport, que dominou e encheu o p\u00e9 no \u00e2ngulo para abrir o placar, aos 15 minutos.<\/p>\n<p>Era o que o Sport precisava para desestruturar a defesa catarinense. E somente dois minutos depois, saiu o segundo gol. R\u00e9gis recebeu com liberdade pelo meio e tocou para Marlone, que, de primeira, encontrou Andr\u00e9 de letra. O atacante, ent\u00e3o, bateu firme, no canto esquerdo, mais uma vez sem chances para Diego.<\/p>\n<p>Ao Ava\u00ed, restou o desespero. O time catarinense foi para cima como podia e teve grande chance para diminuir aos 20 minutos, mas Renan Oliveira jogou para fora de forma incr\u00edvel. Sete minutos depois, Romulo tentou de longe, mas Danilo Fernandes, mais uma vez, espalmou.<\/p>\n<p>As oportunidades desperdi\u00e7adas minguaram as esperan\u00e7as do Ava\u00ed, que voltou a se retrair. O Sport aproveitou e, em r\u00e1pido contra-ataque, definiu o placar. Aos 39, \u00c9lber puxou pelo meio e encontrou Andr\u00e9, que bateu na sa\u00edda do goleiro e fez mais um.<\/p>\n<p><img loading=\"lazy\" decoding=\"async\" class=\"alignnone size-full wp-image-70065\" src=\"http:\/\/www.notibras.com\/site\/wp-content\/uploads\/2015\/10\/estadao.png\" alt=\"estadao\" width=\"99\" height=\"16\" \/><\/p>\n","protected":false},"excerpt":{"rendered":"<p>Depois de duas derrotas &#8211; uma no Campeonato Brasileiro e outra na Copa Sul-Americana -, o Sport se reabilitou e voltou a triunfar nesta quarta-feira. Longe de ser brilhante, o time pernambucano foi eficiente, aproveitou os erros da fechada defesa do Ava\u00ed no segundo tempo e definiu o triunfo por 3 a 0, na Ilha [&hellip;]<\/p>\n","protected":false},"author":2,"featured_media":71450,"comment_status":"open","ping_status":"closed","sticky":false,"template":"","format":"standard","meta":{"_acf_changed":false,"footnotes":""},"categories":[29],"tags":[],"class_list":["post-71449","post","type-post","status-publish","format-standard","has-post-thumbnail","hentry","category-futebol"],"acf":[],"yoast_head":"<!-- This site is optimized with the Yoast SEO plugin v27.2 - https:\/\/yoast.com\/product\/yoast-seo-wordpress\/ -->\n<title>Sport quebra bloqueio e derrota o Ava\u00ed por 3 a 0 na Ilha do Retiro - Notibras<\/title>\n<meta name=\"robots\" content=\"index, follow, max-snippet:-1, max-image-preview:large, max-video-preview:-1\" \/>\n<link rel=\"canonical\" href=\"https:\/\/www.notibras.com\/site\/sport-quebra-bloqueio-e-derrota-o-avai-por-3-a-0-na-ilha-do-retiro\/\" \/>\n<meta property=\"og:locale\" content=\"pt_BR\" \/>\n<meta property=\"og:type\" content=\"article\" \/>\n<meta property=\"og:title\" content=\"Sport quebra bloqueio e derrota o Ava\u00ed por 3 a 0 na Ilha do Retiro - Notibras\" \/>\n<meta property=\"og:description\" content=\"Depois de duas derrotas &#8211; uma no Campeonato Brasileiro e outra na Copa Sul-Americana -, o Sport se reabilitou e voltou a triunfar nesta quarta-feira. Longe de ser brilhante, o time pernambucano foi eficiente, aproveitou os erros da fechada defesa do Ava\u00ed no segundo tempo e definiu o triunfo por 3 a 0, na Ilha [&hellip;]\" \/>\n<meta property=\"og:url\" content=\"https:\/\/www.notibras.com\/site\/sport-quebra-bloqueio-e-derrota-o-avai-por-3-a-0-na-ilha-do-retiro\/\" \/>\n<meta property=\"og:site_name\" content=\"Notibras\" \/>\n<meta property=\"article:publisher\" content=\"https:\/\/www.facebook.com\/notibras\/\" \/>\n<meta property=\"article:published_time\" content=\"2015-10-15T00:43:51+00:00\" \/>\n<meta property=\"og:image\" content=\"https:\/\/www.notibras.com\/site\/wp-content\/uploads\/2015\/10\/spo.jpg\" \/>\n\t<meta property=\"og:image:width\" content=\"645\" \/>\n\t<meta property=\"og:image:height\" content=\"431\" \/>\n\t<meta property=\"og:image:type\" content=\"image\/jpeg\" \/>\n<meta name=\"author\" content=\"Reda\u00e7\u00e3o\" \/>\n<meta name=\"twitter:card\" content=\"summary_large_image\" \/>\n<meta name=\"twitter:creator\" content=\"@Notibras\" \/>\n<meta name=\"twitter:site\" content=\"@Notibras\" \/>\n<meta name=\"twitter:label1\" content=\"Escrito por\" \/>\n\t<meta name=\"twitter:data1\" content=\"Reda\u00e7\u00e3o\" \/>\n\t<meta name=\"twitter:label2\" content=\"Est. tempo de leitura\" \/>\n\t<meta name=\"twitter:data2\" content=\"3 minutos\" \/>\n<script type=\"application\/ld+json\" class=\"yoast-schema-graph\">{\"@context\":\"https:\/\/schema.org\",\"@graph\":[{\"@type\":\"Article\",\"@id\":\"https:\/\/www.notibras.com\/site\/sport-quebra-bloqueio-e-derrota-o-avai-por-3-a-0-na-ilha-do-retiro\/#article\",\"isPartOf\":{\"@id\":\"https:\/\/www.notibras.com\/site\/sport-quebra-bloqueio-e-derrota-o-avai-por-3-a-0-na-ilha-do-retiro\/\"},\"author\":{\"name\":\"Reda\u00e7\u00e3o\",\"@id\":\"https:\/\/www.notibras.com\/site\/#\/schema\/person\/36ab0979449956132d3e5b517ea76ac8\"},\"headline\":\"Sport quebra bloqueio e derrota o Ava\u00ed por 3 a 0 na Ilha do Retiro\",\"datePublished\":\"2015-10-15T00:43:51+00:00\",\"mainEntityOfPage\":{\"@id\":\"https:\/\/www.notibras.com\/site\/sport-quebra-bloqueio-e-derrota-o-avai-por-3-a-0-na-ilha-do-retiro\/\"},\"wordCount\":623,\"commentCount\":0,\"publisher\":{\"@id\":\"https:\/\/www.notibras.com\/site\/#organization\"},\"image\":{\"@id\":\"https:\/\/www.notibras.com\/site\/sport-quebra-bloqueio-e-derrota-o-avai-por-3-a-0-na-ilha-do-retiro\/#primaryimage\"},\"thumbnailUrl\":\"https:\/\/www.notibras.com\/site\/wp-content\/uploads\/2015\/10\/spo.jpg\",\"articleSection\":[\"Futebol\"],\"inLanguage\":\"pt-BR\",\"potentialAction\":[{\"@type\":\"CommentAction\",\"name\":\"Comment\",\"target\":[\"https:\/\/www.notibras.com\/site\/sport-quebra-bloqueio-e-derrota-o-avai-por-3-a-0-na-ilha-do-retiro\/#respond\"]}]},{\"@type\":\"WebPage\",\"@id\":\"https:\/\/www.notibras.com\/site\/sport-quebra-bloqueio-e-derrota-o-avai-por-3-a-0-na-ilha-do-retiro\/\",\"url\":\"https:\/\/www.notibras.com\/site\/sport-quebra-bloqueio-e-derrota-o-avai-por-3-a-0-na-ilha-do-retiro\/\",\"name\":\"Sport quebra bloqueio e derrota o Ava\u00ed por 3 a 0 na Ilha do Retiro - Notibras\",\"isPartOf\":{\"@id\":\"https:\/\/www.notibras.com\/site\/#website\"},\"primaryImageOfPage\":{\"@id\":\"https:\/\/www.notibras.com\/site\/sport-quebra-bloqueio-e-derrota-o-avai-por-3-a-0-na-ilha-do-retiro\/#primaryimage\"},\"image\":{\"@id\":\"https:\/\/www.notibras.com\/site\/sport-quebra-bloqueio-e-derrota-o-avai-por-3-a-0-na-ilha-do-retiro\/#primaryimage\"},\"thumbnailUrl\":\"https:\/\/www.notibras.com\/site\/wp-content\/uploads\/2015\/10\/spo.jpg\",\"datePublished\":\"2015-10-15T00:43:51+00:00\",\"breadcrumb\":{\"@id\":\"https:\/\/www.notibras.com\/site\/sport-quebra-bloqueio-e-derrota-o-avai-por-3-a-0-na-ilha-do-retiro\/#breadcrumb\"},\"inLanguage\":\"pt-BR\",\"potentialAction\":[{\"@type\":\"ReadAction\",\"target\":[\"https:\/\/www.notibras.com\/site\/sport-quebra-bloqueio-e-derrota-o-avai-por-3-a-0-na-ilha-do-retiro\/\"]}]},{\"@type\":\"ImageObject\",\"inLanguage\":\"pt-BR\",\"@id\":\"https:\/\/www.notibras.com\/site\/sport-quebra-bloqueio-e-derrota-o-avai-por-3-a-0-na-ilha-do-retiro\/#primaryimage\",\"url\":\"https:\/\/www.notibras.com\/site\/wp-content\/uploads\/2015\/10\/spo.jpg\",\"contentUrl\":\"https:\/\/www.notibras.com\/site\/wp-content\/uploads\/2015\/10\/spo.jpg\",\"width\":645,\"height\":431},{\"@type\":\"BreadcrumbList\",\"@id\":\"https:\/\/www.notibras.com\/site\/sport-quebra-bloqueio-e-derrota-o-avai-por-3-a-0-na-ilha-do-retiro\/#breadcrumb\",\"itemListElement\":[{\"@type\":\"ListItem\",\"position\":1,\"name\":\"In\u00edcio\",\"item\":\"https:\/\/www.notibras.com\/site\/\"},{\"@type\":\"ListItem\",\"position\":2,\"name\":\"Sport quebra bloqueio e derrota o Ava\u00ed por 3 a 0 na Ilha do Retiro\"}]},{\"@type\":\"WebSite\",\"@id\":\"https:\/\/www.notibras.com\/site\/#website\",\"url\":\"https:\/\/www.notibras.com\/site\/\",\"name\":\"Notibras\",\"description\":\"Not\u00edcias de Bras\u00edlia, do Brasil e do Mundo\",\"publisher\":{\"@id\":\"https:\/\/www.notibras.com\/site\/#organization\"},\"potentialAction\":[{\"@type\":\"SearchAction\",\"target\":{\"@type\":\"EntryPoint\",\"urlTemplate\":\"https:\/\/www.notibras.com\/site\/?s={search_term_string}\"},\"query-input\":{\"@type\":\"PropertyValueSpecification\",\"valueRequired\":true,\"valueName\":\"search_term_string\"}}],\"inLanguage\":\"pt-BR\"},{\"@type\":\"Organization\",\"@id\":\"https:\/\/www.notibras.com\/site\/#organization\",\"name\":\"Grupo Notibras de Comunica\u00e7\u00e3o\",\"url\":\"https:\/\/www.notibras.com\/site\/\",\"logo\":{\"@type\":\"ImageObject\",\"inLanguage\":\"pt-BR\",\"@id\":\"https:\/\/www.notibras.com\/site\/#\/schema\/logo\/image\/\",\"url\":\"https:\/\/www.notibras.com\/site\/wp-content\/uploads\/2023\/01\/notibras23.png\",\"contentUrl\":\"https:\/\/www.notibras.com\/site\/wp-content\/uploads\/2023\/01\/notibras23.png\",\"width\":350,\"height\":87,\"caption\":\"Grupo Notibras de Comunica\u00e7\u00e3o\"},\"image\":{\"@id\":\"https:\/\/www.notibras.com\/site\/#\/schema\/logo\/image\/\"},\"sameAs\":[\"https:\/\/www.facebook.com\/notibras\/\",\"https:\/\/x.com\/Notibras\",\"https:\/\/www.instagram.com\/notibras\/\"]},{\"@type\":\"Person\",\"@id\":\"https:\/\/www.notibras.com\/site\/#\/schema\/person\/36ab0979449956132d3e5b517ea76ac8\",\"name\":\"Reda\u00e7\u00e3o\",\"image\":{\"@type\":\"ImageObject\",\"inLanguage\":\"pt-BR\",\"@id\":\"https:\/\/secure.gravatar.com\/avatar\/e0a867bdedb85fd243eadf09663511f96fc81e0720a4a42581f334ad4303aa6b?s=96&d=mm&r=g\",\"url\":\"https:\/\/secure.gravatar.com\/avatar\/e0a867bdedb85fd243eadf09663511f96fc81e0720a4a42581f334ad4303aa6b?s=96&d=mm&r=g\",\"contentUrl\":\"https:\/\/secure.gravatar.com\/avatar\/e0a867bdedb85fd243eadf09663511f96fc81e0720a4a42581f334ad4303aa6b?s=96&d=mm&r=g\",\"caption\":\"Reda\u00e7\u00e3o\"}}]}<\/script>\n<!-- \/ Yoast SEO plugin. -->","yoast_head_json":{"title":"Sport quebra bloqueio e derrota o Ava\u00ed por 3 a 0 na Ilha do Retiro - Notibras","robots":{"index":"index","follow":"follow","max-snippet":"max-snippet:-1","max-image-preview":"max-image-preview:large","max-video-preview":"max-video-preview:-1"},"canonical":"https:\/\/www.notibras.com\/site\/sport-quebra-bloqueio-e-derrota-o-avai-por-3-a-0-na-ilha-do-retiro\/","og_locale":"pt_BR","og_type":"article","og_title":"Sport quebra bloqueio e derrota o Ava\u00ed por 3 a 0 na Ilha do Retiro - Notibras","og_description":"Depois de duas derrotas &#8211; uma no Campeonato Brasileiro e outra na Copa Sul-Americana -, o Sport se reabilitou e voltou a triunfar nesta quarta-feira. Longe de ser brilhante, o time pernambucano foi eficiente, aproveitou os erros da fechada defesa do Ava\u00ed no segundo tempo e definiu o triunfo por 3 a 0, na Ilha [&hellip;]","og_url":"https:\/\/www.notibras.com\/site\/sport-quebra-bloqueio-e-derrota-o-avai-por-3-a-0-na-ilha-do-retiro\/","og_site_name":"Notibras","article_publisher":"https:\/\/www.facebook.com\/notibras\/","article_published_time":"2015-10-15T00:43:51+00:00","og_image":[{"width":645,"height":431,"url":"https:\/\/www.notibras.com\/site\/wp-content\/uploads\/2015\/10\/spo.jpg","type":"image\/jpeg"}],"author":"Reda\u00e7\u00e3o","twitter_card":"summary_large_image","twitter_creator":"@Notibras","twitter_site":"@Notibras","twitter_misc":{"Escrito por":"Reda\u00e7\u00e3o","Est. tempo de leitura":"3 minutos"},"schema":{"@context":"https:\/\/schema.org","@graph":[{"@type":"Article","@id":"https:\/\/www.notibras.com\/site\/sport-quebra-bloqueio-e-derrota-o-avai-por-3-a-0-na-ilha-do-retiro\/#article","isPartOf":{"@id":"https:\/\/www.notibras.com\/site\/sport-quebra-bloqueio-e-derrota-o-avai-por-3-a-0-na-ilha-do-retiro\/"},"author":{"name":"Reda\u00e7\u00e3o","@id":"https:\/\/www.notibras.com\/site\/#\/schema\/person\/36ab0979449956132d3e5b517ea76ac8"},"headline":"Sport quebra bloqueio e derrota o Ava\u00ed por 3 a 0 na Ilha do Retiro","datePublished":"2015-10-15T00:43:51+00:00","mainEntityOfPage":{"@id":"https:\/\/www.notibras.com\/site\/sport-quebra-bloqueio-e-derrota-o-avai-por-3-a-0-na-ilha-do-retiro\/"},"wordCount":623,"commentCount":0,"publisher":{"@id":"https:\/\/www.notibras.com\/site\/#organization"},"image":{"@id":"https:\/\/www.notibras.com\/site\/sport-quebra-bloqueio-e-derrota-o-avai-por-3-a-0-na-ilha-do-retiro\/#primaryimage"},"thumbnailUrl":"https:\/\/www.notibras.com\/site\/wp-content\/uploads\/2015\/10\/spo.jpg","articleSection":["Futebol"],"inLanguage":"pt-BR","potentialAction":[{"@type":"CommentAction","name":"Comment","target":["https:\/\/www.notibras.com\/site\/sport-quebra-bloqueio-e-derrota-o-avai-por-3-a-0-na-ilha-do-retiro\/#respond"]}]},{"@type":"WebPage","@id":"https:\/\/www.notibras.com\/site\/sport-quebra-bloqueio-e-derrota-o-avai-por-3-a-0-na-ilha-do-retiro\/","url":"https:\/\/www.notibras.com\/site\/sport-quebra-bloqueio-e-derrota-o-avai-por-3-a-0-na-ilha-do-retiro\/","name":"Sport quebra bloqueio e derrota o Ava\u00ed por 3 a 0 na Ilha do Retiro - Notibras","isPartOf":{"@id":"https:\/\/www.notibras.com\/site\/#website"},"primaryImageOfPage":{"@id":"https:\/\/www.notibras.com\/site\/sport-quebra-bloqueio-e-derrota-o-avai-por-3-a-0-na-ilha-do-retiro\/#primaryimage"},"image":{"@id":"https:\/\/www.notibras.com\/site\/sport-quebra-bloqueio-e-derrota-o-avai-por-3-a-0-na-ilha-do-retiro\/#primaryimage"},"thumbnailUrl":"https:\/\/www.notibras.com\/site\/wp-content\/uploads\/2015\/10\/spo.jpg","datePublished":"2015-10-15T00:43:51+00:00","breadcrumb":{"@id":"https:\/\/www.notibras.com\/site\/sport-quebra-bloqueio-e-derrota-o-avai-por-3-a-0-na-ilha-do-retiro\/#breadcrumb"},"inLanguage":"pt-BR","potentialAction":[{"@type":"ReadAction","target":["https:\/\/www.notibras.com\/site\/sport-quebra-bloqueio-e-derrota-o-avai-por-3-a-0-na-ilha-do-retiro\/"]}]},{"@type":"ImageObject","inLanguage":"pt-BR","@id":"https:\/\/www.notibras.com\/site\/sport-quebra-bloqueio-e-derrota-o-avai-por-3-a-0-na-ilha-do-retiro\/#primaryimage","url":"https:\/\/www.notibras.com\/site\/wp-content\/uploads\/2015\/10\/spo.jpg","contentUrl":"https:\/\/www.notibras.com\/site\/wp-content\/uploads\/2015\/10\/spo.jpg","width":645,"height":431},{"@type":"BreadcrumbList","@id":"https:\/\/www.notibras.com\/site\/sport-quebra-bloqueio-e-derrota-o-avai-por-3-a-0-na-ilha-do-retiro\/#breadcrumb","itemListElement":[{"@type":"ListItem","position":1,"name":"In\u00edcio","item":"https:\/\/www.notibras.com\/site\/"},{"@type":"ListItem","position":2,"name":"Sport quebra bloqueio e derrota o Ava\u00ed por 3 a 0 na Ilha do Retiro"}]},{"@type":"WebSite","@id":"https:\/\/www.notibras.com\/site\/#website","url":"https:\/\/www.notibras.com\/site\/","name":"Notibras","description":"Not\u00edcias de Bras\u00edlia, do Brasil e do Mundo","publisher":{"@id":"https:\/\/www.notibras.com\/site\/#organization"},"potentialAction":[{"@type":"SearchAction","target":{"@type":"EntryPoint","urlTemplate":"https:\/\/www.notibras.com\/site\/?s={search_term_string}"},"query-input":{"@type":"PropertyValueSpecification","valueRequired":true,"valueName":"search_term_string"}}],"inLanguage":"pt-BR"},{"@type":"Organization","@id":"https:\/\/www.notibras.com\/site\/#organization","name":"Grupo Notibras de Comunica\u00e7\u00e3o","url":"https:\/\/www.notibras.com\/site\/","logo":{"@type":"ImageObject","inLanguage":"pt-BR","@id":"https:\/\/www.notibras.com\/site\/#\/schema\/logo\/image\/","url":"https:\/\/www.notibras.com\/site\/wp-content\/uploads\/2023\/01\/notibras23.png","contentUrl":"https:\/\/www.notibras.com\/site\/wp-content\/uploads\/2023\/01\/notibras23.png","width":350,"height":87,"caption":"Grupo Notibras de Comunica\u00e7\u00e3o"},"image":{"@id":"https:\/\/www.notibras.com\/site\/#\/schema\/logo\/image\/"},"sameAs":["https:\/\/www.facebook.com\/notibras\/","https:\/\/x.com\/Notibras","https:\/\/www.instagram.com\/notibras\/"]},{"@type":"Person","@id":"https:\/\/www.notibras.com\/site\/#\/schema\/person\/36ab0979449956132d3e5b517ea76ac8","name":"Reda\u00e7\u00e3o","image":{"@type":"ImageObject","inLanguage":"pt-BR","@id":"https:\/\/secure.gravatar.com\/avatar\/e0a867bdedb85fd243eadf09663511f96fc81e0720a4a42581f334ad4303aa6b?s=96&d=mm&r=g","url":"https:\/\/secure.gravatar.com\/avatar\/e0a867bdedb85fd243eadf09663511f96fc81e0720a4a42581f334ad4303aa6b?s=96&d=mm&r=g","contentUrl":"https:\/\/secure.gravatar.com\/avatar\/e0a867bdedb85fd243eadf09663511f96fc81e0720a4a42581f334ad4303aa6b?s=96&d=mm&r=g","caption":"Reda\u00e7\u00e3o"}}]}},"amp_enabled":true,"_links":{"self":[{"href":"https:\/\/www.notibras.com\/site\/wp-json\/wp\/v2\/posts\/71449","targetHints":{"allow":["GET"]}}],"collection":[{"href":"https:\/\/www.notibras.com\/site\/wp-json\/wp\/v2\/posts"}],"about":[{"href":"https:\/\/www.notibras.com\/site\/wp-json\/wp\/v2\/types\/post"}],"author":[{"embeddable":true,"href":"https:\/\/www.notibras.com\/site\/wp-json\/wp\/v2\/users\/2"}],"replies":[{"embeddable":true,"href":"https:\/\/www.notibras.com\/site\/wp-json\/wp\/v2\/comments?post=71449"}],"version-history":[{"count":1,"href":"https:\/\/www.notibras.com\/site\/wp-json\/wp\/v2\/posts\/71449\/revisions"}],"predecessor-version":[{"id":71451,"href":"https:\/\/www.notibras.com\/site\/wp-json\/wp\/v2\/posts\/71449\/revisions\/71451"}],"wp:featuredmedia":[{"embeddable":true,"href":"https:\/\/www.notibras.com\/site\/wp-json\/wp\/v2\/media\/71450"}],"wp:attachment":[{"href":"https:\/\/www.notibras.com\/site\/wp-json\/wp\/v2\/media?parent=71449"}],"wp:term":[{"taxonomy":"category","embeddable":true,"href":"https:\/\/www.notibras.com\/site\/wp-json\/wp\/v2\/categories?post=71449"},{"taxonomy":"post_tag","embeddable":true,"href":"https:\/\/www.notibras.com\/site\/wp-json\/wp\/v2\/tags?post=71449"}],"curies":[{"name":"wp","href":"https:\/\/api.w.org\/{rel}","templated":true}]}}