{"id":71473,"date":"2015-10-15T09:24:02","date_gmt":"2015-10-15T12:24:02","guid":{"rendered":"http:\/\/www.notibras.com\/site\/?p=71473"},"modified":"2015-10-15T09:24:02","modified_gmt":"2015-10-15T12:24:02","slug":"figueirense-sai-da-zona-da-degola-com-3-a-0-no-flamengo","status":"publish","type":"post","link":"https:\/\/www.notibras.com\/site\/figueirense-sai-da-zona-da-degola-com-3-a-0-no-flamengo\/","title":{"rendered":"Figueirense sai da zona da degola com 3 a 0 no Flamengo"},"content":{"rendered":"<p>Depois de uma sequ\u00eancia de nove jogos sem vit\u00f3ria, o Figueirense emplacou na noite desta quarta-feira seu segundo triunfo seguido no Brasileir\u00e3o ao aplicar 3 a 0 no ap\u00e1tico Flamengo, no est\u00e1dio Orlando Scarpelli, em Florian\u00f3polis. Clayton, autor de dois gols, foi o grande nome da partida, v\u00e1lida pela 30\u00aa rodada.<\/p>\n<p>As duas vit\u00f3rias consecutivas vieram em boa hora para o time catarinense, que conseguiu deixar a zona de rebaixamento. Saltou da 18\u00aa para a 15\u00aa coloca\u00e7\u00e3o, agora com 34 pontos. J\u00e1 o Flamengo, sem Paolo Guerrero, estacionou nos 44 pontos, mais distante do G4 da tabela.<\/p>\n<p>O atacante peruano ficou de fora porque defendeu sua sele\u00e7\u00e3o na derrota para o Chile, na noite de ter\u00e7a-feira, em duelo v\u00e1lido pelas Eliminat\u00f3rias Sul-Americanas da Copa do Mundo. Nesta quarta, ele n\u00e3o ficou nem no banco de reservas. Paulinho, Emerson e Kayke formaram o trio ofensivo rubro-negro.<\/p>\n<p>O JOGO &#8211; A paralisa\u00e7\u00e3o do Campeonato Brasileiro fez bem ao Figueirense. Efetivado no fim de setembro, o t\u00e9cnico Hudson Coutinho teve tempo para ajustar a equipe, deixando-a mais pr\u00f3xima do que era sob o comando de Argel Fucks. E, jogando no estilo do seu ex-treinador, o Figueirense esbanjou preparo f\u00edsico e forte marca\u00e7\u00e3o nos primeiros minutos da partida.<\/p>\n<p>O \u00edmpeto dos anfitri\u00f5es rapidamente se transformou em press\u00e3o, em raz\u00e3o da presen\u00e7a constante no ataque. Foram duas boas chances de gol em menos de dez minutos de jogo. Aos 6, Paulo Victor deu rebote dentro da pequena \u00e1rea e Yago n\u00e3o aproveitou. Na sequ\u00eancia, Clayton finalizou para fora ap\u00f3s cobran\u00e7a de escanteio.<\/p>\n<p>De um lado, o Figueirense tentava acelerar a partida. Do outro, o Flamengo queria cadenciar. E, neste duelo de estrat\u00e9gias, o time catarinense levou a melhor ao alcan\u00e7ar seu objetivo aos 21 minutos. Clayton tabelou com Yago, ap\u00f3s erro da defesa carioca, e bateu na sa\u00edda de Paulo Victor: 1 a 0.<\/p>\n<p>Sem reduzir o ritmo, o Figueirense teve chances de ampliar o placar com Leandro Silva e Bruno Alves, aos 31. Acuado e ap\u00e1tico, o Flamengo s\u00f3 apareceu no ataque em duas oportunidades, em uma finaliza\u00e7\u00e3o de fora da \u00e1rea, de Kayke, sem perigo. E, aos 42, quando Canteros bateu forte e Muralha defendeu. O time carioca n\u00e3o tentou reagir nem mesmo quando o Figueirense demonstrava certo cansa\u00e7o em raz\u00e3o da correria dos primeiros minutos.<\/p>\n<p>Somente a conversa de Oswaldo de Oliveira no intervalo fez o Flamengo entrar no jogo no segundo tempo. As duas boas oportunidades criadas nos primeiros minutos aumentaram a expectativa da torcida carioca. Aos 6, Kayke teve chance para levar perigo mas cabeceou para fora. Tr\u00eas minutos depois, Everton acertou forte chute e exigiu boa defesa de Alex Muralha.<\/p>\n<p>Mas foi apenas um rompante ofensivo dos visitantes. Mesmo longe de empolgar a torcida nos \u00faltimos jogos, Guerrero fazia falta. Paulinho estava apagado e Emerson representava a apatia de toda a equipe. Somente Kayke tomava iniciativa no ataque rubro-negro.<\/p>\n<p>Enquanto o Flamengo penava para agilizar meio-campo e ataque, o Figueirense encontrava brechas para amea\u00e7ar o gol de Paulo Victor. E, num avan\u00e7o de Juninho pela esquerda, a defesa carioca dividiu na pequena \u00e1rea e Clayton, bem posicionado, s\u00f3 cutucou para as redes, aos 20 minutos.<\/p>\n<p>Diante de tal desvantagem, Oswaldo resolveu sacar Emerson e Paulinho. Colocou Almir e Gabriel em campo e o Flamengo ganhou consist\u00eancia no meio-campo. O time passou mais tempo no ataque, por\u00e9m sem criar chances mais agudas. Para dificultar, sofria com a marca\u00e7\u00e3o catarinense, que tinha at\u00e9 seus tr\u00eas atacantes em campo auxiliando na conten\u00e7\u00e3o.<\/p>\n<p>Nos minutos finais, o Figueirense contava com Thiago Santana, Dudu e Clayton no ataque, envolvendo o rival tamb\u00e9m no campo de defesa. No ataque, Clayton lan\u00e7ou Leandro Silva pela direita e, depois de um erro feio da zaga rubro-negra, Dudu aproveitou a oportunidade e teve calma para finalizar no canto e sacramentar a segunda vit\u00f3ria seguida do Figueirense no Brasileir\u00e3o.<\/p>\n<p>Os catarinenses tentar\u00e3o o terceiro triunfo no fim de semana, no cl\u00e1ssico local com o Joinville, s\u00e1bado, na casa do rival. O Flamengo vai receber o Internacional, domingo, no Maracan\u00e3.<\/p>\n","protected":false},"excerpt":{"rendered":"<p>Depois de uma sequ\u00eancia de nove jogos sem vit\u00f3ria, o Figueirense emplacou na noite desta quarta-feira seu segundo triunfo seguido no Brasileir\u00e3o ao aplicar 3 a 0 no ap\u00e1tico Flamengo, no est\u00e1dio Orlando Scarpelli, em Florian\u00f3polis. Clayton, autor de dois gols, foi o grande nome da partida, v\u00e1lida pela 30\u00aa rodada. As duas vit\u00f3rias consecutivas [&hellip;]<\/p>\n","protected":false},"author":2,"featured_media":71474,"comment_status":"open","ping_status":"closed","sticky":false,"template":"","format":"standard","meta":{"_acf_changed":false,"footnotes":""},"categories":[29],"tags":[],"class_list":["post-71473","post","type-post","status-publish","format-standard","has-post-thumbnail","hentry","category-futebol"],"acf":[],"yoast_head":"<!-- This site is optimized with the Yoast SEO plugin v27.2 - https:\/\/yoast.com\/product\/yoast-seo-wordpress\/ -->\n<title>Figueirense sai da zona da degola com 3 a 0 no Flamengo - Notibras<\/title>\n<meta name=\"robots\" content=\"index, follow, max-snippet:-1, max-image-preview:large, max-video-preview:-1\" \/>\n<link rel=\"canonical\" href=\"https:\/\/www.notibras.com\/site\/figueirense-sai-da-zona-da-degola-com-3-a-0-no-flamengo\/\" \/>\n<meta property=\"og:locale\" content=\"pt_BR\" \/>\n<meta property=\"og:type\" content=\"article\" \/>\n<meta property=\"og:title\" content=\"Figueirense sai da zona da degola com 3 a 0 no Flamengo - Notibras\" \/>\n<meta property=\"og:description\" content=\"Depois de uma sequ\u00eancia de nove jogos sem vit\u00f3ria, o Figueirense emplacou na noite desta quarta-feira seu segundo triunfo seguido no Brasileir\u00e3o ao aplicar 3 a 0 no ap\u00e1tico Flamengo, no est\u00e1dio Orlando Scarpelli, em Florian\u00f3polis. Clayton, autor de dois gols, foi o grande nome da partida, v\u00e1lida pela 30\u00aa rodada. As duas vit\u00f3rias consecutivas [&hellip;]\" \/>\n<meta property=\"og:url\" content=\"https:\/\/www.notibras.com\/site\/figueirense-sai-da-zona-da-degola-com-3-a-0-no-flamengo\/\" \/>\n<meta property=\"og:site_name\" content=\"Notibras\" \/>\n<meta property=\"article:publisher\" content=\"https:\/\/www.facebook.com\/notibras\/\" \/>\n<meta property=\"article:published_time\" content=\"2015-10-15T12:24:02+00:00\" \/>\n<meta property=\"og:image\" content=\"https:\/\/www.notibras.com\/site\/wp-content\/uploads\/2015\/10\/fla15..jpg\" \/>\n\t<meta property=\"og:image:width\" content=\"585\" \/>\n\t<meta property=\"og:image:height\" content=\"395\" \/>\n\t<meta property=\"og:image:type\" content=\"image\/jpeg\" \/>\n<meta name=\"author\" content=\"Reda\u00e7\u00e3o\" \/>\n<meta name=\"twitter:card\" content=\"summary_large_image\" \/>\n<meta name=\"twitter:creator\" content=\"@Notibras\" \/>\n<meta name=\"twitter:site\" content=\"@Notibras\" \/>\n<meta name=\"twitter:label1\" content=\"Escrito por\" \/>\n\t<meta name=\"twitter:data1\" content=\"Reda\u00e7\u00e3o\" \/>\n\t<meta name=\"twitter:label2\" content=\"Est. tempo de leitura\" \/>\n\t<meta name=\"twitter:data2\" content=\"4 minutos\" \/>\n<script type=\"application\/ld+json\" class=\"yoast-schema-graph\">{\"@context\":\"https:\/\/schema.org\",\"@graph\":[{\"@type\":\"Article\",\"@id\":\"https:\/\/www.notibras.com\/site\/figueirense-sai-da-zona-da-degola-com-3-a-0-no-flamengo\/#article\",\"isPartOf\":{\"@id\":\"https:\/\/www.notibras.com\/site\/figueirense-sai-da-zona-da-degola-com-3-a-0-no-flamengo\/\"},\"author\":{\"name\":\"Reda\u00e7\u00e3o\",\"@id\":\"https:\/\/www.notibras.com\/site\/#\/schema\/person\/36ab0979449956132d3e5b517ea76ac8\"},\"headline\":\"Figueirense sai da zona da degola com 3 a 0 no Flamengo\",\"datePublished\":\"2015-10-15T12:24:02+00:00\",\"mainEntityOfPage\":{\"@id\":\"https:\/\/www.notibras.com\/site\/figueirense-sai-da-zona-da-degola-com-3-a-0-no-flamengo\/\"},\"wordCount\":716,\"commentCount\":0,\"publisher\":{\"@id\":\"https:\/\/www.notibras.com\/site\/#organization\"},\"image\":{\"@id\":\"https:\/\/www.notibras.com\/site\/figueirense-sai-da-zona-da-degola-com-3-a-0-no-flamengo\/#primaryimage\"},\"thumbnailUrl\":\"https:\/\/www.notibras.com\/site\/wp-content\/uploads\/2015\/10\/fla15..jpg\",\"articleSection\":[\"Futebol\"],\"inLanguage\":\"pt-BR\",\"potentialAction\":[{\"@type\":\"CommentAction\",\"name\":\"Comment\",\"target\":[\"https:\/\/www.notibras.com\/site\/figueirense-sai-da-zona-da-degola-com-3-a-0-no-flamengo\/#respond\"]}]},{\"@type\":\"WebPage\",\"@id\":\"https:\/\/www.notibras.com\/site\/figueirense-sai-da-zona-da-degola-com-3-a-0-no-flamengo\/\",\"url\":\"https:\/\/www.notibras.com\/site\/figueirense-sai-da-zona-da-degola-com-3-a-0-no-flamengo\/\",\"name\":\"Figueirense sai da zona da degola com 3 a 0 no Flamengo - Notibras\",\"isPartOf\":{\"@id\":\"https:\/\/www.notibras.com\/site\/#website\"},\"primaryImageOfPage\":{\"@id\":\"https:\/\/www.notibras.com\/site\/figueirense-sai-da-zona-da-degola-com-3-a-0-no-flamengo\/#primaryimage\"},\"image\":{\"@id\":\"https:\/\/www.notibras.com\/site\/figueirense-sai-da-zona-da-degola-com-3-a-0-no-flamengo\/#primaryimage\"},\"thumbnailUrl\":\"https:\/\/www.notibras.com\/site\/wp-content\/uploads\/2015\/10\/fla15..jpg\",\"datePublished\":\"2015-10-15T12:24:02+00:00\",\"breadcrumb\":{\"@id\":\"https:\/\/www.notibras.com\/site\/figueirense-sai-da-zona-da-degola-com-3-a-0-no-flamengo\/#breadcrumb\"},\"inLanguage\":\"pt-BR\",\"potentialAction\":[{\"@type\":\"ReadAction\",\"target\":[\"https:\/\/www.notibras.com\/site\/figueirense-sai-da-zona-da-degola-com-3-a-0-no-flamengo\/\"]}]},{\"@type\":\"ImageObject\",\"inLanguage\":\"pt-BR\",\"@id\":\"https:\/\/www.notibras.com\/site\/figueirense-sai-da-zona-da-degola-com-3-a-0-no-flamengo\/#primaryimage\",\"url\":\"https:\/\/www.notibras.com\/site\/wp-content\/uploads\/2015\/10\/fla15..jpg\",\"contentUrl\":\"https:\/\/www.notibras.com\/site\/wp-content\/uploads\/2015\/10\/fla15..jpg\",\"width\":585,\"height\":395},{\"@type\":\"BreadcrumbList\",\"@id\":\"https:\/\/www.notibras.com\/site\/figueirense-sai-da-zona-da-degola-com-3-a-0-no-flamengo\/#breadcrumb\",\"itemListElement\":[{\"@type\":\"ListItem\",\"position\":1,\"name\":\"In\u00edcio\",\"item\":\"https:\/\/www.notibras.com\/site\/\"},{\"@type\":\"ListItem\",\"position\":2,\"name\":\"Figueirense sai da zona da degola com 3 a 0 no Flamengo\"}]},{\"@type\":\"WebSite\",\"@id\":\"https:\/\/www.notibras.com\/site\/#website\",\"url\":\"https:\/\/www.notibras.com\/site\/\",\"name\":\"Notibras\",\"description\":\"Not\u00edcias de Bras\u00edlia, do Brasil e do Mundo\",\"publisher\":{\"@id\":\"https:\/\/www.notibras.com\/site\/#organization\"},\"potentialAction\":[{\"@type\":\"SearchAction\",\"target\":{\"@type\":\"EntryPoint\",\"urlTemplate\":\"https:\/\/www.notibras.com\/site\/?s={search_term_string}\"},\"query-input\":{\"@type\":\"PropertyValueSpecification\",\"valueRequired\":true,\"valueName\":\"search_term_string\"}}],\"inLanguage\":\"pt-BR\"},{\"@type\":\"Organization\",\"@id\":\"https:\/\/www.notibras.com\/site\/#organization\",\"name\":\"Grupo Notibras de Comunica\u00e7\u00e3o\",\"url\":\"https:\/\/www.notibras.com\/site\/\",\"logo\":{\"@type\":\"ImageObject\",\"inLanguage\":\"pt-BR\",\"@id\":\"https:\/\/www.notibras.com\/site\/#\/schema\/logo\/image\/\",\"url\":\"https:\/\/www.notibras.com\/site\/wp-content\/uploads\/2023\/01\/notibras23.png\",\"contentUrl\":\"https:\/\/www.notibras.com\/site\/wp-content\/uploads\/2023\/01\/notibras23.png\",\"width\":350,\"height\":87,\"caption\":\"Grupo Notibras de Comunica\u00e7\u00e3o\"},\"image\":{\"@id\":\"https:\/\/www.notibras.com\/site\/#\/schema\/logo\/image\/\"},\"sameAs\":[\"https:\/\/www.facebook.com\/notibras\/\",\"https:\/\/x.com\/Notibras\",\"https:\/\/www.instagram.com\/notibras\/\"]},{\"@type\":\"Person\",\"@id\":\"https:\/\/www.notibras.com\/site\/#\/schema\/person\/36ab0979449956132d3e5b517ea76ac8\",\"name\":\"Reda\u00e7\u00e3o\",\"image\":{\"@type\":\"ImageObject\",\"inLanguage\":\"pt-BR\",\"@id\":\"https:\/\/secure.gravatar.com\/avatar\/e0a867bdedb85fd243eadf09663511f96fc81e0720a4a42581f334ad4303aa6b?s=96&d=mm&r=g\",\"url\":\"https:\/\/secure.gravatar.com\/avatar\/e0a867bdedb85fd243eadf09663511f96fc81e0720a4a42581f334ad4303aa6b?s=96&d=mm&r=g\",\"contentUrl\":\"https:\/\/secure.gravatar.com\/avatar\/e0a867bdedb85fd243eadf09663511f96fc81e0720a4a42581f334ad4303aa6b?s=96&d=mm&r=g\",\"caption\":\"Reda\u00e7\u00e3o\"}}]}<\/script>\n<!-- \/ Yoast SEO plugin. -->","yoast_head_json":{"title":"Figueirense sai da zona da degola com 3 a 0 no Flamengo - Notibras","robots":{"index":"index","follow":"follow","max-snippet":"max-snippet:-1","max-image-preview":"max-image-preview:large","max-video-preview":"max-video-preview:-1"},"canonical":"https:\/\/www.notibras.com\/site\/figueirense-sai-da-zona-da-degola-com-3-a-0-no-flamengo\/","og_locale":"pt_BR","og_type":"article","og_title":"Figueirense sai da zona da degola com 3 a 0 no Flamengo - Notibras","og_description":"Depois de uma sequ\u00eancia de nove jogos sem vit\u00f3ria, o Figueirense emplacou na noite desta quarta-feira seu segundo triunfo seguido no Brasileir\u00e3o ao aplicar 3 a 0 no ap\u00e1tico Flamengo, no est\u00e1dio Orlando Scarpelli, em Florian\u00f3polis. Clayton, autor de dois gols, foi o grande nome da partida, v\u00e1lida pela 30\u00aa rodada. As duas vit\u00f3rias consecutivas [&hellip;]","og_url":"https:\/\/www.notibras.com\/site\/figueirense-sai-da-zona-da-degola-com-3-a-0-no-flamengo\/","og_site_name":"Notibras","article_publisher":"https:\/\/www.facebook.com\/notibras\/","article_published_time":"2015-10-15T12:24:02+00:00","og_image":[{"width":585,"height":395,"url":"https:\/\/www.notibras.com\/site\/wp-content\/uploads\/2015\/10\/fla15..jpg","type":"image\/jpeg"}],"author":"Reda\u00e7\u00e3o","twitter_card":"summary_large_image","twitter_creator":"@Notibras","twitter_site":"@Notibras","twitter_misc":{"Escrito por":"Reda\u00e7\u00e3o","Est. tempo de leitura":"4 minutos"},"schema":{"@context":"https:\/\/schema.org","@graph":[{"@type":"Article","@id":"https:\/\/www.notibras.com\/site\/figueirense-sai-da-zona-da-degola-com-3-a-0-no-flamengo\/#article","isPartOf":{"@id":"https:\/\/www.notibras.com\/site\/figueirense-sai-da-zona-da-degola-com-3-a-0-no-flamengo\/"},"author":{"name":"Reda\u00e7\u00e3o","@id":"https:\/\/www.notibras.com\/site\/#\/schema\/person\/36ab0979449956132d3e5b517ea76ac8"},"headline":"Figueirense sai da zona da degola com 3 a 0 no Flamengo","datePublished":"2015-10-15T12:24:02+00:00","mainEntityOfPage":{"@id":"https:\/\/www.notibras.com\/site\/figueirense-sai-da-zona-da-degola-com-3-a-0-no-flamengo\/"},"wordCount":716,"commentCount":0,"publisher":{"@id":"https:\/\/www.notibras.com\/site\/#organization"},"image":{"@id":"https:\/\/www.notibras.com\/site\/figueirense-sai-da-zona-da-degola-com-3-a-0-no-flamengo\/#primaryimage"},"thumbnailUrl":"https:\/\/www.notibras.com\/site\/wp-content\/uploads\/2015\/10\/fla15..jpg","articleSection":["Futebol"],"inLanguage":"pt-BR","potentialAction":[{"@type":"CommentAction","name":"Comment","target":["https:\/\/www.notibras.com\/site\/figueirense-sai-da-zona-da-degola-com-3-a-0-no-flamengo\/#respond"]}]},{"@type":"WebPage","@id":"https:\/\/www.notibras.com\/site\/figueirense-sai-da-zona-da-degola-com-3-a-0-no-flamengo\/","url":"https:\/\/www.notibras.com\/site\/figueirense-sai-da-zona-da-degola-com-3-a-0-no-flamengo\/","name":"Figueirense sai da zona da degola com 3 a 0 no Flamengo - Notibras","isPartOf":{"@id":"https:\/\/www.notibras.com\/site\/#website"},"primaryImageOfPage":{"@id":"https:\/\/www.notibras.com\/site\/figueirense-sai-da-zona-da-degola-com-3-a-0-no-flamengo\/#primaryimage"},"image":{"@id":"https:\/\/www.notibras.com\/site\/figueirense-sai-da-zona-da-degola-com-3-a-0-no-flamengo\/#primaryimage"},"thumbnailUrl":"https:\/\/www.notibras.com\/site\/wp-content\/uploads\/2015\/10\/fla15..jpg","datePublished":"2015-10-15T12:24:02+00:00","breadcrumb":{"@id":"https:\/\/www.notibras.com\/site\/figueirense-sai-da-zona-da-degola-com-3-a-0-no-flamengo\/#breadcrumb"},"inLanguage":"pt-BR","potentialAction":[{"@type":"ReadAction","target":["https:\/\/www.notibras.com\/site\/figueirense-sai-da-zona-da-degola-com-3-a-0-no-flamengo\/"]}]},{"@type":"ImageObject","inLanguage":"pt-BR","@id":"https:\/\/www.notibras.com\/site\/figueirense-sai-da-zona-da-degola-com-3-a-0-no-flamengo\/#primaryimage","url":"https:\/\/www.notibras.com\/site\/wp-content\/uploads\/2015\/10\/fla15..jpg","contentUrl":"https:\/\/www.notibras.com\/site\/wp-content\/uploads\/2015\/10\/fla15..jpg","width":585,"height":395},{"@type":"BreadcrumbList","@id":"https:\/\/www.notibras.com\/site\/figueirense-sai-da-zona-da-degola-com-3-a-0-no-flamengo\/#breadcrumb","itemListElement":[{"@type":"ListItem","position":1,"name":"In\u00edcio","item":"https:\/\/www.notibras.com\/site\/"},{"@type":"ListItem","position":2,"name":"Figueirense sai da zona da degola com 3 a 0 no Flamengo"}]},{"@type":"WebSite","@id":"https:\/\/www.notibras.com\/site\/#website","url":"https:\/\/www.notibras.com\/site\/","name":"Notibras","description":"Not\u00edcias de Bras\u00edlia, do Brasil e do Mundo","publisher":{"@id":"https:\/\/www.notibras.com\/site\/#organization"},"potentialAction":[{"@type":"SearchAction","target":{"@type":"EntryPoint","urlTemplate":"https:\/\/www.notibras.com\/site\/?s={search_term_string}"},"query-input":{"@type":"PropertyValueSpecification","valueRequired":true,"valueName":"search_term_string"}}],"inLanguage":"pt-BR"},{"@type":"Organization","@id":"https:\/\/www.notibras.com\/site\/#organization","name":"Grupo Notibras de Comunica\u00e7\u00e3o","url":"https:\/\/www.notibras.com\/site\/","logo":{"@type":"ImageObject","inLanguage":"pt-BR","@id":"https:\/\/www.notibras.com\/site\/#\/schema\/logo\/image\/","url":"https:\/\/www.notibras.com\/site\/wp-content\/uploads\/2023\/01\/notibras23.png","contentUrl":"https:\/\/www.notibras.com\/site\/wp-content\/uploads\/2023\/01\/notibras23.png","width":350,"height":87,"caption":"Grupo Notibras de Comunica\u00e7\u00e3o"},"image":{"@id":"https:\/\/www.notibras.com\/site\/#\/schema\/logo\/image\/"},"sameAs":["https:\/\/www.facebook.com\/notibras\/","https:\/\/x.com\/Notibras","https:\/\/www.instagram.com\/notibras\/"]},{"@type":"Person","@id":"https:\/\/www.notibras.com\/site\/#\/schema\/person\/36ab0979449956132d3e5b517ea76ac8","name":"Reda\u00e7\u00e3o","image":{"@type":"ImageObject","inLanguage":"pt-BR","@id":"https:\/\/secure.gravatar.com\/avatar\/e0a867bdedb85fd243eadf09663511f96fc81e0720a4a42581f334ad4303aa6b?s=96&d=mm&r=g","url":"https:\/\/secure.gravatar.com\/avatar\/e0a867bdedb85fd243eadf09663511f96fc81e0720a4a42581f334ad4303aa6b?s=96&d=mm&r=g","contentUrl":"https:\/\/secure.gravatar.com\/avatar\/e0a867bdedb85fd243eadf09663511f96fc81e0720a4a42581f334ad4303aa6b?s=96&d=mm&r=g","caption":"Reda\u00e7\u00e3o"}}]}},"amp_enabled":true,"_links":{"self":[{"href":"https:\/\/www.notibras.com\/site\/wp-json\/wp\/v2\/posts\/71473","targetHints":{"allow":["GET"]}}],"collection":[{"href":"https:\/\/www.notibras.com\/site\/wp-json\/wp\/v2\/posts"}],"about":[{"href":"https:\/\/www.notibras.com\/site\/wp-json\/wp\/v2\/types\/post"}],"author":[{"embeddable":true,"href":"https:\/\/www.notibras.com\/site\/wp-json\/wp\/v2\/users\/2"}],"replies":[{"embeddable":true,"href":"https:\/\/www.notibras.com\/site\/wp-json\/wp\/v2\/comments?post=71473"}],"version-history":[{"count":1,"href":"https:\/\/www.notibras.com\/site\/wp-json\/wp\/v2\/posts\/71473\/revisions"}],"predecessor-version":[{"id":71475,"href":"https:\/\/www.notibras.com\/site\/wp-json\/wp\/v2\/posts\/71473\/revisions\/71475"}],"wp:featuredmedia":[{"embeddable":true,"href":"https:\/\/www.notibras.com\/site\/wp-json\/wp\/v2\/media\/71474"}],"wp:attachment":[{"href":"https:\/\/www.notibras.com\/site\/wp-json\/wp\/v2\/media?parent=71473"}],"wp:term":[{"taxonomy":"category","embeddable":true,"href":"https:\/\/www.notibras.com\/site\/wp-json\/wp\/v2\/categories?post=71473"},{"taxonomy":"post_tag","embeddable":true,"href":"https:\/\/www.notibras.com\/site\/wp-json\/wp\/v2\/tags?post=71473"}],"curies":[{"name":"wp","href":"https:\/\/api.w.org\/{rel}","templated":true}]}}