{"id":71481,"date":"2015-10-15T09:59:58","date_gmt":"2015-10-15T12:59:58","guid":{"rendered":"http:\/\/www.notibras.com\/site\/?p=71481"},"modified":"2015-10-15T10:01:15","modified_gmt":"2015-10-15T13:01:15","slug":"da-escravidao-as-portas-abertas-uma-campanha-de-migracao-que-causa-polemica","status":"publish","type":"post","link":"https:\/\/www.notibras.com\/site\/da-escravidao-as-portas-abertas-uma-campanha-de-migracao-que-causa-polemica\/","title":{"rendered":"Da escravid\u00e3o \u00e0s portas abertas. Uma campanha de imigra\u00e7\u00e3o provoca pol\u00eamica"},"content":{"rendered":"<p>Uma campanha publicit\u00e1ria do Minist\u00e9rio da Justi\u00e7a para combater a xenofobia e a intoler\u00e2ncia no Pa\u00eds causou pol\u00eamica nesta quarta-feira, 14, nas redes sociais. A pe\u00e7a retrata Matheus Gomes, um jovem negro de 18 anos, ao lado dos dizeres: &#8220;Meu av\u00f4 \u00e9 angolano e meu bisav\u00f4 \u00e9 gan\u00eas. Brasil, a imigra\u00e7\u00e3o est\u00e1 no nosso sangue&#8221;. Nos coment\u00e1rios, as pessoas disseram que escravos africanos que foram for\u00e7ados a vir ao Brasil n\u00e3o podem ser confundidos com imigrantes.<\/p>\n<p>&#8220;S\u00f3 era o que me faltava! Voc\u00eas classificarem escravid\u00e3o como imigra\u00e7\u00e3o. Ai, me poupe Minist\u00e9rio da Justi\u00e7a, quanta falta de empatia por uma hist\u00f3ria&#8221;, escreveu uma internauta. &#8220;O que est\u00e3o fazendo \u00e9 romantizar a escravatura&#8221;, postou outro usu\u00e1rio.<\/p>\n<p>Alguns ainda defenderam o minist\u00e9rio: &#8220;Nem todos os negros que vieram para o Brasil foram por meio da escravid\u00e3o, alguns imigraram sim em busca de emprego e vida melhor. No caso do av\u00f4 e bisav\u00f4 deste rapaz do post, ele teria que ser idoso para ter bisav\u00f3s escravos. Quest\u00e3o de interpreta\u00e7\u00e3o. Racista \u00e9 pensar que todos os negros que vieram eram escravos.&#8221;<\/p>\n<p>O Minist\u00e9rio da Justi\u00e7a respondeu a cada um dos coment\u00e1rios no Facebook lamentando que a postagem tenha levado a &#8220;interpreta\u00e7\u00f5es que associavam escravid\u00e3o e imigra\u00e7\u00e3o&#8221;. &#8220;Essa absolutamente n\u00e3o era a inten\u00e7\u00e3o, e por esse motivo pedimos desculpas&#8221;, afirmou a pasta, agradecendo as contribui\u00e7\u00f5es. Disse ainda que &#8220;apoia a importante discuss\u00e3o sobre a escravid\u00e3o na nossa hist\u00f3ria.&#8221;<\/p>\n<p>Segundo o minist\u00e9rio, o objetivo \u00e9 &#8220;sensibilizar quanto \u00e0 import\u00e2ncia de enfrentar toda forma \u00f3dio, preconceito e a intoler\u00e2ncia, inclusive o racismo, al\u00e9m de mostrar que a sociedade brasileira \u00e9 composta de descendentes de imigrantes de todas as partes do mundo, que ajudaram a construir o pa\u00eds que conhecemos hoje.&#8221;<\/p>\n<p><img loading=\"lazy\" decoding=\"async\" class=\"alignnone size-full wp-image-70065\" src=\"http:\/\/www.notibras.com\/site\/wp-content\/uploads\/2015\/10\/estadao.png\" alt=\"estadao\" width=\"99\" height=\"16\" \/><\/p>\n","protected":false},"excerpt":{"rendered":"<p>Uma campanha publicit\u00e1ria do Minist\u00e9rio da Justi\u00e7a para combater a xenofobia e a intoler\u00e2ncia no Pa\u00eds causou pol\u00eamica nesta quarta-feira, 14, nas redes sociais. A pe\u00e7a retrata Matheus Gomes, um jovem negro de 18 anos, ao lado dos dizeres: &#8220;Meu av\u00f4 \u00e9 angolano e meu bisav\u00f4 \u00e9 gan\u00eas. Brasil, a imigra\u00e7\u00e3o est\u00e1 no nosso sangue&#8221;. [&hellip;]<\/p>\n","protected":false},"author":2,"featured_media":71482,"comment_status":"open","ping_status":"closed","sticky":false,"template":"","format":"standard","meta":{"_acf_changed":false,"footnotes":""},"categories":[16],"tags":[],"class_list":["post-71481","post","type-post","status-publish","format-standard","has-post-thumbnail","hentry","category-brasil"],"acf":[],"yoast_head":"<!-- This site is optimized with the Yoast SEO plugin v27.2 - https:\/\/yoast.com\/product\/yoast-seo-wordpress\/ -->\n<title>Da escravid\u00e3o \u00e0s portas abertas. Uma campanha de imigra\u00e7\u00e3o provoca pol\u00eamica - Notibras<\/title>\n<meta name=\"robots\" content=\"index, follow, max-snippet:-1, max-image-preview:large, max-video-preview:-1\" \/>\n<link rel=\"canonical\" href=\"https:\/\/www.notibras.com\/site\/da-escravidao-as-portas-abertas-uma-campanha-de-migracao-que-causa-polemica\/\" \/>\n<meta property=\"og:locale\" content=\"pt_BR\" \/>\n<meta property=\"og:type\" content=\"article\" \/>\n<meta property=\"og:title\" content=\"Da escravid\u00e3o \u00e0s portas abertas. Uma campanha de imigra\u00e7\u00e3o provoca pol\u00eamica - Notibras\" \/>\n<meta property=\"og:description\" content=\"Uma campanha publicit\u00e1ria do Minist\u00e9rio da Justi\u00e7a para combater a xenofobia e a intoler\u00e2ncia no Pa\u00eds causou pol\u00eamica nesta quarta-feira, 14, nas redes sociais. A pe\u00e7a retrata Matheus Gomes, um jovem negro de 18 anos, ao lado dos dizeres: &#8220;Meu av\u00f4 \u00e9 angolano e meu bisav\u00f4 \u00e9 gan\u00eas. Brasil, a imigra\u00e7\u00e3o est\u00e1 no nosso sangue&#8221;. [&hellip;]\" \/>\n<meta property=\"og:url\" content=\"https:\/\/www.notibras.com\/site\/da-escravidao-as-portas-abertas-uma-campanha-de-migracao-que-causa-polemica\/\" \/>\n<meta property=\"og:site_name\" content=\"Notibras\" \/>\n<meta property=\"article:publisher\" content=\"https:\/\/www.facebook.com\/notibras\/\" \/>\n<meta property=\"article:published_time\" content=\"2015-10-15T12:59:58+00:00\" \/>\n<meta property=\"article:modified_time\" content=\"2015-10-15T13:01:15+00:00\" \/>\n<meta property=\"og:image\" content=\"https:\/\/www.notibras.com\/site\/wp-content\/uploads\/2015\/10\/postmj.jpg\" \/>\n\t<meta property=\"og:image:width\" content=\"620\" \/>\n\t<meta property=\"og:image:height\" content=\"450\" \/>\n\t<meta property=\"og:image:type\" content=\"image\/jpeg\" \/>\n<meta name=\"author\" content=\"Reda\u00e7\u00e3o\" \/>\n<meta name=\"twitter:card\" content=\"summary_large_image\" \/>\n<meta name=\"twitter:creator\" content=\"@Notibras\" \/>\n<meta name=\"twitter:site\" content=\"@Notibras\" \/>\n<meta name=\"twitter:label1\" content=\"Escrito por\" \/>\n\t<meta name=\"twitter:data1\" content=\"Reda\u00e7\u00e3o\" \/>\n\t<meta name=\"twitter:label2\" content=\"Est. tempo de leitura\" \/>\n\t<meta name=\"twitter:data2\" content=\"2 minutos\" \/>\n<script type=\"application\/ld+json\" class=\"yoast-schema-graph\">{\"@context\":\"https:\/\/schema.org\",\"@graph\":[{\"@type\":\"Article\",\"@id\":\"https:\/\/www.notibras.com\/site\/da-escravidao-as-portas-abertas-uma-campanha-de-migracao-que-causa-polemica\/#article\",\"isPartOf\":{\"@id\":\"https:\/\/www.notibras.com\/site\/da-escravidao-as-portas-abertas-uma-campanha-de-migracao-que-causa-polemica\/\"},\"author\":{\"name\":\"Reda\u00e7\u00e3o\",\"@id\":\"https:\/\/www.notibras.com\/site\/#\/schema\/person\/36ab0979449956132d3e5b517ea76ac8\"},\"headline\":\"Da escravid\u00e3o \u00e0s portas abertas. Uma campanha de imigra\u00e7\u00e3o provoca pol\u00eamica\",\"datePublished\":\"2015-10-15T12:59:58+00:00\",\"dateModified\":\"2015-10-15T13:01:15+00:00\",\"mainEntityOfPage\":{\"@id\":\"https:\/\/www.notibras.com\/site\/da-escravidao-as-portas-abertas-uma-campanha-de-migracao-que-causa-polemica\/\"},\"wordCount\":329,\"commentCount\":0,\"publisher\":{\"@id\":\"https:\/\/www.notibras.com\/site\/#organization\"},\"image\":{\"@id\":\"https:\/\/www.notibras.com\/site\/da-escravidao-as-portas-abertas-uma-campanha-de-migracao-que-causa-polemica\/#primaryimage\"},\"thumbnailUrl\":\"https:\/\/www.notibras.com\/site\/wp-content\/uploads\/2015\/10\/postmj.jpg\",\"articleSection\":[\"Brasil\"],\"inLanguage\":\"pt-BR\",\"potentialAction\":[{\"@type\":\"CommentAction\",\"name\":\"Comment\",\"target\":[\"https:\/\/www.notibras.com\/site\/da-escravidao-as-portas-abertas-uma-campanha-de-migracao-que-causa-polemica\/#respond\"]}]},{\"@type\":\"WebPage\",\"@id\":\"https:\/\/www.notibras.com\/site\/da-escravidao-as-portas-abertas-uma-campanha-de-migracao-que-causa-polemica\/\",\"url\":\"https:\/\/www.notibras.com\/site\/da-escravidao-as-portas-abertas-uma-campanha-de-migracao-que-causa-polemica\/\",\"name\":\"Da escravid\u00e3o \u00e0s portas abertas. Uma campanha de imigra\u00e7\u00e3o provoca pol\u00eamica - Notibras\",\"isPartOf\":{\"@id\":\"https:\/\/www.notibras.com\/site\/#website\"},\"primaryImageOfPage\":{\"@id\":\"https:\/\/www.notibras.com\/site\/da-escravidao-as-portas-abertas-uma-campanha-de-migracao-que-causa-polemica\/#primaryimage\"},\"image\":{\"@id\":\"https:\/\/www.notibras.com\/site\/da-escravidao-as-portas-abertas-uma-campanha-de-migracao-que-causa-polemica\/#primaryimage\"},\"thumbnailUrl\":\"https:\/\/www.notibras.com\/site\/wp-content\/uploads\/2015\/10\/postmj.jpg\",\"datePublished\":\"2015-10-15T12:59:58+00:00\",\"dateModified\":\"2015-10-15T13:01:15+00:00\",\"breadcrumb\":{\"@id\":\"https:\/\/www.notibras.com\/site\/da-escravidao-as-portas-abertas-uma-campanha-de-migracao-que-causa-polemica\/#breadcrumb\"},\"inLanguage\":\"pt-BR\",\"potentialAction\":[{\"@type\":\"ReadAction\",\"target\":[\"https:\/\/www.notibras.com\/site\/da-escravidao-as-portas-abertas-uma-campanha-de-migracao-que-causa-polemica\/\"]}]},{\"@type\":\"ImageObject\",\"inLanguage\":\"pt-BR\",\"@id\":\"https:\/\/www.notibras.com\/site\/da-escravidao-as-portas-abertas-uma-campanha-de-migracao-que-causa-polemica\/#primaryimage\",\"url\":\"https:\/\/www.notibras.com\/site\/wp-content\/uploads\/2015\/10\/postmj.jpg\",\"contentUrl\":\"https:\/\/www.notibras.com\/site\/wp-content\/uploads\/2015\/10\/postmj.jpg\",\"width\":620,\"height\":450},{\"@type\":\"BreadcrumbList\",\"@id\":\"https:\/\/www.notibras.com\/site\/da-escravidao-as-portas-abertas-uma-campanha-de-migracao-que-causa-polemica\/#breadcrumb\",\"itemListElement\":[{\"@type\":\"ListItem\",\"position\":1,\"name\":\"In\u00edcio\",\"item\":\"https:\/\/www.notibras.com\/site\/\"},{\"@type\":\"ListItem\",\"position\":2,\"name\":\"Da escravid\u00e3o \u00e0s portas abertas. Uma campanha de imigra\u00e7\u00e3o provoca pol\u00eamica\"}]},{\"@type\":\"WebSite\",\"@id\":\"https:\/\/www.notibras.com\/site\/#website\",\"url\":\"https:\/\/www.notibras.com\/site\/\",\"name\":\"Notibras\",\"description\":\"Not\u00edcias de Bras\u00edlia, do Brasil e do Mundo\",\"publisher\":{\"@id\":\"https:\/\/www.notibras.com\/site\/#organization\"},\"potentialAction\":[{\"@type\":\"SearchAction\",\"target\":{\"@type\":\"EntryPoint\",\"urlTemplate\":\"https:\/\/www.notibras.com\/site\/?s={search_term_string}\"},\"query-input\":{\"@type\":\"PropertyValueSpecification\",\"valueRequired\":true,\"valueName\":\"search_term_string\"}}],\"inLanguage\":\"pt-BR\"},{\"@type\":\"Organization\",\"@id\":\"https:\/\/www.notibras.com\/site\/#organization\",\"name\":\"Grupo Notibras de Comunica\u00e7\u00e3o\",\"url\":\"https:\/\/www.notibras.com\/site\/\",\"logo\":{\"@type\":\"ImageObject\",\"inLanguage\":\"pt-BR\",\"@id\":\"https:\/\/www.notibras.com\/site\/#\/schema\/logo\/image\/\",\"url\":\"https:\/\/www.notibras.com\/site\/wp-content\/uploads\/2023\/01\/notibras23.png\",\"contentUrl\":\"https:\/\/www.notibras.com\/site\/wp-content\/uploads\/2023\/01\/notibras23.png\",\"width\":350,\"height\":87,\"caption\":\"Grupo Notibras de Comunica\u00e7\u00e3o\"},\"image\":{\"@id\":\"https:\/\/www.notibras.com\/site\/#\/schema\/logo\/image\/\"},\"sameAs\":[\"https:\/\/www.facebook.com\/notibras\/\",\"https:\/\/x.com\/Notibras\",\"https:\/\/www.instagram.com\/notibras\/\"]},{\"@type\":\"Person\",\"@id\":\"https:\/\/www.notibras.com\/site\/#\/schema\/person\/36ab0979449956132d3e5b517ea76ac8\",\"name\":\"Reda\u00e7\u00e3o\",\"image\":{\"@type\":\"ImageObject\",\"inLanguage\":\"pt-BR\",\"@id\":\"https:\/\/secure.gravatar.com\/avatar\/e0a867bdedb85fd243eadf09663511f96fc81e0720a4a42581f334ad4303aa6b?s=96&d=mm&r=g\",\"url\":\"https:\/\/secure.gravatar.com\/avatar\/e0a867bdedb85fd243eadf09663511f96fc81e0720a4a42581f334ad4303aa6b?s=96&d=mm&r=g\",\"contentUrl\":\"https:\/\/secure.gravatar.com\/avatar\/e0a867bdedb85fd243eadf09663511f96fc81e0720a4a42581f334ad4303aa6b?s=96&d=mm&r=g\",\"caption\":\"Reda\u00e7\u00e3o\"}}]}<\/script>\n<!-- \/ Yoast SEO plugin. -->","yoast_head_json":{"title":"Da escravid\u00e3o \u00e0s portas abertas. Uma campanha de imigra\u00e7\u00e3o provoca pol\u00eamica - Notibras","robots":{"index":"index","follow":"follow","max-snippet":"max-snippet:-1","max-image-preview":"max-image-preview:large","max-video-preview":"max-video-preview:-1"},"canonical":"https:\/\/www.notibras.com\/site\/da-escravidao-as-portas-abertas-uma-campanha-de-migracao-que-causa-polemica\/","og_locale":"pt_BR","og_type":"article","og_title":"Da escravid\u00e3o \u00e0s portas abertas. Uma campanha de imigra\u00e7\u00e3o provoca pol\u00eamica - Notibras","og_description":"Uma campanha publicit\u00e1ria do Minist\u00e9rio da Justi\u00e7a para combater a xenofobia e a intoler\u00e2ncia no Pa\u00eds causou pol\u00eamica nesta quarta-feira, 14, nas redes sociais. A pe\u00e7a retrata Matheus Gomes, um jovem negro de 18 anos, ao lado dos dizeres: &#8220;Meu av\u00f4 \u00e9 angolano e meu bisav\u00f4 \u00e9 gan\u00eas. Brasil, a imigra\u00e7\u00e3o est\u00e1 no nosso sangue&#8221;. [&hellip;]","og_url":"https:\/\/www.notibras.com\/site\/da-escravidao-as-portas-abertas-uma-campanha-de-migracao-que-causa-polemica\/","og_site_name":"Notibras","article_publisher":"https:\/\/www.facebook.com\/notibras\/","article_published_time":"2015-10-15T12:59:58+00:00","article_modified_time":"2015-10-15T13:01:15+00:00","og_image":[{"width":620,"height":450,"url":"https:\/\/www.notibras.com\/site\/wp-content\/uploads\/2015\/10\/postmj.jpg","type":"image\/jpeg"}],"author":"Reda\u00e7\u00e3o","twitter_card":"summary_large_image","twitter_creator":"@Notibras","twitter_site":"@Notibras","twitter_misc":{"Escrito por":"Reda\u00e7\u00e3o","Est. tempo de leitura":"2 minutos"},"schema":{"@context":"https:\/\/schema.org","@graph":[{"@type":"Article","@id":"https:\/\/www.notibras.com\/site\/da-escravidao-as-portas-abertas-uma-campanha-de-migracao-que-causa-polemica\/#article","isPartOf":{"@id":"https:\/\/www.notibras.com\/site\/da-escravidao-as-portas-abertas-uma-campanha-de-migracao-que-causa-polemica\/"},"author":{"name":"Reda\u00e7\u00e3o","@id":"https:\/\/www.notibras.com\/site\/#\/schema\/person\/36ab0979449956132d3e5b517ea76ac8"},"headline":"Da escravid\u00e3o \u00e0s portas abertas. Uma campanha de imigra\u00e7\u00e3o provoca pol\u00eamica","datePublished":"2015-10-15T12:59:58+00:00","dateModified":"2015-10-15T13:01:15+00:00","mainEntityOfPage":{"@id":"https:\/\/www.notibras.com\/site\/da-escravidao-as-portas-abertas-uma-campanha-de-migracao-que-causa-polemica\/"},"wordCount":329,"commentCount":0,"publisher":{"@id":"https:\/\/www.notibras.com\/site\/#organization"},"image":{"@id":"https:\/\/www.notibras.com\/site\/da-escravidao-as-portas-abertas-uma-campanha-de-migracao-que-causa-polemica\/#primaryimage"},"thumbnailUrl":"https:\/\/www.notibras.com\/site\/wp-content\/uploads\/2015\/10\/postmj.jpg","articleSection":["Brasil"],"inLanguage":"pt-BR","potentialAction":[{"@type":"CommentAction","name":"Comment","target":["https:\/\/www.notibras.com\/site\/da-escravidao-as-portas-abertas-uma-campanha-de-migracao-que-causa-polemica\/#respond"]}]},{"@type":"WebPage","@id":"https:\/\/www.notibras.com\/site\/da-escravidao-as-portas-abertas-uma-campanha-de-migracao-que-causa-polemica\/","url":"https:\/\/www.notibras.com\/site\/da-escravidao-as-portas-abertas-uma-campanha-de-migracao-que-causa-polemica\/","name":"Da escravid\u00e3o \u00e0s portas abertas. Uma campanha de imigra\u00e7\u00e3o provoca pol\u00eamica - Notibras","isPartOf":{"@id":"https:\/\/www.notibras.com\/site\/#website"},"primaryImageOfPage":{"@id":"https:\/\/www.notibras.com\/site\/da-escravidao-as-portas-abertas-uma-campanha-de-migracao-que-causa-polemica\/#primaryimage"},"image":{"@id":"https:\/\/www.notibras.com\/site\/da-escravidao-as-portas-abertas-uma-campanha-de-migracao-que-causa-polemica\/#primaryimage"},"thumbnailUrl":"https:\/\/www.notibras.com\/site\/wp-content\/uploads\/2015\/10\/postmj.jpg","datePublished":"2015-10-15T12:59:58+00:00","dateModified":"2015-10-15T13:01:15+00:00","breadcrumb":{"@id":"https:\/\/www.notibras.com\/site\/da-escravidao-as-portas-abertas-uma-campanha-de-migracao-que-causa-polemica\/#breadcrumb"},"inLanguage":"pt-BR","potentialAction":[{"@type":"ReadAction","target":["https:\/\/www.notibras.com\/site\/da-escravidao-as-portas-abertas-uma-campanha-de-migracao-que-causa-polemica\/"]}]},{"@type":"ImageObject","inLanguage":"pt-BR","@id":"https:\/\/www.notibras.com\/site\/da-escravidao-as-portas-abertas-uma-campanha-de-migracao-que-causa-polemica\/#primaryimage","url":"https:\/\/www.notibras.com\/site\/wp-content\/uploads\/2015\/10\/postmj.jpg","contentUrl":"https:\/\/www.notibras.com\/site\/wp-content\/uploads\/2015\/10\/postmj.jpg","width":620,"height":450},{"@type":"BreadcrumbList","@id":"https:\/\/www.notibras.com\/site\/da-escravidao-as-portas-abertas-uma-campanha-de-migracao-que-causa-polemica\/#breadcrumb","itemListElement":[{"@type":"ListItem","position":1,"name":"In\u00edcio","item":"https:\/\/www.notibras.com\/site\/"},{"@type":"ListItem","position":2,"name":"Da escravid\u00e3o \u00e0s portas abertas. Uma campanha de imigra\u00e7\u00e3o provoca pol\u00eamica"}]},{"@type":"WebSite","@id":"https:\/\/www.notibras.com\/site\/#website","url":"https:\/\/www.notibras.com\/site\/","name":"Notibras","description":"Not\u00edcias de Bras\u00edlia, do Brasil e do Mundo","publisher":{"@id":"https:\/\/www.notibras.com\/site\/#organization"},"potentialAction":[{"@type":"SearchAction","target":{"@type":"EntryPoint","urlTemplate":"https:\/\/www.notibras.com\/site\/?s={search_term_string}"},"query-input":{"@type":"PropertyValueSpecification","valueRequired":true,"valueName":"search_term_string"}}],"inLanguage":"pt-BR"},{"@type":"Organization","@id":"https:\/\/www.notibras.com\/site\/#organization","name":"Grupo Notibras de Comunica\u00e7\u00e3o","url":"https:\/\/www.notibras.com\/site\/","logo":{"@type":"ImageObject","inLanguage":"pt-BR","@id":"https:\/\/www.notibras.com\/site\/#\/schema\/logo\/image\/","url":"https:\/\/www.notibras.com\/site\/wp-content\/uploads\/2023\/01\/notibras23.png","contentUrl":"https:\/\/www.notibras.com\/site\/wp-content\/uploads\/2023\/01\/notibras23.png","width":350,"height":87,"caption":"Grupo Notibras de Comunica\u00e7\u00e3o"},"image":{"@id":"https:\/\/www.notibras.com\/site\/#\/schema\/logo\/image\/"},"sameAs":["https:\/\/www.facebook.com\/notibras\/","https:\/\/x.com\/Notibras","https:\/\/www.instagram.com\/notibras\/"]},{"@type":"Person","@id":"https:\/\/www.notibras.com\/site\/#\/schema\/person\/36ab0979449956132d3e5b517ea76ac8","name":"Reda\u00e7\u00e3o","image":{"@type":"ImageObject","inLanguage":"pt-BR","@id":"https:\/\/secure.gravatar.com\/avatar\/e0a867bdedb85fd243eadf09663511f96fc81e0720a4a42581f334ad4303aa6b?s=96&d=mm&r=g","url":"https:\/\/secure.gravatar.com\/avatar\/e0a867bdedb85fd243eadf09663511f96fc81e0720a4a42581f334ad4303aa6b?s=96&d=mm&r=g","contentUrl":"https:\/\/secure.gravatar.com\/avatar\/e0a867bdedb85fd243eadf09663511f96fc81e0720a4a42581f334ad4303aa6b?s=96&d=mm&r=g","caption":"Reda\u00e7\u00e3o"}}]}},"amp_enabled":true,"_links":{"self":[{"href":"https:\/\/www.notibras.com\/site\/wp-json\/wp\/v2\/posts\/71481","targetHints":{"allow":["GET"]}}],"collection":[{"href":"https:\/\/www.notibras.com\/site\/wp-json\/wp\/v2\/posts"}],"about":[{"href":"https:\/\/www.notibras.com\/site\/wp-json\/wp\/v2\/types\/post"}],"author":[{"embeddable":true,"href":"https:\/\/www.notibras.com\/site\/wp-json\/wp\/v2\/users\/2"}],"replies":[{"embeddable":true,"href":"https:\/\/www.notibras.com\/site\/wp-json\/wp\/v2\/comments?post=71481"}],"version-history":[{"count":2,"href":"https:\/\/www.notibras.com\/site\/wp-json\/wp\/v2\/posts\/71481\/revisions"}],"predecessor-version":[{"id":71484,"href":"https:\/\/www.notibras.com\/site\/wp-json\/wp\/v2\/posts\/71481\/revisions\/71484"}],"wp:featuredmedia":[{"embeddable":true,"href":"https:\/\/www.notibras.com\/site\/wp-json\/wp\/v2\/media\/71482"}],"wp:attachment":[{"href":"https:\/\/www.notibras.com\/site\/wp-json\/wp\/v2\/media?parent=71481"}],"wp:term":[{"taxonomy":"category","embeddable":true,"href":"https:\/\/www.notibras.com\/site\/wp-json\/wp\/v2\/categories?post=71481"},{"taxonomy":"post_tag","embeddable":true,"href":"https:\/\/www.notibras.com\/site\/wp-json\/wp\/v2\/tags?post=71481"}],"curies":[{"name":"wp","href":"https:\/\/api.w.org\/{rel}","templated":true}]}}