{"id":71489,"date":"2015-10-15T10:11:53","date_gmt":"2015-10-15T13:11:53","guid":{"rendered":"http:\/\/www.notibras.com\/site\/?p=71489"},"modified":"2015-10-15T10:12:27","modified_gmt":"2015-10-15T13:12:27","slug":"preco-dos-alimentos-impulsiona-crise-e-derruba-a-venda-nos-supermercados","status":"publish","type":"post","link":"https:\/\/www.notibras.com\/site\/preco-dos-alimentos-impulsiona-crise-e-derruba-a-venda-nos-supermercados\/","title":{"rendered":"Pre\u00e7o alto dos alimentos impulsiona crise e derruba a venda nos supermercados"},"content":{"rendered":"<p>Um dos \u00faltimos a sentir o efeito da crise, o setor de supermercados deve fechar 2015 com queda nas vendas, algo que n\u00e3o ocorria nos \u00faltimos dez anos. Infla\u00e7\u00e3o dos alimentos em alta e perda de renda dos brasileiros levaram o setor para uma situa\u00e7\u00e3o inusitada. &#8220;Num pa\u00eds em que h\u00e1 aumento populacional, n\u00e3o \u00e9 bom sinal ter queda na venda de alimentos&#8221;, observa o presidente do Conselho Consultivo da Associa\u00e7\u00e3o Brasileira de Supermercados (Abras), Sussumu Honda.<\/p>\n<p>Na Pesquisa Mensal do Com\u00e9rcio do Instituto Brasileiro de Geografia e Estat\u00edstica (IBGE), o segmento de supermercados foi apontado como o vil\u00e3o para o fraco desempenho do com\u00e9rcio varejista em agosto. A retra\u00e7\u00e3o de 0,1% no volume de vendas dos supermercados em agosto em compara\u00e7\u00e3o com julho pode parecer pequena, mas n\u00e3o \u00e9 porque o setor \u00e9 um dos que mais pesa no varejo.<\/p>\n<p>Dados da Abras apontam que, neste ano, os supermercados acumulam at\u00e9 agosto queda de 0,69% no faturamento, descontada infla\u00e7\u00e3o do per\u00edodo. Honda diz que 2015 deve fechar com retra\u00e7\u00e3o de 0,3% nas vendas.<\/p>\n<p>J\u00e1 nas contas da Associa\u00e7\u00e3o Paulista de Supermercados (Apas), o tombo deste ano ser\u00e1 maior: queda real de 1%. &#8220;Desde 2006 o setor n\u00e3o tinha desempenho negativo&#8221;, afirma o gerente do Departamento de Economia e Pesquisa da entidade, Rodrigo Mariano. Ele observa que a retra\u00e7\u00e3o de 1% do setor \u00e9 ruim, mas representa um cen\u00e1rio menos dram\u00e1tico do que a queda esperada para o Produto Interno Bruto, que passa de 2%.<\/p>\n<p>No entanto, o economista ressalta que o recuo nas vendas apontado pelo IBGE de julho para agosto \u00e9 um sinal bem negativo. Isso porque o m\u00eas de agosto deste ano teve cinco finais de semana, enquanto em julho foram quatro. E, como o s\u00e1bado e o domingo s\u00e3o os melhores dias de vendas, a expectativa era de algum crescimento ou de pelo menos um empate, diante de um cen\u00e1rio de crise, observa.<\/p>\n<p>Nem o atacado escapa da freada no consumo de itens b\u00e1sicos, como alimentos e produtos de higiene e limpeza. Em agosto, o faturamento real do setor caiu 5,56% em compara\u00e7\u00e3o com julho e 12% ante o mesmo m\u00eas de 2014, segundo a Associa\u00e7\u00e3o Brasileira de Atacadistas e Distribuidores (Abad).<\/p>\n<p><b>Fundo do po\u00e7o &#8211;\u00a0<\/b>Apesar de as proje\u00e7\u00f5es do desempenho do setor para o ano da Abras e da Apas serem diferentes, elas apontam para a mesma dire\u00e7\u00e3o. Tanto Honda como Mariano esperam que a queda nas vendas deem uma tr\u00e9gua no \u00faltimo trimestre. &#8220;A queda no \u00faltimo trimestre do ano vai se estabilizar&#8221;, prev\u00ea Honda. Ele lembra que a retra\u00e7\u00e3o no consumo de alimentos foi muito forte nos meses de junho, julho e agosto porque alguns itens pesaram muito na cesta de compras do consumidor, al\u00e9m da perda da renda por causa do aumento da infla\u00e7\u00e3o.<\/p>\n<p>Daqui para a frente, no entanto, com o recuo dos pre\u00e7os das commodities, ele acredita que esse cen\u00e1rio de queda possa se estabilizar.<\/p>\n<p>Outro fator apontado pelo presidente do Conselho Consultivo da Abras para a estabiliza\u00e7\u00e3o \u00e9 que, normalmente, mais dinheiro entra em circula\u00e7\u00e3o na economia no \u00faltimo trimestre do ano. E, como o brasileiro j\u00e1 cortou muitos gastos, como viagens, reforma da casa e compra de eletroeletr\u00f4nicos, por exemplo, devem sobrar mais recursos para gastar com alimentos nas festas de fim de ano.<\/p>\n<p>Al\u00e9m desses fatores, Mariano acrescenta mais um. No fim do ano passado, a infla\u00e7\u00e3o de alimentos e de bebidas foi muito elevada e, neste ano, ele acredita que h\u00e1 poucas chances de que esse quadro se repita.<\/p>\n<p><img loading=\"lazy\" decoding=\"async\" class=\"alignnone size-full wp-image-70065\" src=\"http:\/\/www.notibras.com\/site\/wp-content\/uploads\/2015\/10\/estadao.png\" alt=\"estadao\" width=\"99\" height=\"16\" \/><\/p>\n","protected":false},"excerpt":{"rendered":"<p>Um dos \u00faltimos a sentir o efeito da crise, o setor de supermercados deve fechar 2015 com queda nas vendas, algo que n\u00e3o ocorria nos \u00faltimos dez anos. Infla\u00e7\u00e3o dos alimentos em alta e perda de renda dos brasileiros levaram o setor para uma situa\u00e7\u00e3o inusitada. &#8220;Num pa\u00eds em que h\u00e1 aumento populacional, n\u00e3o \u00e9 [&hellip;]<\/p>\n","protected":false},"author":2,"featured_media":71490,"comment_status":"open","ping_status":"closed","sticky":false,"template":"","format":"standard","meta":{"_acf_changed":false,"footnotes":""},"categories":[16],"tags":[],"class_list":["post-71489","post","type-post","status-publish","format-standard","has-post-thumbnail","hentry","category-brasil"],"acf":[],"yoast_head":"<!-- This site is optimized with the Yoast SEO plugin v27.2 - https:\/\/yoast.com\/product\/yoast-seo-wordpress\/ -->\n<title>Pre\u00e7o alto dos alimentos impulsiona crise e derruba a venda nos supermercados - Notibras<\/title>\n<meta name=\"robots\" content=\"index, follow, max-snippet:-1, max-image-preview:large, max-video-preview:-1\" \/>\n<link rel=\"canonical\" href=\"https:\/\/www.notibras.com\/site\/preco-dos-alimentos-impulsiona-crise-e-derruba-a-venda-nos-supermercados\/\" \/>\n<meta property=\"og:locale\" content=\"pt_BR\" \/>\n<meta property=\"og:type\" content=\"article\" \/>\n<meta property=\"og:title\" content=\"Pre\u00e7o alto dos alimentos impulsiona crise e derruba a venda nos supermercados - Notibras\" \/>\n<meta property=\"og:description\" content=\"Um dos \u00faltimos a sentir o efeito da crise, o setor de supermercados deve fechar 2015 com queda nas vendas, algo que n\u00e3o ocorria nos \u00faltimos dez anos. Infla\u00e7\u00e3o dos alimentos em alta e perda de renda dos brasileiros levaram o setor para uma situa\u00e7\u00e3o inusitada. &#8220;Num pa\u00eds em que h\u00e1 aumento populacional, n\u00e3o \u00e9 [&hellip;]\" \/>\n<meta property=\"og:url\" content=\"https:\/\/www.notibras.com\/site\/preco-dos-alimentos-impulsiona-crise-e-derruba-a-venda-nos-supermercados\/\" \/>\n<meta property=\"og:site_name\" content=\"Notibras\" \/>\n<meta property=\"article:publisher\" content=\"https:\/\/www.facebook.com\/notibras\/\" \/>\n<meta property=\"article:published_time\" content=\"2015-10-15T13:11:53+00:00\" \/>\n<meta property=\"article:modified_time\" content=\"2015-10-15T13:12:27+00:00\" \/>\n<meta property=\"og:image\" content=\"https:\/\/www.notibras.com\/site\/wp-content\/uploads\/2015\/10\/Alimentos-supermercado.jpg\" \/>\n\t<meta property=\"og:image:width\" content=\"1600\" \/>\n\t<meta property=\"og:image:height\" content=\"1234\" \/>\n\t<meta property=\"og:image:type\" content=\"image\/jpeg\" \/>\n<meta name=\"author\" content=\"Reda\u00e7\u00e3o\" \/>\n<meta name=\"twitter:card\" content=\"summary_large_image\" \/>\n<meta name=\"twitter:creator\" content=\"@Notibras\" \/>\n<meta name=\"twitter:site\" content=\"@Notibras\" \/>\n<meta name=\"twitter:label1\" content=\"Escrito por\" \/>\n\t<meta name=\"twitter:data1\" content=\"Reda\u00e7\u00e3o\" \/>\n\t<meta name=\"twitter:label2\" content=\"Est. tempo de leitura\" \/>\n\t<meta name=\"twitter:data2\" content=\"3 minutos\" \/>\n<script type=\"application\/ld+json\" class=\"yoast-schema-graph\">{\"@context\":\"https:\/\/schema.org\",\"@graph\":[{\"@type\":\"Article\",\"@id\":\"https:\/\/www.notibras.com\/site\/preco-dos-alimentos-impulsiona-crise-e-derruba-a-venda-nos-supermercados\/#article\",\"isPartOf\":{\"@id\":\"https:\/\/www.notibras.com\/site\/preco-dos-alimentos-impulsiona-crise-e-derruba-a-venda-nos-supermercados\/\"},\"author\":{\"name\":\"Reda\u00e7\u00e3o\",\"@id\":\"https:\/\/www.notibras.com\/site\/#\/schema\/person\/36ab0979449956132d3e5b517ea76ac8\"},\"headline\":\"Pre\u00e7o alto dos alimentos impulsiona crise e derruba a venda nos supermercados\",\"datePublished\":\"2015-10-15T13:11:53+00:00\",\"dateModified\":\"2015-10-15T13:12:27+00:00\",\"mainEntityOfPage\":{\"@id\":\"https:\/\/www.notibras.com\/site\/preco-dos-alimentos-impulsiona-crise-e-derruba-a-venda-nos-supermercados\/\"},\"wordCount\":622,\"commentCount\":0,\"publisher\":{\"@id\":\"https:\/\/www.notibras.com\/site\/#organization\"},\"image\":{\"@id\":\"https:\/\/www.notibras.com\/site\/preco-dos-alimentos-impulsiona-crise-e-derruba-a-venda-nos-supermercados\/#primaryimage\"},\"thumbnailUrl\":\"https:\/\/www.notibras.com\/site\/wp-content\/uploads\/2015\/10\/Alimentos-supermercado.jpg\",\"articleSection\":[\"Brasil\"],\"inLanguage\":\"pt-BR\",\"potentialAction\":[{\"@type\":\"CommentAction\",\"name\":\"Comment\",\"target\":[\"https:\/\/www.notibras.com\/site\/preco-dos-alimentos-impulsiona-crise-e-derruba-a-venda-nos-supermercados\/#respond\"]}]},{\"@type\":\"WebPage\",\"@id\":\"https:\/\/www.notibras.com\/site\/preco-dos-alimentos-impulsiona-crise-e-derruba-a-venda-nos-supermercados\/\",\"url\":\"https:\/\/www.notibras.com\/site\/preco-dos-alimentos-impulsiona-crise-e-derruba-a-venda-nos-supermercados\/\",\"name\":\"Pre\u00e7o alto dos alimentos impulsiona crise e derruba a venda nos supermercados - Notibras\",\"isPartOf\":{\"@id\":\"https:\/\/www.notibras.com\/site\/#website\"},\"primaryImageOfPage\":{\"@id\":\"https:\/\/www.notibras.com\/site\/preco-dos-alimentos-impulsiona-crise-e-derruba-a-venda-nos-supermercados\/#primaryimage\"},\"image\":{\"@id\":\"https:\/\/www.notibras.com\/site\/preco-dos-alimentos-impulsiona-crise-e-derruba-a-venda-nos-supermercados\/#primaryimage\"},\"thumbnailUrl\":\"https:\/\/www.notibras.com\/site\/wp-content\/uploads\/2015\/10\/Alimentos-supermercado.jpg\",\"datePublished\":\"2015-10-15T13:11:53+00:00\",\"dateModified\":\"2015-10-15T13:12:27+00:00\",\"breadcrumb\":{\"@id\":\"https:\/\/www.notibras.com\/site\/preco-dos-alimentos-impulsiona-crise-e-derruba-a-venda-nos-supermercados\/#breadcrumb\"},\"inLanguage\":\"pt-BR\",\"potentialAction\":[{\"@type\":\"ReadAction\",\"target\":[\"https:\/\/www.notibras.com\/site\/preco-dos-alimentos-impulsiona-crise-e-derruba-a-venda-nos-supermercados\/\"]}]},{\"@type\":\"ImageObject\",\"inLanguage\":\"pt-BR\",\"@id\":\"https:\/\/www.notibras.com\/site\/preco-dos-alimentos-impulsiona-crise-e-derruba-a-venda-nos-supermercados\/#primaryimage\",\"url\":\"https:\/\/www.notibras.com\/site\/wp-content\/uploads\/2015\/10\/Alimentos-supermercado.jpg\",\"contentUrl\":\"https:\/\/www.notibras.com\/site\/wp-content\/uploads\/2015\/10\/Alimentos-supermercado.jpg\",\"width\":1600,\"height\":1234},{\"@type\":\"BreadcrumbList\",\"@id\":\"https:\/\/www.notibras.com\/site\/preco-dos-alimentos-impulsiona-crise-e-derruba-a-venda-nos-supermercados\/#breadcrumb\",\"itemListElement\":[{\"@type\":\"ListItem\",\"position\":1,\"name\":\"In\u00edcio\",\"item\":\"https:\/\/www.notibras.com\/site\/\"},{\"@type\":\"ListItem\",\"position\":2,\"name\":\"Pre\u00e7o alto dos alimentos impulsiona crise e derruba a venda nos supermercados\"}]},{\"@type\":\"WebSite\",\"@id\":\"https:\/\/www.notibras.com\/site\/#website\",\"url\":\"https:\/\/www.notibras.com\/site\/\",\"name\":\"Notibras\",\"description\":\"Not\u00edcias de Bras\u00edlia, do Brasil e do Mundo\",\"publisher\":{\"@id\":\"https:\/\/www.notibras.com\/site\/#organization\"},\"potentialAction\":[{\"@type\":\"SearchAction\",\"target\":{\"@type\":\"EntryPoint\",\"urlTemplate\":\"https:\/\/www.notibras.com\/site\/?s={search_term_string}\"},\"query-input\":{\"@type\":\"PropertyValueSpecification\",\"valueRequired\":true,\"valueName\":\"search_term_string\"}}],\"inLanguage\":\"pt-BR\"},{\"@type\":\"Organization\",\"@id\":\"https:\/\/www.notibras.com\/site\/#organization\",\"name\":\"Grupo Notibras de Comunica\u00e7\u00e3o\",\"url\":\"https:\/\/www.notibras.com\/site\/\",\"logo\":{\"@type\":\"ImageObject\",\"inLanguage\":\"pt-BR\",\"@id\":\"https:\/\/www.notibras.com\/site\/#\/schema\/logo\/image\/\",\"url\":\"https:\/\/www.notibras.com\/site\/wp-content\/uploads\/2023\/01\/notibras23.png\",\"contentUrl\":\"https:\/\/www.notibras.com\/site\/wp-content\/uploads\/2023\/01\/notibras23.png\",\"width\":350,\"height\":87,\"caption\":\"Grupo Notibras de Comunica\u00e7\u00e3o\"},\"image\":{\"@id\":\"https:\/\/www.notibras.com\/site\/#\/schema\/logo\/image\/\"},\"sameAs\":[\"https:\/\/www.facebook.com\/notibras\/\",\"https:\/\/x.com\/Notibras\",\"https:\/\/www.instagram.com\/notibras\/\"]},{\"@type\":\"Person\",\"@id\":\"https:\/\/www.notibras.com\/site\/#\/schema\/person\/36ab0979449956132d3e5b517ea76ac8\",\"name\":\"Reda\u00e7\u00e3o\",\"image\":{\"@type\":\"ImageObject\",\"inLanguage\":\"pt-BR\",\"@id\":\"https:\/\/secure.gravatar.com\/avatar\/e0a867bdedb85fd243eadf09663511f96fc81e0720a4a42581f334ad4303aa6b?s=96&d=mm&r=g\",\"url\":\"https:\/\/secure.gravatar.com\/avatar\/e0a867bdedb85fd243eadf09663511f96fc81e0720a4a42581f334ad4303aa6b?s=96&d=mm&r=g\",\"contentUrl\":\"https:\/\/secure.gravatar.com\/avatar\/e0a867bdedb85fd243eadf09663511f96fc81e0720a4a42581f334ad4303aa6b?s=96&d=mm&r=g\",\"caption\":\"Reda\u00e7\u00e3o\"}}]}<\/script>\n<!-- \/ Yoast SEO plugin. -->","yoast_head_json":{"title":"Pre\u00e7o alto dos alimentos impulsiona crise e derruba a venda nos supermercados - Notibras","robots":{"index":"index","follow":"follow","max-snippet":"max-snippet:-1","max-image-preview":"max-image-preview:large","max-video-preview":"max-video-preview:-1"},"canonical":"https:\/\/www.notibras.com\/site\/preco-dos-alimentos-impulsiona-crise-e-derruba-a-venda-nos-supermercados\/","og_locale":"pt_BR","og_type":"article","og_title":"Pre\u00e7o alto dos alimentos impulsiona crise e derruba a venda nos supermercados - Notibras","og_description":"Um dos \u00faltimos a sentir o efeito da crise, o setor de supermercados deve fechar 2015 com queda nas vendas, algo que n\u00e3o ocorria nos \u00faltimos dez anos. Infla\u00e7\u00e3o dos alimentos em alta e perda de renda dos brasileiros levaram o setor para uma situa\u00e7\u00e3o inusitada. &#8220;Num pa\u00eds em que h\u00e1 aumento populacional, n\u00e3o \u00e9 [&hellip;]","og_url":"https:\/\/www.notibras.com\/site\/preco-dos-alimentos-impulsiona-crise-e-derruba-a-venda-nos-supermercados\/","og_site_name":"Notibras","article_publisher":"https:\/\/www.facebook.com\/notibras\/","article_published_time":"2015-10-15T13:11:53+00:00","article_modified_time":"2015-10-15T13:12:27+00:00","og_image":[{"width":1600,"height":1234,"url":"https:\/\/www.notibras.com\/site\/wp-content\/uploads\/2015\/10\/Alimentos-supermercado.jpg","type":"image\/jpeg"}],"author":"Reda\u00e7\u00e3o","twitter_card":"summary_large_image","twitter_creator":"@Notibras","twitter_site":"@Notibras","twitter_misc":{"Escrito por":"Reda\u00e7\u00e3o","Est. tempo de leitura":"3 minutos"},"schema":{"@context":"https:\/\/schema.org","@graph":[{"@type":"Article","@id":"https:\/\/www.notibras.com\/site\/preco-dos-alimentos-impulsiona-crise-e-derruba-a-venda-nos-supermercados\/#article","isPartOf":{"@id":"https:\/\/www.notibras.com\/site\/preco-dos-alimentos-impulsiona-crise-e-derruba-a-venda-nos-supermercados\/"},"author":{"name":"Reda\u00e7\u00e3o","@id":"https:\/\/www.notibras.com\/site\/#\/schema\/person\/36ab0979449956132d3e5b517ea76ac8"},"headline":"Pre\u00e7o alto dos alimentos impulsiona crise e derruba a venda nos supermercados","datePublished":"2015-10-15T13:11:53+00:00","dateModified":"2015-10-15T13:12:27+00:00","mainEntityOfPage":{"@id":"https:\/\/www.notibras.com\/site\/preco-dos-alimentos-impulsiona-crise-e-derruba-a-venda-nos-supermercados\/"},"wordCount":622,"commentCount":0,"publisher":{"@id":"https:\/\/www.notibras.com\/site\/#organization"},"image":{"@id":"https:\/\/www.notibras.com\/site\/preco-dos-alimentos-impulsiona-crise-e-derruba-a-venda-nos-supermercados\/#primaryimage"},"thumbnailUrl":"https:\/\/www.notibras.com\/site\/wp-content\/uploads\/2015\/10\/Alimentos-supermercado.jpg","articleSection":["Brasil"],"inLanguage":"pt-BR","potentialAction":[{"@type":"CommentAction","name":"Comment","target":["https:\/\/www.notibras.com\/site\/preco-dos-alimentos-impulsiona-crise-e-derruba-a-venda-nos-supermercados\/#respond"]}]},{"@type":"WebPage","@id":"https:\/\/www.notibras.com\/site\/preco-dos-alimentos-impulsiona-crise-e-derruba-a-venda-nos-supermercados\/","url":"https:\/\/www.notibras.com\/site\/preco-dos-alimentos-impulsiona-crise-e-derruba-a-venda-nos-supermercados\/","name":"Pre\u00e7o alto dos alimentos impulsiona crise e derruba a venda nos supermercados - Notibras","isPartOf":{"@id":"https:\/\/www.notibras.com\/site\/#website"},"primaryImageOfPage":{"@id":"https:\/\/www.notibras.com\/site\/preco-dos-alimentos-impulsiona-crise-e-derruba-a-venda-nos-supermercados\/#primaryimage"},"image":{"@id":"https:\/\/www.notibras.com\/site\/preco-dos-alimentos-impulsiona-crise-e-derruba-a-venda-nos-supermercados\/#primaryimage"},"thumbnailUrl":"https:\/\/www.notibras.com\/site\/wp-content\/uploads\/2015\/10\/Alimentos-supermercado.jpg","datePublished":"2015-10-15T13:11:53+00:00","dateModified":"2015-10-15T13:12:27+00:00","breadcrumb":{"@id":"https:\/\/www.notibras.com\/site\/preco-dos-alimentos-impulsiona-crise-e-derruba-a-venda-nos-supermercados\/#breadcrumb"},"inLanguage":"pt-BR","potentialAction":[{"@type":"ReadAction","target":["https:\/\/www.notibras.com\/site\/preco-dos-alimentos-impulsiona-crise-e-derruba-a-venda-nos-supermercados\/"]}]},{"@type":"ImageObject","inLanguage":"pt-BR","@id":"https:\/\/www.notibras.com\/site\/preco-dos-alimentos-impulsiona-crise-e-derruba-a-venda-nos-supermercados\/#primaryimage","url":"https:\/\/www.notibras.com\/site\/wp-content\/uploads\/2015\/10\/Alimentos-supermercado.jpg","contentUrl":"https:\/\/www.notibras.com\/site\/wp-content\/uploads\/2015\/10\/Alimentos-supermercado.jpg","width":1600,"height":1234},{"@type":"BreadcrumbList","@id":"https:\/\/www.notibras.com\/site\/preco-dos-alimentos-impulsiona-crise-e-derruba-a-venda-nos-supermercados\/#breadcrumb","itemListElement":[{"@type":"ListItem","position":1,"name":"In\u00edcio","item":"https:\/\/www.notibras.com\/site\/"},{"@type":"ListItem","position":2,"name":"Pre\u00e7o alto dos alimentos impulsiona crise e derruba a venda nos supermercados"}]},{"@type":"WebSite","@id":"https:\/\/www.notibras.com\/site\/#website","url":"https:\/\/www.notibras.com\/site\/","name":"Notibras","description":"Not\u00edcias de Bras\u00edlia, do Brasil e do Mundo","publisher":{"@id":"https:\/\/www.notibras.com\/site\/#organization"},"potentialAction":[{"@type":"SearchAction","target":{"@type":"EntryPoint","urlTemplate":"https:\/\/www.notibras.com\/site\/?s={search_term_string}"},"query-input":{"@type":"PropertyValueSpecification","valueRequired":true,"valueName":"search_term_string"}}],"inLanguage":"pt-BR"},{"@type":"Organization","@id":"https:\/\/www.notibras.com\/site\/#organization","name":"Grupo Notibras de Comunica\u00e7\u00e3o","url":"https:\/\/www.notibras.com\/site\/","logo":{"@type":"ImageObject","inLanguage":"pt-BR","@id":"https:\/\/www.notibras.com\/site\/#\/schema\/logo\/image\/","url":"https:\/\/www.notibras.com\/site\/wp-content\/uploads\/2023\/01\/notibras23.png","contentUrl":"https:\/\/www.notibras.com\/site\/wp-content\/uploads\/2023\/01\/notibras23.png","width":350,"height":87,"caption":"Grupo Notibras de Comunica\u00e7\u00e3o"},"image":{"@id":"https:\/\/www.notibras.com\/site\/#\/schema\/logo\/image\/"},"sameAs":["https:\/\/www.facebook.com\/notibras\/","https:\/\/x.com\/Notibras","https:\/\/www.instagram.com\/notibras\/"]},{"@type":"Person","@id":"https:\/\/www.notibras.com\/site\/#\/schema\/person\/36ab0979449956132d3e5b517ea76ac8","name":"Reda\u00e7\u00e3o","image":{"@type":"ImageObject","inLanguage":"pt-BR","@id":"https:\/\/secure.gravatar.com\/avatar\/e0a867bdedb85fd243eadf09663511f96fc81e0720a4a42581f334ad4303aa6b?s=96&d=mm&r=g","url":"https:\/\/secure.gravatar.com\/avatar\/e0a867bdedb85fd243eadf09663511f96fc81e0720a4a42581f334ad4303aa6b?s=96&d=mm&r=g","contentUrl":"https:\/\/secure.gravatar.com\/avatar\/e0a867bdedb85fd243eadf09663511f96fc81e0720a4a42581f334ad4303aa6b?s=96&d=mm&r=g","caption":"Reda\u00e7\u00e3o"}}]}},"amp_enabled":true,"_links":{"self":[{"href":"https:\/\/www.notibras.com\/site\/wp-json\/wp\/v2\/posts\/71489","targetHints":{"allow":["GET"]}}],"collection":[{"href":"https:\/\/www.notibras.com\/site\/wp-json\/wp\/v2\/posts"}],"about":[{"href":"https:\/\/www.notibras.com\/site\/wp-json\/wp\/v2\/types\/post"}],"author":[{"embeddable":true,"href":"https:\/\/www.notibras.com\/site\/wp-json\/wp\/v2\/users\/2"}],"replies":[{"embeddable":true,"href":"https:\/\/www.notibras.com\/site\/wp-json\/wp\/v2\/comments?post=71489"}],"version-history":[{"count":2,"href":"https:\/\/www.notibras.com\/site\/wp-json\/wp\/v2\/posts\/71489\/revisions"}],"predecessor-version":[{"id":71492,"href":"https:\/\/www.notibras.com\/site\/wp-json\/wp\/v2\/posts\/71489\/revisions\/71492"}],"wp:featuredmedia":[{"embeddable":true,"href":"https:\/\/www.notibras.com\/site\/wp-json\/wp\/v2\/media\/71490"}],"wp:attachment":[{"href":"https:\/\/www.notibras.com\/site\/wp-json\/wp\/v2\/media?parent=71489"}],"wp:term":[{"taxonomy":"category","embeddable":true,"href":"https:\/\/www.notibras.com\/site\/wp-json\/wp\/v2\/categories?post=71489"},{"taxonomy":"post_tag","embeddable":true,"href":"https:\/\/www.notibras.com\/site\/wp-json\/wp\/v2\/tags?post=71489"}],"curies":[{"name":"wp","href":"https:\/\/api.w.org\/{rel}","templated":true}]}}