{"id":71498,"date":"2015-10-15T08:49:37","date_gmt":"2015-10-15T11:49:37","guid":{"rendered":"http:\/\/www.notibras.com\/site\/?p=71498"},"modified":"2015-10-16T09:39:00","modified_gmt":"2015-10-16T12:39:00","slug":"ministro-do-stj-manda-apurar-vazamento-de-informacoes-da-operacao-acronimo","status":"publish","type":"post","link":"https:\/\/www.notibras.com\/site\/ministro-do-stj-manda-apurar-vazamento-de-informacoes-da-operacao-acronimo\/","title":{"rendered":"Ministro do STJ manda apurar vazamento para imprensa de informa\u00e7\u00f5es da Acr\u00f4nimo"},"content":{"rendered":"<p>O ministro do Superior Tribunal de Justi\u00e7a (STJ) Herman Benjamin determinou que a Pol\u00edcia Federal investigue vazamento de informa\u00e7\u00f5es da Opera\u00e7\u00e3o Acr\u00f4nimo para jornalistas. A opera\u00e7\u00e3o apura suspeitas de pagamento de propina por empresas ao ex-ministro e governador de Minas, Fernando Pimentel (PT), al\u00e9m de pessoas ligadas a ele.<\/p>\n<p>A decis\u00e3o foi tomada ap\u00f3s publica\u00e7\u00e3o de\u00a0reportagem sobre suposta compra de portarias do Minist\u00e9rio do Desenvolvimento, Ind\u00fastria e Com\u00e9rcio Exterior (MDIC), comandado por Pimentel de 2011 a 2014, para favorecer o Grupo CAOA, que fabrica ve\u00edculos Hyundai e revende modelos das marcas Ford e Subaru.<\/p>\n<p>No despacho, Benjamin sustenta que o inqu\u00e9rito corre em segredo de Justi\u00e7a e que a divulga\u00e7\u00e3o de dados cuja publicidade deveria, a seu ver, ser restrita pode trazer preju\u00edzo \u00e0s investiga\u00e7\u00f5es e ferir garantias dos investigados. Ele argumenta que &#8220;violar, a qualquer t\u00edtulo, a obriga\u00e7\u00e3o de sigilo caracteriza crime e, portanto, demanda apura\u00e7\u00e3o rigorosa&#8221;.<\/p>\n<p>O ministro requer a instaura\u00e7\u00e3o de inqu\u00e9rito para apurar quem teria fornecido &#8220;documentos aos ve\u00edculos de comunica\u00e7\u00e3o&#8221;, juntamente com as &#8220;conversa\u00e7\u00f5es telef\u00f4nicas&#8221;.<\/p>\n<p>&#8220;Determino que a Autoridade Policial destinat\u00e1ria da requisi\u00e7\u00e3o envide os mais elevados esfor\u00e7os na elucida\u00e7\u00e3o da autoria, empregando todos os meios poss\u00edveis e \u00e0 disposi\u00e7\u00e3o na legisla\u00e7\u00e3o processual penal, dando prioridade m\u00e1xima ao andamento desta investiga\u00e7\u00e3o&#8221;, escreveu.<\/p>\n<p>O magistrado registra que, al\u00e9m de in\u00fameros policiais federais e integrantes do Minist\u00e9rio P\u00fablico Federal, 53 pessoas f\u00edsicas, 79 empresas e 19 outros interessados, &#8220;com seus respectivos grupos de defensores&#8221;, t\u00eam acesso ao material da investiga\u00e7\u00e3o.<\/p>\n<p>Ao justificar a decis\u00e3o, ele alega que, sem o sigilo, a &#8220;presun\u00e7\u00e3o de inoc\u00eancia&#8221; dos investigados e o bom andamento das investiga\u00e7\u00f5es, algumas ainda em curso, viram &#8220;letra morta e simples teatro formal, cobrindo de inutilidade algumas das garantias mais elementares e sagradas do cidad\u00e3o&#8221;.<\/p>\n<p>A investiga\u00e7\u00e3o de vazamentos \u00e9 um pleito da defesa de investigados na Acr\u00f4nimo, entre eles Pimentel. A opera\u00e7\u00e3o busca provas para instruir a apura\u00e7\u00e3o de esquemas de desvio de recursos no governo federal e irregularidades na campanha do petista em 2014 &#8211; casos, portanto, de interesse p\u00fablico.<\/p>\n<p>A Constitui\u00e7\u00e3o assegura a jornalistas o direito de resguardar o sigilo da fonte quando necess\u00e1rio ao exerc\u00edcio profissional, mesmo se chamado a depor em processos c\u00edveis e criminais.<\/p>\n<p>Benjamin pontua que n\u00e3o \u00e9 seu objetivo investigar jornalistas ou ve\u00edculos de comunica\u00e7\u00e3o. Ele se define como &#8220;pertinaz defensor da liberdade de imprensa&#8221;, mas pondera ser necess\u00e1rio &#8220;encontrar formas de harmonizar o direito de informar e o direito ao resguardo da vida intima e privada, assim como de princ\u00edpios da presun\u00e7\u00e3o de inoc\u00eancia, do devido processo legal e da ampla defesa&#8221;.<\/p>\n<p>&#8220;N\u00e3o se trata, por certo, de pretender punir a pena e a boca que, no exerc\u00edcio de nobre profiss\u00e3o, revelam, mas a m\u00e3o de quem, detentor de dever de preserva\u00e7\u00e3o do sigilo de informa\u00e7\u00f5es, a usa para reduzir a nada a autoridade da decis\u00e3o judicial e as garantias constitucionais&#8221;, argumenta.<\/p>\n<p>Na \u00faltima fase, em 1\u00ba de outubro, a Acr\u00f4nimo teve como um dos alvos o ex-ministro e apadrinhado pol\u00edtico de Pimentel Mauro Borges, que sucedeu o petista no Desenvolvimento e hoje preside a Companhia Energ\u00e9tica de Minas Gerais (Cemig), empresa controlada pelo Governo de Minas. Como mostrou o Estado, ele \u00e9 suspeito de favorecer a CAOA com a assinatura de portarias que a habilitassem a receber incentivos fiscais do Programa Inovar-Auto.<\/p>\n<p>Tratativas do ent\u00e3o ministro para a assinatura de uma dessas portarias constam de mensagens trocadas por ele com outro investigado, o empres\u00e1rio Benedito Rodrigues Oliveira, o Ben\u00e9, amigo e colaborador de Pimentel. Duas empresas de Ben\u00e9, que a PF diz serem de fachada, receberam recursos da CAOA no mesmo per\u00edodo. A suspeita \u00e9 de que os pagamentos sejam propina, cujo benefici\u00e1rio final seja Pimentel.<\/p>\n<p>As defesas dos investigados n\u00e3o quiseram se pronunciar sobre o conte\u00fado das investiga\u00e7\u00f5es. A CAOA nega envolvimento em irregularidades. A empresa alega que as portarias foram concedidas, nas mesmas datas, para v\u00e1rias montadoras e que os pagamentos a empresas de Ben\u00e9 foram por servi\u00e7os de consultoria.<\/p>\n<p><img loading=\"lazy\" decoding=\"async\" class=\"alignnone size-full wp-image-70065\" src=\"http:\/\/www.notibras.com\/site\/wp-content\/uploads\/2015\/10\/estadao.png\" alt=\"estadao\" width=\"99\" height=\"16\" \/><\/p>\n","protected":false},"excerpt":{"rendered":"<p>O ministro do Superior Tribunal de Justi\u00e7a (STJ) Herman Benjamin determinou que a Pol\u00edcia Federal investigue vazamento de informa\u00e7\u00f5es da Opera\u00e7\u00e3o Acr\u00f4nimo para jornalistas. A opera\u00e7\u00e3o apura suspeitas de pagamento de propina por empresas ao ex-ministro e governador de Minas, Fernando Pimentel (PT), al\u00e9m de pessoas ligadas a ele. A decis\u00e3o foi tomada ap\u00f3s publica\u00e7\u00e3o [&hellip;]<\/p>\n","protected":false},"author":2,"featured_media":71499,"comment_status":"open","ping_status":"closed","sticky":false,"template":"","format":"standard","meta":{"_acf_changed":false,"footnotes":""},"categories":[16],"tags":[],"class_list":["post-71498","post","type-post","status-publish","format-standard","has-post-thumbnail","hentry","category-brasil"],"acf":[],"yoast_head":"<!-- This site is optimized with the Yoast SEO plugin v27.2 - https:\/\/yoast.com\/product\/yoast-seo-wordpress\/ -->\n<title>Ministro do STJ manda apurar vazamento para imprensa de informa\u00e7\u00f5es da Acr\u00f4nimo - Notibras<\/title>\n<meta name=\"robots\" content=\"index, follow, max-snippet:-1, max-image-preview:large, max-video-preview:-1\" \/>\n<link rel=\"canonical\" href=\"https:\/\/www.notibras.com\/site\/ministro-do-stj-manda-apurar-vazamento-de-informacoes-da-operacao-acronimo\/\" \/>\n<meta property=\"og:locale\" content=\"pt_BR\" \/>\n<meta property=\"og:type\" content=\"article\" \/>\n<meta property=\"og:title\" content=\"Ministro do STJ manda apurar vazamento para imprensa de informa\u00e7\u00f5es da Acr\u00f4nimo - Notibras\" \/>\n<meta property=\"og:description\" content=\"O ministro do Superior Tribunal de Justi\u00e7a (STJ) Herman Benjamin determinou que a Pol\u00edcia Federal investigue vazamento de informa\u00e7\u00f5es da Opera\u00e7\u00e3o Acr\u00f4nimo para jornalistas. A opera\u00e7\u00e3o apura suspeitas de pagamento de propina por empresas ao ex-ministro e governador de Minas, Fernando Pimentel (PT), al\u00e9m de pessoas ligadas a ele. A decis\u00e3o foi tomada ap\u00f3s publica\u00e7\u00e3o [&hellip;]\" \/>\n<meta property=\"og:url\" content=\"https:\/\/www.notibras.com\/site\/ministro-do-stj-manda-apurar-vazamento-de-informacoes-da-operacao-acronimo\/\" \/>\n<meta property=\"og:site_name\" content=\"Notibras\" \/>\n<meta property=\"article:publisher\" content=\"https:\/\/www.facebook.com\/notibras\/\" \/>\n<meta property=\"article:published_time\" content=\"2015-10-15T11:49:37+00:00\" \/>\n<meta property=\"article:modified_time\" content=\"2015-10-16T12:39:00+00:00\" \/>\n<meta property=\"og:image\" content=\"https:\/\/www.notibras.com\/site\/wp-content\/uploads\/2015\/10\/hb15.jpg\" \/>\n\t<meta property=\"og:image:width\" content=\"720\" \/>\n\t<meta property=\"og:image:height\" content=\"479\" \/>\n\t<meta property=\"og:image:type\" content=\"image\/jpeg\" \/>\n<meta name=\"author\" content=\"Reda\u00e7\u00e3o\" \/>\n<meta name=\"twitter:card\" content=\"summary_large_image\" \/>\n<meta name=\"twitter:creator\" content=\"@Notibras\" \/>\n<meta name=\"twitter:site\" content=\"@Notibras\" \/>\n<meta name=\"twitter:label1\" content=\"Escrito por\" \/>\n\t<meta name=\"twitter:data1\" content=\"Reda\u00e7\u00e3o\" \/>\n\t<meta name=\"twitter:label2\" content=\"Est. tempo de leitura\" \/>\n\t<meta name=\"twitter:data2\" content=\"4 minutos\" \/>\n<script type=\"application\/ld+json\" class=\"yoast-schema-graph\">{\"@context\":\"https:\/\/schema.org\",\"@graph\":[{\"@type\":\"Article\",\"@id\":\"https:\/\/www.notibras.com\/site\/ministro-do-stj-manda-apurar-vazamento-de-informacoes-da-operacao-acronimo\/#article\",\"isPartOf\":{\"@id\":\"https:\/\/www.notibras.com\/site\/ministro-do-stj-manda-apurar-vazamento-de-informacoes-da-operacao-acronimo\/\"},\"author\":{\"name\":\"Reda\u00e7\u00e3o\",\"@id\":\"https:\/\/www.notibras.com\/site\/#\/schema\/person\/36ab0979449956132d3e5b517ea76ac8\"},\"headline\":\"Ministro do STJ manda apurar vazamento para imprensa de informa\u00e7\u00f5es da Acr\u00f4nimo\",\"datePublished\":\"2015-10-15T11:49:37+00:00\",\"dateModified\":\"2015-10-16T12:39:00+00:00\",\"mainEntityOfPage\":{\"@id\":\"https:\/\/www.notibras.com\/site\/ministro-do-stj-manda-apurar-vazamento-de-informacoes-da-operacao-acronimo\/\"},\"wordCount\":742,\"commentCount\":0,\"publisher\":{\"@id\":\"https:\/\/www.notibras.com\/site\/#organization\"},\"image\":{\"@id\":\"https:\/\/www.notibras.com\/site\/ministro-do-stj-manda-apurar-vazamento-de-informacoes-da-operacao-acronimo\/#primaryimage\"},\"thumbnailUrl\":\"https:\/\/www.notibras.com\/site\/wp-content\/uploads\/2015\/10\/hb15.jpg\",\"articleSection\":[\"Brasil\"],\"inLanguage\":\"pt-BR\",\"potentialAction\":[{\"@type\":\"CommentAction\",\"name\":\"Comment\",\"target\":[\"https:\/\/www.notibras.com\/site\/ministro-do-stj-manda-apurar-vazamento-de-informacoes-da-operacao-acronimo\/#respond\"]}]},{\"@type\":\"WebPage\",\"@id\":\"https:\/\/www.notibras.com\/site\/ministro-do-stj-manda-apurar-vazamento-de-informacoes-da-operacao-acronimo\/\",\"url\":\"https:\/\/www.notibras.com\/site\/ministro-do-stj-manda-apurar-vazamento-de-informacoes-da-operacao-acronimo\/\",\"name\":\"Ministro do STJ manda apurar vazamento para imprensa de informa\u00e7\u00f5es da Acr\u00f4nimo - Notibras\",\"isPartOf\":{\"@id\":\"https:\/\/www.notibras.com\/site\/#website\"},\"primaryImageOfPage\":{\"@id\":\"https:\/\/www.notibras.com\/site\/ministro-do-stj-manda-apurar-vazamento-de-informacoes-da-operacao-acronimo\/#primaryimage\"},\"image\":{\"@id\":\"https:\/\/www.notibras.com\/site\/ministro-do-stj-manda-apurar-vazamento-de-informacoes-da-operacao-acronimo\/#primaryimage\"},\"thumbnailUrl\":\"https:\/\/www.notibras.com\/site\/wp-content\/uploads\/2015\/10\/hb15.jpg\",\"datePublished\":\"2015-10-15T11:49:37+00:00\",\"dateModified\":\"2015-10-16T12:39:00+00:00\",\"breadcrumb\":{\"@id\":\"https:\/\/www.notibras.com\/site\/ministro-do-stj-manda-apurar-vazamento-de-informacoes-da-operacao-acronimo\/#breadcrumb\"},\"inLanguage\":\"pt-BR\",\"potentialAction\":[{\"@type\":\"ReadAction\",\"target\":[\"https:\/\/www.notibras.com\/site\/ministro-do-stj-manda-apurar-vazamento-de-informacoes-da-operacao-acronimo\/\"]}]},{\"@type\":\"ImageObject\",\"inLanguage\":\"pt-BR\",\"@id\":\"https:\/\/www.notibras.com\/site\/ministro-do-stj-manda-apurar-vazamento-de-informacoes-da-operacao-acronimo\/#primaryimage\",\"url\":\"https:\/\/www.notibras.com\/site\/wp-content\/uploads\/2015\/10\/hb15.jpg\",\"contentUrl\":\"https:\/\/www.notibras.com\/site\/wp-content\/uploads\/2015\/10\/hb15.jpg\",\"width\":720,\"height\":479},{\"@type\":\"BreadcrumbList\",\"@id\":\"https:\/\/www.notibras.com\/site\/ministro-do-stj-manda-apurar-vazamento-de-informacoes-da-operacao-acronimo\/#breadcrumb\",\"itemListElement\":[{\"@type\":\"ListItem\",\"position\":1,\"name\":\"In\u00edcio\",\"item\":\"https:\/\/www.notibras.com\/site\/\"},{\"@type\":\"ListItem\",\"position\":2,\"name\":\"Ministro do STJ manda apurar vazamento para imprensa de informa\u00e7\u00f5es da Acr\u00f4nimo\"}]},{\"@type\":\"WebSite\",\"@id\":\"https:\/\/www.notibras.com\/site\/#website\",\"url\":\"https:\/\/www.notibras.com\/site\/\",\"name\":\"Notibras\",\"description\":\"Not\u00edcias de Bras\u00edlia, do Brasil e do Mundo\",\"publisher\":{\"@id\":\"https:\/\/www.notibras.com\/site\/#organization\"},\"potentialAction\":[{\"@type\":\"SearchAction\",\"target\":{\"@type\":\"EntryPoint\",\"urlTemplate\":\"https:\/\/www.notibras.com\/site\/?s={search_term_string}\"},\"query-input\":{\"@type\":\"PropertyValueSpecification\",\"valueRequired\":true,\"valueName\":\"search_term_string\"}}],\"inLanguage\":\"pt-BR\"},{\"@type\":\"Organization\",\"@id\":\"https:\/\/www.notibras.com\/site\/#organization\",\"name\":\"Grupo Notibras de Comunica\u00e7\u00e3o\",\"url\":\"https:\/\/www.notibras.com\/site\/\",\"logo\":{\"@type\":\"ImageObject\",\"inLanguage\":\"pt-BR\",\"@id\":\"https:\/\/www.notibras.com\/site\/#\/schema\/logo\/image\/\",\"url\":\"https:\/\/www.notibras.com\/site\/wp-content\/uploads\/2023\/01\/notibras23.png\",\"contentUrl\":\"https:\/\/www.notibras.com\/site\/wp-content\/uploads\/2023\/01\/notibras23.png\",\"width\":350,\"height\":87,\"caption\":\"Grupo Notibras de Comunica\u00e7\u00e3o\"},\"image\":{\"@id\":\"https:\/\/www.notibras.com\/site\/#\/schema\/logo\/image\/\"},\"sameAs\":[\"https:\/\/www.facebook.com\/notibras\/\",\"https:\/\/x.com\/Notibras\",\"https:\/\/www.instagram.com\/notibras\/\"]},{\"@type\":\"Person\",\"@id\":\"https:\/\/www.notibras.com\/site\/#\/schema\/person\/36ab0979449956132d3e5b517ea76ac8\",\"name\":\"Reda\u00e7\u00e3o\",\"image\":{\"@type\":\"ImageObject\",\"inLanguage\":\"pt-BR\",\"@id\":\"https:\/\/secure.gravatar.com\/avatar\/e0a867bdedb85fd243eadf09663511f96fc81e0720a4a42581f334ad4303aa6b?s=96&d=mm&r=g\",\"url\":\"https:\/\/secure.gravatar.com\/avatar\/e0a867bdedb85fd243eadf09663511f96fc81e0720a4a42581f334ad4303aa6b?s=96&d=mm&r=g\",\"contentUrl\":\"https:\/\/secure.gravatar.com\/avatar\/e0a867bdedb85fd243eadf09663511f96fc81e0720a4a42581f334ad4303aa6b?s=96&d=mm&r=g\",\"caption\":\"Reda\u00e7\u00e3o\"}}]}<\/script>\n<!-- \/ Yoast SEO plugin. -->","yoast_head_json":{"title":"Ministro do STJ manda apurar vazamento para imprensa de informa\u00e7\u00f5es da Acr\u00f4nimo - Notibras","robots":{"index":"index","follow":"follow","max-snippet":"max-snippet:-1","max-image-preview":"max-image-preview:large","max-video-preview":"max-video-preview:-1"},"canonical":"https:\/\/www.notibras.com\/site\/ministro-do-stj-manda-apurar-vazamento-de-informacoes-da-operacao-acronimo\/","og_locale":"pt_BR","og_type":"article","og_title":"Ministro do STJ manda apurar vazamento para imprensa de informa\u00e7\u00f5es da Acr\u00f4nimo - Notibras","og_description":"O ministro do Superior Tribunal de Justi\u00e7a (STJ) Herman Benjamin determinou que a Pol\u00edcia Federal investigue vazamento de informa\u00e7\u00f5es da Opera\u00e7\u00e3o Acr\u00f4nimo para jornalistas. A opera\u00e7\u00e3o apura suspeitas de pagamento de propina por empresas ao ex-ministro e governador de Minas, Fernando Pimentel (PT), al\u00e9m de pessoas ligadas a ele. A decis\u00e3o foi tomada ap\u00f3s publica\u00e7\u00e3o [&hellip;]","og_url":"https:\/\/www.notibras.com\/site\/ministro-do-stj-manda-apurar-vazamento-de-informacoes-da-operacao-acronimo\/","og_site_name":"Notibras","article_publisher":"https:\/\/www.facebook.com\/notibras\/","article_published_time":"2015-10-15T11:49:37+00:00","article_modified_time":"2015-10-16T12:39:00+00:00","og_image":[{"width":720,"height":479,"url":"https:\/\/www.notibras.com\/site\/wp-content\/uploads\/2015\/10\/hb15.jpg","type":"image\/jpeg"}],"author":"Reda\u00e7\u00e3o","twitter_card":"summary_large_image","twitter_creator":"@Notibras","twitter_site":"@Notibras","twitter_misc":{"Escrito por":"Reda\u00e7\u00e3o","Est. tempo de leitura":"4 minutos"},"schema":{"@context":"https:\/\/schema.org","@graph":[{"@type":"Article","@id":"https:\/\/www.notibras.com\/site\/ministro-do-stj-manda-apurar-vazamento-de-informacoes-da-operacao-acronimo\/#article","isPartOf":{"@id":"https:\/\/www.notibras.com\/site\/ministro-do-stj-manda-apurar-vazamento-de-informacoes-da-operacao-acronimo\/"},"author":{"name":"Reda\u00e7\u00e3o","@id":"https:\/\/www.notibras.com\/site\/#\/schema\/person\/36ab0979449956132d3e5b517ea76ac8"},"headline":"Ministro do STJ manda apurar vazamento para imprensa de informa\u00e7\u00f5es da Acr\u00f4nimo","datePublished":"2015-10-15T11:49:37+00:00","dateModified":"2015-10-16T12:39:00+00:00","mainEntityOfPage":{"@id":"https:\/\/www.notibras.com\/site\/ministro-do-stj-manda-apurar-vazamento-de-informacoes-da-operacao-acronimo\/"},"wordCount":742,"commentCount":0,"publisher":{"@id":"https:\/\/www.notibras.com\/site\/#organization"},"image":{"@id":"https:\/\/www.notibras.com\/site\/ministro-do-stj-manda-apurar-vazamento-de-informacoes-da-operacao-acronimo\/#primaryimage"},"thumbnailUrl":"https:\/\/www.notibras.com\/site\/wp-content\/uploads\/2015\/10\/hb15.jpg","articleSection":["Brasil"],"inLanguage":"pt-BR","potentialAction":[{"@type":"CommentAction","name":"Comment","target":["https:\/\/www.notibras.com\/site\/ministro-do-stj-manda-apurar-vazamento-de-informacoes-da-operacao-acronimo\/#respond"]}]},{"@type":"WebPage","@id":"https:\/\/www.notibras.com\/site\/ministro-do-stj-manda-apurar-vazamento-de-informacoes-da-operacao-acronimo\/","url":"https:\/\/www.notibras.com\/site\/ministro-do-stj-manda-apurar-vazamento-de-informacoes-da-operacao-acronimo\/","name":"Ministro do STJ manda apurar vazamento para imprensa de informa\u00e7\u00f5es da Acr\u00f4nimo - Notibras","isPartOf":{"@id":"https:\/\/www.notibras.com\/site\/#website"},"primaryImageOfPage":{"@id":"https:\/\/www.notibras.com\/site\/ministro-do-stj-manda-apurar-vazamento-de-informacoes-da-operacao-acronimo\/#primaryimage"},"image":{"@id":"https:\/\/www.notibras.com\/site\/ministro-do-stj-manda-apurar-vazamento-de-informacoes-da-operacao-acronimo\/#primaryimage"},"thumbnailUrl":"https:\/\/www.notibras.com\/site\/wp-content\/uploads\/2015\/10\/hb15.jpg","datePublished":"2015-10-15T11:49:37+00:00","dateModified":"2015-10-16T12:39:00+00:00","breadcrumb":{"@id":"https:\/\/www.notibras.com\/site\/ministro-do-stj-manda-apurar-vazamento-de-informacoes-da-operacao-acronimo\/#breadcrumb"},"inLanguage":"pt-BR","potentialAction":[{"@type":"ReadAction","target":["https:\/\/www.notibras.com\/site\/ministro-do-stj-manda-apurar-vazamento-de-informacoes-da-operacao-acronimo\/"]}]},{"@type":"ImageObject","inLanguage":"pt-BR","@id":"https:\/\/www.notibras.com\/site\/ministro-do-stj-manda-apurar-vazamento-de-informacoes-da-operacao-acronimo\/#primaryimage","url":"https:\/\/www.notibras.com\/site\/wp-content\/uploads\/2015\/10\/hb15.jpg","contentUrl":"https:\/\/www.notibras.com\/site\/wp-content\/uploads\/2015\/10\/hb15.jpg","width":720,"height":479},{"@type":"BreadcrumbList","@id":"https:\/\/www.notibras.com\/site\/ministro-do-stj-manda-apurar-vazamento-de-informacoes-da-operacao-acronimo\/#breadcrumb","itemListElement":[{"@type":"ListItem","position":1,"name":"In\u00edcio","item":"https:\/\/www.notibras.com\/site\/"},{"@type":"ListItem","position":2,"name":"Ministro do STJ manda apurar vazamento para imprensa de informa\u00e7\u00f5es da Acr\u00f4nimo"}]},{"@type":"WebSite","@id":"https:\/\/www.notibras.com\/site\/#website","url":"https:\/\/www.notibras.com\/site\/","name":"Notibras","description":"Not\u00edcias de Bras\u00edlia, do Brasil e do Mundo","publisher":{"@id":"https:\/\/www.notibras.com\/site\/#organization"},"potentialAction":[{"@type":"SearchAction","target":{"@type":"EntryPoint","urlTemplate":"https:\/\/www.notibras.com\/site\/?s={search_term_string}"},"query-input":{"@type":"PropertyValueSpecification","valueRequired":true,"valueName":"search_term_string"}}],"inLanguage":"pt-BR"},{"@type":"Organization","@id":"https:\/\/www.notibras.com\/site\/#organization","name":"Grupo Notibras de Comunica\u00e7\u00e3o","url":"https:\/\/www.notibras.com\/site\/","logo":{"@type":"ImageObject","inLanguage":"pt-BR","@id":"https:\/\/www.notibras.com\/site\/#\/schema\/logo\/image\/","url":"https:\/\/www.notibras.com\/site\/wp-content\/uploads\/2023\/01\/notibras23.png","contentUrl":"https:\/\/www.notibras.com\/site\/wp-content\/uploads\/2023\/01\/notibras23.png","width":350,"height":87,"caption":"Grupo Notibras de Comunica\u00e7\u00e3o"},"image":{"@id":"https:\/\/www.notibras.com\/site\/#\/schema\/logo\/image\/"},"sameAs":["https:\/\/www.facebook.com\/notibras\/","https:\/\/x.com\/Notibras","https:\/\/www.instagram.com\/notibras\/"]},{"@type":"Person","@id":"https:\/\/www.notibras.com\/site\/#\/schema\/person\/36ab0979449956132d3e5b517ea76ac8","name":"Reda\u00e7\u00e3o","image":{"@type":"ImageObject","inLanguage":"pt-BR","@id":"https:\/\/secure.gravatar.com\/avatar\/e0a867bdedb85fd243eadf09663511f96fc81e0720a4a42581f334ad4303aa6b?s=96&d=mm&r=g","url":"https:\/\/secure.gravatar.com\/avatar\/e0a867bdedb85fd243eadf09663511f96fc81e0720a4a42581f334ad4303aa6b?s=96&d=mm&r=g","contentUrl":"https:\/\/secure.gravatar.com\/avatar\/e0a867bdedb85fd243eadf09663511f96fc81e0720a4a42581f334ad4303aa6b?s=96&d=mm&r=g","caption":"Reda\u00e7\u00e3o"}}]}},"amp_enabled":true,"_links":{"self":[{"href":"https:\/\/www.notibras.com\/site\/wp-json\/wp\/v2\/posts\/71498","targetHints":{"allow":["GET"]}}],"collection":[{"href":"https:\/\/www.notibras.com\/site\/wp-json\/wp\/v2\/posts"}],"about":[{"href":"https:\/\/www.notibras.com\/site\/wp-json\/wp\/v2\/types\/post"}],"author":[{"embeddable":true,"href":"https:\/\/www.notibras.com\/site\/wp-json\/wp\/v2\/users\/2"}],"replies":[{"embeddable":true,"href":"https:\/\/www.notibras.com\/site\/wp-json\/wp\/v2\/comments?post=71498"}],"version-history":[{"count":3,"href":"https:\/\/www.notibras.com\/site\/wp-json\/wp\/v2\/posts\/71498\/revisions"}],"predecessor-version":[{"id":71628,"href":"https:\/\/www.notibras.com\/site\/wp-json\/wp\/v2\/posts\/71498\/revisions\/71628"}],"wp:featuredmedia":[{"embeddable":true,"href":"https:\/\/www.notibras.com\/site\/wp-json\/wp\/v2\/media\/71499"}],"wp:attachment":[{"href":"https:\/\/www.notibras.com\/site\/wp-json\/wp\/v2\/media?parent=71498"}],"wp:term":[{"taxonomy":"category","embeddable":true,"href":"https:\/\/www.notibras.com\/site\/wp-json\/wp\/v2\/categories?post=71498"},{"taxonomy":"post_tag","embeddable":true,"href":"https:\/\/www.notibras.com\/site\/wp-json\/wp\/v2\/tags?post=71498"}],"curies":[{"name":"wp","href":"https:\/\/api.w.org\/{rel}","templated":true}]}}