{"id":7157,"date":"2014-04-19T20:26:59","date_gmt":"2014-04-19T23:26:59","guid":{"rendered":"http:\/\/www.notibras.com\/site\/?p=7157"},"modified":"2014-04-19T20:26:59","modified_gmt":"2014-04-19T23:26:59","slug":"flu-comeca-serie-a-com-pe-direito-e-goleia-figueirense-no-maracana","status":"publish","type":"post","link":"https:\/\/www.notibras.com\/site\/flu-comeca-serie-a-com-pe-direito-e-goleia-figueirense-no-maracana\/","title":{"rendered":"Flu come\u00e7a S\u00e9rie A com p\u00e9 direito e goleia Figueirense no Maracan\u00e3"},"content":{"rendered":"<p>Com direito a um gola\u00e7o de Rafael S\u00f3bis, o Fluminense bateu o Figueirense por 3 a 0 na noite deste s\u00e1bado, no Maracan\u00e3, na abertura do Campeonato Brasileiro, e ampliou um jejum de oito anos do rival no confronto, com 11 jogos e sete vit\u00f3rias do Tricolor. Fred marcou o segundo gol do time das Laranjeiras, de p\u00eanalti e Nirley, contra, fechou o placar.<\/p>\n<p>O resultado deixa o Fluminense entre os l\u00edderes na primeira rodada do Campeonato Brasileiro. O Tricolor n\u00e3o perde para o Figueirense desde o dia 14 de maio de 2006, quando foi derrotado por 1 a 0. J\u00e1 os catarinenses come\u00e7am a competi\u00e7\u00e3o entre os \u00faltimos colocados com a derrota.<\/p>\n<p>Mesmo com o Fluminense e a CBF (Confedera\u00e7\u00e3o Brasileira de Futebol) garantindo que o jogo aconteceria normalmente, havia certo temor entre os torcedores com a possibilidade de liminares de \u00faltima hora pudessem atrapalhar o duelo, como aconteceu no s\u00e1bado na partida entre Portuguesa e Joinville. O confronto, entretanto, transcorreu sem qualquer tipo de problema ou amea\u00e7a real.<\/p>\n<p>Dentro de campo, o clima era muito mais tranquilo para o Fluminense. O Tricolor mostrou autoridade desde os primeiros minutos e se manteve no ataque durante quase todo o tempo. Logo aos 8min, Rafael S\u00f3bis j\u00e1 assustou o goleiro Tiago Volpi, que praticou boa defesa para manter tudo igual no Maracan\u00e3. Pouco depois, Conca tabelou com Fred e arriscou de fora da \u00e1rea, mas para fora.<\/p>\n<p>O Figueirense ainda mostraria que n\u00e3o estava entregue com um bom contra-ataque puxado por Dudu. O atacante abriu a jogada com L\u00facio Maranh\u00e3o, que armou o corpo e bateu com estilo, mas a bola apenas raspou o travess\u00e3o de Diego Cavalieri.<\/p>\n<p>A superioridade do Fluminense s\u00f3 seria concretizada aos 30min, com um jogada sensacional com o trio ofensivo formado por Conca, Fred e Rafael S\u00f3bis. O argentino lan\u00e7ou a bola para o camisa 9 ajeitar de peito para o companheiro de ataque completar com um chute de muita categoria no \u00e2ngulo esquerdo do gol rival, sem nenhuma chance para Tiago Volpi.<\/p>\n<p>Mesmo em vantagem no placar, o Fluminense n\u00e3o diminuiu o ritmo. Aos 34min, Bruno cruzou rasteiro para Wagner da direita. Livre, o meia bateu de primeira, mas o chute saiu em cima de Volpi, que evitou o segundo do Tricolor. O goleiro n\u00e3o teve a mesma sorte aos 44min, quando o apoiador sofreu p\u00eanalti de Thiago Heleno e Fred ampliou para o time das Laranjeiras na cobran\u00e7a.<\/p>\n<p>O segundo reservava ainda mais tranquilidade ao Fluminense. A vantagem no marcador dava calma \u00e0 equipe e n\u00e3o era suficiente para incentivar o Figueirense em campo. Com isso, o Tricolor seguia muito superior e chegava com muita felicidade ao gol do rival.<\/p>\n<p>Isso p\u00f4de ser visto j\u00e1 aos 13min, quando S\u00f3bis bateu cruzado e Nirley acabou marcando contra ao tentar cortar o lance. O gol praticamente resolvia o jogo para o Fluminense, que passou a controlar o ritmo da partida com calma. O Figueirense, por sua vez, n\u00e3o tinha for\u00e7a para reagir.<\/p>\n<p>Os visitantes ainda tentariam um gol de honra nos \u00faltimos minutos, mas sem sucesso. O Fluminense apenas administrou o resultado com folgas at\u00e9 o apito final que concretizou sua primeira vit\u00f3ria no Campeonato Brasileiro.<\/p>\n","protected":false},"excerpt":{"rendered":"<p>Com direito a um gola\u00e7o de Rafael S\u00f3bis, o Fluminense bateu o Figueirense por 3 a 0 na noite deste s\u00e1bado, no Maracan\u00e3, na abertura do Campeonato Brasileiro, e ampliou um jejum de oito anos do rival no confronto, com 11 jogos e sete vit\u00f3rias do Tricolor. Fred marcou o segundo gol do time das [&hellip;]<\/p>\n","protected":false},"author":2,"featured_media":7158,"comment_status":"open","ping_status":"closed","sticky":false,"template":"","format":"standard","meta":{"_acf_changed":false,"footnotes":""},"categories":[19],"tags":[],"class_list":["post-7157","post","type-post","status-publish","format-standard","has-post-thumbnail","hentry","category-esportes"],"acf":[],"yoast_head":"<!-- This site is optimized with the Yoast SEO plugin v27.2 - https:\/\/yoast.com\/product\/yoast-seo-wordpress\/ -->\n<title>Flu come\u00e7a S\u00e9rie A com p\u00e9 direito e goleia Figueirense no Maracan\u00e3 - Notibras<\/title>\n<meta name=\"robots\" content=\"index, follow, max-snippet:-1, max-image-preview:large, max-video-preview:-1\" \/>\n<link rel=\"canonical\" href=\"https:\/\/www.notibras.com\/site\/flu-comeca-serie-a-com-pe-direito-e-goleia-figueirense-no-maracana\/\" \/>\n<meta property=\"og:locale\" content=\"pt_BR\" \/>\n<meta property=\"og:type\" content=\"article\" \/>\n<meta property=\"og:title\" content=\"Flu come\u00e7a S\u00e9rie A com p\u00e9 direito e goleia Figueirense no Maracan\u00e3 - Notibras\" \/>\n<meta property=\"og:description\" content=\"Com direito a um gola\u00e7o de Rafael S\u00f3bis, o Fluminense bateu o Figueirense por 3 a 0 na noite deste s\u00e1bado, no Maracan\u00e3, na abertura do Campeonato Brasileiro, e ampliou um jejum de oito anos do rival no confronto, com 11 jogos e sete vit\u00f3rias do Tricolor. Fred marcou o segundo gol do time das [&hellip;]\" \/>\n<meta property=\"og:url\" content=\"https:\/\/www.notibras.com\/site\/flu-comeca-serie-a-com-pe-direito-e-goleia-figueirense-no-maracana\/\" \/>\n<meta property=\"og:site_name\" content=\"Notibras\" \/>\n<meta property=\"article:publisher\" content=\"https:\/\/www.facebook.com\/notibras\/\" \/>\n<meta property=\"article:published_time\" content=\"2014-04-19T23:26:59+00:00\" \/>\n<meta property=\"og:image\" content=\"https:\/\/www.notibras.com\/site\/wp-content\/uploads\/2014\/04\/fred.jpg\" \/>\n\t<meta property=\"og:image:width\" content=\"606\" \/>\n\t<meta property=\"og:image:height\" content=\"455\" \/>\n\t<meta property=\"og:image:type\" content=\"image\/jpeg\" \/>\n<meta name=\"author\" content=\"Reda\u00e7\u00e3o\" \/>\n<meta name=\"twitter:card\" content=\"summary_large_image\" \/>\n<meta name=\"twitter:creator\" content=\"@Notibras\" \/>\n<meta name=\"twitter:site\" content=\"@Notibras\" \/>\n<meta name=\"twitter:label1\" content=\"Escrito por\" \/>\n\t<meta name=\"twitter:data1\" content=\"Reda\u00e7\u00e3o\" \/>\n\t<meta name=\"twitter:label2\" content=\"Est. tempo de leitura\" \/>\n\t<meta name=\"twitter:data2\" content=\"3 minutos\" \/>\n<script type=\"application\/ld+json\" class=\"yoast-schema-graph\">{\"@context\":\"https:\/\/schema.org\",\"@graph\":[{\"@type\":\"Article\",\"@id\":\"https:\/\/www.notibras.com\/site\/flu-comeca-serie-a-com-pe-direito-e-goleia-figueirense-no-maracana\/#article\",\"isPartOf\":{\"@id\":\"https:\/\/www.notibras.com\/site\/flu-comeca-serie-a-com-pe-direito-e-goleia-figueirense-no-maracana\/\"},\"author\":{\"name\":\"Reda\u00e7\u00e3o\",\"@id\":\"https:\/\/www.notibras.com\/site\/#\/schema\/person\/36ab0979449956132d3e5b517ea76ac8\"},\"headline\":\"Flu come\u00e7a S\u00e9rie A com p\u00e9 direito e goleia Figueirense no Maracan\u00e3\",\"datePublished\":\"2014-04-19T23:26:59+00:00\",\"mainEntityOfPage\":{\"@id\":\"https:\/\/www.notibras.com\/site\/flu-comeca-serie-a-com-pe-direito-e-goleia-figueirense-no-maracana\/\"},\"wordCount\":564,\"commentCount\":0,\"publisher\":{\"@id\":\"https:\/\/www.notibras.com\/site\/#organization\"},\"image\":{\"@id\":\"https:\/\/www.notibras.com\/site\/flu-comeca-serie-a-com-pe-direito-e-goleia-figueirense-no-maracana\/#primaryimage\"},\"thumbnailUrl\":\"https:\/\/www.notibras.com\/site\/wp-content\/uploads\/2014\/04\/fred.jpg\",\"articleSection\":[\"Esportes\"],\"inLanguage\":\"pt-BR\",\"potentialAction\":[{\"@type\":\"CommentAction\",\"name\":\"Comment\",\"target\":[\"https:\/\/www.notibras.com\/site\/flu-comeca-serie-a-com-pe-direito-e-goleia-figueirense-no-maracana\/#respond\"]}]},{\"@type\":\"WebPage\",\"@id\":\"https:\/\/www.notibras.com\/site\/flu-comeca-serie-a-com-pe-direito-e-goleia-figueirense-no-maracana\/\",\"url\":\"https:\/\/www.notibras.com\/site\/flu-comeca-serie-a-com-pe-direito-e-goleia-figueirense-no-maracana\/\",\"name\":\"Flu come\u00e7a S\u00e9rie A com p\u00e9 direito e goleia Figueirense no Maracan\u00e3 - Notibras\",\"isPartOf\":{\"@id\":\"https:\/\/www.notibras.com\/site\/#website\"},\"primaryImageOfPage\":{\"@id\":\"https:\/\/www.notibras.com\/site\/flu-comeca-serie-a-com-pe-direito-e-goleia-figueirense-no-maracana\/#primaryimage\"},\"image\":{\"@id\":\"https:\/\/www.notibras.com\/site\/flu-comeca-serie-a-com-pe-direito-e-goleia-figueirense-no-maracana\/#primaryimage\"},\"thumbnailUrl\":\"https:\/\/www.notibras.com\/site\/wp-content\/uploads\/2014\/04\/fred.jpg\",\"datePublished\":\"2014-04-19T23:26:59+00:00\",\"breadcrumb\":{\"@id\":\"https:\/\/www.notibras.com\/site\/flu-comeca-serie-a-com-pe-direito-e-goleia-figueirense-no-maracana\/#breadcrumb\"},\"inLanguage\":\"pt-BR\",\"potentialAction\":[{\"@type\":\"ReadAction\",\"target\":[\"https:\/\/www.notibras.com\/site\/flu-comeca-serie-a-com-pe-direito-e-goleia-figueirense-no-maracana\/\"]}]},{\"@type\":\"ImageObject\",\"inLanguage\":\"pt-BR\",\"@id\":\"https:\/\/www.notibras.com\/site\/flu-comeca-serie-a-com-pe-direito-e-goleia-figueirense-no-maracana\/#primaryimage\",\"url\":\"https:\/\/www.notibras.com\/site\/wp-content\/uploads\/2014\/04\/fred.jpg\",\"contentUrl\":\"https:\/\/www.notibras.com\/site\/wp-content\/uploads\/2014\/04\/fred.jpg\",\"width\":606,\"height\":455},{\"@type\":\"BreadcrumbList\",\"@id\":\"https:\/\/www.notibras.com\/site\/flu-comeca-serie-a-com-pe-direito-e-goleia-figueirense-no-maracana\/#breadcrumb\",\"itemListElement\":[{\"@type\":\"ListItem\",\"position\":1,\"name\":\"In\u00edcio\",\"item\":\"https:\/\/www.notibras.com\/site\/\"},{\"@type\":\"ListItem\",\"position\":2,\"name\":\"Flu come\u00e7a S\u00e9rie A com p\u00e9 direito e goleia Figueirense no Maracan\u00e3\"}]},{\"@type\":\"WebSite\",\"@id\":\"https:\/\/www.notibras.com\/site\/#website\",\"url\":\"https:\/\/www.notibras.com\/site\/\",\"name\":\"Notibras\",\"description\":\"Not\u00edcias de Bras\u00edlia, do Brasil e do Mundo\",\"publisher\":{\"@id\":\"https:\/\/www.notibras.com\/site\/#organization\"},\"potentialAction\":[{\"@type\":\"SearchAction\",\"target\":{\"@type\":\"EntryPoint\",\"urlTemplate\":\"https:\/\/www.notibras.com\/site\/?s={search_term_string}\"},\"query-input\":{\"@type\":\"PropertyValueSpecification\",\"valueRequired\":true,\"valueName\":\"search_term_string\"}}],\"inLanguage\":\"pt-BR\"},{\"@type\":\"Organization\",\"@id\":\"https:\/\/www.notibras.com\/site\/#organization\",\"name\":\"Grupo Notibras de Comunica\u00e7\u00e3o\",\"url\":\"https:\/\/www.notibras.com\/site\/\",\"logo\":{\"@type\":\"ImageObject\",\"inLanguage\":\"pt-BR\",\"@id\":\"https:\/\/www.notibras.com\/site\/#\/schema\/logo\/image\/\",\"url\":\"https:\/\/www.notibras.com\/site\/wp-content\/uploads\/2023\/01\/notibras23.png\",\"contentUrl\":\"https:\/\/www.notibras.com\/site\/wp-content\/uploads\/2023\/01\/notibras23.png\",\"width\":350,\"height\":87,\"caption\":\"Grupo Notibras de Comunica\u00e7\u00e3o\"},\"image\":{\"@id\":\"https:\/\/www.notibras.com\/site\/#\/schema\/logo\/image\/\"},\"sameAs\":[\"https:\/\/www.facebook.com\/notibras\/\",\"https:\/\/x.com\/Notibras\",\"https:\/\/www.instagram.com\/notibras\/\"]},{\"@type\":\"Person\",\"@id\":\"https:\/\/www.notibras.com\/site\/#\/schema\/person\/36ab0979449956132d3e5b517ea76ac8\",\"name\":\"Reda\u00e7\u00e3o\",\"image\":{\"@type\":\"ImageObject\",\"inLanguage\":\"pt-BR\",\"@id\":\"https:\/\/secure.gravatar.com\/avatar\/e0a867bdedb85fd243eadf09663511f96fc81e0720a4a42581f334ad4303aa6b?s=96&d=mm&r=g\",\"url\":\"https:\/\/secure.gravatar.com\/avatar\/e0a867bdedb85fd243eadf09663511f96fc81e0720a4a42581f334ad4303aa6b?s=96&d=mm&r=g\",\"contentUrl\":\"https:\/\/secure.gravatar.com\/avatar\/e0a867bdedb85fd243eadf09663511f96fc81e0720a4a42581f334ad4303aa6b?s=96&d=mm&r=g\",\"caption\":\"Reda\u00e7\u00e3o\"}}]}<\/script>\n<!-- \/ Yoast SEO plugin. -->","yoast_head_json":{"title":"Flu come\u00e7a S\u00e9rie A com p\u00e9 direito e goleia Figueirense no Maracan\u00e3 - Notibras","robots":{"index":"index","follow":"follow","max-snippet":"max-snippet:-1","max-image-preview":"max-image-preview:large","max-video-preview":"max-video-preview:-1"},"canonical":"https:\/\/www.notibras.com\/site\/flu-comeca-serie-a-com-pe-direito-e-goleia-figueirense-no-maracana\/","og_locale":"pt_BR","og_type":"article","og_title":"Flu come\u00e7a S\u00e9rie A com p\u00e9 direito e goleia Figueirense no Maracan\u00e3 - Notibras","og_description":"Com direito a um gola\u00e7o de Rafael S\u00f3bis, o Fluminense bateu o Figueirense por 3 a 0 na noite deste s\u00e1bado, no Maracan\u00e3, na abertura do Campeonato Brasileiro, e ampliou um jejum de oito anos do rival no confronto, com 11 jogos e sete vit\u00f3rias do Tricolor. Fred marcou o segundo gol do time das [&hellip;]","og_url":"https:\/\/www.notibras.com\/site\/flu-comeca-serie-a-com-pe-direito-e-goleia-figueirense-no-maracana\/","og_site_name":"Notibras","article_publisher":"https:\/\/www.facebook.com\/notibras\/","article_published_time":"2014-04-19T23:26:59+00:00","og_image":[{"width":606,"height":455,"url":"https:\/\/www.notibras.com\/site\/wp-content\/uploads\/2014\/04\/fred.jpg","type":"image\/jpeg"}],"author":"Reda\u00e7\u00e3o","twitter_card":"summary_large_image","twitter_creator":"@Notibras","twitter_site":"@Notibras","twitter_misc":{"Escrito por":"Reda\u00e7\u00e3o","Est. tempo de leitura":"3 minutos"},"schema":{"@context":"https:\/\/schema.org","@graph":[{"@type":"Article","@id":"https:\/\/www.notibras.com\/site\/flu-comeca-serie-a-com-pe-direito-e-goleia-figueirense-no-maracana\/#article","isPartOf":{"@id":"https:\/\/www.notibras.com\/site\/flu-comeca-serie-a-com-pe-direito-e-goleia-figueirense-no-maracana\/"},"author":{"name":"Reda\u00e7\u00e3o","@id":"https:\/\/www.notibras.com\/site\/#\/schema\/person\/36ab0979449956132d3e5b517ea76ac8"},"headline":"Flu come\u00e7a S\u00e9rie A com p\u00e9 direito e goleia Figueirense no Maracan\u00e3","datePublished":"2014-04-19T23:26:59+00:00","mainEntityOfPage":{"@id":"https:\/\/www.notibras.com\/site\/flu-comeca-serie-a-com-pe-direito-e-goleia-figueirense-no-maracana\/"},"wordCount":564,"commentCount":0,"publisher":{"@id":"https:\/\/www.notibras.com\/site\/#organization"},"image":{"@id":"https:\/\/www.notibras.com\/site\/flu-comeca-serie-a-com-pe-direito-e-goleia-figueirense-no-maracana\/#primaryimage"},"thumbnailUrl":"https:\/\/www.notibras.com\/site\/wp-content\/uploads\/2014\/04\/fred.jpg","articleSection":["Esportes"],"inLanguage":"pt-BR","potentialAction":[{"@type":"CommentAction","name":"Comment","target":["https:\/\/www.notibras.com\/site\/flu-comeca-serie-a-com-pe-direito-e-goleia-figueirense-no-maracana\/#respond"]}]},{"@type":"WebPage","@id":"https:\/\/www.notibras.com\/site\/flu-comeca-serie-a-com-pe-direito-e-goleia-figueirense-no-maracana\/","url":"https:\/\/www.notibras.com\/site\/flu-comeca-serie-a-com-pe-direito-e-goleia-figueirense-no-maracana\/","name":"Flu come\u00e7a S\u00e9rie A com p\u00e9 direito e goleia Figueirense no Maracan\u00e3 - Notibras","isPartOf":{"@id":"https:\/\/www.notibras.com\/site\/#website"},"primaryImageOfPage":{"@id":"https:\/\/www.notibras.com\/site\/flu-comeca-serie-a-com-pe-direito-e-goleia-figueirense-no-maracana\/#primaryimage"},"image":{"@id":"https:\/\/www.notibras.com\/site\/flu-comeca-serie-a-com-pe-direito-e-goleia-figueirense-no-maracana\/#primaryimage"},"thumbnailUrl":"https:\/\/www.notibras.com\/site\/wp-content\/uploads\/2014\/04\/fred.jpg","datePublished":"2014-04-19T23:26:59+00:00","breadcrumb":{"@id":"https:\/\/www.notibras.com\/site\/flu-comeca-serie-a-com-pe-direito-e-goleia-figueirense-no-maracana\/#breadcrumb"},"inLanguage":"pt-BR","potentialAction":[{"@type":"ReadAction","target":["https:\/\/www.notibras.com\/site\/flu-comeca-serie-a-com-pe-direito-e-goleia-figueirense-no-maracana\/"]}]},{"@type":"ImageObject","inLanguage":"pt-BR","@id":"https:\/\/www.notibras.com\/site\/flu-comeca-serie-a-com-pe-direito-e-goleia-figueirense-no-maracana\/#primaryimage","url":"https:\/\/www.notibras.com\/site\/wp-content\/uploads\/2014\/04\/fred.jpg","contentUrl":"https:\/\/www.notibras.com\/site\/wp-content\/uploads\/2014\/04\/fred.jpg","width":606,"height":455},{"@type":"BreadcrumbList","@id":"https:\/\/www.notibras.com\/site\/flu-comeca-serie-a-com-pe-direito-e-goleia-figueirense-no-maracana\/#breadcrumb","itemListElement":[{"@type":"ListItem","position":1,"name":"In\u00edcio","item":"https:\/\/www.notibras.com\/site\/"},{"@type":"ListItem","position":2,"name":"Flu come\u00e7a S\u00e9rie A com p\u00e9 direito e goleia Figueirense no Maracan\u00e3"}]},{"@type":"WebSite","@id":"https:\/\/www.notibras.com\/site\/#website","url":"https:\/\/www.notibras.com\/site\/","name":"Notibras","description":"Not\u00edcias de Bras\u00edlia, do Brasil e do Mundo","publisher":{"@id":"https:\/\/www.notibras.com\/site\/#organization"},"potentialAction":[{"@type":"SearchAction","target":{"@type":"EntryPoint","urlTemplate":"https:\/\/www.notibras.com\/site\/?s={search_term_string}"},"query-input":{"@type":"PropertyValueSpecification","valueRequired":true,"valueName":"search_term_string"}}],"inLanguage":"pt-BR"},{"@type":"Organization","@id":"https:\/\/www.notibras.com\/site\/#organization","name":"Grupo Notibras de Comunica\u00e7\u00e3o","url":"https:\/\/www.notibras.com\/site\/","logo":{"@type":"ImageObject","inLanguage":"pt-BR","@id":"https:\/\/www.notibras.com\/site\/#\/schema\/logo\/image\/","url":"https:\/\/www.notibras.com\/site\/wp-content\/uploads\/2023\/01\/notibras23.png","contentUrl":"https:\/\/www.notibras.com\/site\/wp-content\/uploads\/2023\/01\/notibras23.png","width":350,"height":87,"caption":"Grupo Notibras de Comunica\u00e7\u00e3o"},"image":{"@id":"https:\/\/www.notibras.com\/site\/#\/schema\/logo\/image\/"},"sameAs":["https:\/\/www.facebook.com\/notibras\/","https:\/\/x.com\/Notibras","https:\/\/www.instagram.com\/notibras\/"]},{"@type":"Person","@id":"https:\/\/www.notibras.com\/site\/#\/schema\/person\/36ab0979449956132d3e5b517ea76ac8","name":"Reda\u00e7\u00e3o","image":{"@type":"ImageObject","inLanguage":"pt-BR","@id":"https:\/\/secure.gravatar.com\/avatar\/e0a867bdedb85fd243eadf09663511f96fc81e0720a4a42581f334ad4303aa6b?s=96&d=mm&r=g","url":"https:\/\/secure.gravatar.com\/avatar\/e0a867bdedb85fd243eadf09663511f96fc81e0720a4a42581f334ad4303aa6b?s=96&d=mm&r=g","contentUrl":"https:\/\/secure.gravatar.com\/avatar\/e0a867bdedb85fd243eadf09663511f96fc81e0720a4a42581f334ad4303aa6b?s=96&d=mm&r=g","caption":"Reda\u00e7\u00e3o"}}]}},"amp_enabled":true,"_links":{"self":[{"href":"https:\/\/www.notibras.com\/site\/wp-json\/wp\/v2\/posts\/7157","targetHints":{"allow":["GET"]}}],"collection":[{"href":"https:\/\/www.notibras.com\/site\/wp-json\/wp\/v2\/posts"}],"about":[{"href":"https:\/\/www.notibras.com\/site\/wp-json\/wp\/v2\/types\/post"}],"author":[{"embeddable":true,"href":"https:\/\/www.notibras.com\/site\/wp-json\/wp\/v2\/users\/2"}],"replies":[{"embeddable":true,"href":"https:\/\/www.notibras.com\/site\/wp-json\/wp\/v2\/comments?post=7157"}],"version-history":[{"count":0,"href":"https:\/\/www.notibras.com\/site\/wp-json\/wp\/v2\/posts\/7157\/revisions"}],"wp:featuredmedia":[{"embeddable":true,"href":"https:\/\/www.notibras.com\/site\/wp-json\/wp\/v2\/media\/7158"}],"wp:attachment":[{"href":"https:\/\/www.notibras.com\/site\/wp-json\/wp\/v2\/media?parent=7157"}],"wp:term":[{"taxonomy":"category","embeddable":true,"href":"https:\/\/www.notibras.com\/site\/wp-json\/wp\/v2\/categories?post=7157"},{"taxonomy":"post_tag","embeddable":true,"href":"https:\/\/www.notibras.com\/site\/wp-json\/wp\/v2\/tags?post=7157"}],"curies":[{"name":"wp","href":"https:\/\/api.w.org\/{rel}","templated":true}]}}