{"id":71581,"date":"2015-10-16T08:22:33","date_gmt":"2015-10-16T11:22:33","guid":{"rendered":"http:\/\/www.notibras.com\/site\/?p=71581"},"modified":"2015-10-17T12:48:17","modified_gmt":"2015-10-17T15:48:17","slug":"congresso-tem-bombas-de-dilma-e-cunha-vai-detonar-ou-desativar","status":"publish","type":"post","link":"https:\/\/www.notibras.com\/site\/congresso-tem-bombas-de-dilma-e-cunha-vai-detonar-ou-desativar\/","title":{"rendered":"Congresso tem bombas de Dilma e Cunha nas m\u00e3os. Vai detonar ou desativar?"},"content":{"rendered":"<p>O Congresso Nacional tem pela frente o desarme de duas verdadeiras bombas, com o poder de efeitos explosivos at\u00f4micos na vida nacional. Os encaminhamentos dessas duas opera\u00e7\u00f5es est\u00e3o ligados entre si.<\/p>\n<p>Um dos problemas \u00e9 o movimento para decretar o impeachment da presidente Dilma Rousseff, por conta de suas pedaladas fiscais e o uso de dinheiro roubado na Petrobras para abastecer sua campanha de reelei\u00e7\u00e3o, em 2014.<\/p>\n<p>O outro caso indigesto \u00e9 o afastamento do deputado Eduardo Cunha (PMDB-RJ) do comando da C\u00e2mara dos Deputados, ante a comprova\u00e7\u00e3o pelas autoridades da Su\u00ed\u00e7a da exist\u00eancia de suas contas banc\u00e1rias naquele pa\u00eds e municiadas com recursos tamb\u00e9m desviados da maior estatal brasileira.<\/p>\n<p><strong>Um breque<\/strong> &#8211; A situa\u00e7\u00e3o no Congresso Nacional tornou-se ainda mais dram\u00e1tica, na manh\u00e3 de ter\u00e7a-feira, ap\u00f3s as decis\u00f5es dos ministros Teori Zawascki e Rosa Webber, do Supremo Tribunal Federal. Ambos barraram o rito definido pelo presidente da C\u00e2mara para a tramita\u00e7\u00e3o dos pedidos de impeachment da presidente Dilma.<\/p>\n<p>Para os governistas, essas decis\u00f5es dos ministros suspenderam qualquer a\u00e7\u00e3o de Eduardo Cunha quanto ao andamento dos pedidos de impeachment. J\u00e1 o presidente da C\u00e2mara disse ainda estar com o poder de deferir ou n\u00e3o os eventuais pedidos. Ele recorrer\u00e1 das decis\u00f5es restritivas dos dois ministros ao plen\u00e1rio do Supremo.<\/p>\n<p>Com o breque do Supremo no andamento dos pedidos de impeachment, o Pal\u00e1cio do Planalto ganhou um precioso tempo para rearticular sua base de apoio no Congresso Nacional. E levar adiante seu plano de procurar a oposi\u00e7\u00e3o para encontrar uma sa\u00edda para a crise pol\u00edtica em que o pa\u00eds se atolou.<\/p>\n<p>Os partidos da oposi\u00e7\u00e3o v\u00e3o apostar num outro pedido de impeachment da presidente Dilma. Ele ser\u00e1 assinado pelos juristas H\u00e9lio Bicudo, Miguel Reale Junior e Janaina Paschoal. O novo texto incluir\u00e1 as acusa\u00e7\u00f5es das pedaladas fiscais recha\u00e7adas pelo TCU e consideradas contr\u00e1rias \u00e0 Lei de Responsabilidade Fiscal-LRF.<\/p>\n<p><strong>Sai Dilma<\/strong> &#8211; H\u00e1 um sentimento nacional de que o Brasil est\u00e1 sem rumo. \u00c9 um navio em alto mar, em meio a forte tempestade, sem nenhum comando. Ningu\u00e9m mais acredita que a presidente Dilma tenha compet\u00eancia, capacidade gerencial, apoio para conduzir o pa\u00eds a um porto seguro.<\/p>\n<p>Diante desse filme com roteiro de terror, eis que surge a decis\u00e3o un\u00e2nime do Tribunal de Contas da Uni\u00e3o-TCU de rejeitar a presta\u00e7\u00e3o de contas do ano passado da presidente Dilma, por conta de desrespeito a v\u00e1rios dispositivos da Lei de Responsabilidade Fiscal.<\/p>\n<p>Caber\u00e1 agora aos deputados e senadores validarem ou rejeitarem a decis\u00e3o hist\u00f3rica do TCU.<\/p>\n<p>Esta guerra j\u00e1 come\u00e7ou no Congresso. As primeiras batalhas s\u00e3o em torno das regras de tramita\u00e7\u00e3o desse processo na Comiss\u00e3o Mista do Or\u00e7amento (CMO). A oposi\u00e7\u00e3o (PSDB, DEM, PPS, PSB e Solidariedade) quer rapidez nessa an\u00e1lise, para dar in\u00edcio ao processo de impeachment da Dilma. Na outra ponta da corda, o Pal\u00e1cio do Planalto pressiona por um piso no freio, pretende levar a decis\u00e3o do processo para 2016. Quem sabe at\u00e9 l\u00e1 surja um milagre e a presidente melhore sua aceita\u00e7\u00e3o popular, hoje abaixo de 7%.<\/p>\n<p>A presidente decidiu entrar nesta guerra com todas as armas a seu alcance, principalmente sua caneta. Reuniu todos os ministros e foi incisiva: quer todos eles exercendo press\u00e3o junto aos parlamentares para que eles fiquem distante de qualquer iniciativa que diga respeito ao impeachment. Abriu tamb\u00e9m pacote de bondades, com libera\u00e7\u00f5es de verbas e nomea\u00e7\u00f5es de apadrinhados de pol\u00edticos para ocupa\u00e7\u00e3o de cargos nos 2\u00b0 e 3\u00b0 escal\u00f5es na Esplanada dos Minist\u00e9rios.<\/p>\n<p>Publicamente, o presidente do Congresso, senador Renan Calheiros, limitou a dizer que a an\u00e1lise das contas de Dilma seguir\u00e1 as regras e os prazos vigentes.<\/p>\n<p>Respons\u00e1vel por conduzir a primeira etapa da an\u00e1lise da decis\u00e3o do TCU, a senadora Rose de Freitas (PMDB-ES) como presidente da CMO, ter\u00e1 a tarefa de designar o relator do processo. Ela disse que escolher\u00e1 um parlamentar distante do PT e do PSDB.<\/p>\n<p>Segundo o tr\u00e2mite normal da an\u00e1lise das contas na CMO devera durar 77 dias, a partir do dia 13, quando ali o processo chegou. Assim o relat\u00f3rio final ter\u00e1 de ser apresentado oficialmente at\u00e9 o dia 24 de dezembro, v\u00e9spera de Natal. Rose de Freitas acredita que o relator poder\u00e1 acelerar seu trabalho, de forma a poder se votado at\u00e9 o dia 18 de dezembro, in\u00edcio das f\u00e9rias parlamentares.<\/p>\n<p><strong>Sai Cunha<\/strong> &#8211; Al\u00e9m do seu envolvimento no caso do impeachment da presidente Dilma, o deputado Eduardo Cunha est\u00e1 com a corda no pesco\u00e7o pela comprova\u00e7\u00e3o da exist\u00eancia de suas contas banc\u00e1rias na Su\u00ed\u00e7a.<\/p>\n<p>O PSOL, a Rede Sustentabilidade (Marina Silva) e mais de 32 deputados do PT acionaram o presidente da C\u00e2mara no Conselho de \u00c9tica. Eles querem a abertura de processo contra ele por quebra de decoro parlamentar, para que, no fim, tenha seu mandato de deputado cassado.<\/p>\n<p>Dados do Minist\u00e9rio P\u00fablico da Su\u00ed\u00e7a mostram que Eduardo Cunha recebeu R$ 32 milh\u00f5es em quatro contas em nome de offshores desde 2007. Essas contas foram abastecidas com recursos desviados da Petrobras.<\/p>\n<p>Os partidos da oposi\u00e7\u00e3o defenderam o afastamento de Cunha at\u00e9 o final do processo no Conselho de \u00c9tica. Ele respondeu dizendo que n\u00e3o vai se afastar e nem renunciar \u00e0 presid\u00eancia da C\u00e2mara \u201cAcho que v\u00e3o ter que me aturar um pouquinho mais\u201d- afirmou ele.<\/p>\n","protected":false},"excerpt":{"rendered":"<p>O Congresso Nacional tem pela frente o desarme de duas verdadeiras bombas, com o poder de efeitos explosivos at\u00f4micos na vida nacional. Os encaminhamentos dessas duas opera\u00e7\u00f5es est\u00e3o ligados entre si. Um dos problemas \u00e9 o movimento para decretar o impeachment da presidente Dilma Rousseff, por conta de suas pedaladas fiscais e o uso de [&hellip;]<\/p>\n","protected":false},"author":2,"featured_media":71582,"comment_status":"open","ping_status":"closed","sticky":false,"template":"","format":"standard","meta":{"_acf_changed":false,"footnotes":""},"categories":[42],"tags":[],"class_list":["post-71581","post","type-post","status-publish","format-standard","has-post-thumbnail","hentry","category-coletti"],"acf":[],"yoast_head":"<!-- This site is optimized with the Yoast SEO plugin v27.2 - https:\/\/yoast.com\/product\/yoast-seo-wordpress\/ -->\n<title>Congresso tem bombas de Dilma e Cunha nas m\u00e3os. Vai detonar ou desativar? - Notibras<\/title>\n<meta name=\"robots\" content=\"index, follow, max-snippet:-1, max-image-preview:large, max-video-preview:-1\" \/>\n<link rel=\"canonical\" href=\"https:\/\/www.notibras.com\/site\/congresso-tem-bombas-de-dilma-e-cunha-vai-detonar-ou-desativar\/\" \/>\n<meta property=\"og:locale\" content=\"pt_BR\" \/>\n<meta property=\"og:type\" content=\"article\" \/>\n<meta property=\"og:title\" content=\"Congresso tem bombas de Dilma e Cunha nas m\u00e3os. Vai detonar ou desativar? - Notibras\" \/>\n<meta property=\"og:description\" content=\"O Congresso Nacional tem pela frente o desarme de duas verdadeiras bombas, com o poder de efeitos explosivos at\u00f4micos na vida nacional. Os encaminhamentos dessas duas opera\u00e7\u00f5es est\u00e3o ligados entre si. Um dos problemas \u00e9 o movimento para decretar o impeachment da presidente Dilma Rousseff, por conta de suas pedaladas fiscais e o uso de [&hellip;]\" \/>\n<meta property=\"og:url\" content=\"https:\/\/www.notibras.com\/site\/congresso-tem-bombas-de-dilma-e-cunha-vai-detonar-ou-desativar\/\" \/>\n<meta property=\"og:site_name\" content=\"Notibras\" \/>\n<meta property=\"article:publisher\" content=\"https:\/\/www.facebook.com\/notibras\/\" \/>\n<meta property=\"article:published_time\" content=\"2015-10-16T11:22:33+00:00\" \/>\n<meta property=\"article:modified_time\" content=\"2015-10-17T15:48:17+00:00\" \/>\n<meta property=\"og:image\" content=\"https:\/\/www.notibras.com\/site\/wp-content\/uploads\/2015\/10\/dilcunha1.jpeg\" \/>\n\t<meta property=\"og:image:width\" content=\"690\" \/>\n\t<meta property=\"og:image:height\" content=\"489\" \/>\n\t<meta property=\"og:image:type\" content=\"image\/jpeg\" \/>\n<meta name=\"author\" content=\"Reda\u00e7\u00e3o\" \/>\n<meta name=\"twitter:card\" content=\"summary_large_image\" \/>\n<meta name=\"twitter:creator\" content=\"@Notibras\" \/>\n<meta name=\"twitter:site\" content=\"@Notibras\" \/>\n<meta name=\"twitter:label1\" content=\"Escrito por\" \/>\n\t<meta name=\"twitter:data1\" content=\"Reda\u00e7\u00e3o\" \/>\n\t<meta name=\"twitter:label2\" content=\"Est. tempo de leitura\" \/>\n\t<meta name=\"twitter:data2\" content=\"5 minutos\" \/>\n<script type=\"application\/ld+json\" class=\"yoast-schema-graph\">{\"@context\":\"https:\/\/schema.org\",\"@graph\":[{\"@type\":\"Article\",\"@id\":\"https:\/\/www.notibras.com\/site\/congresso-tem-bombas-de-dilma-e-cunha-vai-detonar-ou-desativar\/#article\",\"isPartOf\":{\"@id\":\"https:\/\/www.notibras.com\/site\/congresso-tem-bombas-de-dilma-e-cunha-vai-detonar-ou-desativar\/\"},\"author\":{\"name\":\"Reda\u00e7\u00e3o\",\"@id\":\"https:\/\/www.notibras.com\/site\/#\/schema\/person\/36ab0979449956132d3e5b517ea76ac8\"},\"headline\":\"Congresso tem bombas de Dilma e Cunha nas m\u00e3os. Vai detonar ou desativar?\",\"datePublished\":\"2015-10-16T11:22:33+00:00\",\"dateModified\":\"2015-10-17T15:48:17+00:00\",\"mainEntityOfPage\":{\"@id\":\"https:\/\/www.notibras.com\/site\/congresso-tem-bombas-de-dilma-e-cunha-vai-detonar-ou-desativar\/\"},\"wordCount\":952,\"commentCount\":0,\"publisher\":{\"@id\":\"https:\/\/www.notibras.com\/site\/#organization\"},\"image\":{\"@id\":\"https:\/\/www.notibras.com\/site\/congresso-tem-bombas-de-dilma-e-cunha-vai-detonar-ou-desativar\/#primaryimage\"},\"thumbnailUrl\":\"https:\/\/www.notibras.com\/site\/wp-content\/uploads\/2015\/10\/dilcunha1.jpeg\",\"articleSection\":[\"Cl\u00e1udio Coletti\"],\"inLanguage\":\"pt-BR\",\"potentialAction\":[{\"@type\":\"CommentAction\",\"name\":\"Comment\",\"target\":[\"https:\/\/www.notibras.com\/site\/congresso-tem-bombas-de-dilma-e-cunha-vai-detonar-ou-desativar\/#respond\"]}]},{\"@type\":\"WebPage\",\"@id\":\"https:\/\/www.notibras.com\/site\/congresso-tem-bombas-de-dilma-e-cunha-vai-detonar-ou-desativar\/\",\"url\":\"https:\/\/www.notibras.com\/site\/congresso-tem-bombas-de-dilma-e-cunha-vai-detonar-ou-desativar\/\",\"name\":\"Congresso tem bombas de Dilma e Cunha nas m\u00e3os. Vai detonar ou desativar? - Notibras\",\"isPartOf\":{\"@id\":\"https:\/\/www.notibras.com\/site\/#website\"},\"primaryImageOfPage\":{\"@id\":\"https:\/\/www.notibras.com\/site\/congresso-tem-bombas-de-dilma-e-cunha-vai-detonar-ou-desativar\/#primaryimage\"},\"image\":{\"@id\":\"https:\/\/www.notibras.com\/site\/congresso-tem-bombas-de-dilma-e-cunha-vai-detonar-ou-desativar\/#primaryimage\"},\"thumbnailUrl\":\"https:\/\/www.notibras.com\/site\/wp-content\/uploads\/2015\/10\/dilcunha1.jpeg\",\"datePublished\":\"2015-10-16T11:22:33+00:00\",\"dateModified\":\"2015-10-17T15:48:17+00:00\",\"breadcrumb\":{\"@id\":\"https:\/\/www.notibras.com\/site\/congresso-tem-bombas-de-dilma-e-cunha-vai-detonar-ou-desativar\/#breadcrumb\"},\"inLanguage\":\"pt-BR\",\"potentialAction\":[{\"@type\":\"ReadAction\",\"target\":[\"https:\/\/www.notibras.com\/site\/congresso-tem-bombas-de-dilma-e-cunha-vai-detonar-ou-desativar\/\"]}]},{\"@type\":\"ImageObject\",\"inLanguage\":\"pt-BR\",\"@id\":\"https:\/\/www.notibras.com\/site\/congresso-tem-bombas-de-dilma-e-cunha-vai-detonar-ou-desativar\/#primaryimage\",\"url\":\"https:\/\/www.notibras.com\/site\/wp-content\/uploads\/2015\/10\/dilcunha1.jpeg\",\"contentUrl\":\"https:\/\/www.notibras.com\/site\/wp-content\/uploads\/2015\/10\/dilcunha1.jpeg\",\"width\":690,\"height\":489},{\"@type\":\"BreadcrumbList\",\"@id\":\"https:\/\/www.notibras.com\/site\/congresso-tem-bombas-de-dilma-e-cunha-vai-detonar-ou-desativar\/#breadcrumb\",\"itemListElement\":[{\"@type\":\"ListItem\",\"position\":1,\"name\":\"In\u00edcio\",\"item\":\"https:\/\/www.notibras.com\/site\/\"},{\"@type\":\"ListItem\",\"position\":2,\"name\":\"Congresso tem bombas de Dilma e Cunha nas m\u00e3os. Vai detonar ou desativar?\"}]},{\"@type\":\"WebSite\",\"@id\":\"https:\/\/www.notibras.com\/site\/#website\",\"url\":\"https:\/\/www.notibras.com\/site\/\",\"name\":\"Notibras\",\"description\":\"Not\u00edcias de Bras\u00edlia, do Brasil e do Mundo\",\"publisher\":{\"@id\":\"https:\/\/www.notibras.com\/site\/#organization\"},\"potentialAction\":[{\"@type\":\"SearchAction\",\"target\":{\"@type\":\"EntryPoint\",\"urlTemplate\":\"https:\/\/www.notibras.com\/site\/?s={search_term_string}\"},\"query-input\":{\"@type\":\"PropertyValueSpecification\",\"valueRequired\":true,\"valueName\":\"search_term_string\"}}],\"inLanguage\":\"pt-BR\"},{\"@type\":\"Organization\",\"@id\":\"https:\/\/www.notibras.com\/site\/#organization\",\"name\":\"Grupo Notibras de Comunica\u00e7\u00e3o\",\"url\":\"https:\/\/www.notibras.com\/site\/\",\"logo\":{\"@type\":\"ImageObject\",\"inLanguage\":\"pt-BR\",\"@id\":\"https:\/\/www.notibras.com\/site\/#\/schema\/logo\/image\/\",\"url\":\"https:\/\/www.notibras.com\/site\/wp-content\/uploads\/2023\/01\/notibras23.png\",\"contentUrl\":\"https:\/\/www.notibras.com\/site\/wp-content\/uploads\/2023\/01\/notibras23.png\",\"width\":350,\"height\":87,\"caption\":\"Grupo Notibras de Comunica\u00e7\u00e3o\"},\"image\":{\"@id\":\"https:\/\/www.notibras.com\/site\/#\/schema\/logo\/image\/\"},\"sameAs\":[\"https:\/\/www.facebook.com\/notibras\/\",\"https:\/\/x.com\/Notibras\",\"https:\/\/www.instagram.com\/notibras\/\"]},{\"@type\":\"Person\",\"@id\":\"https:\/\/www.notibras.com\/site\/#\/schema\/person\/36ab0979449956132d3e5b517ea76ac8\",\"name\":\"Reda\u00e7\u00e3o\",\"image\":{\"@type\":\"ImageObject\",\"inLanguage\":\"pt-BR\",\"@id\":\"https:\/\/secure.gravatar.com\/avatar\/e0a867bdedb85fd243eadf09663511f96fc81e0720a4a42581f334ad4303aa6b?s=96&d=mm&r=g\",\"url\":\"https:\/\/secure.gravatar.com\/avatar\/e0a867bdedb85fd243eadf09663511f96fc81e0720a4a42581f334ad4303aa6b?s=96&d=mm&r=g\",\"contentUrl\":\"https:\/\/secure.gravatar.com\/avatar\/e0a867bdedb85fd243eadf09663511f96fc81e0720a4a42581f334ad4303aa6b?s=96&d=mm&r=g\",\"caption\":\"Reda\u00e7\u00e3o\"}}]}<\/script>\n<!-- \/ Yoast SEO plugin. -->","yoast_head_json":{"title":"Congresso tem bombas de Dilma e Cunha nas m\u00e3os. Vai detonar ou desativar? - Notibras","robots":{"index":"index","follow":"follow","max-snippet":"max-snippet:-1","max-image-preview":"max-image-preview:large","max-video-preview":"max-video-preview:-1"},"canonical":"https:\/\/www.notibras.com\/site\/congresso-tem-bombas-de-dilma-e-cunha-vai-detonar-ou-desativar\/","og_locale":"pt_BR","og_type":"article","og_title":"Congresso tem bombas de Dilma e Cunha nas m\u00e3os. Vai detonar ou desativar? - Notibras","og_description":"O Congresso Nacional tem pela frente o desarme de duas verdadeiras bombas, com o poder de efeitos explosivos at\u00f4micos na vida nacional. Os encaminhamentos dessas duas opera\u00e7\u00f5es est\u00e3o ligados entre si. Um dos problemas \u00e9 o movimento para decretar o impeachment da presidente Dilma Rousseff, por conta de suas pedaladas fiscais e o uso de [&hellip;]","og_url":"https:\/\/www.notibras.com\/site\/congresso-tem-bombas-de-dilma-e-cunha-vai-detonar-ou-desativar\/","og_site_name":"Notibras","article_publisher":"https:\/\/www.facebook.com\/notibras\/","article_published_time":"2015-10-16T11:22:33+00:00","article_modified_time":"2015-10-17T15:48:17+00:00","og_image":[{"width":690,"height":489,"url":"https:\/\/www.notibras.com\/site\/wp-content\/uploads\/2015\/10\/dilcunha1.jpeg","type":"image\/jpeg"}],"author":"Reda\u00e7\u00e3o","twitter_card":"summary_large_image","twitter_creator":"@Notibras","twitter_site":"@Notibras","twitter_misc":{"Escrito por":"Reda\u00e7\u00e3o","Est. tempo de leitura":"5 minutos"},"schema":{"@context":"https:\/\/schema.org","@graph":[{"@type":"Article","@id":"https:\/\/www.notibras.com\/site\/congresso-tem-bombas-de-dilma-e-cunha-vai-detonar-ou-desativar\/#article","isPartOf":{"@id":"https:\/\/www.notibras.com\/site\/congresso-tem-bombas-de-dilma-e-cunha-vai-detonar-ou-desativar\/"},"author":{"name":"Reda\u00e7\u00e3o","@id":"https:\/\/www.notibras.com\/site\/#\/schema\/person\/36ab0979449956132d3e5b517ea76ac8"},"headline":"Congresso tem bombas de Dilma e Cunha nas m\u00e3os. Vai detonar ou desativar?","datePublished":"2015-10-16T11:22:33+00:00","dateModified":"2015-10-17T15:48:17+00:00","mainEntityOfPage":{"@id":"https:\/\/www.notibras.com\/site\/congresso-tem-bombas-de-dilma-e-cunha-vai-detonar-ou-desativar\/"},"wordCount":952,"commentCount":0,"publisher":{"@id":"https:\/\/www.notibras.com\/site\/#organization"},"image":{"@id":"https:\/\/www.notibras.com\/site\/congresso-tem-bombas-de-dilma-e-cunha-vai-detonar-ou-desativar\/#primaryimage"},"thumbnailUrl":"https:\/\/www.notibras.com\/site\/wp-content\/uploads\/2015\/10\/dilcunha1.jpeg","articleSection":["Cl\u00e1udio Coletti"],"inLanguage":"pt-BR","potentialAction":[{"@type":"CommentAction","name":"Comment","target":["https:\/\/www.notibras.com\/site\/congresso-tem-bombas-de-dilma-e-cunha-vai-detonar-ou-desativar\/#respond"]}]},{"@type":"WebPage","@id":"https:\/\/www.notibras.com\/site\/congresso-tem-bombas-de-dilma-e-cunha-vai-detonar-ou-desativar\/","url":"https:\/\/www.notibras.com\/site\/congresso-tem-bombas-de-dilma-e-cunha-vai-detonar-ou-desativar\/","name":"Congresso tem bombas de Dilma e Cunha nas m\u00e3os. Vai detonar ou desativar? - Notibras","isPartOf":{"@id":"https:\/\/www.notibras.com\/site\/#website"},"primaryImageOfPage":{"@id":"https:\/\/www.notibras.com\/site\/congresso-tem-bombas-de-dilma-e-cunha-vai-detonar-ou-desativar\/#primaryimage"},"image":{"@id":"https:\/\/www.notibras.com\/site\/congresso-tem-bombas-de-dilma-e-cunha-vai-detonar-ou-desativar\/#primaryimage"},"thumbnailUrl":"https:\/\/www.notibras.com\/site\/wp-content\/uploads\/2015\/10\/dilcunha1.jpeg","datePublished":"2015-10-16T11:22:33+00:00","dateModified":"2015-10-17T15:48:17+00:00","breadcrumb":{"@id":"https:\/\/www.notibras.com\/site\/congresso-tem-bombas-de-dilma-e-cunha-vai-detonar-ou-desativar\/#breadcrumb"},"inLanguage":"pt-BR","potentialAction":[{"@type":"ReadAction","target":["https:\/\/www.notibras.com\/site\/congresso-tem-bombas-de-dilma-e-cunha-vai-detonar-ou-desativar\/"]}]},{"@type":"ImageObject","inLanguage":"pt-BR","@id":"https:\/\/www.notibras.com\/site\/congresso-tem-bombas-de-dilma-e-cunha-vai-detonar-ou-desativar\/#primaryimage","url":"https:\/\/www.notibras.com\/site\/wp-content\/uploads\/2015\/10\/dilcunha1.jpeg","contentUrl":"https:\/\/www.notibras.com\/site\/wp-content\/uploads\/2015\/10\/dilcunha1.jpeg","width":690,"height":489},{"@type":"BreadcrumbList","@id":"https:\/\/www.notibras.com\/site\/congresso-tem-bombas-de-dilma-e-cunha-vai-detonar-ou-desativar\/#breadcrumb","itemListElement":[{"@type":"ListItem","position":1,"name":"In\u00edcio","item":"https:\/\/www.notibras.com\/site\/"},{"@type":"ListItem","position":2,"name":"Congresso tem bombas de Dilma e Cunha nas m\u00e3os. Vai detonar ou desativar?"}]},{"@type":"WebSite","@id":"https:\/\/www.notibras.com\/site\/#website","url":"https:\/\/www.notibras.com\/site\/","name":"Notibras","description":"Not\u00edcias de Bras\u00edlia, do Brasil e do Mundo","publisher":{"@id":"https:\/\/www.notibras.com\/site\/#organization"},"potentialAction":[{"@type":"SearchAction","target":{"@type":"EntryPoint","urlTemplate":"https:\/\/www.notibras.com\/site\/?s={search_term_string}"},"query-input":{"@type":"PropertyValueSpecification","valueRequired":true,"valueName":"search_term_string"}}],"inLanguage":"pt-BR"},{"@type":"Organization","@id":"https:\/\/www.notibras.com\/site\/#organization","name":"Grupo Notibras de Comunica\u00e7\u00e3o","url":"https:\/\/www.notibras.com\/site\/","logo":{"@type":"ImageObject","inLanguage":"pt-BR","@id":"https:\/\/www.notibras.com\/site\/#\/schema\/logo\/image\/","url":"https:\/\/www.notibras.com\/site\/wp-content\/uploads\/2023\/01\/notibras23.png","contentUrl":"https:\/\/www.notibras.com\/site\/wp-content\/uploads\/2023\/01\/notibras23.png","width":350,"height":87,"caption":"Grupo Notibras de Comunica\u00e7\u00e3o"},"image":{"@id":"https:\/\/www.notibras.com\/site\/#\/schema\/logo\/image\/"},"sameAs":["https:\/\/www.facebook.com\/notibras\/","https:\/\/x.com\/Notibras","https:\/\/www.instagram.com\/notibras\/"]},{"@type":"Person","@id":"https:\/\/www.notibras.com\/site\/#\/schema\/person\/36ab0979449956132d3e5b517ea76ac8","name":"Reda\u00e7\u00e3o","image":{"@type":"ImageObject","inLanguage":"pt-BR","@id":"https:\/\/secure.gravatar.com\/avatar\/e0a867bdedb85fd243eadf09663511f96fc81e0720a4a42581f334ad4303aa6b?s=96&d=mm&r=g","url":"https:\/\/secure.gravatar.com\/avatar\/e0a867bdedb85fd243eadf09663511f96fc81e0720a4a42581f334ad4303aa6b?s=96&d=mm&r=g","contentUrl":"https:\/\/secure.gravatar.com\/avatar\/e0a867bdedb85fd243eadf09663511f96fc81e0720a4a42581f334ad4303aa6b?s=96&d=mm&r=g","caption":"Reda\u00e7\u00e3o"}}]}},"amp_enabled":true,"_links":{"self":[{"href":"https:\/\/www.notibras.com\/site\/wp-json\/wp\/v2\/posts\/71581","targetHints":{"allow":["GET"]}}],"collection":[{"href":"https:\/\/www.notibras.com\/site\/wp-json\/wp\/v2\/posts"}],"about":[{"href":"https:\/\/www.notibras.com\/site\/wp-json\/wp\/v2\/types\/post"}],"author":[{"embeddable":true,"href":"https:\/\/www.notibras.com\/site\/wp-json\/wp\/v2\/users\/2"}],"replies":[{"embeddable":true,"href":"https:\/\/www.notibras.com\/site\/wp-json\/wp\/v2\/comments?post=71581"}],"version-history":[{"count":2,"href":"https:\/\/www.notibras.com\/site\/wp-json\/wp\/v2\/posts\/71581\/revisions"}],"predecessor-version":[{"id":71710,"href":"https:\/\/www.notibras.com\/site\/wp-json\/wp\/v2\/posts\/71581\/revisions\/71710"}],"wp:featuredmedia":[{"embeddable":true,"href":"https:\/\/www.notibras.com\/site\/wp-json\/wp\/v2\/media\/71582"}],"wp:attachment":[{"href":"https:\/\/www.notibras.com\/site\/wp-json\/wp\/v2\/media?parent=71581"}],"wp:term":[{"taxonomy":"category","embeddable":true,"href":"https:\/\/www.notibras.com\/site\/wp-json\/wp\/v2\/categories?post=71581"},{"taxonomy":"post_tag","embeddable":true,"href":"https:\/\/www.notibras.com\/site\/wp-json\/wp\/v2\/tags?post=71581"}],"curies":[{"name":"wp","href":"https:\/\/api.w.org\/{rel}","templated":true}]}}