{"id":71598,"date":"2015-10-16T08:49:10","date_gmt":"2015-10-16T11:49:10","guid":{"rendered":"http:\/\/www.notibras.com\/site\/?p=71598"},"modified":"2015-10-16T23:39:53","modified_gmt":"2015-10-17T02:39:53","slug":"caneta-vira-bala-perdida-para-acabar-com-a-chapada-dos-veadeiros","status":"publish","type":"post","link":"https:\/\/www.notibras.com\/site\/caneta-vira-bala-perdida-para-acabar-com-a-chapada-dos-veadeiros\/","title":{"rendered":"Caneta vira bala perdida para matar a Chapada dos Veadeiros"},"content":{"rendered":"<p>Se o h\u00fangaro-argentino L\u00e1sl\u00f3 Bir\u00f3 vivesse para ver o destino de sua cria\u00e7\u00e3o no Brasil, provavelmente teria morrido de arrependimento. Mas como ele vendeu sua inven\u00e7\u00e3o ao americano Eversharp-Faber e ao franc\u00eas Marcel Bich, nos anos 40, ent\u00e3o a heran\u00e7a maldita recai sobre estes. \u00c9 que a caneta dos tempos modernos, tamb\u00e9m consagrada na Segunda Guerra, assinada hoje pelas gigantes Faber &amp; Castel e Bic, sempre foi uma arma nas m\u00e3os de dirigentes brasileiros.<\/p>\n<p>No Brasil as canetadas d\u00e3o tiros que acabam atingindo inocentes. Tipo balas perdidas, no jarg\u00e3o policial. Os \u00f3rg\u00e3os p\u00fablicos s\u00e3o o paiol e abundam nos gabinetes da Esplanada dos Minist\u00e9rios muita muni\u00e7\u00e3o para os atiradores. A qualquer momento a arma esferogr\u00e1fica &#8211; mais leve do que aquelas utilizadas na companhia de Jos\u00e9 Dirceu &#8211; dever\u00e1 ser disparada pela presidente Dilma para unilateralmente ampliar a \u00e1rea do Parque Nacional da Chapada dos Veadeiros.<\/p>\n<p>Com uma \u00fanica canetada ela poder\u00e1 fazer sucumbir um ex\u00e9rcito de destemidos que h\u00e1 d\u00e9cadas preservam \u00e1reas no entorno do parque, com seus pr\u00f3prios recursos e esfor\u00e7os, e s\u00e3o respons\u00e1veis por grande parte do que l\u00e1 est\u00e1 intacto. A conversinha de gabinete \u00e9 a mesma de sempre: \u201cPrecisamos ser midi\u00e1ticos e gerar uma agenda positiva do Brasil no Exterior\u201d \u2013 afirma um assessor do ICM Bio, que vem a ser o Instituto Chico Mendes de Conserva\u00e7\u00e3o da Biodiversidade, nome pomposo que quer dizer qualquer coisa, porque a biodiversidade est\u00e1 em todo lado.<\/p>\n<p>Entretanto, conceitos \u00e0 parte, naquele \u00f3rg\u00e3o com cara de mau subordinado ao Minist\u00e9rio do Meio Ambiente, existe uma diretoria gorda comandada por um EPC (ecochato profissional), de nome S\u00e9rgio Brant Rocha, que faz da sua especialidade a sua sobreviv\u00eancia, em detrimento do trabalho dos aut\u00eanticos EPVs, her\u00f3is ecochatos volunt\u00e1rios, que preservam a biodiversidade por voca\u00e7\u00e3o.<\/p>\n<p>O parque da Chapada tem 236 mil hectares, uma \u00e1rea inimagin\u00e1vel em muitos pa\u00edses. S\u00f3 na\u00e7\u00f5es com dimens\u00f5es continentais constam em pequeno n\u00famero com \u00e1reas consideradas Patrim\u00f4nio Mundial Natural. No Oeste da Austr\u00e1lia, por exemplo, o Pornuluku National Park tem a mesma da dimens\u00e3o da Chapada e preserva esculturas formadas nas rochas.<\/p>\n<p>O mais comum \u00e9 ver noticiado pela Unesco, respons\u00e1vel por uma esp\u00e9cie de selo de Patrim\u00f4nio Natural, com grande alarde, a amplia\u00e7\u00e3o de \u00e1reas ex\u00edguas de 29 mil ha, ao anexar mais 4 mil ha de bosques, como aconteceu nos C\u00e1rpatos na Eslov\u00e1quia e Ucr\u00e2nia. No Brasil muitas resid\u00eancias t\u00eam essa dimens\u00e3o. No Jap\u00e3o, outro Patrim\u00f4nio Natural, o de Shirakami-Sanchi, tem inexpressivos 17 mil ha, mas importantes para cerca de 90 esp\u00e9cies de p\u00e1ssaros que voam por l\u00e1. Esses comparativos s\u00e3o s\u00f3 para denunciar o principal fundamento de Brant e sua trupe de que a amplia\u00e7\u00e3o do parque da Chapada \u00e9 uma exig\u00eancia da Unesco, que em troca vai manter o tal selo emitido por ela, mas que ningu\u00e9m sabe para o que serve.<\/p>\n<p>Acontece que a preserva\u00e7\u00e3o que existe e que querem abocanhar gratuitamente \u2013 uma \u00e1rea maior do que a de muitos pa\u00edses \u2013 est\u00e1 l\u00e1 h\u00e1 anos e n\u00e3o custou um centavo ao Pal\u00e1cio do Planalto. Foi mantida por corajosos ECVs que defendem a fauna e a flora como parte de suas fam\u00edlias. E n\u00e3o correm atr\u00e1s de curr\u00edculo ou de gratifica\u00e7\u00f5es p\u00fablicas. Agora eles est\u00e3o na mira da caneta e temem pelos 600 mil ha que S\u00e9rgio Brant n\u00e3o tem como manter e fiscalizar depois do tiroteio.<\/p>\n<p>Onde ele estava quando Rollemberg destruiu a orla do Lago Parano\u00e1 que j\u00e1 gerou tr\u00eas mortes humanas em um \u00fanico fim de semana e o desaparecimento da fauna que habitava suas margens? Ali\u00e1s, a destrui\u00e7\u00e3o veio tamb\u00e9m de uma canetada. A WWF-Brasil foi mais \u00fatil quando, no Paran\u00e1, reuniu os propriet\u00e1rios de \u00e1reas preservadas e contribuiu para a cria\u00e7\u00e3o de 8 RPPNs \u2013 Reservas Particulares do Patrim\u00f4nio Natural. A RPPN \u00e9 uma solu\u00e7\u00e3o que atende \u00e0s necessidades de conserva\u00e7\u00e3o da biodiversidade, quando o cidad\u00e3o ocupante oferece sua \u00e1rea, j\u00e1 preservada, para que ela se perpetue intocada. E sem custo nenhum aos cofres p\u00fablicos.<\/p>\n<p>Ao contr\u00e1rio do que a arma do ICM Bio pretende, o Minist\u00e9rio P\u00fablico de Goi\u00e1s deveria investigar o assanho dos ECPs tamb\u00e9m p\u00fablicos, que querem desapropriar uma \u00e1rea gigantesca, j\u00e1 preservada por her\u00f3is an\u00f4nimos, gera\u00e7\u00e3o ap\u00f3s gera\u00e7\u00e3o, e n\u00e3o midi\u00e1ticos, e que desejam apenas ver a continuidade daquilo que fazem h\u00e1 d\u00e9cadas: manter intacto um santu\u00e1rio ecol\u00f3gico chamado Chapada dos Veadeiros.<\/p>\n<p>Afinal, onde h\u00e1 caneta, n\u00e3o h\u00e1 vida. Que o diga a chefa Dilma Rousseff que poder\u00e1 ser v\u00edtima da mesma arma. Vamos continuar de olho e investigar se o ICM Bio j\u00e1 visitou algumas \u00e1reas no Par\u00e1 onde abunda uma \u00fanica esp\u00e9cie: a do boi gordo. Vamos chegar l\u00e1!<\/p>\n","protected":false},"excerpt":{"rendered":"<p>Se o h\u00fangaro-argentino L\u00e1sl\u00f3 Bir\u00f3 vivesse para ver o destino de sua cria\u00e7\u00e3o no Brasil, provavelmente teria morrido de arrependimento. Mas como ele vendeu sua inven\u00e7\u00e3o ao americano Eversharp-Faber e ao franc\u00eas Marcel Bich, nos anos 40, ent\u00e3o a heran\u00e7a maldita recai sobre estes. \u00c9 que a caneta dos tempos modernos, tamb\u00e9m consagrada na Segunda [&hellip;]<\/p>\n","protected":false},"author":2,"featured_media":71599,"comment_status":"open","ping_status":"closed","sticky":false,"template":"","format":"standard","meta":{"_acf_changed":false,"footnotes":""},"categories":[48],"tags":[],"class_list":["post-71598","post","type-post","status-publish","format-standard","has-post-thumbnail","hentry","category-ferriche"],"acf":[],"yoast_head":"<!-- This site is optimized with the Yoast SEO plugin v27.2 - https:\/\/yoast.com\/product\/yoast-seo-wordpress\/ -->\n<title>Caneta vira bala perdida para matar a Chapada dos Veadeiros - Notibras<\/title>\n<meta name=\"robots\" content=\"index, follow, max-snippet:-1, max-image-preview:large, max-video-preview:-1\" \/>\n<link rel=\"canonical\" href=\"https:\/\/www.notibras.com\/site\/caneta-vira-bala-perdida-para-acabar-com-a-chapada-dos-veadeiros\/\" \/>\n<meta property=\"og:locale\" content=\"pt_BR\" \/>\n<meta property=\"og:type\" content=\"article\" \/>\n<meta property=\"og:title\" content=\"Caneta vira bala perdida para matar a Chapada dos Veadeiros - Notibras\" \/>\n<meta property=\"og:description\" content=\"Se o h\u00fangaro-argentino L\u00e1sl\u00f3 Bir\u00f3 vivesse para ver o destino de sua cria\u00e7\u00e3o no Brasil, provavelmente teria morrido de arrependimento. Mas como ele vendeu sua inven\u00e7\u00e3o ao americano Eversharp-Faber e ao franc\u00eas Marcel Bich, nos anos 40, ent\u00e3o a heran\u00e7a maldita recai sobre estes. \u00c9 que a caneta dos tempos modernos, tamb\u00e9m consagrada na Segunda [&hellip;]\" \/>\n<meta property=\"og:url\" content=\"https:\/\/www.notibras.com\/site\/caneta-vira-bala-perdida-para-acabar-com-a-chapada-dos-veadeiros\/\" \/>\n<meta property=\"og:site_name\" content=\"Notibras\" \/>\n<meta property=\"article:publisher\" content=\"https:\/\/www.facebook.com\/notibras\/\" \/>\n<meta property=\"article:published_time\" content=\"2015-10-16T11:49:10+00:00\" \/>\n<meta property=\"article:modified_time\" content=\"2015-10-17T02:39:53+00:00\" \/>\n<meta property=\"og:image\" content=\"https:\/\/www.notibras.com\/site\/wp-content\/uploads\/2015\/10\/chapada.15-scaled.jpg\" \/>\n\t<meta property=\"og:image:width\" content=\"2560\" \/>\n\t<meta property=\"og:image:height\" content=\"1700\" \/>\n\t<meta property=\"og:image:type\" content=\"image\/jpeg\" \/>\n<meta name=\"author\" content=\"Reda\u00e7\u00e3o\" \/>\n<meta name=\"twitter:card\" content=\"summary_large_image\" \/>\n<meta name=\"twitter:creator\" content=\"@Notibras\" \/>\n<meta name=\"twitter:site\" content=\"@Notibras\" \/>\n<meta name=\"twitter:label1\" content=\"Escrito por\" \/>\n\t<meta name=\"twitter:data1\" content=\"Reda\u00e7\u00e3o\" \/>\n\t<meta name=\"twitter:label2\" content=\"Est. tempo de leitura\" \/>\n\t<meta name=\"twitter:data2\" content=\"4 minutos\" \/>\n<script type=\"application\/ld+json\" class=\"yoast-schema-graph\">{\"@context\":\"https:\/\/schema.org\",\"@graph\":[{\"@type\":\"Article\",\"@id\":\"https:\/\/www.notibras.com\/site\/caneta-vira-bala-perdida-para-acabar-com-a-chapada-dos-veadeiros\/#article\",\"isPartOf\":{\"@id\":\"https:\/\/www.notibras.com\/site\/caneta-vira-bala-perdida-para-acabar-com-a-chapada-dos-veadeiros\/\"},\"author\":{\"name\":\"Reda\u00e7\u00e3o\",\"@id\":\"https:\/\/www.notibras.com\/site\/#\/schema\/person\/36ab0979449956132d3e5b517ea76ac8\"},\"headline\":\"Caneta vira bala perdida para matar a Chapada dos Veadeiros\",\"datePublished\":\"2015-10-16T11:49:10+00:00\",\"dateModified\":\"2015-10-17T02:39:53+00:00\",\"mainEntityOfPage\":{\"@id\":\"https:\/\/www.notibras.com\/site\/caneta-vira-bala-perdida-para-acabar-com-a-chapada-dos-veadeiros\/\"},\"wordCount\":864,\"commentCount\":0,\"publisher\":{\"@id\":\"https:\/\/www.notibras.com\/site\/#organization\"},\"image\":{\"@id\":\"https:\/\/www.notibras.com\/site\/caneta-vira-bala-perdida-para-acabar-com-a-chapada-dos-veadeiros\/#primaryimage\"},\"thumbnailUrl\":\"https:\/\/www.notibras.com\/site\/wp-content\/uploads\/2015\/10\/chapada.15-scaled.jpg\",\"articleSection\":[\"Kleber Ferriche\"],\"inLanguage\":\"pt-BR\",\"potentialAction\":[{\"@type\":\"CommentAction\",\"name\":\"Comment\",\"target\":[\"https:\/\/www.notibras.com\/site\/caneta-vira-bala-perdida-para-acabar-com-a-chapada-dos-veadeiros\/#respond\"]}]},{\"@type\":\"WebPage\",\"@id\":\"https:\/\/www.notibras.com\/site\/caneta-vira-bala-perdida-para-acabar-com-a-chapada-dos-veadeiros\/\",\"url\":\"https:\/\/www.notibras.com\/site\/caneta-vira-bala-perdida-para-acabar-com-a-chapada-dos-veadeiros\/\",\"name\":\"Caneta vira bala perdida para matar a Chapada dos Veadeiros - Notibras\",\"isPartOf\":{\"@id\":\"https:\/\/www.notibras.com\/site\/#website\"},\"primaryImageOfPage\":{\"@id\":\"https:\/\/www.notibras.com\/site\/caneta-vira-bala-perdida-para-acabar-com-a-chapada-dos-veadeiros\/#primaryimage\"},\"image\":{\"@id\":\"https:\/\/www.notibras.com\/site\/caneta-vira-bala-perdida-para-acabar-com-a-chapada-dos-veadeiros\/#primaryimage\"},\"thumbnailUrl\":\"https:\/\/www.notibras.com\/site\/wp-content\/uploads\/2015\/10\/chapada.15-scaled.jpg\",\"datePublished\":\"2015-10-16T11:49:10+00:00\",\"dateModified\":\"2015-10-17T02:39:53+00:00\",\"breadcrumb\":{\"@id\":\"https:\/\/www.notibras.com\/site\/caneta-vira-bala-perdida-para-acabar-com-a-chapada-dos-veadeiros\/#breadcrumb\"},\"inLanguage\":\"pt-BR\",\"potentialAction\":[{\"@type\":\"ReadAction\",\"target\":[\"https:\/\/www.notibras.com\/site\/caneta-vira-bala-perdida-para-acabar-com-a-chapada-dos-veadeiros\/\"]}]},{\"@type\":\"ImageObject\",\"inLanguage\":\"pt-BR\",\"@id\":\"https:\/\/www.notibras.com\/site\/caneta-vira-bala-perdida-para-acabar-com-a-chapada-dos-veadeiros\/#primaryimage\",\"url\":\"https:\/\/www.notibras.com\/site\/wp-content\/uploads\/2015\/10\/chapada.15-scaled.jpg\",\"contentUrl\":\"https:\/\/www.notibras.com\/site\/wp-content\/uploads\/2015\/10\/chapada.15-scaled.jpg\",\"width\":2560,\"height\":1700,\"caption\":\"Foto\/Arquivo Notibras\"},{\"@type\":\"BreadcrumbList\",\"@id\":\"https:\/\/www.notibras.com\/site\/caneta-vira-bala-perdida-para-acabar-com-a-chapada-dos-veadeiros\/#breadcrumb\",\"itemListElement\":[{\"@type\":\"ListItem\",\"position\":1,\"name\":\"In\u00edcio\",\"item\":\"https:\/\/www.notibras.com\/site\/\"},{\"@type\":\"ListItem\",\"position\":2,\"name\":\"Caneta vira bala perdida para matar a Chapada dos Veadeiros\"}]},{\"@type\":\"WebSite\",\"@id\":\"https:\/\/www.notibras.com\/site\/#website\",\"url\":\"https:\/\/www.notibras.com\/site\/\",\"name\":\"Notibras\",\"description\":\"Not\u00edcias de Bras\u00edlia, do Brasil e do Mundo\",\"publisher\":{\"@id\":\"https:\/\/www.notibras.com\/site\/#organization\"},\"potentialAction\":[{\"@type\":\"SearchAction\",\"target\":{\"@type\":\"EntryPoint\",\"urlTemplate\":\"https:\/\/www.notibras.com\/site\/?s={search_term_string}\"},\"query-input\":{\"@type\":\"PropertyValueSpecification\",\"valueRequired\":true,\"valueName\":\"search_term_string\"}}],\"inLanguage\":\"pt-BR\"},{\"@type\":\"Organization\",\"@id\":\"https:\/\/www.notibras.com\/site\/#organization\",\"name\":\"Grupo Notibras de Comunica\u00e7\u00e3o\",\"url\":\"https:\/\/www.notibras.com\/site\/\",\"logo\":{\"@type\":\"ImageObject\",\"inLanguage\":\"pt-BR\",\"@id\":\"https:\/\/www.notibras.com\/site\/#\/schema\/logo\/image\/\",\"url\":\"https:\/\/www.notibras.com\/site\/wp-content\/uploads\/2023\/01\/notibras23.png\",\"contentUrl\":\"https:\/\/www.notibras.com\/site\/wp-content\/uploads\/2023\/01\/notibras23.png\",\"width\":350,\"height\":87,\"caption\":\"Grupo Notibras de Comunica\u00e7\u00e3o\"},\"image\":{\"@id\":\"https:\/\/www.notibras.com\/site\/#\/schema\/logo\/image\/\"},\"sameAs\":[\"https:\/\/www.facebook.com\/notibras\/\",\"https:\/\/x.com\/Notibras\",\"https:\/\/www.instagram.com\/notibras\/\"]},{\"@type\":\"Person\",\"@id\":\"https:\/\/www.notibras.com\/site\/#\/schema\/person\/36ab0979449956132d3e5b517ea76ac8\",\"name\":\"Reda\u00e7\u00e3o\",\"image\":{\"@type\":\"ImageObject\",\"inLanguage\":\"pt-BR\",\"@id\":\"https:\/\/secure.gravatar.com\/avatar\/e0a867bdedb85fd243eadf09663511f96fc81e0720a4a42581f334ad4303aa6b?s=96&d=mm&r=g\",\"url\":\"https:\/\/secure.gravatar.com\/avatar\/e0a867bdedb85fd243eadf09663511f96fc81e0720a4a42581f334ad4303aa6b?s=96&d=mm&r=g\",\"contentUrl\":\"https:\/\/secure.gravatar.com\/avatar\/e0a867bdedb85fd243eadf09663511f96fc81e0720a4a42581f334ad4303aa6b?s=96&d=mm&r=g\",\"caption\":\"Reda\u00e7\u00e3o\"}}]}<\/script>\n<!-- \/ Yoast SEO plugin. -->","yoast_head_json":{"title":"Caneta vira bala perdida para matar a Chapada dos Veadeiros - Notibras","robots":{"index":"index","follow":"follow","max-snippet":"max-snippet:-1","max-image-preview":"max-image-preview:large","max-video-preview":"max-video-preview:-1"},"canonical":"https:\/\/www.notibras.com\/site\/caneta-vira-bala-perdida-para-acabar-com-a-chapada-dos-veadeiros\/","og_locale":"pt_BR","og_type":"article","og_title":"Caneta vira bala perdida para matar a Chapada dos Veadeiros - Notibras","og_description":"Se o h\u00fangaro-argentino L\u00e1sl\u00f3 Bir\u00f3 vivesse para ver o destino de sua cria\u00e7\u00e3o no Brasil, provavelmente teria morrido de arrependimento. Mas como ele vendeu sua inven\u00e7\u00e3o ao americano Eversharp-Faber e ao franc\u00eas Marcel Bich, nos anos 40, ent\u00e3o a heran\u00e7a maldita recai sobre estes. \u00c9 que a caneta dos tempos modernos, tamb\u00e9m consagrada na Segunda [&hellip;]","og_url":"https:\/\/www.notibras.com\/site\/caneta-vira-bala-perdida-para-acabar-com-a-chapada-dos-veadeiros\/","og_site_name":"Notibras","article_publisher":"https:\/\/www.facebook.com\/notibras\/","article_published_time":"2015-10-16T11:49:10+00:00","article_modified_time":"2015-10-17T02:39:53+00:00","og_image":[{"width":2560,"height":1700,"url":"https:\/\/www.notibras.com\/site\/wp-content\/uploads\/2015\/10\/chapada.15-scaled.jpg","type":"image\/jpeg"}],"author":"Reda\u00e7\u00e3o","twitter_card":"summary_large_image","twitter_creator":"@Notibras","twitter_site":"@Notibras","twitter_misc":{"Escrito por":"Reda\u00e7\u00e3o","Est. tempo de leitura":"4 minutos"},"schema":{"@context":"https:\/\/schema.org","@graph":[{"@type":"Article","@id":"https:\/\/www.notibras.com\/site\/caneta-vira-bala-perdida-para-acabar-com-a-chapada-dos-veadeiros\/#article","isPartOf":{"@id":"https:\/\/www.notibras.com\/site\/caneta-vira-bala-perdida-para-acabar-com-a-chapada-dos-veadeiros\/"},"author":{"name":"Reda\u00e7\u00e3o","@id":"https:\/\/www.notibras.com\/site\/#\/schema\/person\/36ab0979449956132d3e5b517ea76ac8"},"headline":"Caneta vira bala perdida para matar a Chapada dos Veadeiros","datePublished":"2015-10-16T11:49:10+00:00","dateModified":"2015-10-17T02:39:53+00:00","mainEntityOfPage":{"@id":"https:\/\/www.notibras.com\/site\/caneta-vira-bala-perdida-para-acabar-com-a-chapada-dos-veadeiros\/"},"wordCount":864,"commentCount":0,"publisher":{"@id":"https:\/\/www.notibras.com\/site\/#organization"},"image":{"@id":"https:\/\/www.notibras.com\/site\/caneta-vira-bala-perdida-para-acabar-com-a-chapada-dos-veadeiros\/#primaryimage"},"thumbnailUrl":"https:\/\/www.notibras.com\/site\/wp-content\/uploads\/2015\/10\/chapada.15-scaled.jpg","articleSection":["Kleber Ferriche"],"inLanguage":"pt-BR","potentialAction":[{"@type":"CommentAction","name":"Comment","target":["https:\/\/www.notibras.com\/site\/caneta-vira-bala-perdida-para-acabar-com-a-chapada-dos-veadeiros\/#respond"]}]},{"@type":"WebPage","@id":"https:\/\/www.notibras.com\/site\/caneta-vira-bala-perdida-para-acabar-com-a-chapada-dos-veadeiros\/","url":"https:\/\/www.notibras.com\/site\/caneta-vira-bala-perdida-para-acabar-com-a-chapada-dos-veadeiros\/","name":"Caneta vira bala perdida para matar a Chapada dos Veadeiros - Notibras","isPartOf":{"@id":"https:\/\/www.notibras.com\/site\/#website"},"primaryImageOfPage":{"@id":"https:\/\/www.notibras.com\/site\/caneta-vira-bala-perdida-para-acabar-com-a-chapada-dos-veadeiros\/#primaryimage"},"image":{"@id":"https:\/\/www.notibras.com\/site\/caneta-vira-bala-perdida-para-acabar-com-a-chapada-dos-veadeiros\/#primaryimage"},"thumbnailUrl":"https:\/\/www.notibras.com\/site\/wp-content\/uploads\/2015\/10\/chapada.15-scaled.jpg","datePublished":"2015-10-16T11:49:10+00:00","dateModified":"2015-10-17T02:39:53+00:00","breadcrumb":{"@id":"https:\/\/www.notibras.com\/site\/caneta-vira-bala-perdida-para-acabar-com-a-chapada-dos-veadeiros\/#breadcrumb"},"inLanguage":"pt-BR","potentialAction":[{"@type":"ReadAction","target":["https:\/\/www.notibras.com\/site\/caneta-vira-bala-perdida-para-acabar-com-a-chapada-dos-veadeiros\/"]}]},{"@type":"ImageObject","inLanguage":"pt-BR","@id":"https:\/\/www.notibras.com\/site\/caneta-vira-bala-perdida-para-acabar-com-a-chapada-dos-veadeiros\/#primaryimage","url":"https:\/\/www.notibras.com\/site\/wp-content\/uploads\/2015\/10\/chapada.15-scaled.jpg","contentUrl":"https:\/\/www.notibras.com\/site\/wp-content\/uploads\/2015\/10\/chapada.15-scaled.jpg","width":2560,"height":1700,"caption":"Foto\/Arquivo Notibras"},{"@type":"BreadcrumbList","@id":"https:\/\/www.notibras.com\/site\/caneta-vira-bala-perdida-para-acabar-com-a-chapada-dos-veadeiros\/#breadcrumb","itemListElement":[{"@type":"ListItem","position":1,"name":"In\u00edcio","item":"https:\/\/www.notibras.com\/site\/"},{"@type":"ListItem","position":2,"name":"Caneta vira bala perdida para matar a Chapada dos Veadeiros"}]},{"@type":"WebSite","@id":"https:\/\/www.notibras.com\/site\/#website","url":"https:\/\/www.notibras.com\/site\/","name":"Notibras","description":"Not\u00edcias de Bras\u00edlia, do Brasil e do Mundo","publisher":{"@id":"https:\/\/www.notibras.com\/site\/#organization"},"potentialAction":[{"@type":"SearchAction","target":{"@type":"EntryPoint","urlTemplate":"https:\/\/www.notibras.com\/site\/?s={search_term_string}"},"query-input":{"@type":"PropertyValueSpecification","valueRequired":true,"valueName":"search_term_string"}}],"inLanguage":"pt-BR"},{"@type":"Organization","@id":"https:\/\/www.notibras.com\/site\/#organization","name":"Grupo Notibras de Comunica\u00e7\u00e3o","url":"https:\/\/www.notibras.com\/site\/","logo":{"@type":"ImageObject","inLanguage":"pt-BR","@id":"https:\/\/www.notibras.com\/site\/#\/schema\/logo\/image\/","url":"https:\/\/www.notibras.com\/site\/wp-content\/uploads\/2023\/01\/notibras23.png","contentUrl":"https:\/\/www.notibras.com\/site\/wp-content\/uploads\/2023\/01\/notibras23.png","width":350,"height":87,"caption":"Grupo Notibras de Comunica\u00e7\u00e3o"},"image":{"@id":"https:\/\/www.notibras.com\/site\/#\/schema\/logo\/image\/"},"sameAs":["https:\/\/www.facebook.com\/notibras\/","https:\/\/x.com\/Notibras","https:\/\/www.instagram.com\/notibras\/"]},{"@type":"Person","@id":"https:\/\/www.notibras.com\/site\/#\/schema\/person\/36ab0979449956132d3e5b517ea76ac8","name":"Reda\u00e7\u00e3o","image":{"@type":"ImageObject","inLanguage":"pt-BR","@id":"https:\/\/secure.gravatar.com\/avatar\/e0a867bdedb85fd243eadf09663511f96fc81e0720a4a42581f334ad4303aa6b?s=96&d=mm&r=g","url":"https:\/\/secure.gravatar.com\/avatar\/e0a867bdedb85fd243eadf09663511f96fc81e0720a4a42581f334ad4303aa6b?s=96&d=mm&r=g","contentUrl":"https:\/\/secure.gravatar.com\/avatar\/e0a867bdedb85fd243eadf09663511f96fc81e0720a4a42581f334ad4303aa6b?s=96&d=mm&r=g","caption":"Reda\u00e7\u00e3o"}}]}},"amp_enabled":true,"_links":{"self":[{"href":"https:\/\/www.notibras.com\/site\/wp-json\/wp\/v2\/posts\/71598","targetHints":{"allow":["GET"]}}],"collection":[{"href":"https:\/\/www.notibras.com\/site\/wp-json\/wp\/v2\/posts"}],"about":[{"href":"https:\/\/www.notibras.com\/site\/wp-json\/wp\/v2\/types\/post"}],"author":[{"embeddable":true,"href":"https:\/\/www.notibras.com\/site\/wp-json\/wp\/v2\/users\/2"}],"replies":[{"embeddable":true,"href":"https:\/\/www.notibras.com\/site\/wp-json\/wp\/v2\/comments?post=71598"}],"version-history":[{"count":4,"href":"https:\/\/www.notibras.com\/site\/wp-json\/wp\/v2\/posts\/71598\/revisions"}],"predecessor-version":[{"id":71761,"href":"https:\/\/www.notibras.com\/site\/wp-json\/wp\/v2\/posts\/71598\/revisions\/71761"}],"wp:featuredmedia":[{"embeddable":true,"href":"https:\/\/www.notibras.com\/site\/wp-json\/wp\/v2\/media\/71599"}],"wp:attachment":[{"href":"https:\/\/www.notibras.com\/site\/wp-json\/wp\/v2\/media?parent=71598"}],"wp:term":[{"taxonomy":"category","embeddable":true,"href":"https:\/\/www.notibras.com\/site\/wp-json\/wp\/v2\/categories?post=71598"},{"taxonomy":"post_tag","embeddable":true,"href":"https:\/\/www.notibras.com\/site\/wp-json\/wp\/v2\/tags?post=71598"}],"curies":[{"name":"wp","href":"https:\/\/api.w.org\/{rel}","templated":true}]}}