{"id":71603,"date":"2015-10-16T08:55:50","date_gmt":"2015-10-16T11:55:50","guid":{"rendered":"http:\/\/www.notibras.com\/site\/?p=71603"},"modified":"2015-10-16T08:55:50","modified_gmt":"2015-10-16T11:55:50","slug":"fernando-baiano-diz-em-delacao-premiada-que-pagou-2-milhoes-a-nora-de-lula","status":"publish","type":"post","link":"https:\/\/www.notibras.com\/site\/fernando-baiano-diz-em-delacao-premiada-que-pagou-2-milhoes-a-nora-de-lula\/","title":{"rendered":"Fernando Baiano diz em dela\u00e7\u00e3o premiada que pagou 2 milh\u00f5es a nora de Lula"},"content":{"rendered":"<p>Em sua dele\u00e7\u00e3o premiada, Fernando Soares, o Fernando Baiano, citou o nome do ex-presidente Luiz In\u00e1cio Lula da Silva e disse ter repassado R$ 2 milh\u00f5es para uma nora do petista, conforme o Jornal Nacional, da TV Globo na noite de quinta-feira, 15.<\/p>\n<p>Baiano disse que trabalhava para que a empresa OSX participasse de contratos da Sete Brasil com a Petrobras. Para isso, ele disse que pediu ajuda ao pecuarista Jos\u00e9 Carlos Bumlai, amigo do ex-presidente.<\/p>\n<p>De acordo com o Jornal Nacional, Fernando Baiano contou que &#8220;o pr\u00f3prio Lula teria participado de reuni\u00f5es com o presidente da Sete Brasil para que a OSX fosse chamada para o neg\u00f3cio&#8221;. Os neg\u00f3cios n\u00e3o foram adiante, segundo o delator. Mesmo assim, disse ele, Bumlai cobrou comiss\u00e3o de R$ 3 milh\u00f5es. O pecuarista teria dito a ele que o valor seria destinado a uma nora do ex-presidente. Baiano afirmou que repassou a ela R$ 2 milh\u00f5es por meio de contratos falsos com Bumlai.<\/p>\n<p>O Instituto Lula negou as acusa\u00e7\u00f5es: &#8220;O ex-presidente Lula nunca atuou como intermedi\u00e1rio de empresas em contratos, antes, durante ou depois de seu governo. Jamai<\/p>\n<p>s autorizou que o sr. Jos\u00e9 Carlos Bumlai ou qualquer pessoa utilizasse seu nome em qualquer esp\u00e9cie de lobby. Lula tem quatro noras e nenhuma delas recebeu, direta ou indiretamente, qualquer quantia ou favor do r\u00e9u Fernando Baiano. \u00c9 deplor\u00e1vel que a palavra de um r\u00e9u confesso, sem amparo em fatos nem provas, seja divulgada mais uma vez de forma ilegal, com claro objetivo pol\u00edtico&#8221;.<\/p>\n<p><img loading=\"lazy\" decoding=\"async\" class=\"alignnone size-full wp-image-70065\" src=\"http:\/\/www.notibras.com\/site\/wp-content\/uploads\/2015\/10\/estadao.png\" alt=\"estadao\" width=\"99\" height=\"16\" \/><\/p>\n","protected":false},"excerpt":{"rendered":"<p>Em sua dele\u00e7\u00e3o premiada, Fernando Soares, o Fernando Baiano, citou o nome do ex-presidente Luiz In\u00e1cio Lula da Silva e disse ter repassado R$ 2 milh\u00f5es para uma nora do petista, conforme o Jornal Nacional, da TV Globo na noite de quinta-feira, 15. Baiano disse que trabalhava para que a empresa OSX participasse de contratos [&hellip;]<\/p>\n","protected":false},"author":2,"featured_media":71604,"comment_status":"open","ping_status":"closed","sticky":false,"template":"","format":"standard","meta":{"_acf_changed":false,"footnotes":""},"categories":[16],"tags":[],"class_list":["post-71603","post","type-post","status-publish","format-standard","has-post-thumbnail","hentry","category-brasil"],"acf":[],"yoast_head":"<!-- This site is optimized with the Yoast SEO plugin v27.2 - https:\/\/yoast.com\/product\/yoast-seo-wordpress\/ -->\n<title>Fernando Baiano diz em dela\u00e7\u00e3o premiada que pagou 2 milh\u00f5es a nora de Lula - Notibras<\/title>\n<meta name=\"robots\" content=\"index, follow, max-snippet:-1, max-image-preview:large, max-video-preview:-1\" \/>\n<link rel=\"canonical\" href=\"https:\/\/www.notibras.com\/site\/fernando-baiano-diz-em-delacao-premiada-que-pagou-2-milhoes-a-nora-de-lula\/\" \/>\n<meta property=\"og:locale\" content=\"pt_BR\" \/>\n<meta property=\"og:type\" content=\"article\" \/>\n<meta property=\"og:title\" content=\"Fernando Baiano diz em dela\u00e7\u00e3o premiada que pagou 2 milh\u00f5es a nora de Lula - Notibras\" \/>\n<meta property=\"og:description\" content=\"Em sua dele\u00e7\u00e3o premiada, Fernando Soares, o Fernando Baiano, citou o nome do ex-presidente Luiz In\u00e1cio Lula da Silva e disse ter repassado R$ 2 milh\u00f5es para uma nora do petista, conforme o Jornal Nacional, da TV Globo na noite de quinta-feira, 15. Baiano disse que trabalhava para que a empresa OSX participasse de contratos [&hellip;]\" \/>\n<meta property=\"og:url\" content=\"https:\/\/www.notibras.com\/site\/fernando-baiano-diz-em-delacao-premiada-que-pagou-2-milhoes-a-nora-de-lula\/\" \/>\n<meta property=\"og:site_name\" content=\"Notibras\" \/>\n<meta property=\"article:publisher\" content=\"https:\/\/www.facebook.com\/notibras\/\" \/>\n<meta property=\"article:published_time\" content=\"2015-10-16T11:55:50+00:00\" \/>\n<meta property=\"og:image\" content=\"https:\/\/www.notibras.com\/site\/wp-content\/uploads\/2015\/10\/fb16.jpg\" \/>\n\t<meta property=\"og:image:width\" content=\"640\" \/>\n\t<meta property=\"og:image:height\" content=\"426\" \/>\n\t<meta property=\"og:image:type\" content=\"image\/jpeg\" \/>\n<meta name=\"author\" content=\"Reda\u00e7\u00e3o\" \/>\n<meta name=\"twitter:card\" content=\"summary_large_image\" \/>\n<meta name=\"twitter:creator\" content=\"@Notibras\" \/>\n<meta name=\"twitter:site\" content=\"@Notibras\" \/>\n<meta name=\"twitter:label1\" content=\"Escrito por\" \/>\n\t<meta name=\"twitter:data1\" content=\"Reda\u00e7\u00e3o\" \/>\n\t<meta name=\"twitter:label2\" content=\"Est. tempo de leitura\" \/>\n\t<meta name=\"twitter:data2\" content=\"1 minuto\" \/>\n<script type=\"application\/ld+json\" class=\"yoast-schema-graph\">{\"@context\":\"https:\/\/schema.org\",\"@graph\":[{\"@type\":\"Article\",\"@id\":\"https:\/\/www.notibras.com\/site\/fernando-baiano-diz-em-delacao-premiada-que-pagou-2-milhoes-a-nora-de-lula\/#article\",\"isPartOf\":{\"@id\":\"https:\/\/www.notibras.com\/site\/fernando-baiano-diz-em-delacao-premiada-que-pagou-2-milhoes-a-nora-de-lula\/\"},\"author\":{\"name\":\"Reda\u00e7\u00e3o\",\"@id\":\"https:\/\/www.notibras.com\/site\/#\/schema\/person\/36ab0979449956132d3e5b517ea76ac8\"},\"headline\":\"Fernando Baiano diz em dela\u00e7\u00e3o premiada que pagou 2 milh\u00f5es a nora de Lula\",\"datePublished\":\"2015-10-16T11:55:50+00:00\",\"mainEntityOfPage\":{\"@id\":\"https:\/\/www.notibras.com\/site\/fernando-baiano-diz-em-delacao-premiada-que-pagou-2-milhoes-a-nora-de-lula\/\"},\"wordCount\":277,\"commentCount\":0,\"publisher\":{\"@id\":\"https:\/\/www.notibras.com\/site\/#organization\"},\"image\":{\"@id\":\"https:\/\/www.notibras.com\/site\/fernando-baiano-diz-em-delacao-premiada-que-pagou-2-milhoes-a-nora-de-lula\/#primaryimage\"},\"thumbnailUrl\":\"https:\/\/www.notibras.com\/site\/wp-content\/uploads\/2015\/10\/fb16.jpg\",\"articleSection\":[\"Brasil\"],\"inLanguage\":\"pt-BR\",\"potentialAction\":[{\"@type\":\"CommentAction\",\"name\":\"Comment\",\"target\":[\"https:\/\/www.notibras.com\/site\/fernando-baiano-diz-em-delacao-premiada-que-pagou-2-milhoes-a-nora-de-lula\/#respond\"]}]},{\"@type\":\"WebPage\",\"@id\":\"https:\/\/www.notibras.com\/site\/fernando-baiano-diz-em-delacao-premiada-que-pagou-2-milhoes-a-nora-de-lula\/\",\"url\":\"https:\/\/www.notibras.com\/site\/fernando-baiano-diz-em-delacao-premiada-que-pagou-2-milhoes-a-nora-de-lula\/\",\"name\":\"Fernando Baiano diz em dela\u00e7\u00e3o premiada que pagou 2 milh\u00f5es a nora de Lula - Notibras\",\"isPartOf\":{\"@id\":\"https:\/\/www.notibras.com\/site\/#website\"},\"primaryImageOfPage\":{\"@id\":\"https:\/\/www.notibras.com\/site\/fernando-baiano-diz-em-delacao-premiada-que-pagou-2-milhoes-a-nora-de-lula\/#primaryimage\"},\"image\":{\"@id\":\"https:\/\/www.notibras.com\/site\/fernando-baiano-diz-em-delacao-premiada-que-pagou-2-milhoes-a-nora-de-lula\/#primaryimage\"},\"thumbnailUrl\":\"https:\/\/www.notibras.com\/site\/wp-content\/uploads\/2015\/10\/fb16.jpg\",\"datePublished\":\"2015-10-16T11:55:50+00:00\",\"breadcrumb\":{\"@id\":\"https:\/\/www.notibras.com\/site\/fernando-baiano-diz-em-delacao-premiada-que-pagou-2-milhoes-a-nora-de-lula\/#breadcrumb\"},\"inLanguage\":\"pt-BR\",\"potentialAction\":[{\"@type\":\"ReadAction\",\"target\":[\"https:\/\/www.notibras.com\/site\/fernando-baiano-diz-em-delacao-premiada-que-pagou-2-milhoes-a-nora-de-lula\/\"]}]},{\"@type\":\"ImageObject\",\"inLanguage\":\"pt-BR\",\"@id\":\"https:\/\/www.notibras.com\/site\/fernando-baiano-diz-em-delacao-premiada-que-pagou-2-milhoes-a-nora-de-lula\/#primaryimage\",\"url\":\"https:\/\/www.notibras.com\/site\/wp-content\/uploads\/2015\/10\/fb16.jpg\",\"contentUrl\":\"https:\/\/www.notibras.com\/site\/wp-content\/uploads\/2015\/10\/fb16.jpg\",\"width\":640,\"height\":426},{\"@type\":\"BreadcrumbList\",\"@id\":\"https:\/\/www.notibras.com\/site\/fernando-baiano-diz-em-delacao-premiada-que-pagou-2-milhoes-a-nora-de-lula\/#breadcrumb\",\"itemListElement\":[{\"@type\":\"ListItem\",\"position\":1,\"name\":\"In\u00edcio\",\"item\":\"https:\/\/www.notibras.com\/site\/\"},{\"@type\":\"ListItem\",\"position\":2,\"name\":\"Fernando Baiano diz em dela\u00e7\u00e3o premiada que pagou 2 milh\u00f5es a nora de Lula\"}]},{\"@type\":\"WebSite\",\"@id\":\"https:\/\/www.notibras.com\/site\/#website\",\"url\":\"https:\/\/www.notibras.com\/site\/\",\"name\":\"Notibras\",\"description\":\"Not\u00edcias de Bras\u00edlia, do Brasil e do Mundo\",\"publisher\":{\"@id\":\"https:\/\/www.notibras.com\/site\/#organization\"},\"potentialAction\":[{\"@type\":\"SearchAction\",\"target\":{\"@type\":\"EntryPoint\",\"urlTemplate\":\"https:\/\/www.notibras.com\/site\/?s={search_term_string}\"},\"query-input\":{\"@type\":\"PropertyValueSpecification\",\"valueRequired\":true,\"valueName\":\"search_term_string\"}}],\"inLanguage\":\"pt-BR\"},{\"@type\":\"Organization\",\"@id\":\"https:\/\/www.notibras.com\/site\/#organization\",\"name\":\"Grupo Notibras de Comunica\u00e7\u00e3o\",\"url\":\"https:\/\/www.notibras.com\/site\/\",\"logo\":{\"@type\":\"ImageObject\",\"inLanguage\":\"pt-BR\",\"@id\":\"https:\/\/www.notibras.com\/site\/#\/schema\/logo\/image\/\",\"url\":\"https:\/\/www.notibras.com\/site\/wp-content\/uploads\/2023\/01\/notibras23.png\",\"contentUrl\":\"https:\/\/www.notibras.com\/site\/wp-content\/uploads\/2023\/01\/notibras23.png\",\"width\":350,\"height\":87,\"caption\":\"Grupo Notibras de Comunica\u00e7\u00e3o\"},\"image\":{\"@id\":\"https:\/\/www.notibras.com\/site\/#\/schema\/logo\/image\/\"},\"sameAs\":[\"https:\/\/www.facebook.com\/notibras\/\",\"https:\/\/x.com\/Notibras\",\"https:\/\/www.instagram.com\/notibras\/\"]},{\"@type\":\"Person\",\"@id\":\"https:\/\/www.notibras.com\/site\/#\/schema\/person\/36ab0979449956132d3e5b517ea76ac8\",\"name\":\"Reda\u00e7\u00e3o\",\"image\":{\"@type\":\"ImageObject\",\"inLanguage\":\"pt-BR\",\"@id\":\"https:\/\/secure.gravatar.com\/avatar\/e0a867bdedb85fd243eadf09663511f96fc81e0720a4a42581f334ad4303aa6b?s=96&d=mm&r=g\",\"url\":\"https:\/\/secure.gravatar.com\/avatar\/e0a867bdedb85fd243eadf09663511f96fc81e0720a4a42581f334ad4303aa6b?s=96&d=mm&r=g\",\"contentUrl\":\"https:\/\/secure.gravatar.com\/avatar\/e0a867bdedb85fd243eadf09663511f96fc81e0720a4a42581f334ad4303aa6b?s=96&d=mm&r=g\",\"caption\":\"Reda\u00e7\u00e3o\"}}]}<\/script>\n<!-- \/ Yoast SEO plugin. -->","yoast_head_json":{"title":"Fernando Baiano diz em dela\u00e7\u00e3o premiada que pagou 2 milh\u00f5es a nora de Lula - Notibras","robots":{"index":"index","follow":"follow","max-snippet":"max-snippet:-1","max-image-preview":"max-image-preview:large","max-video-preview":"max-video-preview:-1"},"canonical":"https:\/\/www.notibras.com\/site\/fernando-baiano-diz-em-delacao-premiada-que-pagou-2-milhoes-a-nora-de-lula\/","og_locale":"pt_BR","og_type":"article","og_title":"Fernando Baiano diz em dela\u00e7\u00e3o premiada que pagou 2 milh\u00f5es a nora de Lula - Notibras","og_description":"Em sua dele\u00e7\u00e3o premiada, Fernando Soares, o Fernando Baiano, citou o nome do ex-presidente Luiz In\u00e1cio Lula da Silva e disse ter repassado R$ 2 milh\u00f5es para uma nora do petista, conforme o Jornal Nacional, da TV Globo na noite de quinta-feira, 15. Baiano disse que trabalhava para que a empresa OSX participasse de contratos [&hellip;]","og_url":"https:\/\/www.notibras.com\/site\/fernando-baiano-diz-em-delacao-premiada-que-pagou-2-milhoes-a-nora-de-lula\/","og_site_name":"Notibras","article_publisher":"https:\/\/www.facebook.com\/notibras\/","article_published_time":"2015-10-16T11:55:50+00:00","og_image":[{"width":640,"height":426,"url":"https:\/\/www.notibras.com\/site\/wp-content\/uploads\/2015\/10\/fb16.jpg","type":"image\/jpeg"}],"author":"Reda\u00e7\u00e3o","twitter_card":"summary_large_image","twitter_creator":"@Notibras","twitter_site":"@Notibras","twitter_misc":{"Escrito por":"Reda\u00e7\u00e3o","Est. tempo de leitura":"1 minuto"},"schema":{"@context":"https:\/\/schema.org","@graph":[{"@type":"Article","@id":"https:\/\/www.notibras.com\/site\/fernando-baiano-diz-em-delacao-premiada-que-pagou-2-milhoes-a-nora-de-lula\/#article","isPartOf":{"@id":"https:\/\/www.notibras.com\/site\/fernando-baiano-diz-em-delacao-premiada-que-pagou-2-milhoes-a-nora-de-lula\/"},"author":{"name":"Reda\u00e7\u00e3o","@id":"https:\/\/www.notibras.com\/site\/#\/schema\/person\/36ab0979449956132d3e5b517ea76ac8"},"headline":"Fernando Baiano diz em dela\u00e7\u00e3o premiada que pagou 2 milh\u00f5es a nora de Lula","datePublished":"2015-10-16T11:55:50+00:00","mainEntityOfPage":{"@id":"https:\/\/www.notibras.com\/site\/fernando-baiano-diz-em-delacao-premiada-que-pagou-2-milhoes-a-nora-de-lula\/"},"wordCount":277,"commentCount":0,"publisher":{"@id":"https:\/\/www.notibras.com\/site\/#organization"},"image":{"@id":"https:\/\/www.notibras.com\/site\/fernando-baiano-diz-em-delacao-premiada-que-pagou-2-milhoes-a-nora-de-lula\/#primaryimage"},"thumbnailUrl":"https:\/\/www.notibras.com\/site\/wp-content\/uploads\/2015\/10\/fb16.jpg","articleSection":["Brasil"],"inLanguage":"pt-BR","potentialAction":[{"@type":"CommentAction","name":"Comment","target":["https:\/\/www.notibras.com\/site\/fernando-baiano-diz-em-delacao-premiada-que-pagou-2-milhoes-a-nora-de-lula\/#respond"]}]},{"@type":"WebPage","@id":"https:\/\/www.notibras.com\/site\/fernando-baiano-diz-em-delacao-premiada-que-pagou-2-milhoes-a-nora-de-lula\/","url":"https:\/\/www.notibras.com\/site\/fernando-baiano-diz-em-delacao-premiada-que-pagou-2-milhoes-a-nora-de-lula\/","name":"Fernando Baiano diz em dela\u00e7\u00e3o premiada que pagou 2 milh\u00f5es a nora de Lula - Notibras","isPartOf":{"@id":"https:\/\/www.notibras.com\/site\/#website"},"primaryImageOfPage":{"@id":"https:\/\/www.notibras.com\/site\/fernando-baiano-diz-em-delacao-premiada-que-pagou-2-milhoes-a-nora-de-lula\/#primaryimage"},"image":{"@id":"https:\/\/www.notibras.com\/site\/fernando-baiano-diz-em-delacao-premiada-que-pagou-2-milhoes-a-nora-de-lula\/#primaryimage"},"thumbnailUrl":"https:\/\/www.notibras.com\/site\/wp-content\/uploads\/2015\/10\/fb16.jpg","datePublished":"2015-10-16T11:55:50+00:00","breadcrumb":{"@id":"https:\/\/www.notibras.com\/site\/fernando-baiano-diz-em-delacao-premiada-que-pagou-2-milhoes-a-nora-de-lula\/#breadcrumb"},"inLanguage":"pt-BR","potentialAction":[{"@type":"ReadAction","target":["https:\/\/www.notibras.com\/site\/fernando-baiano-diz-em-delacao-premiada-que-pagou-2-milhoes-a-nora-de-lula\/"]}]},{"@type":"ImageObject","inLanguage":"pt-BR","@id":"https:\/\/www.notibras.com\/site\/fernando-baiano-diz-em-delacao-premiada-que-pagou-2-milhoes-a-nora-de-lula\/#primaryimage","url":"https:\/\/www.notibras.com\/site\/wp-content\/uploads\/2015\/10\/fb16.jpg","contentUrl":"https:\/\/www.notibras.com\/site\/wp-content\/uploads\/2015\/10\/fb16.jpg","width":640,"height":426},{"@type":"BreadcrumbList","@id":"https:\/\/www.notibras.com\/site\/fernando-baiano-diz-em-delacao-premiada-que-pagou-2-milhoes-a-nora-de-lula\/#breadcrumb","itemListElement":[{"@type":"ListItem","position":1,"name":"In\u00edcio","item":"https:\/\/www.notibras.com\/site\/"},{"@type":"ListItem","position":2,"name":"Fernando Baiano diz em dela\u00e7\u00e3o premiada que pagou 2 milh\u00f5es a nora de Lula"}]},{"@type":"WebSite","@id":"https:\/\/www.notibras.com\/site\/#website","url":"https:\/\/www.notibras.com\/site\/","name":"Notibras","description":"Not\u00edcias de Bras\u00edlia, do Brasil e do Mundo","publisher":{"@id":"https:\/\/www.notibras.com\/site\/#organization"},"potentialAction":[{"@type":"SearchAction","target":{"@type":"EntryPoint","urlTemplate":"https:\/\/www.notibras.com\/site\/?s={search_term_string}"},"query-input":{"@type":"PropertyValueSpecification","valueRequired":true,"valueName":"search_term_string"}}],"inLanguage":"pt-BR"},{"@type":"Organization","@id":"https:\/\/www.notibras.com\/site\/#organization","name":"Grupo Notibras de Comunica\u00e7\u00e3o","url":"https:\/\/www.notibras.com\/site\/","logo":{"@type":"ImageObject","inLanguage":"pt-BR","@id":"https:\/\/www.notibras.com\/site\/#\/schema\/logo\/image\/","url":"https:\/\/www.notibras.com\/site\/wp-content\/uploads\/2023\/01\/notibras23.png","contentUrl":"https:\/\/www.notibras.com\/site\/wp-content\/uploads\/2023\/01\/notibras23.png","width":350,"height":87,"caption":"Grupo Notibras de Comunica\u00e7\u00e3o"},"image":{"@id":"https:\/\/www.notibras.com\/site\/#\/schema\/logo\/image\/"},"sameAs":["https:\/\/www.facebook.com\/notibras\/","https:\/\/x.com\/Notibras","https:\/\/www.instagram.com\/notibras\/"]},{"@type":"Person","@id":"https:\/\/www.notibras.com\/site\/#\/schema\/person\/36ab0979449956132d3e5b517ea76ac8","name":"Reda\u00e7\u00e3o","image":{"@type":"ImageObject","inLanguage":"pt-BR","@id":"https:\/\/secure.gravatar.com\/avatar\/e0a867bdedb85fd243eadf09663511f96fc81e0720a4a42581f334ad4303aa6b?s=96&d=mm&r=g","url":"https:\/\/secure.gravatar.com\/avatar\/e0a867bdedb85fd243eadf09663511f96fc81e0720a4a42581f334ad4303aa6b?s=96&d=mm&r=g","contentUrl":"https:\/\/secure.gravatar.com\/avatar\/e0a867bdedb85fd243eadf09663511f96fc81e0720a4a42581f334ad4303aa6b?s=96&d=mm&r=g","caption":"Reda\u00e7\u00e3o"}}]}},"amp_enabled":true,"_links":{"self":[{"href":"https:\/\/www.notibras.com\/site\/wp-json\/wp\/v2\/posts\/71603","targetHints":{"allow":["GET"]}}],"collection":[{"href":"https:\/\/www.notibras.com\/site\/wp-json\/wp\/v2\/posts"}],"about":[{"href":"https:\/\/www.notibras.com\/site\/wp-json\/wp\/v2\/types\/post"}],"author":[{"embeddable":true,"href":"https:\/\/www.notibras.com\/site\/wp-json\/wp\/v2\/users\/2"}],"replies":[{"embeddable":true,"href":"https:\/\/www.notibras.com\/site\/wp-json\/wp\/v2\/comments?post=71603"}],"version-history":[{"count":1,"href":"https:\/\/www.notibras.com\/site\/wp-json\/wp\/v2\/posts\/71603\/revisions"}],"predecessor-version":[{"id":71605,"href":"https:\/\/www.notibras.com\/site\/wp-json\/wp\/v2\/posts\/71603\/revisions\/71605"}],"wp:featuredmedia":[{"embeddable":true,"href":"https:\/\/www.notibras.com\/site\/wp-json\/wp\/v2\/media\/71604"}],"wp:attachment":[{"href":"https:\/\/www.notibras.com\/site\/wp-json\/wp\/v2\/media?parent=71603"}],"wp:term":[{"taxonomy":"category","embeddable":true,"href":"https:\/\/www.notibras.com\/site\/wp-json\/wp\/v2\/categories?post=71603"},{"taxonomy":"post_tag","embeddable":true,"href":"https:\/\/www.notibras.com\/site\/wp-json\/wp\/v2\/tags?post=71603"}],"curies":[{"name":"wp","href":"https:\/\/api.w.org\/{rel}","templated":true}]}}