{"id":71606,"date":"2015-10-16T09:00:41","date_gmt":"2015-10-16T12:00:41","guid":{"rendered":"http:\/\/www.notibras.com\/site\/?p=71606"},"modified":"2015-10-16T09:00:41","modified_gmt":"2015-10-16T12:00:41","slug":"pecuarista-que-transitava-pelo-planalto-colocou-a-mao-em-5-milhoes-de-dolares","status":"publish","type":"post","link":"https:\/\/www.notibras.com\/site\/pecuarista-que-transitava-pelo-planalto-colocou-a-mao-em-5-milhoes-de-dolares\/","title":{"rendered":"Pecuarista que transitava pelo Planalto colocou a m\u00e3o em 5 milh\u00f5es de d\u00f3lares"},"content":{"rendered":"<p>O pecuarista Jos\u00e9 Carlos Bumlai, amigo do ex-presidente Luiz In\u00e1cio Lula da Silva, foi acusado por dois delatores da Opera\u00e7\u00e3o Lava Jato de ter acertado o pagamento de US$ 5 milh\u00f5es em propina para o ex-diretor da \u00e1rea Internacional da Petrobras Nestor Cerver\u00f3 e outros dois ex-gerentes da estatal. Os valores foram pagos pelo Grupo Schahin, em troca de contrato de opera\u00e7\u00e3o do navio-sonda Vit\u00f3ria 10.000, segundo os delatores.<\/p>\n<p>O nome de Bumlai aparece na dela\u00e7\u00e3o de Fernando Soares, o Fernando Baiano, condenado a 16 anos de pris\u00e3o por crimes de corrup\u00e7\u00e3o e lavagem de dinheiro desviado de esquema il\u00edcito instalado na Petrobras. Ele \u00e9 apontado como o bra\u00e7o do PMDB no arranjo montado na estatal. A outra cita\u00e7\u00e3o foi feita por Eduardo Musa, ex-gerente da \u00e1rea Internacional da petroleira. Cerver\u00f3 foi condenado a 12 anos de pris\u00e3o tamb\u00e9m pelos crimes de corrup\u00e7\u00e3o e lavagem de dinheiro.<\/p>\n<p>Segundo as investiga\u00e7\u00f5es, h\u00e1 registro de reuni\u00e3o entre Bumlai, Fernando Baiano, Cerver\u00f3, Eduardo Musa e o ex-gerente executivo da \u00e1rea Luis Carlos Moreira no escrit\u00f3rio do operador do PMDB, no Rio de Janeiro.<\/p>\n<p>Baiano est\u00e1 preso desde dezembro do ano passado, em Curitiba. Sua dela\u00e7\u00e3o foi fechada no Supremo Tribunal Federal (STF) e permanece em sigilo.<\/p>\n<p>O pagamento dos US$ 5 milh\u00f5es teria sido tratado diretamente por Fernando Schahin, filho de um dos fundadores do grupo, e dividido entre os tr\u00eas ex-executivos da Petrobras da Diretoria Internacional, da cota do PMDB no esquema de corrup\u00e7\u00e3o na estatal. Dois deles indicaram contas bancarias no Uruguai para receber suas partes e um, na Su\u00ed\u00e7a.<\/p>\n<p><b>Conselheiro &#8211;\u00a0<\/b>Apontado como &#8220;o pecuarista&#8221; em conversas de executivos investigados em Curitiba, Bumlai seria uma esp\u00e9cie de avalista dos neg\u00f3cios com a Schahin, segundo suspeita da Pol\u00edcia Federal. Seu nome ainda n\u00e3o havia sido citado diretamente nos neg\u00f3cios de propina alvos da for\u00e7a-tarefa da Lava Jato.<\/p>\n<p>Lula e Bumlai estreitaram rela\u00e7\u00f5es na campanha eleitoral de 2002. Desde ent\u00e3o, o pecuarista passou a ser um dos conselheiros com acesso direto ao ex-presidente. E-mails apreendidos na sede da empreiteira Odebrecht, em S\u00e3o Paulo, indicam que Bumlai, que gozava de acesso irrestrito ao gabinete da Presid\u00eancia na gest\u00e3o Lula, tentou, inclusive, agendar reuni\u00e3o com Marcelo Odebrecht, presidente da empresa, para tratar de assuntos relativos ao governo da presidente Dilma Rousseff, como as privatiza\u00e7\u00f5es de rodovias.<\/p>\n<p><b>Cunha &#8211;\u00a0<\/b>O navio-sonda Vit\u00f3ria 10.000 fez parte de um pacote de constru\u00e7\u00e3o de dois equipamentos do tipo, usados para explora\u00e7\u00e3o de petr\u00f3leo em \u00e1guas profundas. Contratados pela Diretoria Internacional, com negocia\u00e7\u00f5es iniciadas em 2005, por Cerver\u00f3, o pacote incluiu os termos de constru\u00e7\u00e3o e depois de opera\u00e7\u00e3o. Ambos, segundo a Lava Jato, envolvendo propina.<\/p>\n<p>O estaleiro Samsung Heavey Industries, em parceria com o Grupo Mitsui, foi o respons\u00e1vel pela constru\u00e7\u00e3o dos dois navios-sonda (Vit\u00f3ria 10.000 e Petrobras 10.000). Processo j\u00e1 julgado procedente pelo juiz respons\u00e1vel pelas a\u00e7\u00f5es penais da Lava Jato, S\u00e9rgio Moro, concluiu que a empresa pagou pelo menos US$ 30 milh\u00f5es de propina, via lobista J\u00falio Camargo, representante do estaleiro no Brasil, e Fernando Baiano nessa primeira etapa. Um dos beneficiados, segundo Camargo, foi o presidente da C\u00e2mara dos Deputados, Eduardo Cunha (PMDB-RJ), que recebeu pelo menos US$ 5 milh\u00f5es.<\/p>\n<p>As novas revela\u00e7\u00f5es de Fernando Baiano e do ex-gerente da \u00e1rea Internacional Eduardo Musa confirmam que a segunda fase de contrato do Vit\u00f3ria 10.000, para opera\u00e7\u00e3o do equipamento, tamb\u00e9m envolveu propina e a interfer\u00eancia direta de Bumlai.<\/p>\n<p>A Schahin foi contratada, por meio da Deep Black Drilling LLP, para opera\u00e7\u00e3o do Vitoria 10.000 durante 10 anos (2010-2020) pelo valor US$ 1,5 bilh\u00e3o. Apura\u00e7\u00f5es internas da Petrobras anexadas aos autos da Lava Jato indicaram problemas no contrato com a Schahin. &#8220;A demora em concretizar negocia\u00e7\u00e3o com a Schahin para a vinda do Vitoria 10.000 para o Brasil implicou custo de aproximadamente US$ 126 milh\u00f5es&#8221;, informa documento da estatal. &#8220;A escolha da Schahin como parceira foi discricion\u00e1ria.&#8221; O contrato foi rescindido pela Petrobras, em maio, ap\u00f3s o nome da empresa ser citado como uma das participantes do cartel alvo da Lava Jato. O grupo entrou esse ano em concordata.<\/p>\n<p><img loading=\"lazy\" decoding=\"async\" class=\"alignnone size-full wp-image-70065\" src=\"http:\/\/www.notibras.com\/site\/wp-content\/uploads\/2015\/10\/estadao.png\" alt=\"estadao\" width=\"99\" height=\"16\" \/><\/p>\n","protected":false},"excerpt":{"rendered":"<p>O pecuarista Jos\u00e9 Carlos Bumlai, amigo do ex-presidente Luiz In\u00e1cio Lula da Silva, foi acusado por dois delatores da Opera\u00e7\u00e3o Lava Jato de ter acertado o pagamento de US$ 5 milh\u00f5es em propina para o ex-diretor da \u00e1rea Internacional da Petrobras Nestor Cerver\u00f3 e outros dois ex-gerentes da estatal. Os valores foram pagos pelo Grupo [&hellip;]<\/p>\n","protected":false},"author":2,"featured_media":71607,"comment_status":"open","ping_status":"closed","sticky":false,"template":"","format":"standard","meta":{"_acf_changed":false,"footnotes":""},"categories":[16],"tags":[],"class_list":["post-71606","post","type-post","status-publish","format-standard","has-post-thumbnail","hentry","category-brasil"],"acf":[],"yoast_head":"<!-- This site is optimized with the Yoast SEO plugin v27.2 - https:\/\/yoast.com\/product\/yoast-seo-wordpress\/ -->\n<title>Pecuarista que transitava pelo Planalto colocou a m\u00e3o em 5 milh\u00f5es de d\u00f3lares - Notibras<\/title>\n<meta name=\"robots\" content=\"index, follow, max-snippet:-1, max-image-preview:large, max-video-preview:-1\" \/>\n<link rel=\"canonical\" href=\"https:\/\/www.notibras.com\/site\/pecuarista-que-transitava-pelo-planalto-colocou-a-mao-em-5-milhoes-de-dolares\/\" \/>\n<meta property=\"og:locale\" content=\"pt_BR\" \/>\n<meta property=\"og:type\" content=\"article\" \/>\n<meta property=\"og:title\" content=\"Pecuarista que transitava pelo Planalto colocou a m\u00e3o em 5 milh\u00f5es de d\u00f3lares - Notibras\" \/>\n<meta property=\"og:description\" content=\"O pecuarista Jos\u00e9 Carlos Bumlai, amigo do ex-presidente Luiz In\u00e1cio Lula da Silva, foi acusado por dois delatores da Opera\u00e7\u00e3o Lava Jato de ter acertado o pagamento de US$ 5 milh\u00f5es em propina para o ex-diretor da \u00e1rea Internacional da Petrobras Nestor Cerver\u00f3 e outros dois ex-gerentes da estatal. Os valores foram pagos pelo Grupo [&hellip;]\" \/>\n<meta property=\"og:url\" content=\"https:\/\/www.notibras.com\/site\/pecuarista-que-transitava-pelo-planalto-colocou-a-mao-em-5-milhoes-de-dolares\/\" \/>\n<meta property=\"og:site_name\" content=\"Notibras\" \/>\n<meta property=\"article:publisher\" content=\"https:\/\/www.facebook.com\/notibras\/\" \/>\n<meta property=\"article:published_time\" content=\"2015-10-16T12:00:41+00:00\" \/>\n<meta property=\"og:image\" content=\"https:\/\/www.notibras.com\/site\/wp-content\/uploads\/2015\/10\/pec16.jpeg\" \/>\n\t<meta property=\"og:image:width\" content=\"480\" \/>\n\t<meta property=\"og:image:height\" content=\"270\" \/>\n\t<meta property=\"og:image:type\" content=\"image\/jpeg\" \/>\n<meta name=\"author\" content=\"Reda\u00e7\u00e3o\" \/>\n<meta name=\"twitter:card\" content=\"summary_large_image\" \/>\n<meta name=\"twitter:creator\" content=\"@Notibras\" \/>\n<meta name=\"twitter:site\" content=\"@Notibras\" \/>\n<meta name=\"twitter:label1\" content=\"Escrito por\" \/>\n\t<meta name=\"twitter:data1\" content=\"Reda\u00e7\u00e3o\" \/>\n\t<meta name=\"twitter:label2\" content=\"Est. tempo de leitura\" \/>\n\t<meta name=\"twitter:data2\" content=\"4 minutos\" \/>\n<script type=\"application\/ld+json\" class=\"yoast-schema-graph\">{\"@context\":\"https:\/\/schema.org\",\"@graph\":[{\"@type\":\"Article\",\"@id\":\"https:\/\/www.notibras.com\/site\/pecuarista-que-transitava-pelo-planalto-colocou-a-mao-em-5-milhoes-de-dolares\/#article\",\"isPartOf\":{\"@id\":\"https:\/\/www.notibras.com\/site\/pecuarista-que-transitava-pelo-planalto-colocou-a-mao-em-5-milhoes-de-dolares\/\"},\"author\":{\"name\":\"Reda\u00e7\u00e3o\",\"@id\":\"https:\/\/www.notibras.com\/site\/#\/schema\/person\/36ab0979449956132d3e5b517ea76ac8\"},\"headline\":\"Pecuarista que transitava pelo Planalto colocou a m\u00e3o em 5 milh\u00f5es de d\u00f3lares\",\"datePublished\":\"2015-10-16T12:00:41+00:00\",\"mainEntityOfPage\":{\"@id\":\"https:\/\/www.notibras.com\/site\/pecuarista-que-transitava-pelo-planalto-colocou-a-mao-em-5-milhoes-de-dolares\/\"},\"wordCount\":732,\"commentCount\":0,\"publisher\":{\"@id\":\"https:\/\/www.notibras.com\/site\/#organization\"},\"image\":{\"@id\":\"https:\/\/www.notibras.com\/site\/pecuarista-que-transitava-pelo-planalto-colocou-a-mao-em-5-milhoes-de-dolares\/#primaryimage\"},\"thumbnailUrl\":\"https:\/\/www.notibras.com\/site\/wp-content\/uploads\/2015\/10\/pec16.jpeg\",\"articleSection\":[\"Brasil\"],\"inLanguage\":\"pt-BR\",\"potentialAction\":[{\"@type\":\"CommentAction\",\"name\":\"Comment\",\"target\":[\"https:\/\/www.notibras.com\/site\/pecuarista-que-transitava-pelo-planalto-colocou-a-mao-em-5-milhoes-de-dolares\/#respond\"]}]},{\"@type\":\"WebPage\",\"@id\":\"https:\/\/www.notibras.com\/site\/pecuarista-que-transitava-pelo-planalto-colocou-a-mao-em-5-milhoes-de-dolares\/\",\"url\":\"https:\/\/www.notibras.com\/site\/pecuarista-que-transitava-pelo-planalto-colocou-a-mao-em-5-milhoes-de-dolares\/\",\"name\":\"Pecuarista que transitava pelo Planalto colocou a m\u00e3o em 5 milh\u00f5es de d\u00f3lares - Notibras\",\"isPartOf\":{\"@id\":\"https:\/\/www.notibras.com\/site\/#website\"},\"primaryImageOfPage\":{\"@id\":\"https:\/\/www.notibras.com\/site\/pecuarista-que-transitava-pelo-planalto-colocou-a-mao-em-5-milhoes-de-dolares\/#primaryimage\"},\"image\":{\"@id\":\"https:\/\/www.notibras.com\/site\/pecuarista-que-transitava-pelo-planalto-colocou-a-mao-em-5-milhoes-de-dolares\/#primaryimage\"},\"thumbnailUrl\":\"https:\/\/www.notibras.com\/site\/wp-content\/uploads\/2015\/10\/pec16.jpeg\",\"datePublished\":\"2015-10-16T12:00:41+00:00\",\"breadcrumb\":{\"@id\":\"https:\/\/www.notibras.com\/site\/pecuarista-que-transitava-pelo-planalto-colocou-a-mao-em-5-milhoes-de-dolares\/#breadcrumb\"},\"inLanguage\":\"pt-BR\",\"potentialAction\":[{\"@type\":\"ReadAction\",\"target\":[\"https:\/\/www.notibras.com\/site\/pecuarista-que-transitava-pelo-planalto-colocou-a-mao-em-5-milhoes-de-dolares\/\"]}]},{\"@type\":\"ImageObject\",\"inLanguage\":\"pt-BR\",\"@id\":\"https:\/\/www.notibras.com\/site\/pecuarista-que-transitava-pelo-planalto-colocou-a-mao-em-5-milhoes-de-dolares\/#primaryimage\",\"url\":\"https:\/\/www.notibras.com\/site\/wp-content\/uploads\/2015\/10\/pec16.jpeg\",\"contentUrl\":\"https:\/\/www.notibras.com\/site\/wp-content\/uploads\/2015\/10\/pec16.jpeg\",\"width\":480,\"height\":270},{\"@type\":\"BreadcrumbList\",\"@id\":\"https:\/\/www.notibras.com\/site\/pecuarista-que-transitava-pelo-planalto-colocou-a-mao-em-5-milhoes-de-dolares\/#breadcrumb\",\"itemListElement\":[{\"@type\":\"ListItem\",\"position\":1,\"name\":\"In\u00edcio\",\"item\":\"https:\/\/www.notibras.com\/site\/\"},{\"@type\":\"ListItem\",\"position\":2,\"name\":\"Pecuarista que transitava pelo Planalto colocou a m\u00e3o em 5 milh\u00f5es de d\u00f3lares\"}]},{\"@type\":\"WebSite\",\"@id\":\"https:\/\/www.notibras.com\/site\/#website\",\"url\":\"https:\/\/www.notibras.com\/site\/\",\"name\":\"Notibras\",\"description\":\"Not\u00edcias de Bras\u00edlia, do Brasil e do Mundo\",\"publisher\":{\"@id\":\"https:\/\/www.notibras.com\/site\/#organization\"},\"potentialAction\":[{\"@type\":\"SearchAction\",\"target\":{\"@type\":\"EntryPoint\",\"urlTemplate\":\"https:\/\/www.notibras.com\/site\/?s={search_term_string}\"},\"query-input\":{\"@type\":\"PropertyValueSpecification\",\"valueRequired\":true,\"valueName\":\"search_term_string\"}}],\"inLanguage\":\"pt-BR\"},{\"@type\":\"Organization\",\"@id\":\"https:\/\/www.notibras.com\/site\/#organization\",\"name\":\"Grupo Notibras de Comunica\u00e7\u00e3o\",\"url\":\"https:\/\/www.notibras.com\/site\/\",\"logo\":{\"@type\":\"ImageObject\",\"inLanguage\":\"pt-BR\",\"@id\":\"https:\/\/www.notibras.com\/site\/#\/schema\/logo\/image\/\",\"url\":\"https:\/\/www.notibras.com\/site\/wp-content\/uploads\/2023\/01\/notibras23.png\",\"contentUrl\":\"https:\/\/www.notibras.com\/site\/wp-content\/uploads\/2023\/01\/notibras23.png\",\"width\":350,\"height\":87,\"caption\":\"Grupo Notibras de Comunica\u00e7\u00e3o\"},\"image\":{\"@id\":\"https:\/\/www.notibras.com\/site\/#\/schema\/logo\/image\/\"},\"sameAs\":[\"https:\/\/www.facebook.com\/notibras\/\",\"https:\/\/x.com\/Notibras\",\"https:\/\/www.instagram.com\/notibras\/\"]},{\"@type\":\"Person\",\"@id\":\"https:\/\/www.notibras.com\/site\/#\/schema\/person\/36ab0979449956132d3e5b517ea76ac8\",\"name\":\"Reda\u00e7\u00e3o\",\"image\":{\"@type\":\"ImageObject\",\"inLanguage\":\"pt-BR\",\"@id\":\"https:\/\/secure.gravatar.com\/avatar\/e0a867bdedb85fd243eadf09663511f96fc81e0720a4a42581f334ad4303aa6b?s=96&d=mm&r=g\",\"url\":\"https:\/\/secure.gravatar.com\/avatar\/e0a867bdedb85fd243eadf09663511f96fc81e0720a4a42581f334ad4303aa6b?s=96&d=mm&r=g\",\"contentUrl\":\"https:\/\/secure.gravatar.com\/avatar\/e0a867bdedb85fd243eadf09663511f96fc81e0720a4a42581f334ad4303aa6b?s=96&d=mm&r=g\",\"caption\":\"Reda\u00e7\u00e3o\"}}]}<\/script>\n<!-- \/ Yoast SEO plugin. -->","yoast_head_json":{"title":"Pecuarista que transitava pelo Planalto colocou a m\u00e3o em 5 milh\u00f5es de d\u00f3lares - Notibras","robots":{"index":"index","follow":"follow","max-snippet":"max-snippet:-1","max-image-preview":"max-image-preview:large","max-video-preview":"max-video-preview:-1"},"canonical":"https:\/\/www.notibras.com\/site\/pecuarista-que-transitava-pelo-planalto-colocou-a-mao-em-5-milhoes-de-dolares\/","og_locale":"pt_BR","og_type":"article","og_title":"Pecuarista que transitava pelo Planalto colocou a m\u00e3o em 5 milh\u00f5es de d\u00f3lares - Notibras","og_description":"O pecuarista Jos\u00e9 Carlos Bumlai, amigo do ex-presidente Luiz In\u00e1cio Lula da Silva, foi acusado por dois delatores da Opera\u00e7\u00e3o Lava Jato de ter acertado o pagamento de US$ 5 milh\u00f5es em propina para o ex-diretor da \u00e1rea Internacional da Petrobras Nestor Cerver\u00f3 e outros dois ex-gerentes da estatal. Os valores foram pagos pelo Grupo [&hellip;]","og_url":"https:\/\/www.notibras.com\/site\/pecuarista-que-transitava-pelo-planalto-colocou-a-mao-em-5-milhoes-de-dolares\/","og_site_name":"Notibras","article_publisher":"https:\/\/www.facebook.com\/notibras\/","article_published_time":"2015-10-16T12:00:41+00:00","og_image":[{"width":480,"height":270,"url":"https:\/\/www.notibras.com\/site\/wp-content\/uploads\/2015\/10\/pec16.jpeg","type":"image\/jpeg"}],"author":"Reda\u00e7\u00e3o","twitter_card":"summary_large_image","twitter_creator":"@Notibras","twitter_site":"@Notibras","twitter_misc":{"Escrito por":"Reda\u00e7\u00e3o","Est. tempo de leitura":"4 minutos"},"schema":{"@context":"https:\/\/schema.org","@graph":[{"@type":"Article","@id":"https:\/\/www.notibras.com\/site\/pecuarista-que-transitava-pelo-planalto-colocou-a-mao-em-5-milhoes-de-dolares\/#article","isPartOf":{"@id":"https:\/\/www.notibras.com\/site\/pecuarista-que-transitava-pelo-planalto-colocou-a-mao-em-5-milhoes-de-dolares\/"},"author":{"name":"Reda\u00e7\u00e3o","@id":"https:\/\/www.notibras.com\/site\/#\/schema\/person\/36ab0979449956132d3e5b517ea76ac8"},"headline":"Pecuarista que transitava pelo Planalto colocou a m\u00e3o em 5 milh\u00f5es de d\u00f3lares","datePublished":"2015-10-16T12:00:41+00:00","mainEntityOfPage":{"@id":"https:\/\/www.notibras.com\/site\/pecuarista-que-transitava-pelo-planalto-colocou-a-mao-em-5-milhoes-de-dolares\/"},"wordCount":732,"commentCount":0,"publisher":{"@id":"https:\/\/www.notibras.com\/site\/#organization"},"image":{"@id":"https:\/\/www.notibras.com\/site\/pecuarista-que-transitava-pelo-planalto-colocou-a-mao-em-5-milhoes-de-dolares\/#primaryimage"},"thumbnailUrl":"https:\/\/www.notibras.com\/site\/wp-content\/uploads\/2015\/10\/pec16.jpeg","articleSection":["Brasil"],"inLanguage":"pt-BR","potentialAction":[{"@type":"CommentAction","name":"Comment","target":["https:\/\/www.notibras.com\/site\/pecuarista-que-transitava-pelo-planalto-colocou-a-mao-em-5-milhoes-de-dolares\/#respond"]}]},{"@type":"WebPage","@id":"https:\/\/www.notibras.com\/site\/pecuarista-que-transitava-pelo-planalto-colocou-a-mao-em-5-milhoes-de-dolares\/","url":"https:\/\/www.notibras.com\/site\/pecuarista-que-transitava-pelo-planalto-colocou-a-mao-em-5-milhoes-de-dolares\/","name":"Pecuarista que transitava pelo Planalto colocou a m\u00e3o em 5 milh\u00f5es de d\u00f3lares - Notibras","isPartOf":{"@id":"https:\/\/www.notibras.com\/site\/#website"},"primaryImageOfPage":{"@id":"https:\/\/www.notibras.com\/site\/pecuarista-que-transitava-pelo-planalto-colocou-a-mao-em-5-milhoes-de-dolares\/#primaryimage"},"image":{"@id":"https:\/\/www.notibras.com\/site\/pecuarista-que-transitava-pelo-planalto-colocou-a-mao-em-5-milhoes-de-dolares\/#primaryimage"},"thumbnailUrl":"https:\/\/www.notibras.com\/site\/wp-content\/uploads\/2015\/10\/pec16.jpeg","datePublished":"2015-10-16T12:00:41+00:00","breadcrumb":{"@id":"https:\/\/www.notibras.com\/site\/pecuarista-que-transitava-pelo-planalto-colocou-a-mao-em-5-milhoes-de-dolares\/#breadcrumb"},"inLanguage":"pt-BR","potentialAction":[{"@type":"ReadAction","target":["https:\/\/www.notibras.com\/site\/pecuarista-que-transitava-pelo-planalto-colocou-a-mao-em-5-milhoes-de-dolares\/"]}]},{"@type":"ImageObject","inLanguage":"pt-BR","@id":"https:\/\/www.notibras.com\/site\/pecuarista-que-transitava-pelo-planalto-colocou-a-mao-em-5-milhoes-de-dolares\/#primaryimage","url":"https:\/\/www.notibras.com\/site\/wp-content\/uploads\/2015\/10\/pec16.jpeg","contentUrl":"https:\/\/www.notibras.com\/site\/wp-content\/uploads\/2015\/10\/pec16.jpeg","width":480,"height":270},{"@type":"BreadcrumbList","@id":"https:\/\/www.notibras.com\/site\/pecuarista-que-transitava-pelo-planalto-colocou-a-mao-em-5-milhoes-de-dolares\/#breadcrumb","itemListElement":[{"@type":"ListItem","position":1,"name":"In\u00edcio","item":"https:\/\/www.notibras.com\/site\/"},{"@type":"ListItem","position":2,"name":"Pecuarista que transitava pelo Planalto colocou a m\u00e3o em 5 milh\u00f5es de d\u00f3lares"}]},{"@type":"WebSite","@id":"https:\/\/www.notibras.com\/site\/#website","url":"https:\/\/www.notibras.com\/site\/","name":"Notibras","description":"Not\u00edcias de Bras\u00edlia, do Brasil e do Mundo","publisher":{"@id":"https:\/\/www.notibras.com\/site\/#organization"},"potentialAction":[{"@type":"SearchAction","target":{"@type":"EntryPoint","urlTemplate":"https:\/\/www.notibras.com\/site\/?s={search_term_string}"},"query-input":{"@type":"PropertyValueSpecification","valueRequired":true,"valueName":"search_term_string"}}],"inLanguage":"pt-BR"},{"@type":"Organization","@id":"https:\/\/www.notibras.com\/site\/#organization","name":"Grupo Notibras de Comunica\u00e7\u00e3o","url":"https:\/\/www.notibras.com\/site\/","logo":{"@type":"ImageObject","inLanguage":"pt-BR","@id":"https:\/\/www.notibras.com\/site\/#\/schema\/logo\/image\/","url":"https:\/\/www.notibras.com\/site\/wp-content\/uploads\/2023\/01\/notibras23.png","contentUrl":"https:\/\/www.notibras.com\/site\/wp-content\/uploads\/2023\/01\/notibras23.png","width":350,"height":87,"caption":"Grupo Notibras de Comunica\u00e7\u00e3o"},"image":{"@id":"https:\/\/www.notibras.com\/site\/#\/schema\/logo\/image\/"},"sameAs":["https:\/\/www.facebook.com\/notibras\/","https:\/\/x.com\/Notibras","https:\/\/www.instagram.com\/notibras\/"]},{"@type":"Person","@id":"https:\/\/www.notibras.com\/site\/#\/schema\/person\/36ab0979449956132d3e5b517ea76ac8","name":"Reda\u00e7\u00e3o","image":{"@type":"ImageObject","inLanguage":"pt-BR","@id":"https:\/\/secure.gravatar.com\/avatar\/e0a867bdedb85fd243eadf09663511f96fc81e0720a4a42581f334ad4303aa6b?s=96&d=mm&r=g","url":"https:\/\/secure.gravatar.com\/avatar\/e0a867bdedb85fd243eadf09663511f96fc81e0720a4a42581f334ad4303aa6b?s=96&d=mm&r=g","contentUrl":"https:\/\/secure.gravatar.com\/avatar\/e0a867bdedb85fd243eadf09663511f96fc81e0720a4a42581f334ad4303aa6b?s=96&d=mm&r=g","caption":"Reda\u00e7\u00e3o"}}]}},"amp_enabled":true,"_links":{"self":[{"href":"https:\/\/www.notibras.com\/site\/wp-json\/wp\/v2\/posts\/71606","targetHints":{"allow":["GET"]}}],"collection":[{"href":"https:\/\/www.notibras.com\/site\/wp-json\/wp\/v2\/posts"}],"about":[{"href":"https:\/\/www.notibras.com\/site\/wp-json\/wp\/v2\/types\/post"}],"author":[{"embeddable":true,"href":"https:\/\/www.notibras.com\/site\/wp-json\/wp\/v2\/users\/2"}],"replies":[{"embeddable":true,"href":"https:\/\/www.notibras.com\/site\/wp-json\/wp\/v2\/comments?post=71606"}],"version-history":[{"count":1,"href":"https:\/\/www.notibras.com\/site\/wp-json\/wp\/v2\/posts\/71606\/revisions"}],"predecessor-version":[{"id":71608,"href":"https:\/\/www.notibras.com\/site\/wp-json\/wp\/v2\/posts\/71606\/revisions\/71608"}],"wp:featuredmedia":[{"embeddable":true,"href":"https:\/\/www.notibras.com\/site\/wp-json\/wp\/v2\/media\/71607"}],"wp:attachment":[{"href":"https:\/\/www.notibras.com\/site\/wp-json\/wp\/v2\/media?parent=71606"}],"wp:term":[{"taxonomy":"category","embeddable":true,"href":"https:\/\/www.notibras.com\/site\/wp-json\/wp\/v2\/categories?post=71606"},{"taxonomy":"post_tag","embeddable":true,"href":"https:\/\/www.notibras.com\/site\/wp-json\/wp\/v2\/tags?post=71606"}],"curies":[{"name":"wp","href":"https:\/\/api.w.org\/{rel}","templated":true}]}}