{"id":71612,"date":"2015-10-16T08:08:30","date_gmt":"2015-10-16T11:08:30","guid":{"rendered":"http:\/\/www.notibras.com\/site\/?p=71612"},"modified":"2016-07-30T16:52:26","modified_gmt":"2016-07-30T19:52:26","slug":"estudo-revela-que-homem-pre-historico-so-dormia-6-horas-e-meia-por-noite","status":"publish","type":"post","link":"https:\/\/www.notibras.com\/site\/estudo-revela-que-homem-pre-historico-so-dormia-6-horas-e-meia-por-noite\/","title":{"rendered":"Estudo revela que homem pr\u00e9-hist\u00f3rico s\u00f3 dormia 6 horas e meia por noite, sem ins\u00f4nia"},"content":{"rendered":"<p>O homem pr\u00e9-hist\u00f3rico n\u00e3o dormia mais que o homem moderno, de acordo com um novo estudo. A fim de descobrir como dormiam os povos ancestrais, um grupo de cientistas estudou os padr\u00f5es de sono de comunidades tradicionais em tr\u00eas pa\u00edses. A conclus\u00e3o contraria o senso comum: mesmo sem as perturba\u00e7\u00f5es t\u00edpicas da vida moderna, as poula\u00e7\u00f5es de ca\u00e7adores-coletores dormiam em m\u00e9dia 6,5 horas por noite.<\/p>\n<p>O estudo, publicado nesta quinta, 15, na revista cient\u00edfica Current Biology, mostra tamb\u00e9m que povos tradicionais da Bol\u00edvia, da Nam\u00edbia e da Tanz\u00e2nia n\u00e3o tiram sonecas regulares, nem v\u00e3o dormir logo que escurece, como seria esperado para comunidades sem acesso a luz el\u00e9trica, TV, internet e ru\u00eddos da cidade.<\/p>\n<p>&#8220;O tipo de sono dessas popula\u00e7\u00f5es desafia a cren\u00e7a de que o sono foi altamente reduzido no mundo moderno. Isso tem importantes consequ\u00eancias para a ideia de que precisamos de p\u00edlulas para dormir, j\u00e1 que o sono teria sido reduzido de seu &#8216;padr\u00e3o natural&#8217; pelo amplo uso da eletricidade, das TVs, da internet e assim por diante&#8221;, disse um dos autores do estudo, Jerome Siegel, da Universidade de Calif\u00f3rnia, nos Estados Unidos.<\/p>\n<p>Para descobrir como as pessoas dormiam antes da era moderna, os cientistas estudaram tr\u00eas sociedades de ca\u00e7adores-coletores que vivem como os povos primitivos: duas na \u00c1frica &#8211; os Hadza, da Tanz\u00e2nia e os San, da Nam\u00edbia &#8211; e uma na Am\u00e9rica do Sul, os Tsimane, da Bol\u00edvia. Os pesquisadores coordenados por Siegel registraram os h\u00e1bitos de sono de 94 indiv\u00edduos e coletaram dados que representam um total de 1165 dias.<\/p>\n<p>Um dos achados mais surpreendentes do estudo \u00e9 que h\u00e1 uma grande semelhan\u00e7a entre os tr\u00eas grupos. &#8220;Apesar da variedade gen\u00e9tica e das diferen\u00e7as de hist\u00f3ria e de ambiente dessas popula\u00e7\u00f5es, descobrimos que os tr\u00eas grupos mostram uma organiza\u00e7\u00e3o de sono similar. Isso sugere que eles expressam o \u00e2mago dos padr\u00f5es humanos de sono, provavelmente caracter\u00edsticos do Homo sapiens da era pr\u00e9-moderna&#8221;, disse Siegel.<\/p>\n<p>O tempo m\u00e9dio de sono dos grupos varia entre 5,7 horas e 7,1 horas &#8211; equivalente \u00e0 dura\u00e7\u00e3o do sono registrada nas sociedades industriais.<\/p>\n<p>Jerry Siegel, da Universidade da Calif\u00f3rnia, com membros da popula\u00e7\u00e3o San, no deserto de Kalahari, na Nam\u00edbia; estudo mostrou que ca\u00e7adores-coletores dormem em m\u00e9dia 6,5 horas por noite, assim como as popula\u00e7\u00f5es urbanas<\/p>\n<p>Jerry Siegel, da Universidade da Calif\u00f3rnia, com membros da popula\u00e7\u00e3o San, no deserto de Kalahari, na Nam\u00edbia; estudo mostrou que ca\u00e7adores-coletores dormem em m\u00e9dia 6,5 horas por noite, assim como as popula\u00e7\u00f5es urbanas<\/p>\n<p>Os ca\u00e7adores-coletores dormem uma hora a mais no inverno, em compara\u00e7\u00e3o ao ver\u00e3o. Embora n\u00e3o possuam acesso \u00e0 luz el\u00e9trica, nenhum dos grupos tem o h\u00e1bito de ir dormir com o Sol. Em m\u00e9dia, eles ficam acordados pouco mais de tr\u00eas horas ap\u00f3s o por do sol e se levantam antes do amanhecer.<\/p>\n<p>O estudo indica, segundo os autores, que o tempo de sono tem mais rela\u00e7\u00e3o com a temperatura que com a luz. Todos os grupos estudados v\u00e3o se deitar quando a temperatura cai e dormem ao longo da parte mais fria da noite.<\/p>\n<p><b>Sem ins\u00f4nia &#8211;\u00a0<\/b>Foi descoberta tamb\u00e9m uma importante diferen\u00e7a entre os ca\u00e7adores-coletores e o homem da sociedade industrial: muito poucos deles sofrem de ins\u00f4nia cr\u00f4nica &#8211; uma queixa comum em pa\u00edses industrializados. Segundo os cientistas, isso levanta uma possibilidade interessante.<\/p>\n<p>&#8220;Imitar aspectos do ambiente natural experimentado por esses grupos pode ser uma solu\u00e7\u00e3o eficaz para tratar certos dist\u00farbios modernos do sono, em particular a ins\u00f4nia, um transtorno que afeta mais de 20% da popula\u00e7\u00e3o em pa\u00edses como os Estados Unidos&#8221;, afirmou Siegel.<\/p>\n<p><img loading=\"lazy\" decoding=\"async\" class=\"alignnone size-full wp-image-70065\" src=\"http:\/\/www.notibras.com\/site\/wp-content\/uploads\/2015\/10\/estadao.png\" alt=\"estadao\" width=\"99\" height=\"16\" \/><\/p>\n","protected":false},"excerpt":{"rendered":"<p>O homem pr\u00e9-hist\u00f3rico n\u00e3o dormia mais que o homem moderno, de acordo com um novo estudo. A fim de descobrir como dormiam os povos ancestrais, um grupo de cientistas estudou os padr\u00f5es de sono de comunidades tradicionais em tr\u00eas pa\u00edses. A conclus\u00e3o contraria o senso comum: mesmo sem as perturba\u00e7\u00f5es t\u00edpicas da vida moderna, as [&hellip;]<\/p>\n","protected":false},"author":2,"featured_media":71613,"comment_status":"open","ping_status":"closed","sticky":false,"template":"","format":"standard","meta":{"_acf_changed":false,"footnotes":""},"categories":[71],"tags":[],"class_list":["post-71612","post","type-post","status-publish","format-standard","has-post-thumbnail","hentry","category-curiosidades"],"acf":[],"yoast_head":"<!-- This site is optimized with the Yoast SEO plugin v27.2 - https:\/\/yoast.com\/product\/yoast-seo-wordpress\/ -->\n<title>Estudo revela que homem pr\u00e9-hist\u00f3rico s\u00f3 dormia 6 horas e meia por noite, sem ins\u00f4nia - Notibras<\/title>\n<meta name=\"robots\" content=\"index, follow, max-snippet:-1, max-image-preview:large, max-video-preview:-1\" \/>\n<link rel=\"canonical\" href=\"https:\/\/www.notibras.com\/site\/estudo-revela-que-homem-pre-historico-so-dormia-6-horas-e-meia-por-noite\/\" \/>\n<meta property=\"og:locale\" content=\"pt_BR\" \/>\n<meta property=\"og:type\" content=\"article\" \/>\n<meta property=\"og:title\" content=\"Estudo revela que homem pr\u00e9-hist\u00f3rico s\u00f3 dormia 6 horas e meia por noite, sem ins\u00f4nia - Notibras\" \/>\n<meta property=\"og:description\" content=\"O homem pr\u00e9-hist\u00f3rico n\u00e3o dormia mais que o homem moderno, de acordo com um novo estudo. A fim de descobrir como dormiam os povos ancestrais, um grupo de cientistas estudou os padr\u00f5es de sono de comunidades tradicionais em tr\u00eas pa\u00edses. A conclus\u00e3o contraria o senso comum: mesmo sem as perturba\u00e7\u00f5es t\u00edpicas da vida moderna, as [&hellip;]\" \/>\n<meta property=\"og:url\" content=\"https:\/\/www.notibras.com\/site\/estudo-revela-que-homem-pre-historico-so-dormia-6-horas-e-meia-por-noite\/\" \/>\n<meta property=\"og:site_name\" content=\"Notibras\" \/>\n<meta property=\"article:publisher\" content=\"https:\/\/www.facebook.com\/notibras\/\" \/>\n<meta property=\"article:published_time\" content=\"2015-10-16T11:08:30+00:00\" \/>\n<meta property=\"article:modified_time\" content=\"2016-07-30T19:52:26+00:00\" \/>\n<meta property=\"og:image\" content=\"https:\/\/www.notibras.com\/site\/wp-content\/uploads\/2015\/10\/naom_56203bbd62600.jpg\" \/>\n\t<meta property=\"og:image:width\" content=\"700\" \/>\n\t<meta property=\"og:image:height\" content=\"614\" \/>\n\t<meta property=\"og:image:type\" content=\"image\/jpeg\" \/>\n<meta name=\"author\" content=\"Reda\u00e7\u00e3o\" \/>\n<meta name=\"twitter:card\" content=\"summary_large_image\" \/>\n<meta name=\"twitter:creator\" content=\"@Notibras\" \/>\n<meta name=\"twitter:site\" content=\"@Notibras\" \/>\n<meta name=\"twitter:label1\" content=\"Escrito por\" \/>\n\t<meta name=\"twitter:data1\" content=\"Reda\u00e7\u00e3o\" \/>\n\t<meta name=\"twitter:label2\" content=\"Est. tempo de leitura\" \/>\n\t<meta name=\"twitter:data2\" content=\"3 minutos\" \/>\n<script type=\"application\/ld+json\" class=\"yoast-schema-graph\">{\"@context\":\"https:\/\/schema.org\",\"@graph\":[{\"@type\":\"Article\",\"@id\":\"https:\/\/www.notibras.com\/site\/estudo-revela-que-homem-pre-historico-so-dormia-6-horas-e-meia-por-noite\/#article\",\"isPartOf\":{\"@id\":\"https:\/\/www.notibras.com\/site\/estudo-revela-que-homem-pre-historico-so-dormia-6-horas-e-meia-por-noite\/\"},\"author\":{\"name\":\"Reda\u00e7\u00e3o\",\"@id\":\"https:\/\/www.notibras.com\/site\/#\/schema\/person\/36ab0979449956132d3e5b517ea76ac8\"},\"headline\":\"Estudo revela que homem pr\u00e9-hist\u00f3rico s\u00f3 dormia 6 horas e meia por noite, sem ins\u00f4nia\",\"datePublished\":\"2015-10-16T11:08:30+00:00\",\"dateModified\":\"2016-07-30T19:52:26+00:00\",\"mainEntityOfPage\":{\"@id\":\"https:\/\/www.notibras.com\/site\/estudo-revela-que-homem-pre-historico-so-dormia-6-horas-e-meia-por-noite\/\"},\"wordCount\":675,\"commentCount\":0,\"publisher\":{\"@id\":\"https:\/\/www.notibras.com\/site\/#organization\"},\"image\":{\"@id\":\"https:\/\/www.notibras.com\/site\/estudo-revela-que-homem-pre-historico-so-dormia-6-horas-e-meia-por-noite\/#primaryimage\"},\"thumbnailUrl\":\"https:\/\/www.notibras.com\/site\/wp-content\/uploads\/2015\/10\/naom_56203bbd62600.jpg\",\"articleSection\":[\"Curiosidades\"],\"inLanguage\":\"pt-BR\",\"potentialAction\":[{\"@type\":\"CommentAction\",\"name\":\"Comment\",\"target\":[\"https:\/\/www.notibras.com\/site\/estudo-revela-que-homem-pre-historico-so-dormia-6-horas-e-meia-por-noite\/#respond\"]}]},{\"@type\":\"WebPage\",\"@id\":\"https:\/\/www.notibras.com\/site\/estudo-revela-que-homem-pre-historico-so-dormia-6-horas-e-meia-por-noite\/\",\"url\":\"https:\/\/www.notibras.com\/site\/estudo-revela-que-homem-pre-historico-so-dormia-6-horas-e-meia-por-noite\/\",\"name\":\"Estudo revela que homem pr\u00e9-hist\u00f3rico s\u00f3 dormia 6 horas e meia por noite, sem ins\u00f4nia - Notibras\",\"isPartOf\":{\"@id\":\"https:\/\/www.notibras.com\/site\/#website\"},\"primaryImageOfPage\":{\"@id\":\"https:\/\/www.notibras.com\/site\/estudo-revela-que-homem-pre-historico-so-dormia-6-horas-e-meia-por-noite\/#primaryimage\"},\"image\":{\"@id\":\"https:\/\/www.notibras.com\/site\/estudo-revela-que-homem-pre-historico-so-dormia-6-horas-e-meia-por-noite\/#primaryimage\"},\"thumbnailUrl\":\"https:\/\/www.notibras.com\/site\/wp-content\/uploads\/2015\/10\/naom_56203bbd62600.jpg\",\"datePublished\":\"2015-10-16T11:08:30+00:00\",\"dateModified\":\"2016-07-30T19:52:26+00:00\",\"breadcrumb\":{\"@id\":\"https:\/\/www.notibras.com\/site\/estudo-revela-que-homem-pre-historico-so-dormia-6-horas-e-meia-por-noite\/#breadcrumb\"},\"inLanguage\":\"pt-BR\",\"potentialAction\":[{\"@type\":\"ReadAction\",\"target\":[\"https:\/\/www.notibras.com\/site\/estudo-revela-que-homem-pre-historico-so-dormia-6-horas-e-meia-por-noite\/\"]}]},{\"@type\":\"ImageObject\",\"inLanguage\":\"pt-BR\",\"@id\":\"https:\/\/www.notibras.com\/site\/estudo-revela-que-homem-pre-historico-so-dormia-6-horas-e-meia-por-noite\/#primaryimage\",\"url\":\"https:\/\/www.notibras.com\/site\/wp-content\/uploads\/2015\/10\/naom_56203bbd62600.jpg\",\"contentUrl\":\"https:\/\/www.notibras.com\/site\/wp-content\/uploads\/2015\/10\/naom_56203bbd62600.jpg\",\"width\":700,\"height\":614},{\"@type\":\"BreadcrumbList\",\"@id\":\"https:\/\/www.notibras.com\/site\/estudo-revela-que-homem-pre-historico-so-dormia-6-horas-e-meia-por-noite\/#breadcrumb\",\"itemListElement\":[{\"@type\":\"ListItem\",\"position\":1,\"name\":\"In\u00edcio\",\"item\":\"https:\/\/www.notibras.com\/site\/\"},{\"@type\":\"ListItem\",\"position\":2,\"name\":\"Estudo revela que homem pr\u00e9-hist\u00f3rico s\u00f3 dormia 6 horas e meia por noite, sem ins\u00f4nia\"}]},{\"@type\":\"WebSite\",\"@id\":\"https:\/\/www.notibras.com\/site\/#website\",\"url\":\"https:\/\/www.notibras.com\/site\/\",\"name\":\"Notibras\",\"description\":\"Not\u00edcias de Bras\u00edlia, do Brasil e do Mundo\",\"publisher\":{\"@id\":\"https:\/\/www.notibras.com\/site\/#organization\"},\"potentialAction\":[{\"@type\":\"SearchAction\",\"target\":{\"@type\":\"EntryPoint\",\"urlTemplate\":\"https:\/\/www.notibras.com\/site\/?s={search_term_string}\"},\"query-input\":{\"@type\":\"PropertyValueSpecification\",\"valueRequired\":true,\"valueName\":\"search_term_string\"}}],\"inLanguage\":\"pt-BR\"},{\"@type\":\"Organization\",\"@id\":\"https:\/\/www.notibras.com\/site\/#organization\",\"name\":\"Grupo Notibras de Comunica\u00e7\u00e3o\",\"url\":\"https:\/\/www.notibras.com\/site\/\",\"logo\":{\"@type\":\"ImageObject\",\"inLanguage\":\"pt-BR\",\"@id\":\"https:\/\/www.notibras.com\/site\/#\/schema\/logo\/image\/\",\"url\":\"https:\/\/www.notibras.com\/site\/wp-content\/uploads\/2023\/01\/notibras23.png\",\"contentUrl\":\"https:\/\/www.notibras.com\/site\/wp-content\/uploads\/2023\/01\/notibras23.png\",\"width\":350,\"height\":87,\"caption\":\"Grupo Notibras de Comunica\u00e7\u00e3o\"},\"image\":{\"@id\":\"https:\/\/www.notibras.com\/site\/#\/schema\/logo\/image\/\"},\"sameAs\":[\"https:\/\/www.facebook.com\/notibras\/\",\"https:\/\/x.com\/Notibras\",\"https:\/\/www.instagram.com\/notibras\/\"]},{\"@type\":\"Person\",\"@id\":\"https:\/\/www.notibras.com\/site\/#\/schema\/person\/36ab0979449956132d3e5b517ea76ac8\",\"name\":\"Reda\u00e7\u00e3o\",\"image\":{\"@type\":\"ImageObject\",\"inLanguage\":\"pt-BR\",\"@id\":\"https:\/\/secure.gravatar.com\/avatar\/e0a867bdedb85fd243eadf09663511f96fc81e0720a4a42581f334ad4303aa6b?s=96&d=mm&r=g\",\"url\":\"https:\/\/secure.gravatar.com\/avatar\/e0a867bdedb85fd243eadf09663511f96fc81e0720a4a42581f334ad4303aa6b?s=96&d=mm&r=g\",\"contentUrl\":\"https:\/\/secure.gravatar.com\/avatar\/e0a867bdedb85fd243eadf09663511f96fc81e0720a4a42581f334ad4303aa6b?s=96&d=mm&r=g\",\"caption\":\"Reda\u00e7\u00e3o\"}}]}<\/script>\n<!-- \/ Yoast SEO plugin. -->","yoast_head_json":{"title":"Estudo revela que homem pr\u00e9-hist\u00f3rico s\u00f3 dormia 6 horas e meia por noite, sem ins\u00f4nia - Notibras","robots":{"index":"index","follow":"follow","max-snippet":"max-snippet:-1","max-image-preview":"max-image-preview:large","max-video-preview":"max-video-preview:-1"},"canonical":"https:\/\/www.notibras.com\/site\/estudo-revela-que-homem-pre-historico-so-dormia-6-horas-e-meia-por-noite\/","og_locale":"pt_BR","og_type":"article","og_title":"Estudo revela que homem pr\u00e9-hist\u00f3rico s\u00f3 dormia 6 horas e meia por noite, sem ins\u00f4nia - Notibras","og_description":"O homem pr\u00e9-hist\u00f3rico n\u00e3o dormia mais que o homem moderno, de acordo com um novo estudo. A fim de descobrir como dormiam os povos ancestrais, um grupo de cientistas estudou os padr\u00f5es de sono de comunidades tradicionais em tr\u00eas pa\u00edses. A conclus\u00e3o contraria o senso comum: mesmo sem as perturba\u00e7\u00f5es t\u00edpicas da vida moderna, as [&hellip;]","og_url":"https:\/\/www.notibras.com\/site\/estudo-revela-que-homem-pre-historico-so-dormia-6-horas-e-meia-por-noite\/","og_site_name":"Notibras","article_publisher":"https:\/\/www.facebook.com\/notibras\/","article_published_time":"2015-10-16T11:08:30+00:00","article_modified_time":"2016-07-30T19:52:26+00:00","og_image":[{"width":700,"height":614,"url":"https:\/\/www.notibras.com\/site\/wp-content\/uploads\/2015\/10\/naom_56203bbd62600.jpg","type":"image\/jpeg"}],"author":"Reda\u00e7\u00e3o","twitter_card":"summary_large_image","twitter_creator":"@Notibras","twitter_site":"@Notibras","twitter_misc":{"Escrito por":"Reda\u00e7\u00e3o","Est. tempo de leitura":"3 minutos"},"schema":{"@context":"https:\/\/schema.org","@graph":[{"@type":"Article","@id":"https:\/\/www.notibras.com\/site\/estudo-revela-que-homem-pre-historico-so-dormia-6-horas-e-meia-por-noite\/#article","isPartOf":{"@id":"https:\/\/www.notibras.com\/site\/estudo-revela-que-homem-pre-historico-so-dormia-6-horas-e-meia-por-noite\/"},"author":{"name":"Reda\u00e7\u00e3o","@id":"https:\/\/www.notibras.com\/site\/#\/schema\/person\/36ab0979449956132d3e5b517ea76ac8"},"headline":"Estudo revela que homem pr\u00e9-hist\u00f3rico s\u00f3 dormia 6 horas e meia por noite, sem ins\u00f4nia","datePublished":"2015-10-16T11:08:30+00:00","dateModified":"2016-07-30T19:52:26+00:00","mainEntityOfPage":{"@id":"https:\/\/www.notibras.com\/site\/estudo-revela-que-homem-pre-historico-so-dormia-6-horas-e-meia-por-noite\/"},"wordCount":675,"commentCount":0,"publisher":{"@id":"https:\/\/www.notibras.com\/site\/#organization"},"image":{"@id":"https:\/\/www.notibras.com\/site\/estudo-revela-que-homem-pre-historico-so-dormia-6-horas-e-meia-por-noite\/#primaryimage"},"thumbnailUrl":"https:\/\/www.notibras.com\/site\/wp-content\/uploads\/2015\/10\/naom_56203bbd62600.jpg","articleSection":["Curiosidades"],"inLanguage":"pt-BR","potentialAction":[{"@type":"CommentAction","name":"Comment","target":["https:\/\/www.notibras.com\/site\/estudo-revela-que-homem-pre-historico-so-dormia-6-horas-e-meia-por-noite\/#respond"]}]},{"@type":"WebPage","@id":"https:\/\/www.notibras.com\/site\/estudo-revela-que-homem-pre-historico-so-dormia-6-horas-e-meia-por-noite\/","url":"https:\/\/www.notibras.com\/site\/estudo-revela-que-homem-pre-historico-so-dormia-6-horas-e-meia-por-noite\/","name":"Estudo revela que homem pr\u00e9-hist\u00f3rico s\u00f3 dormia 6 horas e meia por noite, sem ins\u00f4nia - Notibras","isPartOf":{"@id":"https:\/\/www.notibras.com\/site\/#website"},"primaryImageOfPage":{"@id":"https:\/\/www.notibras.com\/site\/estudo-revela-que-homem-pre-historico-so-dormia-6-horas-e-meia-por-noite\/#primaryimage"},"image":{"@id":"https:\/\/www.notibras.com\/site\/estudo-revela-que-homem-pre-historico-so-dormia-6-horas-e-meia-por-noite\/#primaryimage"},"thumbnailUrl":"https:\/\/www.notibras.com\/site\/wp-content\/uploads\/2015\/10\/naom_56203bbd62600.jpg","datePublished":"2015-10-16T11:08:30+00:00","dateModified":"2016-07-30T19:52:26+00:00","breadcrumb":{"@id":"https:\/\/www.notibras.com\/site\/estudo-revela-que-homem-pre-historico-so-dormia-6-horas-e-meia-por-noite\/#breadcrumb"},"inLanguage":"pt-BR","potentialAction":[{"@type":"ReadAction","target":["https:\/\/www.notibras.com\/site\/estudo-revela-que-homem-pre-historico-so-dormia-6-horas-e-meia-por-noite\/"]}]},{"@type":"ImageObject","inLanguage":"pt-BR","@id":"https:\/\/www.notibras.com\/site\/estudo-revela-que-homem-pre-historico-so-dormia-6-horas-e-meia-por-noite\/#primaryimage","url":"https:\/\/www.notibras.com\/site\/wp-content\/uploads\/2015\/10\/naom_56203bbd62600.jpg","contentUrl":"https:\/\/www.notibras.com\/site\/wp-content\/uploads\/2015\/10\/naom_56203bbd62600.jpg","width":700,"height":614},{"@type":"BreadcrumbList","@id":"https:\/\/www.notibras.com\/site\/estudo-revela-que-homem-pre-historico-so-dormia-6-horas-e-meia-por-noite\/#breadcrumb","itemListElement":[{"@type":"ListItem","position":1,"name":"In\u00edcio","item":"https:\/\/www.notibras.com\/site\/"},{"@type":"ListItem","position":2,"name":"Estudo revela que homem pr\u00e9-hist\u00f3rico s\u00f3 dormia 6 horas e meia por noite, sem ins\u00f4nia"}]},{"@type":"WebSite","@id":"https:\/\/www.notibras.com\/site\/#website","url":"https:\/\/www.notibras.com\/site\/","name":"Notibras","description":"Not\u00edcias de Bras\u00edlia, do Brasil e do Mundo","publisher":{"@id":"https:\/\/www.notibras.com\/site\/#organization"},"potentialAction":[{"@type":"SearchAction","target":{"@type":"EntryPoint","urlTemplate":"https:\/\/www.notibras.com\/site\/?s={search_term_string}"},"query-input":{"@type":"PropertyValueSpecification","valueRequired":true,"valueName":"search_term_string"}}],"inLanguage":"pt-BR"},{"@type":"Organization","@id":"https:\/\/www.notibras.com\/site\/#organization","name":"Grupo Notibras de Comunica\u00e7\u00e3o","url":"https:\/\/www.notibras.com\/site\/","logo":{"@type":"ImageObject","inLanguage":"pt-BR","@id":"https:\/\/www.notibras.com\/site\/#\/schema\/logo\/image\/","url":"https:\/\/www.notibras.com\/site\/wp-content\/uploads\/2023\/01\/notibras23.png","contentUrl":"https:\/\/www.notibras.com\/site\/wp-content\/uploads\/2023\/01\/notibras23.png","width":350,"height":87,"caption":"Grupo Notibras de Comunica\u00e7\u00e3o"},"image":{"@id":"https:\/\/www.notibras.com\/site\/#\/schema\/logo\/image\/"},"sameAs":["https:\/\/www.facebook.com\/notibras\/","https:\/\/x.com\/Notibras","https:\/\/www.instagram.com\/notibras\/"]},{"@type":"Person","@id":"https:\/\/www.notibras.com\/site\/#\/schema\/person\/36ab0979449956132d3e5b517ea76ac8","name":"Reda\u00e7\u00e3o","image":{"@type":"ImageObject","inLanguage":"pt-BR","@id":"https:\/\/secure.gravatar.com\/avatar\/e0a867bdedb85fd243eadf09663511f96fc81e0720a4a42581f334ad4303aa6b?s=96&d=mm&r=g","url":"https:\/\/secure.gravatar.com\/avatar\/e0a867bdedb85fd243eadf09663511f96fc81e0720a4a42581f334ad4303aa6b?s=96&d=mm&r=g","contentUrl":"https:\/\/secure.gravatar.com\/avatar\/e0a867bdedb85fd243eadf09663511f96fc81e0720a4a42581f334ad4303aa6b?s=96&d=mm&r=g","caption":"Reda\u00e7\u00e3o"}}]}},"amp_enabled":true,"_links":{"self":[{"href":"https:\/\/www.notibras.com\/site\/wp-json\/wp\/v2\/posts\/71612","targetHints":{"allow":["GET"]}}],"collection":[{"href":"https:\/\/www.notibras.com\/site\/wp-json\/wp\/v2\/posts"}],"about":[{"href":"https:\/\/www.notibras.com\/site\/wp-json\/wp\/v2\/types\/post"}],"author":[{"embeddable":true,"href":"https:\/\/www.notibras.com\/site\/wp-json\/wp\/v2\/users\/2"}],"replies":[{"embeddable":true,"href":"https:\/\/www.notibras.com\/site\/wp-json\/wp\/v2\/comments?post=71612"}],"version-history":[{"count":2,"href":"https:\/\/www.notibras.com\/site\/wp-json\/wp\/v2\/posts\/71612\/revisions"}],"predecessor-version":[{"id":71709,"href":"https:\/\/www.notibras.com\/site\/wp-json\/wp\/v2\/posts\/71612\/revisions\/71709"}],"wp:featuredmedia":[{"embeddable":true,"href":"https:\/\/www.notibras.com\/site\/wp-json\/wp\/v2\/media\/71613"}],"wp:attachment":[{"href":"https:\/\/www.notibras.com\/site\/wp-json\/wp\/v2\/media?parent=71612"}],"wp:term":[{"taxonomy":"category","embeddable":true,"href":"https:\/\/www.notibras.com\/site\/wp-json\/wp\/v2\/categories?post=71612"},{"taxonomy":"post_tag","embeddable":true,"href":"https:\/\/www.notibras.com\/site\/wp-json\/wp\/v2\/tags?post=71612"}],"curies":[{"name":"wp","href":"https:\/\/api.w.org\/{rel}","templated":true}]}}