{"id":7164,"date":"2014-04-19T16:33:59","date_gmt":"2014-04-19T19:33:59","guid":{"rendered":"http:\/\/www.notibras.com\/site\/?p=7164"},"modified":"2014-04-19T20:39:09","modified_gmt":"2014-04-19T23:39:09","slug":"madrasta-usou-soda-caustica-para-derreter-o-corpo-do-menino-bernardo","status":"publish","type":"post","link":"https:\/\/www.notibras.com\/site\/madrasta-usou-soda-caustica-para-derreter-o-corpo-do-menino-bernardo\/","title":{"rendered":"Madrasta usou soda c\u00e1ustica para derreter mais r\u00e1pido o corpo do menino Bernardo"},"content":{"rendered":"<p>A assistente social Edelv\u00e2nia Wirganovicz, presa suspeita de matar o menino Bernardo Boldrini, 11 anos, no interior do Rio Grande do Sul, informou em depoimento \u00e0 Pol\u00edcia Civil que a madrasta do garoto, a enfermeira Graciele Ugulini, teria jogado soda sobre o menino para que o corpo &#8220;dilu\u00edsse r\u00e1pido e para n\u00e3o dar cheiro&#8221;. O cad\u00e1ver de Bernardo foi enterrado em um buraco na margem de um rio em Frederico Westphalen (RS).\u00a0As informa\u00e7\u00f5es s\u00e3o do jornal\u00a0<em>Zero Hora<\/em>.<\/p>\n<p class=\"text\">A assistente social disse \u00e0 pol\u00edcia que &#8220;mandaram ele deitar sobre uma toalha de banho cor azul. Que Kelly\u00a0<em>(como a suspeita chama Graciele)\u00a0<\/em>aplicou na veia do bra\u00e7o esquerdo com uma seringa e ele foi apagando.&#8221;\u00a0Depois de tirar a roupa e o t\u00eanis, enterraram Bernardo, sem conferir se o menino ainda estava vivo, e jogaram soda sobre o corpo. &#8220;Kelly jogou a soda sobre o corpo e a depoente colocou pedras. Que a depoente acha que ele j\u00e1 estava morto. Que a depoente n\u00e3o viu se Kelly olhou se o menino tinha pulsa\u00e7\u00e3o&#8221;, diz o depoimento.<\/p>\n<p class=\"text\">Segundo Edelv\u00e2nia,\u00a0o garoto acreditava que estava indo a uma consulta com uma benzedeira quando foi levado pela madrasta at\u00e9 Frederico Westphalen. De acordo com a suspeita, a madrasta explicou ao menino que, em fun\u00e7\u00e3o da consulta, precisaria levar um &#8220;piquezinho na veia&#8221;, referindo-se a inje\u00e7\u00e3o letal que foi aplicada em Bernardo.<\/p>\n<p class=\"text\">Edelv\u00e2nia contou que conhecia Graciele h\u00e1 tempos, e que as duas chegaram a morar juntas por dois anos antes da madrasta do menino se mudar para Tr\u00eas Passos. Cerca de dois ou tr\u00eas meses antes do crime, Graciele teria procurado a amiga para fazer a proposta de ajud\u00e1-la a matar Bernardo. A enfermeira teria dito que o menino era &#8220;ruim&#8221;, dif\u00edcil de lidar e que brigava com o pai. &#8220;Que ap\u00f3s essa conversa, Kelly perguntou o que achava, sendo que ela tinha bastante dinheiro e que se a depoente a ajudasse a dar um sumi\u00e7o no guri ela lhe daria dinheiro e ajudaria a pagar o apartamento&#8221;, diz trecho do depoimento. A quantia inicial acertada seria de R$ 20 mil.<\/p>\n<p class=\"text\">Dois dias antes do crime, Graciele procurou Edelv\u00e2nia, revelou que seu plano era dopar o menino e aplicar a inje\u00e7\u00e3o e pediu para a amiga um lugar para \u201cconsumir\u201d o corpo. No mesmo dia, as duas teriam ao local, no interior de Frederico Westphalen, e come\u00e7ado a cavar com uma enxada de Edelv\u00e2nia.<\/p>\n<p class=\"text\">No dia 4 de abril, dia no qual Bernardo morreu, segundo a per\u00edcia, Graciele teria passado uma mensagem para Edelv\u00e2nia informando que estava indo para Frederico. Ela teria usado um &#8220;c\u00f3digo&#8221; combinado por elas para confirmar que Bernardo estava junto. &#8220;A depoente j\u00e1 estava esperando l\u00e1 embaixo do pr\u00e9dio onde mora, tendo Kelly estacionado a camioneta do lado do Siena e o menino desceu e entrou no Siena. Que as coisas j\u00e1 estavam no porta-malas, a cavadeira, a p\u00e1, a soda e as &#8216;coisarada&#8217; do kit do rem\u00e9dio que Kelly j\u00e1 tinha deixado com a depoente na quarta-feira e que iria usar para matar o guri.&#8221;<\/p>\n<p class=\"text\">Edelv\u00e2nia argumentou que aceitou participar do crime porque Graciele lhe ofereceu muito dinheiro e \u201cn\u00e3o teria sangue nem faca, era s\u00f3 abrir um buraco e ajudar a colocar dentro o menino\u201d. Quanto \u00e0 suposta participa\u00e7\u00e3o do pai de Bernardo, o m\u00e9dico Leandro Boldrini, no crime, a assistente social repetiu aos policiais o que teria ouvido da amiga: que ele &#8220;n\u00e3o sabia, mas, futuramente, ele ia dar gra\u00e7as de se livrar do inc\u00f4modo, por que Bernardo era muito agitado&#8221;. A pol\u00edcia suspeita de que o m\u00e9dico tenha ajudado a encobrir o crime depois de supostamente ficar sabendo do que havia acontecido.<\/p>\n<p class=\"text\">Edelv\u00e2nia foi quem indicou o local onde o corpo de Bernardo estava enterrado\u00a0em Frederico Westphalen. O menino foi encontrado morto no dia 14 de abril, 10 dias ap\u00f3s ter desaparecido em Tr\u00eas Passos, onde morava com o pai e a madrasta. Os equipamentos usados para abrir o buraco est\u00e3o passando por per\u00edcia para verificar se h\u00e1 res\u00edduos do mesmo solo em que o menino foi enterrado. Os tr\u00eas devem ser indiciados por homic\u00eddio qualificado.<\/p>\n","protected":false},"excerpt":{"rendered":"<p>A assistente social Edelv\u00e2nia Wirganovicz, presa suspeita de matar o menino Bernardo Boldrini, 11 anos, no interior do Rio Grande do Sul, informou em depoimento \u00e0 Pol\u00edcia Civil que a madrasta do garoto, a enfermeira Graciele Ugulini, teria jogado soda sobre o menino para que o corpo &#8220;dilu\u00edsse r\u00e1pido e para n\u00e3o dar cheiro&#8221;. O [&hellip;]<\/p>\n","protected":false},"author":2,"featured_media":7165,"comment_status":"open","ping_status":"closed","sticky":false,"template":"","format":"standard","meta":{"_acf_changed":false,"footnotes":""},"categories":[16],"tags":[],"class_list":["post-7164","post","type-post","status-publish","format-standard","has-post-thumbnail","hentry","category-brasil"],"acf":[],"yoast_head":"<!-- This site is optimized with the Yoast SEO plugin v27.2 - https:\/\/yoast.com\/product\/yoast-seo-wordpress\/ -->\n<title>Madrasta usou soda c\u00e1ustica para derreter mais r\u00e1pido o corpo do menino Bernardo - Notibras<\/title>\n<meta name=\"robots\" content=\"index, follow, max-snippet:-1, max-image-preview:large, max-video-preview:-1\" \/>\n<link rel=\"canonical\" href=\"https:\/\/www.notibras.com\/site\/madrasta-usou-soda-caustica-para-derreter-o-corpo-do-menino-bernardo\/\" \/>\n<meta property=\"og:locale\" content=\"pt_BR\" \/>\n<meta property=\"og:type\" content=\"article\" \/>\n<meta property=\"og:title\" content=\"Madrasta usou soda c\u00e1ustica para derreter mais r\u00e1pido o corpo do menino Bernardo - Notibras\" \/>\n<meta property=\"og:description\" content=\"A assistente social Edelv\u00e2nia Wirganovicz, presa suspeita de matar o menino Bernardo Boldrini, 11 anos, no interior do Rio Grande do Sul, informou em depoimento \u00e0 Pol\u00edcia Civil que a madrasta do garoto, a enfermeira Graciele Ugulini, teria jogado soda sobre o menino para que o corpo &#8220;dilu\u00edsse r\u00e1pido e para n\u00e3o dar cheiro&#8221;. O [&hellip;]\" \/>\n<meta property=\"og:url\" content=\"https:\/\/www.notibras.com\/site\/madrasta-usou-soda-caustica-para-derreter-o-corpo-do-menino-bernardo\/\" \/>\n<meta property=\"og:site_name\" content=\"Notibras\" \/>\n<meta property=\"article:publisher\" content=\"https:\/\/www.facebook.com\/notibras\/\" \/>\n<meta property=\"article:published_time\" content=\"2014-04-19T19:33:59+00:00\" \/>\n<meta property=\"article:modified_time\" content=\"2014-04-19T23:39:09+00:00\" \/>\n<meta property=\"og:image\" content=\"https:\/\/www.notibras.com\/site\/wp-content\/uploads\/2014\/04\/03rsbernardoboldrinimortomeninotrespassosfacebookrep.jpg\" \/>\n\t<meta property=\"og:image:width\" content=\"460\" \/>\n\t<meta property=\"og:image:height\" content=\"340\" \/>\n\t<meta property=\"og:image:type\" content=\"image\/jpeg\" \/>\n<meta name=\"author\" content=\"Reda\u00e7\u00e3o\" \/>\n<meta name=\"twitter:card\" content=\"summary_large_image\" \/>\n<meta name=\"twitter:creator\" content=\"@Notibras\" \/>\n<meta name=\"twitter:site\" content=\"@Notibras\" \/>\n<meta name=\"twitter:label1\" content=\"Escrito por\" \/>\n\t<meta name=\"twitter:data1\" content=\"Reda\u00e7\u00e3o\" \/>\n\t<meta name=\"twitter:label2\" content=\"Est. tempo de leitura\" \/>\n\t<meta name=\"twitter:data2\" content=\"4 minutos\" \/>\n<script type=\"application\/ld+json\" class=\"yoast-schema-graph\">{\"@context\":\"https:\/\/schema.org\",\"@graph\":[{\"@type\":\"Article\",\"@id\":\"https:\/\/www.notibras.com\/site\/madrasta-usou-soda-caustica-para-derreter-o-corpo-do-menino-bernardo\/#article\",\"isPartOf\":{\"@id\":\"https:\/\/www.notibras.com\/site\/madrasta-usou-soda-caustica-para-derreter-o-corpo-do-menino-bernardo\/\"},\"author\":{\"name\":\"Reda\u00e7\u00e3o\",\"@id\":\"https:\/\/www.notibras.com\/site\/#\/schema\/person\/36ab0979449956132d3e5b517ea76ac8\"},\"headline\":\"Madrasta usou soda c\u00e1ustica para derreter mais r\u00e1pido o corpo do menino Bernardo\",\"datePublished\":\"2014-04-19T19:33:59+00:00\",\"dateModified\":\"2014-04-19T23:39:09+00:00\",\"mainEntityOfPage\":{\"@id\":\"https:\/\/www.notibras.com\/site\/madrasta-usou-soda-caustica-para-derreter-o-corpo-do-menino-bernardo\/\"},\"wordCount\":739,\"commentCount\":0,\"publisher\":{\"@id\":\"https:\/\/www.notibras.com\/site\/#organization\"},\"image\":{\"@id\":\"https:\/\/www.notibras.com\/site\/madrasta-usou-soda-caustica-para-derreter-o-corpo-do-menino-bernardo\/#primaryimage\"},\"thumbnailUrl\":\"https:\/\/www.notibras.com\/site\/wp-content\/uploads\/2014\/04\/03rsbernardoboldrinimortomeninotrespassosfacebookrep.jpg\",\"articleSection\":[\"Brasil\"],\"inLanguage\":\"pt-BR\",\"potentialAction\":[{\"@type\":\"CommentAction\",\"name\":\"Comment\",\"target\":[\"https:\/\/www.notibras.com\/site\/madrasta-usou-soda-caustica-para-derreter-o-corpo-do-menino-bernardo\/#respond\"]}]},{\"@type\":\"WebPage\",\"@id\":\"https:\/\/www.notibras.com\/site\/madrasta-usou-soda-caustica-para-derreter-o-corpo-do-menino-bernardo\/\",\"url\":\"https:\/\/www.notibras.com\/site\/madrasta-usou-soda-caustica-para-derreter-o-corpo-do-menino-bernardo\/\",\"name\":\"Madrasta usou soda c\u00e1ustica para derreter mais r\u00e1pido o corpo do menino Bernardo - Notibras\",\"isPartOf\":{\"@id\":\"https:\/\/www.notibras.com\/site\/#website\"},\"primaryImageOfPage\":{\"@id\":\"https:\/\/www.notibras.com\/site\/madrasta-usou-soda-caustica-para-derreter-o-corpo-do-menino-bernardo\/#primaryimage\"},\"image\":{\"@id\":\"https:\/\/www.notibras.com\/site\/madrasta-usou-soda-caustica-para-derreter-o-corpo-do-menino-bernardo\/#primaryimage\"},\"thumbnailUrl\":\"https:\/\/www.notibras.com\/site\/wp-content\/uploads\/2014\/04\/03rsbernardoboldrinimortomeninotrespassosfacebookrep.jpg\",\"datePublished\":\"2014-04-19T19:33:59+00:00\",\"dateModified\":\"2014-04-19T23:39:09+00:00\",\"breadcrumb\":{\"@id\":\"https:\/\/www.notibras.com\/site\/madrasta-usou-soda-caustica-para-derreter-o-corpo-do-menino-bernardo\/#breadcrumb\"},\"inLanguage\":\"pt-BR\",\"potentialAction\":[{\"@type\":\"ReadAction\",\"target\":[\"https:\/\/www.notibras.com\/site\/madrasta-usou-soda-caustica-para-derreter-o-corpo-do-menino-bernardo\/\"]}]},{\"@type\":\"ImageObject\",\"inLanguage\":\"pt-BR\",\"@id\":\"https:\/\/www.notibras.com\/site\/madrasta-usou-soda-caustica-para-derreter-o-corpo-do-menino-bernardo\/#primaryimage\",\"url\":\"https:\/\/www.notibras.com\/site\/wp-content\/uploads\/2014\/04\/03rsbernardoboldrinimortomeninotrespassosfacebookrep.jpg\",\"contentUrl\":\"https:\/\/www.notibras.com\/site\/wp-content\/uploads\/2014\/04\/03rsbernardoboldrinimortomeninotrespassosfacebookrep.jpg\",\"width\":460,\"height\":340},{\"@type\":\"BreadcrumbList\",\"@id\":\"https:\/\/www.notibras.com\/site\/madrasta-usou-soda-caustica-para-derreter-o-corpo-do-menino-bernardo\/#breadcrumb\",\"itemListElement\":[{\"@type\":\"ListItem\",\"position\":1,\"name\":\"In\u00edcio\",\"item\":\"https:\/\/www.notibras.com\/site\/\"},{\"@type\":\"ListItem\",\"position\":2,\"name\":\"Madrasta usou soda c\u00e1ustica para derreter mais r\u00e1pido o corpo do menino Bernardo\"}]},{\"@type\":\"WebSite\",\"@id\":\"https:\/\/www.notibras.com\/site\/#website\",\"url\":\"https:\/\/www.notibras.com\/site\/\",\"name\":\"Notibras\",\"description\":\"Not\u00edcias de Bras\u00edlia, do Brasil e do Mundo\",\"publisher\":{\"@id\":\"https:\/\/www.notibras.com\/site\/#organization\"},\"potentialAction\":[{\"@type\":\"SearchAction\",\"target\":{\"@type\":\"EntryPoint\",\"urlTemplate\":\"https:\/\/www.notibras.com\/site\/?s={search_term_string}\"},\"query-input\":{\"@type\":\"PropertyValueSpecification\",\"valueRequired\":true,\"valueName\":\"search_term_string\"}}],\"inLanguage\":\"pt-BR\"},{\"@type\":\"Organization\",\"@id\":\"https:\/\/www.notibras.com\/site\/#organization\",\"name\":\"Grupo Notibras de Comunica\u00e7\u00e3o\",\"url\":\"https:\/\/www.notibras.com\/site\/\",\"logo\":{\"@type\":\"ImageObject\",\"inLanguage\":\"pt-BR\",\"@id\":\"https:\/\/www.notibras.com\/site\/#\/schema\/logo\/image\/\",\"url\":\"https:\/\/www.notibras.com\/site\/wp-content\/uploads\/2023\/01\/notibras23.png\",\"contentUrl\":\"https:\/\/www.notibras.com\/site\/wp-content\/uploads\/2023\/01\/notibras23.png\",\"width\":350,\"height\":87,\"caption\":\"Grupo Notibras de Comunica\u00e7\u00e3o\"},\"image\":{\"@id\":\"https:\/\/www.notibras.com\/site\/#\/schema\/logo\/image\/\"},\"sameAs\":[\"https:\/\/www.facebook.com\/notibras\/\",\"https:\/\/x.com\/Notibras\",\"https:\/\/www.instagram.com\/notibras\/\"]},{\"@type\":\"Person\",\"@id\":\"https:\/\/www.notibras.com\/site\/#\/schema\/person\/36ab0979449956132d3e5b517ea76ac8\",\"name\":\"Reda\u00e7\u00e3o\",\"image\":{\"@type\":\"ImageObject\",\"inLanguage\":\"pt-BR\",\"@id\":\"https:\/\/secure.gravatar.com\/avatar\/e0a867bdedb85fd243eadf09663511f96fc81e0720a4a42581f334ad4303aa6b?s=96&d=mm&r=g\",\"url\":\"https:\/\/secure.gravatar.com\/avatar\/e0a867bdedb85fd243eadf09663511f96fc81e0720a4a42581f334ad4303aa6b?s=96&d=mm&r=g\",\"contentUrl\":\"https:\/\/secure.gravatar.com\/avatar\/e0a867bdedb85fd243eadf09663511f96fc81e0720a4a42581f334ad4303aa6b?s=96&d=mm&r=g\",\"caption\":\"Reda\u00e7\u00e3o\"}}]}<\/script>\n<!-- \/ Yoast SEO plugin. -->","yoast_head_json":{"title":"Madrasta usou soda c\u00e1ustica para derreter mais r\u00e1pido o corpo do menino Bernardo - Notibras","robots":{"index":"index","follow":"follow","max-snippet":"max-snippet:-1","max-image-preview":"max-image-preview:large","max-video-preview":"max-video-preview:-1"},"canonical":"https:\/\/www.notibras.com\/site\/madrasta-usou-soda-caustica-para-derreter-o-corpo-do-menino-bernardo\/","og_locale":"pt_BR","og_type":"article","og_title":"Madrasta usou soda c\u00e1ustica para derreter mais r\u00e1pido o corpo do menino Bernardo - Notibras","og_description":"A assistente social Edelv\u00e2nia Wirganovicz, presa suspeita de matar o menino Bernardo Boldrini, 11 anos, no interior do Rio Grande do Sul, informou em depoimento \u00e0 Pol\u00edcia Civil que a madrasta do garoto, a enfermeira Graciele Ugulini, teria jogado soda sobre o menino para que o corpo &#8220;dilu\u00edsse r\u00e1pido e para n\u00e3o dar cheiro&#8221;. O [&hellip;]","og_url":"https:\/\/www.notibras.com\/site\/madrasta-usou-soda-caustica-para-derreter-o-corpo-do-menino-bernardo\/","og_site_name":"Notibras","article_publisher":"https:\/\/www.facebook.com\/notibras\/","article_published_time":"2014-04-19T19:33:59+00:00","article_modified_time":"2014-04-19T23:39:09+00:00","og_image":[{"width":460,"height":340,"url":"https:\/\/www.notibras.com\/site\/wp-content\/uploads\/2014\/04\/03rsbernardoboldrinimortomeninotrespassosfacebookrep.jpg","type":"image\/jpeg"}],"author":"Reda\u00e7\u00e3o","twitter_card":"summary_large_image","twitter_creator":"@Notibras","twitter_site":"@Notibras","twitter_misc":{"Escrito por":"Reda\u00e7\u00e3o","Est. tempo de leitura":"4 minutos"},"schema":{"@context":"https:\/\/schema.org","@graph":[{"@type":"Article","@id":"https:\/\/www.notibras.com\/site\/madrasta-usou-soda-caustica-para-derreter-o-corpo-do-menino-bernardo\/#article","isPartOf":{"@id":"https:\/\/www.notibras.com\/site\/madrasta-usou-soda-caustica-para-derreter-o-corpo-do-menino-bernardo\/"},"author":{"name":"Reda\u00e7\u00e3o","@id":"https:\/\/www.notibras.com\/site\/#\/schema\/person\/36ab0979449956132d3e5b517ea76ac8"},"headline":"Madrasta usou soda c\u00e1ustica para derreter mais r\u00e1pido o corpo do menino Bernardo","datePublished":"2014-04-19T19:33:59+00:00","dateModified":"2014-04-19T23:39:09+00:00","mainEntityOfPage":{"@id":"https:\/\/www.notibras.com\/site\/madrasta-usou-soda-caustica-para-derreter-o-corpo-do-menino-bernardo\/"},"wordCount":739,"commentCount":0,"publisher":{"@id":"https:\/\/www.notibras.com\/site\/#organization"},"image":{"@id":"https:\/\/www.notibras.com\/site\/madrasta-usou-soda-caustica-para-derreter-o-corpo-do-menino-bernardo\/#primaryimage"},"thumbnailUrl":"https:\/\/www.notibras.com\/site\/wp-content\/uploads\/2014\/04\/03rsbernardoboldrinimortomeninotrespassosfacebookrep.jpg","articleSection":["Brasil"],"inLanguage":"pt-BR","potentialAction":[{"@type":"CommentAction","name":"Comment","target":["https:\/\/www.notibras.com\/site\/madrasta-usou-soda-caustica-para-derreter-o-corpo-do-menino-bernardo\/#respond"]}]},{"@type":"WebPage","@id":"https:\/\/www.notibras.com\/site\/madrasta-usou-soda-caustica-para-derreter-o-corpo-do-menino-bernardo\/","url":"https:\/\/www.notibras.com\/site\/madrasta-usou-soda-caustica-para-derreter-o-corpo-do-menino-bernardo\/","name":"Madrasta usou soda c\u00e1ustica para derreter mais r\u00e1pido o corpo do menino Bernardo - Notibras","isPartOf":{"@id":"https:\/\/www.notibras.com\/site\/#website"},"primaryImageOfPage":{"@id":"https:\/\/www.notibras.com\/site\/madrasta-usou-soda-caustica-para-derreter-o-corpo-do-menino-bernardo\/#primaryimage"},"image":{"@id":"https:\/\/www.notibras.com\/site\/madrasta-usou-soda-caustica-para-derreter-o-corpo-do-menino-bernardo\/#primaryimage"},"thumbnailUrl":"https:\/\/www.notibras.com\/site\/wp-content\/uploads\/2014\/04\/03rsbernardoboldrinimortomeninotrespassosfacebookrep.jpg","datePublished":"2014-04-19T19:33:59+00:00","dateModified":"2014-04-19T23:39:09+00:00","breadcrumb":{"@id":"https:\/\/www.notibras.com\/site\/madrasta-usou-soda-caustica-para-derreter-o-corpo-do-menino-bernardo\/#breadcrumb"},"inLanguage":"pt-BR","potentialAction":[{"@type":"ReadAction","target":["https:\/\/www.notibras.com\/site\/madrasta-usou-soda-caustica-para-derreter-o-corpo-do-menino-bernardo\/"]}]},{"@type":"ImageObject","inLanguage":"pt-BR","@id":"https:\/\/www.notibras.com\/site\/madrasta-usou-soda-caustica-para-derreter-o-corpo-do-menino-bernardo\/#primaryimage","url":"https:\/\/www.notibras.com\/site\/wp-content\/uploads\/2014\/04\/03rsbernardoboldrinimortomeninotrespassosfacebookrep.jpg","contentUrl":"https:\/\/www.notibras.com\/site\/wp-content\/uploads\/2014\/04\/03rsbernardoboldrinimortomeninotrespassosfacebookrep.jpg","width":460,"height":340},{"@type":"BreadcrumbList","@id":"https:\/\/www.notibras.com\/site\/madrasta-usou-soda-caustica-para-derreter-o-corpo-do-menino-bernardo\/#breadcrumb","itemListElement":[{"@type":"ListItem","position":1,"name":"In\u00edcio","item":"https:\/\/www.notibras.com\/site\/"},{"@type":"ListItem","position":2,"name":"Madrasta usou soda c\u00e1ustica para derreter mais r\u00e1pido o corpo do menino Bernardo"}]},{"@type":"WebSite","@id":"https:\/\/www.notibras.com\/site\/#website","url":"https:\/\/www.notibras.com\/site\/","name":"Notibras","description":"Not\u00edcias de Bras\u00edlia, do Brasil e do Mundo","publisher":{"@id":"https:\/\/www.notibras.com\/site\/#organization"},"potentialAction":[{"@type":"SearchAction","target":{"@type":"EntryPoint","urlTemplate":"https:\/\/www.notibras.com\/site\/?s={search_term_string}"},"query-input":{"@type":"PropertyValueSpecification","valueRequired":true,"valueName":"search_term_string"}}],"inLanguage":"pt-BR"},{"@type":"Organization","@id":"https:\/\/www.notibras.com\/site\/#organization","name":"Grupo Notibras de Comunica\u00e7\u00e3o","url":"https:\/\/www.notibras.com\/site\/","logo":{"@type":"ImageObject","inLanguage":"pt-BR","@id":"https:\/\/www.notibras.com\/site\/#\/schema\/logo\/image\/","url":"https:\/\/www.notibras.com\/site\/wp-content\/uploads\/2023\/01\/notibras23.png","contentUrl":"https:\/\/www.notibras.com\/site\/wp-content\/uploads\/2023\/01\/notibras23.png","width":350,"height":87,"caption":"Grupo Notibras de Comunica\u00e7\u00e3o"},"image":{"@id":"https:\/\/www.notibras.com\/site\/#\/schema\/logo\/image\/"},"sameAs":["https:\/\/www.facebook.com\/notibras\/","https:\/\/x.com\/Notibras","https:\/\/www.instagram.com\/notibras\/"]},{"@type":"Person","@id":"https:\/\/www.notibras.com\/site\/#\/schema\/person\/36ab0979449956132d3e5b517ea76ac8","name":"Reda\u00e7\u00e3o","image":{"@type":"ImageObject","inLanguage":"pt-BR","@id":"https:\/\/secure.gravatar.com\/avatar\/e0a867bdedb85fd243eadf09663511f96fc81e0720a4a42581f334ad4303aa6b?s=96&d=mm&r=g","url":"https:\/\/secure.gravatar.com\/avatar\/e0a867bdedb85fd243eadf09663511f96fc81e0720a4a42581f334ad4303aa6b?s=96&d=mm&r=g","contentUrl":"https:\/\/secure.gravatar.com\/avatar\/e0a867bdedb85fd243eadf09663511f96fc81e0720a4a42581f334ad4303aa6b?s=96&d=mm&r=g","caption":"Reda\u00e7\u00e3o"}}]}},"amp_enabled":true,"_links":{"self":[{"href":"https:\/\/www.notibras.com\/site\/wp-json\/wp\/v2\/posts\/7164","targetHints":{"allow":["GET"]}}],"collection":[{"href":"https:\/\/www.notibras.com\/site\/wp-json\/wp\/v2\/posts"}],"about":[{"href":"https:\/\/www.notibras.com\/site\/wp-json\/wp\/v2\/types\/post"}],"author":[{"embeddable":true,"href":"https:\/\/www.notibras.com\/site\/wp-json\/wp\/v2\/users\/2"}],"replies":[{"embeddable":true,"href":"https:\/\/www.notibras.com\/site\/wp-json\/wp\/v2\/comments?post=7164"}],"version-history":[{"count":0,"href":"https:\/\/www.notibras.com\/site\/wp-json\/wp\/v2\/posts\/7164\/revisions"}],"wp:featuredmedia":[{"embeddable":true,"href":"https:\/\/www.notibras.com\/site\/wp-json\/wp\/v2\/media\/7165"}],"wp:attachment":[{"href":"https:\/\/www.notibras.com\/site\/wp-json\/wp\/v2\/media?parent=7164"}],"wp:term":[{"taxonomy":"category","embeddable":true,"href":"https:\/\/www.notibras.com\/site\/wp-json\/wp\/v2\/categories?post=7164"},{"taxonomy":"post_tag","embeddable":true,"href":"https:\/\/www.notibras.com\/site\/wp-json\/wp\/v2\/tags?post=7164"}],"curies":[{"name":"wp","href":"https:\/\/api.w.org\/{rel}","templated":true}]}}