{"id":71794,"date":"2015-10-17T11:48:41","date_gmt":"2015-10-17T14:48:41","guid":{"rendered":"http:\/\/www.notibras.com\/site\/?p=71794"},"modified":"2015-10-17T11:48:41","modified_gmt":"2015-10-17T14:48:41","slug":"oncologistas-questionam-resultados-da-pilula-contra-o-cancer-desenvolvida-na-usp","status":"publish","type":"post","link":"https:\/\/www.notibras.com\/site\/oncologistas-questionam-resultados-da-pilula-contra-o-cancer-desenvolvida-na-usp\/","title":{"rendered":"Oncologistas questionam resultados da p\u00edlula contra o c\u00e2ncer desenvolvida na USP"},"content":{"rendered":"<p>Gilberto Amorim, oncologista cl\u00ednico do Grupo Oncologia D&#8217;Or, diz que abandonar o tratamento convencional para experimentar a f\u00f3rmula da p\u00edlula de fosfoetanolamina sint\u00e9tica pode trazer s\u00e9rios preju\u00edzos aos pacientes. &#8220;As pessoas n\u00e3o sabem os efeitos colaterais e podem deixar de fazer um tratamento que vai ser curativo em troca da ind\u00fastria do desespero.&#8221;<\/p>\n<p>Foi a op\u00e7\u00e3o feita pelo analista de sistemas Jos\u00e9 Luiz Neves Morales Sanchez, de 49 anos, que desde ter\u00e7a-feira est\u00e1 tomando as c\u00e1psulas de fosfoetanolamina. Diagnosticado com um c\u00e2ncer na coxa em 2013, ele j\u00e1 foi operado, mas a doen\u00e7a atingiu os pulm\u00f5es. Sanchez conheceu a subst\u00e2ncia em setembro deste ano e decidiu n\u00e3o iniciar um tratamento com quimioterapia para poder testar o produto.<\/p>\n<p>&#8220;Foi a decis\u00e3o da minha vida, porque eu acredito muito na subst\u00e2ncia. Conversei com pessoas que se curaram. N\u00e3o vou fazer a quimioterapia, pois a c\u00e1psula trabalha com o sistema imunol\u00f3gico em boas condi\u00e7\u00f5es&#8221;, diz. Ele afirma ter consci\u00eancia de que n\u00e3o h\u00e1 comprova\u00e7\u00e3o cient\u00edfica de que o produto \u00e9 eficaz, mas diz que n\u00e3o teme efeitos colaterais nem complica\u00e7\u00f5es. Mesmo assim, o analista de sistemas afirma que pretende fazer exames no pr\u00f3ximo m\u00eas para verificar o progresso do tratamento alternativo. &#8220;Depois disso, vou tomar uma nova decis\u00e3o.&#8221;<\/p>\n<p>Nesta semana, mais mil pessoas chegaram a ir \u00e0 USP em um \u00fanico dia na tentativa de conseguir as c\u00e1psulas, sendo formadas filas e distribu\u00eddas senhas. A quantidade entregue a cada paciente \u00e9 suficiente para cerca de 20 dias e a universidade afirma n\u00e3o ter condi\u00e7\u00f5es de &#8220;produzir a subst\u00e2ncia em larga escala para atender \u00e0s liminares&#8221;.<\/p>\n<p>A professora Alba Zilahi, de 63 anos, j\u00e1 pensa em entrar na Justi\u00e7a para conseguir a liminar. Ela tem um c\u00e2ncer renal que se espalhou para os ossos. &#8220;Estou fazendo tratamento desde 2012. Mas pretendo continuar a quimioterapia para ver como os dois tratamentos v\u00e3o funcionar juntos.&#8221;<\/p>\n<p><img loading=\"lazy\" decoding=\"async\" class=\"alignnone size-full wp-image-70065\" src=\"http:\/\/www.notibras.com\/site\/wp-content\/uploads\/2015\/10\/estadao.png\" alt=\"estadao\" width=\"99\" height=\"16\" \/><\/p>\n","protected":false},"excerpt":{"rendered":"<p>Gilberto Amorim, oncologista cl\u00ednico do Grupo Oncologia D&#8217;Or, diz que abandonar o tratamento convencional para experimentar a f\u00f3rmula da p\u00edlula de fosfoetanolamina sint\u00e9tica pode trazer s\u00e9rios preju\u00edzos aos pacientes. &#8220;As pessoas n\u00e3o sabem os efeitos colaterais e podem deixar de fazer um tratamento que vai ser curativo em troca da ind\u00fastria do desespero.&#8221; Foi a [&hellip;]<\/p>\n","protected":false},"author":2,"featured_media":71795,"comment_status":"open","ping_status":"closed","sticky":false,"template":"","format":"standard","meta":{"_acf_changed":false,"footnotes":""},"categories":[16],"tags":[],"class_list":["post-71794","post","type-post","status-publish","format-standard","has-post-thumbnail","hentry","category-brasil"],"acf":[],"yoast_head":"<!-- This site is optimized with the Yoast SEO plugin v27.2 - https:\/\/yoast.com\/product\/yoast-seo-wordpress\/ -->\n<title>Oncologistas questionam resultados da p\u00edlula contra o c\u00e2ncer desenvolvida na USP - Notibras<\/title>\n<meta name=\"robots\" content=\"index, follow, max-snippet:-1, max-image-preview:large, max-video-preview:-1\" \/>\n<link rel=\"canonical\" href=\"https:\/\/www.notibras.com\/site\/oncologistas-questionam-resultados-da-pilula-contra-o-cancer-desenvolvida-na-usp\/\" \/>\n<meta property=\"og:locale\" content=\"pt_BR\" \/>\n<meta property=\"og:type\" content=\"article\" \/>\n<meta property=\"og:title\" content=\"Oncologistas questionam resultados da p\u00edlula contra o c\u00e2ncer desenvolvida na USP - Notibras\" \/>\n<meta property=\"og:description\" content=\"Gilberto Amorim, oncologista cl\u00ednico do Grupo Oncologia D&#8217;Or, diz que abandonar o tratamento convencional para experimentar a f\u00f3rmula da p\u00edlula de fosfoetanolamina sint\u00e9tica pode trazer s\u00e9rios preju\u00edzos aos pacientes. &#8220;As pessoas n\u00e3o sabem os efeitos colaterais e podem deixar de fazer um tratamento que vai ser curativo em troca da ind\u00fastria do desespero.&#8221; Foi a [&hellip;]\" \/>\n<meta property=\"og:url\" content=\"https:\/\/www.notibras.com\/site\/oncologistas-questionam-resultados-da-pilula-contra-o-cancer-desenvolvida-na-usp\/\" \/>\n<meta property=\"og:site_name\" content=\"Notibras\" \/>\n<meta property=\"article:publisher\" content=\"https:\/\/www.facebook.com\/notibras\/\" \/>\n<meta property=\"article:published_time\" content=\"2015-10-17T14:48:41+00:00\" \/>\n<meta property=\"og:image\" content=\"https:\/\/www.notibras.com\/site\/wp-content\/uploads\/2015\/10\/can17.jpg\" \/>\n\t<meta property=\"og:image:width\" content=\"620\" \/>\n\t<meta property=\"og:image:height\" content=\"465\" \/>\n\t<meta property=\"og:image:type\" content=\"image\/jpeg\" \/>\n<meta name=\"author\" content=\"Reda\u00e7\u00e3o\" \/>\n<meta name=\"twitter:card\" content=\"summary_large_image\" \/>\n<meta name=\"twitter:creator\" content=\"@Notibras\" \/>\n<meta name=\"twitter:site\" content=\"@Notibras\" \/>\n<meta name=\"twitter:label1\" content=\"Escrito por\" \/>\n\t<meta name=\"twitter:data1\" content=\"Reda\u00e7\u00e3o\" \/>\n\t<meta name=\"twitter:label2\" content=\"Est. tempo de leitura\" \/>\n\t<meta name=\"twitter:data2\" content=\"2 minutos\" \/>\n<script type=\"application\/ld+json\" class=\"yoast-schema-graph\">{\"@context\":\"https:\/\/schema.org\",\"@graph\":[{\"@type\":\"Article\",\"@id\":\"https:\/\/www.notibras.com\/site\/oncologistas-questionam-resultados-da-pilula-contra-o-cancer-desenvolvida-na-usp\/#article\",\"isPartOf\":{\"@id\":\"https:\/\/www.notibras.com\/site\/oncologistas-questionam-resultados-da-pilula-contra-o-cancer-desenvolvida-na-usp\/\"},\"author\":{\"name\":\"Reda\u00e7\u00e3o\",\"@id\":\"https:\/\/www.notibras.com\/site\/#\/schema\/person\/36ab0979449956132d3e5b517ea76ac8\"},\"headline\":\"Oncologistas questionam resultados da p\u00edlula contra o c\u00e2ncer desenvolvida na USP\",\"datePublished\":\"2015-10-17T14:48:41+00:00\",\"mainEntityOfPage\":{\"@id\":\"https:\/\/www.notibras.com\/site\/oncologistas-questionam-resultados-da-pilula-contra-o-cancer-desenvolvida-na-usp\/\"},\"wordCount\":353,\"commentCount\":0,\"publisher\":{\"@id\":\"https:\/\/www.notibras.com\/site\/#organization\"},\"image\":{\"@id\":\"https:\/\/www.notibras.com\/site\/oncologistas-questionam-resultados-da-pilula-contra-o-cancer-desenvolvida-na-usp\/#primaryimage\"},\"thumbnailUrl\":\"https:\/\/www.notibras.com\/site\/wp-content\/uploads\/2015\/10\/can17.jpg\",\"articleSection\":[\"Brasil\"],\"inLanguage\":\"pt-BR\",\"potentialAction\":[{\"@type\":\"CommentAction\",\"name\":\"Comment\",\"target\":[\"https:\/\/www.notibras.com\/site\/oncologistas-questionam-resultados-da-pilula-contra-o-cancer-desenvolvida-na-usp\/#respond\"]}]},{\"@type\":\"WebPage\",\"@id\":\"https:\/\/www.notibras.com\/site\/oncologistas-questionam-resultados-da-pilula-contra-o-cancer-desenvolvida-na-usp\/\",\"url\":\"https:\/\/www.notibras.com\/site\/oncologistas-questionam-resultados-da-pilula-contra-o-cancer-desenvolvida-na-usp\/\",\"name\":\"Oncologistas questionam resultados da p\u00edlula contra o c\u00e2ncer desenvolvida na USP - Notibras\",\"isPartOf\":{\"@id\":\"https:\/\/www.notibras.com\/site\/#website\"},\"primaryImageOfPage\":{\"@id\":\"https:\/\/www.notibras.com\/site\/oncologistas-questionam-resultados-da-pilula-contra-o-cancer-desenvolvida-na-usp\/#primaryimage\"},\"image\":{\"@id\":\"https:\/\/www.notibras.com\/site\/oncologistas-questionam-resultados-da-pilula-contra-o-cancer-desenvolvida-na-usp\/#primaryimage\"},\"thumbnailUrl\":\"https:\/\/www.notibras.com\/site\/wp-content\/uploads\/2015\/10\/can17.jpg\",\"datePublished\":\"2015-10-17T14:48:41+00:00\",\"breadcrumb\":{\"@id\":\"https:\/\/www.notibras.com\/site\/oncologistas-questionam-resultados-da-pilula-contra-o-cancer-desenvolvida-na-usp\/#breadcrumb\"},\"inLanguage\":\"pt-BR\",\"potentialAction\":[{\"@type\":\"ReadAction\",\"target\":[\"https:\/\/www.notibras.com\/site\/oncologistas-questionam-resultados-da-pilula-contra-o-cancer-desenvolvida-na-usp\/\"]}]},{\"@type\":\"ImageObject\",\"inLanguage\":\"pt-BR\",\"@id\":\"https:\/\/www.notibras.com\/site\/oncologistas-questionam-resultados-da-pilula-contra-o-cancer-desenvolvida-na-usp\/#primaryimage\",\"url\":\"https:\/\/www.notibras.com\/site\/wp-content\/uploads\/2015\/10\/can17.jpg\",\"contentUrl\":\"https:\/\/www.notibras.com\/site\/wp-content\/uploads\/2015\/10\/can17.jpg\",\"width\":620,\"height\":465},{\"@type\":\"BreadcrumbList\",\"@id\":\"https:\/\/www.notibras.com\/site\/oncologistas-questionam-resultados-da-pilula-contra-o-cancer-desenvolvida-na-usp\/#breadcrumb\",\"itemListElement\":[{\"@type\":\"ListItem\",\"position\":1,\"name\":\"In\u00edcio\",\"item\":\"https:\/\/www.notibras.com\/site\/\"},{\"@type\":\"ListItem\",\"position\":2,\"name\":\"Oncologistas questionam resultados da p\u00edlula contra o c\u00e2ncer desenvolvida na USP\"}]},{\"@type\":\"WebSite\",\"@id\":\"https:\/\/www.notibras.com\/site\/#website\",\"url\":\"https:\/\/www.notibras.com\/site\/\",\"name\":\"Notibras\",\"description\":\"Not\u00edcias de Bras\u00edlia, do Brasil e do Mundo\",\"publisher\":{\"@id\":\"https:\/\/www.notibras.com\/site\/#organization\"},\"potentialAction\":[{\"@type\":\"SearchAction\",\"target\":{\"@type\":\"EntryPoint\",\"urlTemplate\":\"https:\/\/www.notibras.com\/site\/?s={search_term_string}\"},\"query-input\":{\"@type\":\"PropertyValueSpecification\",\"valueRequired\":true,\"valueName\":\"search_term_string\"}}],\"inLanguage\":\"pt-BR\"},{\"@type\":\"Organization\",\"@id\":\"https:\/\/www.notibras.com\/site\/#organization\",\"name\":\"Grupo Notibras de Comunica\u00e7\u00e3o\",\"url\":\"https:\/\/www.notibras.com\/site\/\",\"logo\":{\"@type\":\"ImageObject\",\"inLanguage\":\"pt-BR\",\"@id\":\"https:\/\/www.notibras.com\/site\/#\/schema\/logo\/image\/\",\"url\":\"https:\/\/www.notibras.com\/site\/wp-content\/uploads\/2023\/01\/notibras23.png\",\"contentUrl\":\"https:\/\/www.notibras.com\/site\/wp-content\/uploads\/2023\/01\/notibras23.png\",\"width\":350,\"height\":87,\"caption\":\"Grupo Notibras de Comunica\u00e7\u00e3o\"},\"image\":{\"@id\":\"https:\/\/www.notibras.com\/site\/#\/schema\/logo\/image\/\"},\"sameAs\":[\"https:\/\/www.facebook.com\/notibras\/\",\"https:\/\/x.com\/Notibras\",\"https:\/\/www.instagram.com\/notibras\/\"]},{\"@type\":\"Person\",\"@id\":\"https:\/\/www.notibras.com\/site\/#\/schema\/person\/36ab0979449956132d3e5b517ea76ac8\",\"name\":\"Reda\u00e7\u00e3o\",\"image\":{\"@type\":\"ImageObject\",\"inLanguage\":\"pt-BR\",\"@id\":\"https:\/\/secure.gravatar.com\/avatar\/e0a867bdedb85fd243eadf09663511f96fc81e0720a4a42581f334ad4303aa6b?s=96&d=mm&r=g\",\"url\":\"https:\/\/secure.gravatar.com\/avatar\/e0a867bdedb85fd243eadf09663511f96fc81e0720a4a42581f334ad4303aa6b?s=96&d=mm&r=g\",\"contentUrl\":\"https:\/\/secure.gravatar.com\/avatar\/e0a867bdedb85fd243eadf09663511f96fc81e0720a4a42581f334ad4303aa6b?s=96&d=mm&r=g\",\"caption\":\"Reda\u00e7\u00e3o\"}}]}<\/script>\n<!-- \/ Yoast SEO plugin. -->","yoast_head_json":{"title":"Oncologistas questionam resultados da p\u00edlula contra o c\u00e2ncer desenvolvida na USP - Notibras","robots":{"index":"index","follow":"follow","max-snippet":"max-snippet:-1","max-image-preview":"max-image-preview:large","max-video-preview":"max-video-preview:-1"},"canonical":"https:\/\/www.notibras.com\/site\/oncologistas-questionam-resultados-da-pilula-contra-o-cancer-desenvolvida-na-usp\/","og_locale":"pt_BR","og_type":"article","og_title":"Oncologistas questionam resultados da p\u00edlula contra o c\u00e2ncer desenvolvida na USP - Notibras","og_description":"Gilberto Amorim, oncologista cl\u00ednico do Grupo Oncologia D&#8217;Or, diz que abandonar o tratamento convencional para experimentar a f\u00f3rmula da p\u00edlula de fosfoetanolamina sint\u00e9tica pode trazer s\u00e9rios preju\u00edzos aos pacientes. &#8220;As pessoas n\u00e3o sabem os efeitos colaterais e podem deixar de fazer um tratamento que vai ser curativo em troca da ind\u00fastria do desespero.&#8221; Foi a [&hellip;]","og_url":"https:\/\/www.notibras.com\/site\/oncologistas-questionam-resultados-da-pilula-contra-o-cancer-desenvolvida-na-usp\/","og_site_name":"Notibras","article_publisher":"https:\/\/www.facebook.com\/notibras\/","article_published_time":"2015-10-17T14:48:41+00:00","og_image":[{"width":620,"height":465,"url":"https:\/\/www.notibras.com\/site\/wp-content\/uploads\/2015\/10\/can17.jpg","type":"image\/jpeg"}],"author":"Reda\u00e7\u00e3o","twitter_card":"summary_large_image","twitter_creator":"@Notibras","twitter_site":"@Notibras","twitter_misc":{"Escrito por":"Reda\u00e7\u00e3o","Est. tempo de leitura":"2 minutos"},"schema":{"@context":"https:\/\/schema.org","@graph":[{"@type":"Article","@id":"https:\/\/www.notibras.com\/site\/oncologistas-questionam-resultados-da-pilula-contra-o-cancer-desenvolvida-na-usp\/#article","isPartOf":{"@id":"https:\/\/www.notibras.com\/site\/oncologistas-questionam-resultados-da-pilula-contra-o-cancer-desenvolvida-na-usp\/"},"author":{"name":"Reda\u00e7\u00e3o","@id":"https:\/\/www.notibras.com\/site\/#\/schema\/person\/36ab0979449956132d3e5b517ea76ac8"},"headline":"Oncologistas questionam resultados da p\u00edlula contra o c\u00e2ncer desenvolvida na USP","datePublished":"2015-10-17T14:48:41+00:00","mainEntityOfPage":{"@id":"https:\/\/www.notibras.com\/site\/oncologistas-questionam-resultados-da-pilula-contra-o-cancer-desenvolvida-na-usp\/"},"wordCount":353,"commentCount":0,"publisher":{"@id":"https:\/\/www.notibras.com\/site\/#organization"},"image":{"@id":"https:\/\/www.notibras.com\/site\/oncologistas-questionam-resultados-da-pilula-contra-o-cancer-desenvolvida-na-usp\/#primaryimage"},"thumbnailUrl":"https:\/\/www.notibras.com\/site\/wp-content\/uploads\/2015\/10\/can17.jpg","articleSection":["Brasil"],"inLanguage":"pt-BR","potentialAction":[{"@type":"CommentAction","name":"Comment","target":["https:\/\/www.notibras.com\/site\/oncologistas-questionam-resultados-da-pilula-contra-o-cancer-desenvolvida-na-usp\/#respond"]}]},{"@type":"WebPage","@id":"https:\/\/www.notibras.com\/site\/oncologistas-questionam-resultados-da-pilula-contra-o-cancer-desenvolvida-na-usp\/","url":"https:\/\/www.notibras.com\/site\/oncologistas-questionam-resultados-da-pilula-contra-o-cancer-desenvolvida-na-usp\/","name":"Oncologistas questionam resultados da p\u00edlula contra o c\u00e2ncer desenvolvida na USP - Notibras","isPartOf":{"@id":"https:\/\/www.notibras.com\/site\/#website"},"primaryImageOfPage":{"@id":"https:\/\/www.notibras.com\/site\/oncologistas-questionam-resultados-da-pilula-contra-o-cancer-desenvolvida-na-usp\/#primaryimage"},"image":{"@id":"https:\/\/www.notibras.com\/site\/oncologistas-questionam-resultados-da-pilula-contra-o-cancer-desenvolvida-na-usp\/#primaryimage"},"thumbnailUrl":"https:\/\/www.notibras.com\/site\/wp-content\/uploads\/2015\/10\/can17.jpg","datePublished":"2015-10-17T14:48:41+00:00","breadcrumb":{"@id":"https:\/\/www.notibras.com\/site\/oncologistas-questionam-resultados-da-pilula-contra-o-cancer-desenvolvida-na-usp\/#breadcrumb"},"inLanguage":"pt-BR","potentialAction":[{"@type":"ReadAction","target":["https:\/\/www.notibras.com\/site\/oncologistas-questionam-resultados-da-pilula-contra-o-cancer-desenvolvida-na-usp\/"]}]},{"@type":"ImageObject","inLanguage":"pt-BR","@id":"https:\/\/www.notibras.com\/site\/oncologistas-questionam-resultados-da-pilula-contra-o-cancer-desenvolvida-na-usp\/#primaryimage","url":"https:\/\/www.notibras.com\/site\/wp-content\/uploads\/2015\/10\/can17.jpg","contentUrl":"https:\/\/www.notibras.com\/site\/wp-content\/uploads\/2015\/10\/can17.jpg","width":620,"height":465},{"@type":"BreadcrumbList","@id":"https:\/\/www.notibras.com\/site\/oncologistas-questionam-resultados-da-pilula-contra-o-cancer-desenvolvida-na-usp\/#breadcrumb","itemListElement":[{"@type":"ListItem","position":1,"name":"In\u00edcio","item":"https:\/\/www.notibras.com\/site\/"},{"@type":"ListItem","position":2,"name":"Oncologistas questionam resultados da p\u00edlula contra o c\u00e2ncer desenvolvida na USP"}]},{"@type":"WebSite","@id":"https:\/\/www.notibras.com\/site\/#website","url":"https:\/\/www.notibras.com\/site\/","name":"Notibras","description":"Not\u00edcias de Bras\u00edlia, do Brasil e do Mundo","publisher":{"@id":"https:\/\/www.notibras.com\/site\/#organization"},"potentialAction":[{"@type":"SearchAction","target":{"@type":"EntryPoint","urlTemplate":"https:\/\/www.notibras.com\/site\/?s={search_term_string}"},"query-input":{"@type":"PropertyValueSpecification","valueRequired":true,"valueName":"search_term_string"}}],"inLanguage":"pt-BR"},{"@type":"Organization","@id":"https:\/\/www.notibras.com\/site\/#organization","name":"Grupo Notibras de Comunica\u00e7\u00e3o","url":"https:\/\/www.notibras.com\/site\/","logo":{"@type":"ImageObject","inLanguage":"pt-BR","@id":"https:\/\/www.notibras.com\/site\/#\/schema\/logo\/image\/","url":"https:\/\/www.notibras.com\/site\/wp-content\/uploads\/2023\/01\/notibras23.png","contentUrl":"https:\/\/www.notibras.com\/site\/wp-content\/uploads\/2023\/01\/notibras23.png","width":350,"height":87,"caption":"Grupo Notibras de Comunica\u00e7\u00e3o"},"image":{"@id":"https:\/\/www.notibras.com\/site\/#\/schema\/logo\/image\/"},"sameAs":["https:\/\/www.facebook.com\/notibras\/","https:\/\/x.com\/Notibras","https:\/\/www.instagram.com\/notibras\/"]},{"@type":"Person","@id":"https:\/\/www.notibras.com\/site\/#\/schema\/person\/36ab0979449956132d3e5b517ea76ac8","name":"Reda\u00e7\u00e3o","image":{"@type":"ImageObject","inLanguage":"pt-BR","@id":"https:\/\/secure.gravatar.com\/avatar\/e0a867bdedb85fd243eadf09663511f96fc81e0720a4a42581f334ad4303aa6b?s=96&d=mm&r=g","url":"https:\/\/secure.gravatar.com\/avatar\/e0a867bdedb85fd243eadf09663511f96fc81e0720a4a42581f334ad4303aa6b?s=96&d=mm&r=g","contentUrl":"https:\/\/secure.gravatar.com\/avatar\/e0a867bdedb85fd243eadf09663511f96fc81e0720a4a42581f334ad4303aa6b?s=96&d=mm&r=g","caption":"Reda\u00e7\u00e3o"}}]}},"amp_enabled":true,"_links":{"self":[{"href":"https:\/\/www.notibras.com\/site\/wp-json\/wp\/v2\/posts\/71794","targetHints":{"allow":["GET"]}}],"collection":[{"href":"https:\/\/www.notibras.com\/site\/wp-json\/wp\/v2\/posts"}],"about":[{"href":"https:\/\/www.notibras.com\/site\/wp-json\/wp\/v2\/types\/post"}],"author":[{"embeddable":true,"href":"https:\/\/www.notibras.com\/site\/wp-json\/wp\/v2\/users\/2"}],"replies":[{"embeddable":true,"href":"https:\/\/www.notibras.com\/site\/wp-json\/wp\/v2\/comments?post=71794"}],"version-history":[{"count":1,"href":"https:\/\/www.notibras.com\/site\/wp-json\/wp\/v2\/posts\/71794\/revisions"}],"predecessor-version":[{"id":71796,"href":"https:\/\/www.notibras.com\/site\/wp-json\/wp\/v2\/posts\/71794\/revisions\/71796"}],"wp:featuredmedia":[{"embeddable":true,"href":"https:\/\/www.notibras.com\/site\/wp-json\/wp\/v2\/media\/71795"}],"wp:attachment":[{"href":"https:\/\/www.notibras.com\/site\/wp-json\/wp\/v2\/media?parent=71794"}],"wp:term":[{"taxonomy":"category","embeddable":true,"href":"https:\/\/www.notibras.com\/site\/wp-json\/wp\/v2\/categories?post=71794"},{"taxonomy":"post_tag","embeddable":true,"href":"https:\/\/www.notibras.com\/site\/wp-json\/wp\/v2\/tags?post=71794"}],"curies":[{"name":"wp","href":"https:\/\/api.w.org\/{rel}","templated":true}]}}