{"id":71797,"date":"2015-10-17T09:51:20","date_gmt":"2015-10-17T12:51:20","guid":{"rendered":"http:\/\/www.notibras.com\/site\/?p=71797"},"modified":"2015-10-17T11:54:31","modified_gmt":"2015-10-17T14:54:31","slug":"canada-suspende-a-exigencia-de-visto-para-brasileiro-a-partir-de-mario-de-2016","status":"publish","type":"post","link":"https:\/\/www.notibras.com\/site\/canada-suspende-a-exigencia-de-visto-para-brasileiro-a-partir-de-mario-de-2016\/","title":{"rendered":"Canad\u00e1 suspende a exig\u00eancia de visto para turista brasileiro a partir de mar\u00e7o de 2016"},"content":{"rendered":"<p>A partir de mar\u00e7o de 2016, brasileiros que viajarem para o Canad\u00e1 n\u00e3o precisar\u00e3o mais do visto para entrar no pa\u00eds. A libera\u00e7\u00e3o da exig\u00eancia, semelhante a que existe nos Estados Unidos, foi anunciada nesta sexta-feira, 16, no site do governo canadense.<\/p>\n<p>A medida vale apenas para viagens a\u00e9reas e atingem tamb\u00e9m moradores do M\u00e9xico, Bulg\u00e1ria e Rom\u00eania. Com isso, o viajante deixar\u00e1 de desembolsar cerca de 100 d\u00f3lares canadenses (R$ 297,14) para tirar o visto, al\u00e9m de mais 30 d\u00f3lares canadenses (r$ 89,14) de taxa.<\/p>\n<p>Por outro lado, o governo do Canad\u00e1 pretende ampliar o uso do eTA (Autoriza\u00e7\u00e3o de Viagem eletr\u00f4nica na sigla em ingl\u00eas), ainda obrigat\u00f3rio para todos os turistas &#8211; por quest\u00f5es de seguran\u00e7a, justificam.<\/p>\n<p><img loading=\"lazy\" decoding=\"async\" class=\"alignnone size-full wp-image-70065\" src=\"http:\/\/www.notibras.com\/site\/wp-content\/uploads\/2015\/10\/estadao.png\" alt=\"estadao\" width=\"99\" height=\"16\" \/><\/p>\n","protected":false},"excerpt":{"rendered":"<p>A partir de mar\u00e7o de 2016, brasileiros que viajarem para o Canad\u00e1 n\u00e3o precisar\u00e3o mais do visto para entrar no pa\u00eds. A libera\u00e7\u00e3o da exig\u00eancia, semelhante a que existe nos Estados Unidos, foi anunciada nesta sexta-feira, 16, no site do governo canadense. A medida vale apenas para viagens a\u00e9reas e atingem tamb\u00e9m moradores do M\u00e9xico, [&hellip;]<\/p>\n","protected":false},"author":2,"featured_media":71798,"comment_status":"open","ping_status":"closed","sticky":false,"template":"","format":"standard","meta":{"_acf_changed":false,"footnotes":""},"categories":[16],"tags":[],"class_list":["post-71797","post","type-post","status-publish","format-standard","has-post-thumbnail","hentry","category-brasil"],"acf":[],"yoast_head":"<!-- This site is optimized with the Yoast SEO plugin v27.2 - https:\/\/yoast.com\/product\/yoast-seo-wordpress\/ -->\n<title>Canad\u00e1 suspende a exig\u00eancia de visto para turista brasileiro a partir de mar\u00e7o de 2016 - Notibras<\/title>\n<meta name=\"robots\" content=\"index, follow, max-snippet:-1, max-image-preview:large, max-video-preview:-1\" \/>\n<link rel=\"canonical\" href=\"https:\/\/www.notibras.com\/site\/canada-suspende-a-exigencia-de-visto-para-brasileiro-a-partir-de-mario-de-2016\/\" \/>\n<meta property=\"og:locale\" content=\"pt_BR\" \/>\n<meta property=\"og:type\" content=\"article\" \/>\n<meta property=\"og:title\" content=\"Canad\u00e1 suspende a exig\u00eancia de visto para turista brasileiro a partir de mar\u00e7o de 2016 - Notibras\" \/>\n<meta property=\"og:description\" content=\"A partir de mar\u00e7o de 2016, brasileiros que viajarem para o Canad\u00e1 n\u00e3o precisar\u00e3o mais do visto para entrar no pa\u00eds. A libera\u00e7\u00e3o da exig\u00eancia, semelhante a que existe nos Estados Unidos, foi anunciada nesta sexta-feira, 16, no site do governo canadense. A medida vale apenas para viagens a\u00e9reas e atingem tamb\u00e9m moradores do M\u00e9xico, [&hellip;]\" \/>\n<meta property=\"og:url\" content=\"https:\/\/www.notibras.com\/site\/canada-suspende-a-exigencia-de-visto-para-brasileiro-a-partir-de-mario-de-2016\/\" \/>\n<meta property=\"og:site_name\" content=\"Notibras\" \/>\n<meta property=\"article:publisher\" content=\"https:\/\/www.facebook.com\/notibras\/\" \/>\n<meta property=\"article:published_time\" content=\"2015-10-17T12:51:20+00:00\" \/>\n<meta property=\"article:modified_time\" content=\"2015-10-17T14:54:31+00:00\" \/>\n<meta property=\"og:image\" content=\"https:\/\/www.notibras.com\/site\/wp-content\/uploads\/2015\/10\/cana17.jpg\" \/>\n\t<meta property=\"og:image:width\" content=\"754\" \/>\n\t<meta property=\"og:image:height\" content=\"503\" \/>\n\t<meta property=\"og:image:type\" content=\"image\/jpeg\" \/>\n<meta name=\"author\" content=\"Reda\u00e7\u00e3o\" \/>\n<meta name=\"twitter:card\" content=\"summary_large_image\" \/>\n<meta name=\"twitter:creator\" content=\"@Notibras\" \/>\n<meta name=\"twitter:site\" content=\"@Notibras\" \/>\n<meta name=\"twitter:label1\" content=\"Escrito por\" \/>\n\t<meta name=\"twitter:data1\" content=\"Reda\u00e7\u00e3o\" \/>\n\t<meta name=\"twitter:label2\" content=\"Est. tempo de leitura\" \/>\n\t<meta name=\"twitter:data2\" content=\"1 minuto\" \/>\n<script type=\"application\/ld+json\" class=\"yoast-schema-graph\">{\"@context\":\"https:\/\/schema.org\",\"@graph\":[{\"@type\":\"Article\",\"@id\":\"https:\/\/www.notibras.com\/site\/canada-suspende-a-exigencia-de-visto-para-brasileiro-a-partir-de-mario-de-2016\/#article\",\"isPartOf\":{\"@id\":\"https:\/\/www.notibras.com\/site\/canada-suspende-a-exigencia-de-visto-para-brasileiro-a-partir-de-mario-de-2016\/\"},\"author\":{\"name\":\"Reda\u00e7\u00e3o\",\"@id\":\"https:\/\/www.notibras.com\/site\/#\/schema\/person\/36ab0979449956132d3e5b517ea76ac8\"},\"headline\":\"Canad\u00e1 suspende a exig\u00eancia de visto para turista brasileiro a partir de mar\u00e7o de 2016\",\"datePublished\":\"2015-10-17T12:51:20+00:00\",\"dateModified\":\"2015-10-17T14:54:31+00:00\",\"mainEntityOfPage\":{\"@id\":\"https:\/\/www.notibras.com\/site\/canada-suspende-a-exigencia-de-visto-para-brasileiro-a-partir-de-mario-de-2016\/\"},\"wordCount\":149,\"commentCount\":0,\"publisher\":{\"@id\":\"https:\/\/www.notibras.com\/site\/#organization\"},\"image\":{\"@id\":\"https:\/\/www.notibras.com\/site\/canada-suspende-a-exigencia-de-visto-para-brasileiro-a-partir-de-mario-de-2016\/#primaryimage\"},\"thumbnailUrl\":\"https:\/\/www.notibras.com\/site\/wp-content\/uploads\/2015\/10\/cana17.jpg\",\"articleSection\":[\"Brasil\"],\"inLanguage\":\"pt-BR\",\"potentialAction\":[{\"@type\":\"CommentAction\",\"name\":\"Comment\",\"target\":[\"https:\/\/www.notibras.com\/site\/canada-suspende-a-exigencia-de-visto-para-brasileiro-a-partir-de-mario-de-2016\/#respond\"]}]},{\"@type\":\"WebPage\",\"@id\":\"https:\/\/www.notibras.com\/site\/canada-suspende-a-exigencia-de-visto-para-brasileiro-a-partir-de-mario-de-2016\/\",\"url\":\"https:\/\/www.notibras.com\/site\/canada-suspende-a-exigencia-de-visto-para-brasileiro-a-partir-de-mario-de-2016\/\",\"name\":\"Canad\u00e1 suspende a exig\u00eancia de visto para turista brasileiro a partir de mar\u00e7o de 2016 - Notibras\",\"isPartOf\":{\"@id\":\"https:\/\/www.notibras.com\/site\/#website\"},\"primaryImageOfPage\":{\"@id\":\"https:\/\/www.notibras.com\/site\/canada-suspende-a-exigencia-de-visto-para-brasileiro-a-partir-de-mario-de-2016\/#primaryimage\"},\"image\":{\"@id\":\"https:\/\/www.notibras.com\/site\/canada-suspende-a-exigencia-de-visto-para-brasileiro-a-partir-de-mario-de-2016\/#primaryimage\"},\"thumbnailUrl\":\"https:\/\/www.notibras.com\/site\/wp-content\/uploads\/2015\/10\/cana17.jpg\",\"datePublished\":\"2015-10-17T12:51:20+00:00\",\"dateModified\":\"2015-10-17T14:54:31+00:00\",\"breadcrumb\":{\"@id\":\"https:\/\/www.notibras.com\/site\/canada-suspende-a-exigencia-de-visto-para-brasileiro-a-partir-de-mario-de-2016\/#breadcrumb\"},\"inLanguage\":\"pt-BR\",\"potentialAction\":[{\"@type\":\"ReadAction\",\"target\":[\"https:\/\/www.notibras.com\/site\/canada-suspende-a-exigencia-de-visto-para-brasileiro-a-partir-de-mario-de-2016\/\"]}]},{\"@type\":\"ImageObject\",\"inLanguage\":\"pt-BR\",\"@id\":\"https:\/\/www.notibras.com\/site\/canada-suspende-a-exigencia-de-visto-para-brasileiro-a-partir-de-mario-de-2016\/#primaryimage\",\"url\":\"https:\/\/www.notibras.com\/site\/wp-content\/uploads\/2015\/10\/cana17.jpg\",\"contentUrl\":\"https:\/\/www.notibras.com\/site\/wp-content\/uploads\/2015\/10\/cana17.jpg\",\"width\":754,\"height\":503},{\"@type\":\"BreadcrumbList\",\"@id\":\"https:\/\/www.notibras.com\/site\/canada-suspende-a-exigencia-de-visto-para-brasileiro-a-partir-de-mario-de-2016\/#breadcrumb\",\"itemListElement\":[{\"@type\":\"ListItem\",\"position\":1,\"name\":\"In\u00edcio\",\"item\":\"https:\/\/www.notibras.com\/site\/\"},{\"@type\":\"ListItem\",\"position\":2,\"name\":\"Canad\u00e1 suspende a exig\u00eancia de visto para turista brasileiro a partir de mar\u00e7o de 2016\"}]},{\"@type\":\"WebSite\",\"@id\":\"https:\/\/www.notibras.com\/site\/#website\",\"url\":\"https:\/\/www.notibras.com\/site\/\",\"name\":\"Notibras\",\"description\":\"Not\u00edcias de Bras\u00edlia, do Brasil e do Mundo\",\"publisher\":{\"@id\":\"https:\/\/www.notibras.com\/site\/#organization\"},\"potentialAction\":[{\"@type\":\"SearchAction\",\"target\":{\"@type\":\"EntryPoint\",\"urlTemplate\":\"https:\/\/www.notibras.com\/site\/?s={search_term_string}\"},\"query-input\":{\"@type\":\"PropertyValueSpecification\",\"valueRequired\":true,\"valueName\":\"search_term_string\"}}],\"inLanguage\":\"pt-BR\"},{\"@type\":\"Organization\",\"@id\":\"https:\/\/www.notibras.com\/site\/#organization\",\"name\":\"Grupo Notibras de Comunica\u00e7\u00e3o\",\"url\":\"https:\/\/www.notibras.com\/site\/\",\"logo\":{\"@type\":\"ImageObject\",\"inLanguage\":\"pt-BR\",\"@id\":\"https:\/\/www.notibras.com\/site\/#\/schema\/logo\/image\/\",\"url\":\"https:\/\/www.notibras.com\/site\/wp-content\/uploads\/2023\/01\/notibras23.png\",\"contentUrl\":\"https:\/\/www.notibras.com\/site\/wp-content\/uploads\/2023\/01\/notibras23.png\",\"width\":350,\"height\":87,\"caption\":\"Grupo Notibras de Comunica\u00e7\u00e3o\"},\"image\":{\"@id\":\"https:\/\/www.notibras.com\/site\/#\/schema\/logo\/image\/\"},\"sameAs\":[\"https:\/\/www.facebook.com\/notibras\/\",\"https:\/\/x.com\/Notibras\",\"https:\/\/www.instagram.com\/notibras\/\"]},{\"@type\":\"Person\",\"@id\":\"https:\/\/www.notibras.com\/site\/#\/schema\/person\/36ab0979449956132d3e5b517ea76ac8\",\"name\":\"Reda\u00e7\u00e3o\",\"image\":{\"@type\":\"ImageObject\",\"inLanguage\":\"pt-BR\",\"@id\":\"https:\/\/secure.gravatar.com\/avatar\/e0a867bdedb85fd243eadf09663511f96fc81e0720a4a42581f334ad4303aa6b?s=96&d=mm&r=g\",\"url\":\"https:\/\/secure.gravatar.com\/avatar\/e0a867bdedb85fd243eadf09663511f96fc81e0720a4a42581f334ad4303aa6b?s=96&d=mm&r=g\",\"contentUrl\":\"https:\/\/secure.gravatar.com\/avatar\/e0a867bdedb85fd243eadf09663511f96fc81e0720a4a42581f334ad4303aa6b?s=96&d=mm&r=g\",\"caption\":\"Reda\u00e7\u00e3o\"}}]}<\/script>\n<!-- \/ Yoast SEO plugin. -->","yoast_head_json":{"title":"Canad\u00e1 suspende a exig\u00eancia de visto para turista brasileiro a partir de mar\u00e7o de 2016 - Notibras","robots":{"index":"index","follow":"follow","max-snippet":"max-snippet:-1","max-image-preview":"max-image-preview:large","max-video-preview":"max-video-preview:-1"},"canonical":"https:\/\/www.notibras.com\/site\/canada-suspende-a-exigencia-de-visto-para-brasileiro-a-partir-de-mario-de-2016\/","og_locale":"pt_BR","og_type":"article","og_title":"Canad\u00e1 suspende a exig\u00eancia de visto para turista brasileiro a partir de mar\u00e7o de 2016 - Notibras","og_description":"A partir de mar\u00e7o de 2016, brasileiros que viajarem para o Canad\u00e1 n\u00e3o precisar\u00e3o mais do visto para entrar no pa\u00eds. A libera\u00e7\u00e3o da exig\u00eancia, semelhante a que existe nos Estados Unidos, foi anunciada nesta sexta-feira, 16, no site do governo canadense. A medida vale apenas para viagens a\u00e9reas e atingem tamb\u00e9m moradores do M\u00e9xico, [&hellip;]","og_url":"https:\/\/www.notibras.com\/site\/canada-suspende-a-exigencia-de-visto-para-brasileiro-a-partir-de-mario-de-2016\/","og_site_name":"Notibras","article_publisher":"https:\/\/www.facebook.com\/notibras\/","article_published_time":"2015-10-17T12:51:20+00:00","article_modified_time":"2015-10-17T14:54:31+00:00","og_image":[{"width":754,"height":503,"url":"https:\/\/www.notibras.com\/site\/wp-content\/uploads\/2015\/10\/cana17.jpg","type":"image\/jpeg"}],"author":"Reda\u00e7\u00e3o","twitter_card":"summary_large_image","twitter_creator":"@Notibras","twitter_site":"@Notibras","twitter_misc":{"Escrito por":"Reda\u00e7\u00e3o","Est. tempo de leitura":"1 minuto"},"schema":{"@context":"https:\/\/schema.org","@graph":[{"@type":"Article","@id":"https:\/\/www.notibras.com\/site\/canada-suspende-a-exigencia-de-visto-para-brasileiro-a-partir-de-mario-de-2016\/#article","isPartOf":{"@id":"https:\/\/www.notibras.com\/site\/canada-suspende-a-exigencia-de-visto-para-brasileiro-a-partir-de-mario-de-2016\/"},"author":{"name":"Reda\u00e7\u00e3o","@id":"https:\/\/www.notibras.com\/site\/#\/schema\/person\/36ab0979449956132d3e5b517ea76ac8"},"headline":"Canad\u00e1 suspende a exig\u00eancia de visto para turista brasileiro a partir de mar\u00e7o de 2016","datePublished":"2015-10-17T12:51:20+00:00","dateModified":"2015-10-17T14:54:31+00:00","mainEntityOfPage":{"@id":"https:\/\/www.notibras.com\/site\/canada-suspende-a-exigencia-de-visto-para-brasileiro-a-partir-de-mario-de-2016\/"},"wordCount":149,"commentCount":0,"publisher":{"@id":"https:\/\/www.notibras.com\/site\/#organization"},"image":{"@id":"https:\/\/www.notibras.com\/site\/canada-suspende-a-exigencia-de-visto-para-brasileiro-a-partir-de-mario-de-2016\/#primaryimage"},"thumbnailUrl":"https:\/\/www.notibras.com\/site\/wp-content\/uploads\/2015\/10\/cana17.jpg","articleSection":["Brasil"],"inLanguage":"pt-BR","potentialAction":[{"@type":"CommentAction","name":"Comment","target":["https:\/\/www.notibras.com\/site\/canada-suspende-a-exigencia-de-visto-para-brasileiro-a-partir-de-mario-de-2016\/#respond"]}]},{"@type":"WebPage","@id":"https:\/\/www.notibras.com\/site\/canada-suspende-a-exigencia-de-visto-para-brasileiro-a-partir-de-mario-de-2016\/","url":"https:\/\/www.notibras.com\/site\/canada-suspende-a-exigencia-de-visto-para-brasileiro-a-partir-de-mario-de-2016\/","name":"Canad\u00e1 suspende a exig\u00eancia de visto para turista brasileiro a partir de mar\u00e7o de 2016 - Notibras","isPartOf":{"@id":"https:\/\/www.notibras.com\/site\/#website"},"primaryImageOfPage":{"@id":"https:\/\/www.notibras.com\/site\/canada-suspende-a-exigencia-de-visto-para-brasileiro-a-partir-de-mario-de-2016\/#primaryimage"},"image":{"@id":"https:\/\/www.notibras.com\/site\/canada-suspende-a-exigencia-de-visto-para-brasileiro-a-partir-de-mario-de-2016\/#primaryimage"},"thumbnailUrl":"https:\/\/www.notibras.com\/site\/wp-content\/uploads\/2015\/10\/cana17.jpg","datePublished":"2015-10-17T12:51:20+00:00","dateModified":"2015-10-17T14:54:31+00:00","breadcrumb":{"@id":"https:\/\/www.notibras.com\/site\/canada-suspende-a-exigencia-de-visto-para-brasileiro-a-partir-de-mario-de-2016\/#breadcrumb"},"inLanguage":"pt-BR","potentialAction":[{"@type":"ReadAction","target":["https:\/\/www.notibras.com\/site\/canada-suspende-a-exigencia-de-visto-para-brasileiro-a-partir-de-mario-de-2016\/"]}]},{"@type":"ImageObject","inLanguage":"pt-BR","@id":"https:\/\/www.notibras.com\/site\/canada-suspende-a-exigencia-de-visto-para-brasileiro-a-partir-de-mario-de-2016\/#primaryimage","url":"https:\/\/www.notibras.com\/site\/wp-content\/uploads\/2015\/10\/cana17.jpg","contentUrl":"https:\/\/www.notibras.com\/site\/wp-content\/uploads\/2015\/10\/cana17.jpg","width":754,"height":503},{"@type":"BreadcrumbList","@id":"https:\/\/www.notibras.com\/site\/canada-suspende-a-exigencia-de-visto-para-brasileiro-a-partir-de-mario-de-2016\/#breadcrumb","itemListElement":[{"@type":"ListItem","position":1,"name":"In\u00edcio","item":"https:\/\/www.notibras.com\/site\/"},{"@type":"ListItem","position":2,"name":"Canad\u00e1 suspende a exig\u00eancia de visto para turista brasileiro a partir de mar\u00e7o de 2016"}]},{"@type":"WebSite","@id":"https:\/\/www.notibras.com\/site\/#website","url":"https:\/\/www.notibras.com\/site\/","name":"Notibras","description":"Not\u00edcias de Bras\u00edlia, do Brasil e do Mundo","publisher":{"@id":"https:\/\/www.notibras.com\/site\/#organization"},"potentialAction":[{"@type":"SearchAction","target":{"@type":"EntryPoint","urlTemplate":"https:\/\/www.notibras.com\/site\/?s={search_term_string}"},"query-input":{"@type":"PropertyValueSpecification","valueRequired":true,"valueName":"search_term_string"}}],"inLanguage":"pt-BR"},{"@type":"Organization","@id":"https:\/\/www.notibras.com\/site\/#organization","name":"Grupo Notibras de Comunica\u00e7\u00e3o","url":"https:\/\/www.notibras.com\/site\/","logo":{"@type":"ImageObject","inLanguage":"pt-BR","@id":"https:\/\/www.notibras.com\/site\/#\/schema\/logo\/image\/","url":"https:\/\/www.notibras.com\/site\/wp-content\/uploads\/2023\/01\/notibras23.png","contentUrl":"https:\/\/www.notibras.com\/site\/wp-content\/uploads\/2023\/01\/notibras23.png","width":350,"height":87,"caption":"Grupo Notibras de Comunica\u00e7\u00e3o"},"image":{"@id":"https:\/\/www.notibras.com\/site\/#\/schema\/logo\/image\/"},"sameAs":["https:\/\/www.facebook.com\/notibras\/","https:\/\/x.com\/Notibras","https:\/\/www.instagram.com\/notibras\/"]},{"@type":"Person","@id":"https:\/\/www.notibras.com\/site\/#\/schema\/person\/36ab0979449956132d3e5b517ea76ac8","name":"Reda\u00e7\u00e3o","image":{"@type":"ImageObject","inLanguage":"pt-BR","@id":"https:\/\/secure.gravatar.com\/avatar\/e0a867bdedb85fd243eadf09663511f96fc81e0720a4a42581f334ad4303aa6b?s=96&d=mm&r=g","url":"https:\/\/secure.gravatar.com\/avatar\/e0a867bdedb85fd243eadf09663511f96fc81e0720a4a42581f334ad4303aa6b?s=96&d=mm&r=g","contentUrl":"https:\/\/secure.gravatar.com\/avatar\/e0a867bdedb85fd243eadf09663511f96fc81e0720a4a42581f334ad4303aa6b?s=96&d=mm&r=g","caption":"Reda\u00e7\u00e3o"}}]}},"amp_enabled":true,"_links":{"self":[{"href":"https:\/\/www.notibras.com\/site\/wp-json\/wp\/v2\/posts\/71797","targetHints":{"allow":["GET"]}}],"collection":[{"href":"https:\/\/www.notibras.com\/site\/wp-json\/wp\/v2\/posts"}],"about":[{"href":"https:\/\/www.notibras.com\/site\/wp-json\/wp\/v2\/types\/post"}],"author":[{"embeddable":true,"href":"https:\/\/www.notibras.com\/site\/wp-json\/wp\/v2\/users\/2"}],"replies":[{"embeddable":true,"href":"https:\/\/www.notibras.com\/site\/wp-json\/wp\/v2\/comments?post=71797"}],"version-history":[{"count":2,"href":"https:\/\/www.notibras.com\/site\/wp-json\/wp\/v2\/posts\/71797\/revisions"}],"predecessor-version":[{"id":71800,"href":"https:\/\/www.notibras.com\/site\/wp-json\/wp\/v2\/posts\/71797\/revisions\/71800"}],"wp:featuredmedia":[{"embeddable":true,"href":"https:\/\/www.notibras.com\/site\/wp-json\/wp\/v2\/media\/71798"}],"wp:attachment":[{"href":"https:\/\/www.notibras.com\/site\/wp-json\/wp\/v2\/media?parent=71797"}],"wp:term":[{"taxonomy":"category","embeddable":true,"href":"https:\/\/www.notibras.com\/site\/wp-json\/wp\/v2\/categories?post=71797"},{"taxonomy":"post_tag","embeddable":true,"href":"https:\/\/www.notibras.com\/site\/wp-json\/wp\/v2\/tags?post=71797"}],"curies":[{"name":"wp","href":"https:\/\/api.w.org\/{rel}","templated":true}]}}