{"id":71813,"date":"2015-10-17T12:43:19","date_gmt":"2015-10-17T15:43:19","guid":{"rendered":"http:\/\/www.notibras.com\/site\/?p=71813"},"modified":"2015-10-18T18:17:28","modified_gmt":"2015-10-18T20:17:28","slug":"grupos-anti-dilma-mudam-estrategia-para-pressionar-impeachment","status":"publish","type":"post","link":"https:\/\/www.notibras.com\/site\/grupos-anti-dilma-mudam-estrategia-para-pressionar-impeachment\/","title":{"rendered":"Grupos anti-Dilma mudam estrat\u00e9gia do impeachment com manifesta\u00e7\u00f5es di\u00e1rias"},"content":{"rendered":"<p>Os grupos que lideram as manifesta\u00e7\u00f5es de rua pelo impeachment da presidente Dilma Rousseff desistiram de atuar em conjunto e mudaram suas estrat\u00e9gias de a\u00e7\u00e3o.<\/p>\n<p>Com o objetivo de pressionar o presidente da C\u00e2mara, Eduardo Cunha (PMDB-RJ), a deferir a peti\u00e7\u00e3o assinada pelos juristas H\u00e9lio Bicudo, Miguel Reale Jr e Janaina Paschoal, eles desistiram de convocar mais uma grande manifesta\u00e7\u00e3o nacional, como as que ocorreram em agosto e mar\u00e7o, e optaram por promover a\u00e7\u00f5es di\u00e1rias de rua nos moldes dos atos promovidos em 2013 em S\u00e3o Paulo pelo Movimento Passe Livre (MPL), que defendia a redu\u00e7\u00e3o das tarifas de transporte p\u00fablico.<\/p>\n<p>&#8220;Faremos manifesta\u00e7\u00f5es todos os dias at\u00e9 o dia que o Cunha apresentar o impeachment&#8221; , diz Carla Zambelli, porta-voz da Alian\u00e7a dos Movimentos Democr\u00e1ticos.<\/p>\n<p>O primeiro ato, que est\u00e1 marcado para este domingo, na Avenida Paulista, ser\u00e1 bem mais modesto que os anteriores. &#8220;N\u00e3o teremos carros de som nem os bonecos infl\u00e1veis, que est\u00e3o em outras cidades&#8221;, diz a ativista. J\u00e1 Vem Pra Rua marcou sua manifesta\u00e7\u00e3o para segunda-feira, no Largo da Batata, em Pinheiros. &#8220;Ser\u00e1 um modelo mais din\u00e2mico. N\u00e3o vai ter carro de som. E dessa vez n\u00e3o vamos ficar parados. Faremos uma marcha pelo impeachment&#8221;, diz o porta-voz do VPR, Rog\u00e9rio Chequer.<\/p>\n<p>Ele diz que o grupo deve promover um novo ato nos mesmos moldes na quinta-feira se Eduardo Cunha n\u00e3o der andamento ao pedido.<\/p>\n<p>Apesar de atuarem separadamente, os grupos anti-Dilma adotaram a mesma t\u00e1tica: pressionar o presidente da C\u00e2mara, mas sem pedir seu afastamento do comando da Casa ou a cassa\u00e7\u00e3o de mandato.<\/p>\n<p>Na semana passada, o PSOL e a Rede entraram com uma representa\u00e7\u00e3o no Conselho de \u00c9tica da C\u00e2mara contra o presidente da Casa, Eduardo Cunha (PMDB-RJ), por quebra de decoro parlamentar.<\/p>\n<p>O pedido est\u00e1 fundamentado no documento enviado na semana passada ao PSOL pela Procuradoria-Geral da Rep\u00fablica (PGR), ap\u00f3s um pedido formal do partido, confirmando que Cunha mant\u00e9m contas banc\u00e1rias secretas na Su\u00ed\u00e7a.<\/p>\n<p>&#8220;Eduardo Cunha n\u00e3o \u00e9 nosso aliado \u00e9 nosso aliado estrat\u00e9gico, mas tamb\u00e9m n\u00e3o estamos pedindo a cassa\u00e7\u00e3o de outros acusados (na Opera\u00e7\u00e3o Lava Jato). N\u00e3o temos recurso para isso&#8221;, diz Rog\u00e9rio Chequer.<\/p>\n<p>Em abril, os grupos reuniram 701 mil pessoas, segundo a pol\u00edcia, ou 1,5 milh\u00e3o, segundo os organizadores. Os n\u00fameros foram menores do que nos atos de 15 de mar\u00e7o, que reuniram 2,4 milh\u00f5es de pessoas, segundo a pol\u00edcia, ou 3 milh\u00f5es, segundo os organizadores. Em agosto foram 375 mil pessoas, segundo a Pol\u00edcia Militar.<\/p>\n<p><img loading=\"lazy\" decoding=\"async\" class=\"alignnone size-full wp-image-70065\" src=\"http:\/\/www.notibras.com\/site\/wp-content\/uploads\/2015\/10\/estadao.png\" alt=\"estadao\" width=\"99\" height=\"16\" \/><\/p>\n","protected":false},"excerpt":{"rendered":"<p>Os grupos que lideram as manifesta\u00e7\u00f5es de rua pelo impeachment da presidente Dilma Rousseff desistiram de atuar em conjunto e mudaram suas estrat\u00e9gias de a\u00e7\u00e3o. Com o objetivo de pressionar o presidente da C\u00e2mara, Eduardo Cunha (PMDB-RJ), a deferir a peti\u00e7\u00e3o assinada pelos juristas H\u00e9lio Bicudo, Miguel Reale Jr e Janaina Paschoal, eles desistiram de [&hellip;]<\/p>\n","protected":false},"author":2,"featured_media":71814,"comment_status":"open","ping_status":"closed","sticky":false,"template":"","format":"standard","meta":{"_acf_changed":false,"footnotes":""},"categories":[16],"tags":[],"class_list":["post-71813","post","type-post","status-publish","format-standard","has-post-thumbnail","hentry","category-brasil"],"acf":[],"yoast_head":"<!-- This site is optimized with the Yoast SEO plugin v27.2 - https:\/\/yoast.com\/product\/yoast-seo-wordpress\/ -->\n<title>Grupos anti-Dilma mudam estrat\u00e9gia do impeachment com manifesta\u00e7\u00f5es di\u00e1rias - Notibras<\/title>\n<meta name=\"robots\" content=\"index, follow, max-snippet:-1, max-image-preview:large, max-video-preview:-1\" \/>\n<link rel=\"canonical\" href=\"https:\/\/www.notibras.com\/site\/grupos-anti-dilma-mudam-estrategia-para-pressionar-impeachment\/\" \/>\n<meta property=\"og:locale\" content=\"pt_BR\" \/>\n<meta property=\"og:type\" content=\"article\" \/>\n<meta property=\"og:title\" content=\"Grupos anti-Dilma mudam estrat\u00e9gia do impeachment com manifesta\u00e7\u00f5es di\u00e1rias - Notibras\" \/>\n<meta property=\"og:description\" content=\"Os grupos que lideram as manifesta\u00e7\u00f5es de rua pelo impeachment da presidente Dilma Rousseff desistiram de atuar em conjunto e mudaram suas estrat\u00e9gias de a\u00e7\u00e3o. Com o objetivo de pressionar o presidente da C\u00e2mara, Eduardo Cunha (PMDB-RJ), a deferir a peti\u00e7\u00e3o assinada pelos juristas H\u00e9lio Bicudo, Miguel Reale Jr e Janaina Paschoal, eles desistiram de [&hellip;]\" \/>\n<meta property=\"og:url\" content=\"https:\/\/www.notibras.com\/site\/grupos-anti-dilma-mudam-estrategia-para-pressionar-impeachment\/\" \/>\n<meta property=\"og:site_name\" content=\"Notibras\" \/>\n<meta property=\"article:publisher\" content=\"https:\/\/www.facebook.com\/notibras\/\" \/>\n<meta property=\"article:published_time\" content=\"2015-10-17T15:43:19+00:00\" \/>\n<meta property=\"article:modified_time\" content=\"2015-10-18T20:17:28+00:00\" \/>\n<meta property=\"og:image\" content=\"https:\/\/www.notibras.com\/site\/wp-content\/uploads\/2015\/10\/impe17.jpg\" \/>\n\t<meta property=\"og:image:width\" content=\"645\" \/>\n\t<meta property=\"og:image:height\" content=\"388\" \/>\n\t<meta property=\"og:image:type\" content=\"image\/jpeg\" \/>\n<meta name=\"author\" content=\"Reda\u00e7\u00e3o\" \/>\n<meta name=\"twitter:card\" content=\"summary_large_image\" \/>\n<meta name=\"twitter:creator\" content=\"@Notibras\" \/>\n<meta name=\"twitter:site\" content=\"@Notibras\" \/>\n<meta name=\"twitter:label1\" content=\"Escrito por\" \/>\n\t<meta name=\"twitter:data1\" content=\"Reda\u00e7\u00e3o\" \/>\n\t<meta name=\"twitter:label2\" content=\"Est. tempo de leitura\" \/>\n\t<meta name=\"twitter:data2\" content=\"2 minutos\" \/>\n<script type=\"application\/ld+json\" class=\"yoast-schema-graph\">{\"@context\":\"https:\/\/schema.org\",\"@graph\":[{\"@type\":\"Article\",\"@id\":\"https:\/\/www.notibras.com\/site\/grupos-anti-dilma-mudam-estrategia-para-pressionar-impeachment\/#article\",\"isPartOf\":{\"@id\":\"https:\/\/www.notibras.com\/site\/grupos-anti-dilma-mudam-estrategia-para-pressionar-impeachment\/\"},\"author\":{\"name\":\"Reda\u00e7\u00e3o\",\"@id\":\"https:\/\/www.notibras.com\/site\/#\/schema\/person\/36ab0979449956132d3e5b517ea76ac8\"},\"headline\":\"Grupos anti-Dilma mudam estrat\u00e9gia do impeachment com manifesta\u00e7\u00f5es di\u00e1rias\",\"datePublished\":\"2015-10-17T15:43:19+00:00\",\"dateModified\":\"2015-10-18T20:17:28+00:00\",\"mainEntityOfPage\":{\"@id\":\"https:\/\/www.notibras.com\/site\/grupos-anti-dilma-mudam-estrategia-para-pressionar-impeachment\/\"},\"wordCount\":461,\"commentCount\":0,\"publisher\":{\"@id\":\"https:\/\/www.notibras.com\/site\/#organization\"},\"image\":{\"@id\":\"https:\/\/www.notibras.com\/site\/grupos-anti-dilma-mudam-estrategia-para-pressionar-impeachment\/#primaryimage\"},\"thumbnailUrl\":\"https:\/\/www.notibras.com\/site\/wp-content\/uploads\/2015\/10\/impe17.jpg\",\"articleSection\":[\"Brasil\"],\"inLanguage\":\"pt-BR\",\"potentialAction\":[{\"@type\":\"CommentAction\",\"name\":\"Comment\",\"target\":[\"https:\/\/www.notibras.com\/site\/grupos-anti-dilma-mudam-estrategia-para-pressionar-impeachment\/#respond\"]}]},{\"@type\":\"WebPage\",\"@id\":\"https:\/\/www.notibras.com\/site\/grupos-anti-dilma-mudam-estrategia-para-pressionar-impeachment\/\",\"url\":\"https:\/\/www.notibras.com\/site\/grupos-anti-dilma-mudam-estrategia-para-pressionar-impeachment\/\",\"name\":\"Grupos anti-Dilma mudam estrat\u00e9gia do impeachment com manifesta\u00e7\u00f5es di\u00e1rias - Notibras\",\"isPartOf\":{\"@id\":\"https:\/\/www.notibras.com\/site\/#website\"},\"primaryImageOfPage\":{\"@id\":\"https:\/\/www.notibras.com\/site\/grupos-anti-dilma-mudam-estrategia-para-pressionar-impeachment\/#primaryimage\"},\"image\":{\"@id\":\"https:\/\/www.notibras.com\/site\/grupos-anti-dilma-mudam-estrategia-para-pressionar-impeachment\/#primaryimage\"},\"thumbnailUrl\":\"https:\/\/www.notibras.com\/site\/wp-content\/uploads\/2015\/10\/impe17.jpg\",\"datePublished\":\"2015-10-17T15:43:19+00:00\",\"dateModified\":\"2015-10-18T20:17:28+00:00\",\"breadcrumb\":{\"@id\":\"https:\/\/www.notibras.com\/site\/grupos-anti-dilma-mudam-estrategia-para-pressionar-impeachment\/#breadcrumb\"},\"inLanguage\":\"pt-BR\",\"potentialAction\":[{\"@type\":\"ReadAction\",\"target\":[\"https:\/\/www.notibras.com\/site\/grupos-anti-dilma-mudam-estrategia-para-pressionar-impeachment\/\"]}]},{\"@type\":\"ImageObject\",\"inLanguage\":\"pt-BR\",\"@id\":\"https:\/\/www.notibras.com\/site\/grupos-anti-dilma-mudam-estrategia-para-pressionar-impeachment\/#primaryimage\",\"url\":\"https:\/\/www.notibras.com\/site\/wp-content\/uploads\/2015\/10\/impe17.jpg\",\"contentUrl\":\"https:\/\/www.notibras.com\/site\/wp-content\/uploads\/2015\/10\/impe17.jpg\",\"width\":645,\"height\":388},{\"@type\":\"BreadcrumbList\",\"@id\":\"https:\/\/www.notibras.com\/site\/grupos-anti-dilma-mudam-estrategia-para-pressionar-impeachment\/#breadcrumb\",\"itemListElement\":[{\"@type\":\"ListItem\",\"position\":1,\"name\":\"In\u00edcio\",\"item\":\"https:\/\/www.notibras.com\/site\/\"},{\"@type\":\"ListItem\",\"position\":2,\"name\":\"Grupos anti-Dilma mudam estrat\u00e9gia do impeachment com manifesta\u00e7\u00f5es di\u00e1rias\"}]},{\"@type\":\"WebSite\",\"@id\":\"https:\/\/www.notibras.com\/site\/#website\",\"url\":\"https:\/\/www.notibras.com\/site\/\",\"name\":\"Notibras\",\"description\":\"Not\u00edcias de Bras\u00edlia, do Brasil e do Mundo\",\"publisher\":{\"@id\":\"https:\/\/www.notibras.com\/site\/#organization\"},\"potentialAction\":[{\"@type\":\"SearchAction\",\"target\":{\"@type\":\"EntryPoint\",\"urlTemplate\":\"https:\/\/www.notibras.com\/site\/?s={search_term_string}\"},\"query-input\":{\"@type\":\"PropertyValueSpecification\",\"valueRequired\":true,\"valueName\":\"search_term_string\"}}],\"inLanguage\":\"pt-BR\"},{\"@type\":\"Organization\",\"@id\":\"https:\/\/www.notibras.com\/site\/#organization\",\"name\":\"Grupo Notibras de Comunica\u00e7\u00e3o\",\"url\":\"https:\/\/www.notibras.com\/site\/\",\"logo\":{\"@type\":\"ImageObject\",\"inLanguage\":\"pt-BR\",\"@id\":\"https:\/\/www.notibras.com\/site\/#\/schema\/logo\/image\/\",\"url\":\"https:\/\/www.notibras.com\/site\/wp-content\/uploads\/2023\/01\/notibras23.png\",\"contentUrl\":\"https:\/\/www.notibras.com\/site\/wp-content\/uploads\/2023\/01\/notibras23.png\",\"width\":350,\"height\":87,\"caption\":\"Grupo Notibras de Comunica\u00e7\u00e3o\"},\"image\":{\"@id\":\"https:\/\/www.notibras.com\/site\/#\/schema\/logo\/image\/\"},\"sameAs\":[\"https:\/\/www.facebook.com\/notibras\/\",\"https:\/\/x.com\/Notibras\",\"https:\/\/www.instagram.com\/notibras\/\"]},{\"@type\":\"Person\",\"@id\":\"https:\/\/www.notibras.com\/site\/#\/schema\/person\/36ab0979449956132d3e5b517ea76ac8\",\"name\":\"Reda\u00e7\u00e3o\",\"image\":{\"@type\":\"ImageObject\",\"inLanguage\":\"pt-BR\",\"@id\":\"https:\/\/secure.gravatar.com\/avatar\/e0a867bdedb85fd243eadf09663511f96fc81e0720a4a42581f334ad4303aa6b?s=96&d=mm&r=g\",\"url\":\"https:\/\/secure.gravatar.com\/avatar\/e0a867bdedb85fd243eadf09663511f96fc81e0720a4a42581f334ad4303aa6b?s=96&d=mm&r=g\",\"contentUrl\":\"https:\/\/secure.gravatar.com\/avatar\/e0a867bdedb85fd243eadf09663511f96fc81e0720a4a42581f334ad4303aa6b?s=96&d=mm&r=g\",\"caption\":\"Reda\u00e7\u00e3o\"}}]}<\/script>\n<!-- \/ Yoast SEO plugin. -->","yoast_head_json":{"title":"Grupos anti-Dilma mudam estrat\u00e9gia do impeachment com manifesta\u00e7\u00f5es di\u00e1rias - Notibras","robots":{"index":"index","follow":"follow","max-snippet":"max-snippet:-1","max-image-preview":"max-image-preview:large","max-video-preview":"max-video-preview:-1"},"canonical":"https:\/\/www.notibras.com\/site\/grupos-anti-dilma-mudam-estrategia-para-pressionar-impeachment\/","og_locale":"pt_BR","og_type":"article","og_title":"Grupos anti-Dilma mudam estrat\u00e9gia do impeachment com manifesta\u00e7\u00f5es di\u00e1rias - Notibras","og_description":"Os grupos que lideram as manifesta\u00e7\u00f5es de rua pelo impeachment da presidente Dilma Rousseff desistiram de atuar em conjunto e mudaram suas estrat\u00e9gias de a\u00e7\u00e3o. Com o objetivo de pressionar o presidente da C\u00e2mara, Eduardo Cunha (PMDB-RJ), a deferir a peti\u00e7\u00e3o assinada pelos juristas H\u00e9lio Bicudo, Miguel Reale Jr e Janaina Paschoal, eles desistiram de [&hellip;]","og_url":"https:\/\/www.notibras.com\/site\/grupos-anti-dilma-mudam-estrategia-para-pressionar-impeachment\/","og_site_name":"Notibras","article_publisher":"https:\/\/www.facebook.com\/notibras\/","article_published_time":"2015-10-17T15:43:19+00:00","article_modified_time":"2015-10-18T20:17:28+00:00","og_image":[{"width":645,"height":388,"url":"https:\/\/www.notibras.com\/site\/wp-content\/uploads\/2015\/10\/impe17.jpg","type":"image\/jpeg"}],"author":"Reda\u00e7\u00e3o","twitter_card":"summary_large_image","twitter_creator":"@Notibras","twitter_site":"@Notibras","twitter_misc":{"Escrito por":"Reda\u00e7\u00e3o","Est. tempo de leitura":"2 minutos"},"schema":{"@context":"https:\/\/schema.org","@graph":[{"@type":"Article","@id":"https:\/\/www.notibras.com\/site\/grupos-anti-dilma-mudam-estrategia-para-pressionar-impeachment\/#article","isPartOf":{"@id":"https:\/\/www.notibras.com\/site\/grupos-anti-dilma-mudam-estrategia-para-pressionar-impeachment\/"},"author":{"name":"Reda\u00e7\u00e3o","@id":"https:\/\/www.notibras.com\/site\/#\/schema\/person\/36ab0979449956132d3e5b517ea76ac8"},"headline":"Grupos anti-Dilma mudam estrat\u00e9gia do impeachment com manifesta\u00e7\u00f5es di\u00e1rias","datePublished":"2015-10-17T15:43:19+00:00","dateModified":"2015-10-18T20:17:28+00:00","mainEntityOfPage":{"@id":"https:\/\/www.notibras.com\/site\/grupos-anti-dilma-mudam-estrategia-para-pressionar-impeachment\/"},"wordCount":461,"commentCount":0,"publisher":{"@id":"https:\/\/www.notibras.com\/site\/#organization"},"image":{"@id":"https:\/\/www.notibras.com\/site\/grupos-anti-dilma-mudam-estrategia-para-pressionar-impeachment\/#primaryimage"},"thumbnailUrl":"https:\/\/www.notibras.com\/site\/wp-content\/uploads\/2015\/10\/impe17.jpg","articleSection":["Brasil"],"inLanguage":"pt-BR","potentialAction":[{"@type":"CommentAction","name":"Comment","target":["https:\/\/www.notibras.com\/site\/grupos-anti-dilma-mudam-estrategia-para-pressionar-impeachment\/#respond"]}]},{"@type":"WebPage","@id":"https:\/\/www.notibras.com\/site\/grupos-anti-dilma-mudam-estrategia-para-pressionar-impeachment\/","url":"https:\/\/www.notibras.com\/site\/grupos-anti-dilma-mudam-estrategia-para-pressionar-impeachment\/","name":"Grupos anti-Dilma mudam estrat\u00e9gia do impeachment com manifesta\u00e7\u00f5es di\u00e1rias - Notibras","isPartOf":{"@id":"https:\/\/www.notibras.com\/site\/#website"},"primaryImageOfPage":{"@id":"https:\/\/www.notibras.com\/site\/grupos-anti-dilma-mudam-estrategia-para-pressionar-impeachment\/#primaryimage"},"image":{"@id":"https:\/\/www.notibras.com\/site\/grupos-anti-dilma-mudam-estrategia-para-pressionar-impeachment\/#primaryimage"},"thumbnailUrl":"https:\/\/www.notibras.com\/site\/wp-content\/uploads\/2015\/10\/impe17.jpg","datePublished":"2015-10-17T15:43:19+00:00","dateModified":"2015-10-18T20:17:28+00:00","breadcrumb":{"@id":"https:\/\/www.notibras.com\/site\/grupos-anti-dilma-mudam-estrategia-para-pressionar-impeachment\/#breadcrumb"},"inLanguage":"pt-BR","potentialAction":[{"@type":"ReadAction","target":["https:\/\/www.notibras.com\/site\/grupos-anti-dilma-mudam-estrategia-para-pressionar-impeachment\/"]}]},{"@type":"ImageObject","inLanguage":"pt-BR","@id":"https:\/\/www.notibras.com\/site\/grupos-anti-dilma-mudam-estrategia-para-pressionar-impeachment\/#primaryimage","url":"https:\/\/www.notibras.com\/site\/wp-content\/uploads\/2015\/10\/impe17.jpg","contentUrl":"https:\/\/www.notibras.com\/site\/wp-content\/uploads\/2015\/10\/impe17.jpg","width":645,"height":388},{"@type":"BreadcrumbList","@id":"https:\/\/www.notibras.com\/site\/grupos-anti-dilma-mudam-estrategia-para-pressionar-impeachment\/#breadcrumb","itemListElement":[{"@type":"ListItem","position":1,"name":"In\u00edcio","item":"https:\/\/www.notibras.com\/site\/"},{"@type":"ListItem","position":2,"name":"Grupos anti-Dilma mudam estrat\u00e9gia do impeachment com manifesta\u00e7\u00f5es di\u00e1rias"}]},{"@type":"WebSite","@id":"https:\/\/www.notibras.com\/site\/#website","url":"https:\/\/www.notibras.com\/site\/","name":"Notibras","description":"Not\u00edcias de Bras\u00edlia, do Brasil e do Mundo","publisher":{"@id":"https:\/\/www.notibras.com\/site\/#organization"},"potentialAction":[{"@type":"SearchAction","target":{"@type":"EntryPoint","urlTemplate":"https:\/\/www.notibras.com\/site\/?s={search_term_string}"},"query-input":{"@type":"PropertyValueSpecification","valueRequired":true,"valueName":"search_term_string"}}],"inLanguage":"pt-BR"},{"@type":"Organization","@id":"https:\/\/www.notibras.com\/site\/#organization","name":"Grupo Notibras de Comunica\u00e7\u00e3o","url":"https:\/\/www.notibras.com\/site\/","logo":{"@type":"ImageObject","inLanguage":"pt-BR","@id":"https:\/\/www.notibras.com\/site\/#\/schema\/logo\/image\/","url":"https:\/\/www.notibras.com\/site\/wp-content\/uploads\/2023\/01\/notibras23.png","contentUrl":"https:\/\/www.notibras.com\/site\/wp-content\/uploads\/2023\/01\/notibras23.png","width":350,"height":87,"caption":"Grupo Notibras de Comunica\u00e7\u00e3o"},"image":{"@id":"https:\/\/www.notibras.com\/site\/#\/schema\/logo\/image\/"},"sameAs":["https:\/\/www.facebook.com\/notibras\/","https:\/\/x.com\/Notibras","https:\/\/www.instagram.com\/notibras\/"]},{"@type":"Person","@id":"https:\/\/www.notibras.com\/site\/#\/schema\/person\/36ab0979449956132d3e5b517ea76ac8","name":"Reda\u00e7\u00e3o","image":{"@type":"ImageObject","inLanguage":"pt-BR","@id":"https:\/\/secure.gravatar.com\/avatar\/e0a867bdedb85fd243eadf09663511f96fc81e0720a4a42581f334ad4303aa6b?s=96&d=mm&r=g","url":"https:\/\/secure.gravatar.com\/avatar\/e0a867bdedb85fd243eadf09663511f96fc81e0720a4a42581f334ad4303aa6b?s=96&d=mm&r=g","contentUrl":"https:\/\/secure.gravatar.com\/avatar\/e0a867bdedb85fd243eadf09663511f96fc81e0720a4a42581f334ad4303aa6b?s=96&d=mm&r=g","caption":"Reda\u00e7\u00e3o"}}]}},"amp_enabled":true,"_links":{"self":[{"href":"https:\/\/www.notibras.com\/site\/wp-json\/wp\/v2\/posts\/71813","targetHints":{"allow":["GET"]}}],"collection":[{"href":"https:\/\/www.notibras.com\/site\/wp-json\/wp\/v2\/posts"}],"about":[{"href":"https:\/\/www.notibras.com\/site\/wp-json\/wp\/v2\/types\/post"}],"author":[{"embeddable":true,"href":"https:\/\/www.notibras.com\/site\/wp-json\/wp\/v2\/users\/2"}],"replies":[{"embeddable":true,"href":"https:\/\/www.notibras.com\/site\/wp-json\/wp\/v2\/comments?post=71813"}],"version-history":[{"count":7,"href":"https:\/\/www.notibras.com\/site\/wp-json\/wp\/v2\/posts\/71813\/revisions"}],"predecessor-version":[{"id":71848,"href":"https:\/\/www.notibras.com\/site\/wp-json\/wp\/v2\/posts\/71813\/revisions\/71848"}],"wp:featuredmedia":[{"embeddable":true,"href":"https:\/\/www.notibras.com\/site\/wp-json\/wp\/v2\/media\/71814"}],"wp:attachment":[{"href":"https:\/\/www.notibras.com\/site\/wp-json\/wp\/v2\/media?parent=71813"}],"wp:term":[{"taxonomy":"category","embeddable":true,"href":"https:\/\/www.notibras.com\/site\/wp-json\/wp\/v2\/categories?post=71813"},{"taxonomy":"post_tag","embeddable":true,"href":"https:\/\/www.notibras.com\/site\/wp-json\/wp\/v2\/tags?post=71813"}],"curies":[{"name":"wp","href":"https:\/\/api.w.org\/{rel}","templated":true}]}}