{"id":71876,"date":"2015-10-17T18:15:10","date_gmt":"2015-10-17T21:15:10","guid":{"rendered":"http:\/\/www.notibras.com\/site\/?p=71876"},"modified":"2015-10-17T20:17:54","modified_gmt":"2015-10-17T23:17:54","slug":"brasil-de-pelotas-segura-o-fortaleza-no-castelao-e-garante-sua-volta-a-serie-b","status":"publish","type":"post","link":"https:\/\/www.notibras.com\/site\/brasil-de-pelotas-segura-o-fortaleza-no-castelao-e-garante-sua-volta-a-serie-b\/","title":{"rendered":"Brasil de Pelotas segura o Fortaleza no Castel\u00e3o e garante sua volta \u00e0 S\u00e9rie B"},"content":{"rendered":"<p>O Fortaleza ficou mais uma vez pelo caminho. Melhor para o Brasil, de Pelotas (RS), que com um sistema defensivo muito forte, segurou o time cearense no Castel\u00e3o, em Fortaleza, na tarde deste s\u00e1bado com mais de 50 mil torcedores e, com o placar por 0 a 0, conquistou o acesso para a S\u00e9rie B de 2016. Isso gra\u00e7as ao jogo de ida, que venceu por 1 a 0, o que lhe deu o direito de jogar pelo empate nesta tarde.<\/p>\n<p>Este \u00e9 o segundo acesso seguido do Brasil, que na temporada passada estava na S\u00e9rie D. Com a mesma comiss\u00e3o t\u00e9cnica desde a \u00faltima temporada, e praticamente o mesmo elenco, conseguiu subir novamente.<\/p>\n<p>J\u00e1 o Fortaleza acumula mais um ano na terceira divis\u00e3o, com ares de sofrimento, como foi em 2014, quando empatou com o Maca\u00e9, por 0 a 0, fora de casa, e depois ficou no 1 a 1, em Fortaleza, n\u00e3o conquistando o acesso. Em ambos os casos, terminou a primeira fase disparado na lideran\u00e7a do seu grupo e jogou contra o quarto colocado da outra chave.<\/p>\n<p>O nome do jogo foi o goleiro Eduardo Martini, que desde os primeiros minutos fez defesas milagrosas e salvou o time ga\u00facho. Agora, o Brasil aguarda o vencedor do confronto entre Portuguesa e Vila Nova, que jogam neste s\u00e1bado \u00e0 noite, no Canind\u00e9, para saber qual ser\u00e1 o seu advers\u00e1rio nas semifinais da S\u00e9rie C.<\/p>\n<p><img loading=\"lazy\" decoding=\"async\" class=\"alignnone size-full wp-image-70065\" src=\"http:\/\/www.notibras.com\/site\/wp-content\/uploads\/2015\/10\/estadao.png\" alt=\"estadao\" width=\"99\" height=\"16\" \/><\/p>\n","protected":false},"excerpt":{"rendered":"<p>O Fortaleza ficou mais uma vez pelo caminho. Melhor para o Brasil, de Pelotas (RS), que com um sistema defensivo muito forte, segurou o time cearense no Castel\u00e3o, em Fortaleza, na tarde deste s\u00e1bado com mais de 50 mil torcedores e, com o placar por 0 a 0, conquistou o acesso para a S\u00e9rie B [&hellip;]<\/p>\n","protected":false},"author":2,"featured_media":71877,"comment_status":"open","ping_status":"closed","sticky":false,"template":"","format":"standard","meta":{"_acf_changed":false,"footnotes":""},"categories":[29],"tags":[],"class_list":["post-71876","post","type-post","status-publish","format-standard","has-post-thumbnail","hentry","category-futebol"],"acf":[],"yoast_head":"<!-- This site is optimized with the Yoast SEO plugin v27.2 - https:\/\/yoast.com\/product\/yoast-seo-wordpress\/ -->\n<title>Brasil de Pelotas segura o Fortaleza no Castel\u00e3o e garante sua volta \u00e0 S\u00e9rie B - Notibras<\/title>\n<meta name=\"robots\" content=\"index, follow, max-snippet:-1, max-image-preview:large, max-video-preview:-1\" \/>\n<link rel=\"canonical\" href=\"https:\/\/www.notibras.com\/site\/brasil-de-pelotas-segura-o-fortaleza-no-castelao-e-garante-sua-volta-a-serie-b\/\" \/>\n<meta property=\"og:locale\" content=\"pt_BR\" \/>\n<meta property=\"og:type\" content=\"article\" \/>\n<meta property=\"og:title\" content=\"Brasil de Pelotas segura o Fortaleza no Castel\u00e3o e garante sua volta \u00e0 S\u00e9rie B - Notibras\" \/>\n<meta property=\"og:description\" content=\"O Fortaleza ficou mais uma vez pelo caminho. Melhor para o Brasil, de Pelotas (RS), que com um sistema defensivo muito forte, segurou o time cearense no Castel\u00e3o, em Fortaleza, na tarde deste s\u00e1bado com mais de 50 mil torcedores e, com o placar por 0 a 0, conquistou o acesso para a S\u00e9rie B [&hellip;]\" \/>\n<meta property=\"og:url\" content=\"https:\/\/www.notibras.com\/site\/brasil-de-pelotas-segura-o-fortaleza-no-castelao-e-garante-sua-volta-a-serie-b\/\" \/>\n<meta property=\"og:site_name\" content=\"Notibras\" \/>\n<meta property=\"article:publisher\" content=\"https:\/\/www.facebook.com\/notibras\/\" \/>\n<meta property=\"article:published_time\" content=\"2015-10-17T21:15:10+00:00\" \/>\n<meta property=\"article:modified_time\" content=\"2015-10-17T23:17:54+00:00\" \/>\n<meta property=\"og:image\" content=\"https:\/\/www.notibras.com\/site\/wp-content\/uploads\/2015\/10\/brpe..jpg\" \/>\n\t<meta property=\"og:image:width\" content=\"617\" \/>\n\t<meta property=\"og:image:height\" content=\"411\" \/>\n\t<meta property=\"og:image:type\" content=\"image\/jpeg\" \/>\n<meta name=\"author\" content=\"Reda\u00e7\u00e3o\" \/>\n<meta name=\"twitter:card\" content=\"summary_large_image\" \/>\n<meta name=\"twitter:creator\" content=\"@Notibras\" \/>\n<meta name=\"twitter:site\" content=\"@Notibras\" \/>\n<meta name=\"twitter:label1\" content=\"Escrito por\" \/>\n\t<meta name=\"twitter:data1\" content=\"Reda\u00e7\u00e3o\" \/>\n\t<meta name=\"twitter:label2\" content=\"Est. tempo de leitura\" \/>\n\t<meta name=\"twitter:data2\" content=\"1 minuto\" \/>\n<script type=\"application\/ld+json\" class=\"yoast-schema-graph\">{\"@context\":\"https:\/\/schema.org\",\"@graph\":[{\"@type\":\"Article\",\"@id\":\"https:\/\/www.notibras.com\/site\/brasil-de-pelotas-segura-o-fortaleza-no-castelao-e-garante-sua-volta-a-serie-b\/#article\",\"isPartOf\":{\"@id\":\"https:\/\/www.notibras.com\/site\/brasil-de-pelotas-segura-o-fortaleza-no-castelao-e-garante-sua-volta-a-serie-b\/\"},\"author\":{\"name\":\"Reda\u00e7\u00e3o\",\"@id\":\"https:\/\/www.notibras.com\/site\/#\/schema\/person\/36ab0979449956132d3e5b517ea76ac8\"},\"headline\":\"Brasil de Pelotas segura o Fortaleza no Castel\u00e3o e garante sua volta \u00e0 S\u00e9rie B\",\"datePublished\":\"2015-10-17T21:15:10+00:00\",\"dateModified\":\"2015-10-17T23:17:54+00:00\",\"mainEntityOfPage\":{\"@id\":\"https:\/\/www.notibras.com\/site\/brasil-de-pelotas-segura-o-fortaleza-no-castelao-e-garante-sua-volta-a-serie-b\/\"},\"wordCount\":252,\"commentCount\":0,\"publisher\":{\"@id\":\"https:\/\/www.notibras.com\/site\/#organization\"},\"image\":{\"@id\":\"https:\/\/www.notibras.com\/site\/brasil-de-pelotas-segura-o-fortaleza-no-castelao-e-garante-sua-volta-a-serie-b\/#primaryimage\"},\"thumbnailUrl\":\"https:\/\/www.notibras.com\/site\/wp-content\/uploads\/2015\/10\/brpe..jpg\",\"articleSection\":[\"Futebol\"],\"inLanguage\":\"pt-BR\",\"potentialAction\":[{\"@type\":\"CommentAction\",\"name\":\"Comment\",\"target\":[\"https:\/\/www.notibras.com\/site\/brasil-de-pelotas-segura-o-fortaleza-no-castelao-e-garante-sua-volta-a-serie-b\/#respond\"]}]},{\"@type\":\"WebPage\",\"@id\":\"https:\/\/www.notibras.com\/site\/brasil-de-pelotas-segura-o-fortaleza-no-castelao-e-garante-sua-volta-a-serie-b\/\",\"url\":\"https:\/\/www.notibras.com\/site\/brasil-de-pelotas-segura-o-fortaleza-no-castelao-e-garante-sua-volta-a-serie-b\/\",\"name\":\"Brasil de Pelotas segura o Fortaleza no Castel\u00e3o e garante sua volta \u00e0 S\u00e9rie B - Notibras\",\"isPartOf\":{\"@id\":\"https:\/\/www.notibras.com\/site\/#website\"},\"primaryImageOfPage\":{\"@id\":\"https:\/\/www.notibras.com\/site\/brasil-de-pelotas-segura-o-fortaleza-no-castelao-e-garante-sua-volta-a-serie-b\/#primaryimage\"},\"image\":{\"@id\":\"https:\/\/www.notibras.com\/site\/brasil-de-pelotas-segura-o-fortaleza-no-castelao-e-garante-sua-volta-a-serie-b\/#primaryimage\"},\"thumbnailUrl\":\"https:\/\/www.notibras.com\/site\/wp-content\/uploads\/2015\/10\/brpe..jpg\",\"datePublished\":\"2015-10-17T21:15:10+00:00\",\"dateModified\":\"2015-10-17T23:17:54+00:00\",\"breadcrumb\":{\"@id\":\"https:\/\/www.notibras.com\/site\/brasil-de-pelotas-segura-o-fortaleza-no-castelao-e-garante-sua-volta-a-serie-b\/#breadcrumb\"},\"inLanguage\":\"pt-BR\",\"potentialAction\":[{\"@type\":\"ReadAction\",\"target\":[\"https:\/\/www.notibras.com\/site\/brasil-de-pelotas-segura-o-fortaleza-no-castelao-e-garante-sua-volta-a-serie-b\/\"]}]},{\"@type\":\"ImageObject\",\"inLanguage\":\"pt-BR\",\"@id\":\"https:\/\/www.notibras.com\/site\/brasil-de-pelotas-segura-o-fortaleza-no-castelao-e-garante-sua-volta-a-serie-b\/#primaryimage\",\"url\":\"https:\/\/www.notibras.com\/site\/wp-content\/uploads\/2015\/10\/brpe..jpg\",\"contentUrl\":\"https:\/\/www.notibras.com\/site\/wp-content\/uploads\/2015\/10\/brpe..jpg\",\"width\":617,\"height\":411},{\"@type\":\"BreadcrumbList\",\"@id\":\"https:\/\/www.notibras.com\/site\/brasil-de-pelotas-segura-o-fortaleza-no-castelao-e-garante-sua-volta-a-serie-b\/#breadcrumb\",\"itemListElement\":[{\"@type\":\"ListItem\",\"position\":1,\"name\":\"In\u00edcio\",\"item\":\"https:\/\/www.notibras.com\/site\/\"},{\"@type\":\"ListItem\",\"position\":2,\"name\":\"Brasil de Pelotas segura o Fortaleza no Castel\u00e3o e garante sua volta \u00e0 S\u00e9rie B\"}]},{\"@type\":\"WebSite\",\"@id\":\"https:\/\/www.notibras.com\/site\/#website\",\"url\":\"https:\/\/www.notibras.com\/site\/\",\"name\":\"Notibras\",\"description\":\"Not\u00edcias de Bras\u00edlia, do Brasil e do Mundo\",\"publisher\":{\"@id\":\"https:\/\/www.notibras.com\/site\/#organization\"},\"potentialAction\":[{\"@type\":\"SearchAction\",\"target\":{\"@type\":\"EntryPoint\",\"urlTemplate\":\"https:\/\/www.notibras.com\/site\/?s={search_term_string}\"},\"query-input\":{\"@type\":\"PropertyValueSpecification\",\"valueRequired\":true,\"valueName\":\"search_term_string\"}}],\"inLanguage\":\"pt-BR\"},{\"@type\":\"Organization\",\"@id\":\"https:\/\/www.notibras.com\/site\/#organization\",\"name\":\"Grupo Notibras de Comunica\u00e7\u00e3o\",\"url\":\"https:\/\/www.notibras.com\/site\/\",\"logo\":{\"@type\":\"ImageObject\",\"inLanguage\":\"pt-BR\",\"@id\":\"https:\/\/www.notibras.com\/site\/#\/schema\/logo\/image\/\",\"url\":\"https:\/\/www.notibras.com\/site\/wp-content\/uploads\/2023\/01\/notibras23.png\",\"contentUrl\":\"https:\/\/www.notibras.com\/site\/wp-content\/uploads\/2023\/01\/notibras23.png\",\"width\":350,\"height\":87,\"caption\":\"Grupo Notibras de Comunica\u00e7\u00e3o\"},\"image\":{\"@id\":\"https:\/\/www.notibras.com\/site\/#\/schema\/logo\/image\/\"},\"sameAs\":[\"https:\/\/www.facebook.com\/notibras\/\",\"https:\/\/x.com\/Notibras\",\"https:\/\/www.instagram.com\/notibras\/\"]},{\"@type\":\"Person\",\"@id\":\"https:\/\/www.notibras.com\/site\/#\/schema\/person\/36ab0979449956132d3e5b517ea76ac8\",\"name\":\"Reda\u00e7\u00e3o\",\"image\":{\"@type\":\"ImageObject\",\"inLanguage\":\"pt-BR\",\"@id\":\"https:\/\/secure.gravatar.com\/avatar\/e0a867bdedb85fd243eadf09663511f96fc81e0720a4a42581f334ad4303aa6b?s=96&d=mm&r=g\",\"url\":\"https:\/\/secure.gravatar.com\/avatar\/e0a867bdedb85fd243eadf09663511f96fc81e0720a4a42581f334ad4303aa6b?s=96&d=mm&r=g\",\"contentUrl\":\"https:\/\/secure.gravatar.com\/avatar\/e0a867bdedb85fd243eadf09663511f96fc81e0720a4a42581f334ad4303aa6b?s=96&d=mm&r=g\",\"caption\":\"Reda\u00e7\u00e3o\"}}]}<\/script>\n<!-- \/ Yoast SEO plugin. -->","yoast_head_json":{"title":"Brasil de Pelotas segura o Fortaleza no Castel\u00e3o e garante sua volta \u00e0 S\u00e9rie B - Notibras","robots":{"index":"index","follow":"follow","max-snippet":"max-snippet:-1","max-image-preview":"max-image-preview:large","max-video-preview":"max-video-preview:-1"},"canonical":"https:\/\/www.notibras.com\/site\/brasil-de-pelotas-segura-o-fortaleza-no-castelao-e-garante-sua-volta-a-serie-b\/","og_locale":"pt_BR","og_type":"article","og_title":"Brasil de Pelotas segura o Fortaleza no Castel\u00e3o e garante sua volta \u00e0 S\u00e9rie B - Notibras","og_description":"O Fortaleza ficou mais uma vez pelo caminho. Melhor para o Brasil, de Pelotas (RS), que com um sistema defensivo muito forte, segurou o time cearense no Castel\u00e3o, em Fortaleza, na tarde deste s\u00e1bado com mais de 50 mil torcedores e, com o placar por 0 a 0, conquistou o acesso para a S\u00e9rie B [&hellip;]","og_url":"https:\/\/www.notibras.com\/site\/brasil-de-pelotas-segura-o-fortaleza-no-castelao-e-garante-sua-volta-a-serie-b\/","og_site_name":"Notibras","article_publisher":"https:\/\/www.facebook.com\/notibras\/","article_published_time":"2015-10-17T21:15:10+00:00","article_modified_time":"2015-10-17T23:17:54+00:00","og_image":[{"width":617,"height":411,"url":"https:\/\/www.notibras.com\/site\/wp-content\/uploads\/2015\/10\/brpe..jpg","type":"image\/jpeg"}],"author":"Reda\u00e7\u00e3o","twitter_card":"summary_large_image","twitter_creator":"@Notibras","twitter_site":"@Notibras","twitter_misc":{"Escrito por":"Reda\u00e7\u00e3o","Est. tempo de leitura":"1 minuto"},"schema":{"@context":"https:\/\/schema.org","@graph":[{"@type":"Article","@id":"https:\/\/www.notibras.com\/site\/brasil-de-pelotas-segura-o-fortaleza-no-castelao-e-garante-sua-volta-a-serie-b\/#article","isPartOf":{"@id":"https:\/\/www.notibras.com\/site\/brasil-de-pelotas-segura-o-fortaleza-no-castelao-e-garante-sua-volta-a-serie-b\/"},"author":{"name":"Reda\u00e7\u00e3o","@id":"https:\/\/www.notibras.com\/site\/#\/schema\/person\/36ab0979449956132d3e5b517ea76ac8"},"headline":"Brasil de Pelotas segura o Fortaleza no Castel\u00e3o e garante sua volta \u00e0 S\u00e9rie B","datePublished":"2015-10-17T21:15:10+00:00","dateModified":"2015-10-17T23:17:54+00:00","mainEntityOfPage":{"@id":"https:\/\/www.notibras.com\/site\/brasil-de-pelotas-segura-o-fortaleza-no-castelao-e-garante-sua-volta-a-serie-b\/"},"wordCount":252,"commentCount":0,"publisher":{"@id":"https:\/\/www.notibras.com\/site\/#organization"},"image":{"@id":"https:\/\/www.notibras.com\/site\/brasil-de-pelotas-segura-o-fortaleza-no-castelao-e-garante-sua-volta-a-serie-b\/#primaryimage"},"thumbnailUrl":"https:\/\/www.notibras.com\/site\/wp-content\/uploads\/2015\/10\/brpe..jpg","articleSection":["Futebol"],"inLanguage":"pt-BR","potentialAction":[{"@type":"CommentAction","name":"Comment","target":["https:\/\/www.notibras.com\/site\/brasil-de-pelotas-segura-o-fortaleza-no-castelao-e-garante-sua-volta-a-serie-b\/#respond"]}]},{"@type":"WebPage","@id":"https:\/\/www.notibras.com\/site\/brasil-de-pelotas-segura-o-fortaleza-no-castelao-e-garante-sua-volta-a-serie-b\/","url":"https:\/\/www.notibras.com\/site\/brasil-de-pelotas-segura-o-fortaleza-no-castelao-e-garante-sua-volta-a-serie-b\/","name":"Brasil de Pelotas segura o Fortaleza no Castel\u00e3o e garante sua volta \u00e0 S\u00e9rie B - Notibras","isPartOf":{"@id":"https:\/\/www.notibras.com\/site\/#website"},"primaryImageOfPage":{"@id":"https:\/\/www.notibras.com\/site\/brasil-de-pelotas-segura-o-fortaleza-no-castelao-e-garante-sua-volta-a-serie-b\/#primaryimage"},"image":{"@id":"https:\/\/www.notibras.com\/site\/brasil-de-pelotas-segura-o-fortaleza-no-castelao-e-garante-sua-volta-a-serie-b\/#primaryimage"},"thumbnailUrl":"https:\/\/www.notibras.com\/site\/wp-content\/uploads\/2015\/10\/brpe..jpg","datePublished":"2015-10-17T21:15:10+00:00","dateModified":"2015-10-17T23:17:54+00:00","breadcrumb":{"@id":"https:\/\/www.notibras.com\/site\/brasil-de-pelotas-segura-o-fortaleza-no-castelao-e-garante-sua-volta-a-serie-b\/#breadcrumb"},"inLanguage":"pt-BR","potentialAction":[{"@type":"ReadAction","target":["https:\/\/www.notibras.com\/site\/brasil-de-pelotas-segura-o-fortaleza-no-castelao-e-garante-sua-volta-a-serie-b\/"]}]},{"@type":"ImageObject","inLanguage":"pt-BR","@id":"https:\/\/www.notibras.com\/site\/brasil-de-pelotas-segura-o-fortaleza-no-castelao-e-garante-sua-volta-a-serie-b\/#primaryimage","url":"https:\/\/www.notibras.com\/site\/wp-content\/uploads\/2015\/10\/brpe..jpg","contentUrl":"https:\/\/www.notibras.com\/site\/wp-content\/uploads\/2015\/10\/brpe..jpg","width":617,"height":411},{"@type":"BreadcrumbList","@id":"https:\/\/www.notibras.com\/site\/brasil-de-pelotas-segura-o-fortaleza-no-castelao-e-garante-sua-volta-a-serie-b\/#breadcrumb","itemListElement":[{"@type":"ListItem","position":1,"name":"In\u00edcio","item":"https:\/\/www.notibras.com\/site\/"},{"@type":"ListItem","position":2,"name":"Brasil de Pelotas segura o Fortaleza no Castel\u00e3o e garante sua volta \u00e0 S\u00e9rie B"}]},{"@type":"WebSite","@id":"https:\/\/www.notibras.com\/site\/#website","url":"https:\/\/www.notibras.com\/site\/","name":"Notibras","description":"Not\u00edcias de Bras\u00edlia, do Brasil e do Mundo","publisher":{"@id":"https:\/\/www.notibras.com\/site\/#organization"},"potentialAction":[{"@type":"SearchAction","target":{"@type":"EntryPoint","urlTemplate":"https:\/\/www.notibras.com\/site\/?s={search_term_string}"},"query-input":{"@type":"PropertyValueSpecification","valueRequired":true,"valueName":"search_term_string"}}],"inLanguage":"pt-BR"},{"@type":"Organization","@id":"https:\/\/www.notibras.com\/site\/#organization","name":"Grupo Notibras de Comunica\u00e7\u00e3o","url":"https:\/\/www.notibras.com\/site\/","logo":{"@type":"ImageObject","inLanguage":"pt-BR","@id":"https:\/\/www.notibras.com\/site\/#\/schema\/logo\/image\/","url":"https:\/\/www.notibras.com\/site\/wp-content\/uploads\/2023\/01\/notibras23.png","contentUrl":"https:\/\/www.notibras.com\/site\/wp-content\/uploads\/2023\/01\/notibras23.png","width":350,"height":87,"caption":"Grupo Notibras de Comunica\u00e7\u00e3o"},"image":{"@id":"https:\/\/www.notibras.com\/site\/#\/schema\/logo\/image\/"},"sameAs":["https:\/\/www.facebook.com\/notibras\/","https:\/\/x.com\/Notibras","https:\/\/www.instagram.com\/notibras\/"]},{"@type":"Person","@id":"https:\/\/www.notibras.com\/site\/#\/schema\/person\/36ab0979449956132d3e5b517ea76ac8","name":"Reda\u00e7\u00e3o","image":{"@type":"ImageObject","inLanguage":"pt-BR","@id":"https:\/\/secure.gravatar.com\/avatar\/e0a867bdedb85fd243eadf09663511f96fc81e0720a4a42581f334ad4303aa6b?s=96&d=mm&r=g","url":"https:\/\/secure.gravatar.com\/avatar\/e0a867bdedb85fd243eadf09663511f96fc81e0720a4a42581f334ad4303aa6b?s=96&d=mm&r=g","contentUrl":"https:\/\/secure.gravatar.com\/avatar\/e0a867bdedb85fd243eadf09663511f96fc81e0720a4a42581f334ad4303aa6b?s=96&d=mm&r=g","caption":"Reda\u00e7\u00e3o"}}]}},"amp_enabled":true,"_links":{"self":[{"href":"https:\/\/www.notibras.com\/site\/wp-json\/wp\/v2\/posts\/71876","targetHints":{"allow":["GET"]}}],"collection":[{"href":"https:\/\/www.notibras.com\/site\/wp-json\/wp\/v2\/posts"}],"about":[{"href":"https:\/\/www.notibras.com\/site\/wp-json\/wp\/v2\/types\/post"}],"author":[{"embeddable":true,"href":"https:\/\/www.notibras.com\/site\/wp-json\/wp\/v2\/users\/2"}],"replies":[{"embeddable":true,"href":"https:\/\/www.notibras.com\/site\/wp-json\/wp\/v2\/comments?post=71876"}],"version-history":[{"count":1,"href":"https:\/\/www.notibras.com\/site\/wp-json\/wp\/v2\/posts\/71876\/revisions"}],"predecessor-version":[{"id":71878,"href":"https:\/\/www.notibras.com\/site\/wp-json\/wp\/v2\/posts\/71876\/revisions\/71878"}],"wp:featuredmedia":[{"embeddable":true,"href":"https:\/\/www.notibras.com\/site\/wp-json\/wp\/v2\/media\/71877"}],"wp:attachment":[{"href":"https:\/\/www.notibras.com\/site\/wp-json\/wp\/v2\/media?parent=71876"}],"wp:term":[{"taxonomy":"category","embeddable":true,"href":"https:\/\/www.notibras.com\/site\/wp-json\/wp\/v2\/categories?post=71876"},{"taxonomy":"post_tag","embeddable":true,"href":"https:\/\/www.notibras.com\/site\/wp-json\/wp\/v2\/tags?post=71876"}],"curies":[{"name":"wp","href":"https:\/\/api.w.org\/{rel}","templated":true}]}}